{"id":24604,"date":"2025-09-11T16:16:18","date_gmt":"2025-09-11T16:16:18","guid":{"rendered":"https:\/\/macite.tg\/?p=24604"},"modified":"2025-09-11T16:16:22","modified_gmt":"2025-09-11T16:16:22","slug":"musique-rap-recompense-plusieurs-artistes-camerounais-en-lice-pour-les-primud-2025","status":"publish","type":"post","link":"https:\/\/macite.tg\/?p=24604","title":{"rendered":"MUSIQUE RAP \/ RECOMPENSE\u00a0: Plusieurs artistes camerounais en lice pour les Primud 2025"},"content":{"rendered":"\n<p class=\"wp-block-paragraph\"><strong><em>La liste des nomin\u00e9s de la c\u00e9r\u00e9monie de r\u00e9compenses des Primud 2025, est disponible depuis le d\u00e9but de cette semaine. On retrouve plusieurs artistes camerounais dans quelques cat\u00e9gories de cet \u00e9v\u00e9nement qui est \u00e0 sa 10<sup>\u00e8me<\/sup> \u00e9dition.<\/em><\/strong><strong><\/strong><\/p>\n\n\n\n<p class=\"wp-block-paragraph\">La prestigieuse c\u00e9r\u00e9monie de r\u00e9compense des acteurs de la musique urbaine et du divertissement, qui se tient en C\u00f4te d\u2019Ivoire, vient d\u2019ouvrir ses listes des nomin\u00e9s.<\/p>\n\n\n<div class=\"wp-block-image\">\n<figure class=\"aligncenter size-full is-resized\"><img loading=\"lazy\" decoding=\"async\" width=\"690\" height=\"170\" src=\"https:\/\/macite.tg\/wp-content\/uploads\/2025\/09\/OTR_TVM.jpg\" alt=\"\" class=\"wp-image-24458\" style=\"width:840px;height:auto\" srcset=\"https:\/\/macite.tg\/wp-content\/uploads\/2025\/09\/OTR_TVM.jpg 690w, https:\/\/macite.tg\/wp-content\/uploads\/2025\/09\/OTR_TVM-300x74.jpg 300w\" sizes=\"auto, (max-width: 690px) 100vw, 690px\" \/><\/figure>\n<\/div>\n\n\n<p class=\"wp-block-paragraph\">Dans la cat\u00e9gorie meilleur artiste Afrique Central, on retrouve plusieurs camerounais. Kocee, Blanche Bailly, Krys M, Vanister et Mink\u2019s sont en pole position sur la short list. On note aussi la pr\u00e9sence de Mink\u2019s, dans la cat\u00e9gorie meilleur artiste rap Afrique Francophone.<\/p>\n\n\n\n<p class=\"wp-block-paragraph\">Pour soutenir les artistes, les votes sont ouverts depuis ce jeudi 11 septembre 2025. Le vote venant du jury ne compte que pour 40% des voies. Les 60% restant, viennent de la note du public.<\/p>\n\n\n<div class=\"wp-block-image\">\n<figure class=\"aligncenter size-large is-resized\"><img loading=\"lazy\" decoding=\"async\" width=\"1024\" height=\"815\" src=\"https:\/\/macite.tg\/wp-content\/uploads\/2025\/09\/depreciation-media-2-1024x815.png\" alt=\"\" class=\"wp-image-24607\" style=\"width:490px;height:auto\" srcset=\"https:\/\/macite.tg\/wp-content\/uploads\/2025\/09\/depreciation-media-2-1024x815.png 1024w, https:\/\/macite.tg\/wp-content\/uploads\/2025\/09\/depreciation-media-2-300x239.png 300w, https:\/\/macite.tg\/wp-content\/uploads\/2025\/09\/depreciation-media-2-768x611.png 768w, https:\/\/macite.tg\/wp-content\/uploads\/2025\/09\/depreciation-media-2-1536x1222.png 1536w, https:\/\/macite.tg\/wp-content\/uploads\/2025\/09\/depreciation-media-2.png 1900w\" sizes=\"auto, (max-width: 1024px) 100vw, 1024px\" \/><\/figure>\n<\/div>\n\n\n<p class=\"wp-block-paragraph\">C\u2019est le moment de soutenir vos stars pr\u00e9f\u00e9r\u00e9es, pour qu\u2019ils brillent \u00e0 cette 10\u00e8me \u00e9dition des Primud.<\/p>\n\n\n\n<p class=\"wp-block-paragraph\"><strong><em>@macite.tg&nbsp;&nbsp;&nbsp;&nbsp;&nbsp;&nbsp;&nbsp;&nbsp;<\/em><\/strong><\/p>\n\n\n\n<p class=\"wp-block-paragraph\"><strong><em>E-mail&nbsp;: <\/em><\/strong><a href=\"mailto:maciteinfo@gmail.com\"><strong><em>maciteinfo@gmail.com<\/em><\/strong><\/a><strong><em>; <\/em><\/strong><a href=\"mailto:bawela1@gmail.com\"><strong><em>bawela1@gmail.com<\/em><\/strong><\/a><strong><em><\/em><\/strong><\/p>\n\n\n\n<p class=\"wp-block-paragraph\"><strong><em>Pour vos annonces, (publi)reportages, etc., joignez-nous au (00228)91515309\/<strong>79872224 <\/strong><strong><\/strong><\/em><\/strong><\/p>\n\n\n\n<p class=\"wp-block-paragraph\"><strong><em>www.macite.tg, L\u2019information, la bonne&nbsp;!<\/em><\/strong><\/p>\n\n\n\n<p class=\"wp-block-paragraph\"><\/p>\n","protected":false},"excerpt":{"rendered":"<p class=\"text-justify mb-2\" >La liste des nomin\u00e9s de la c\u00e9r\u00e9monie de r\u00e9compenses des Primud 2025, est disponible depuis le d\u00e9but de cette semaine. On retrouve plusieurs artistes camerounais dans quelques cat\u00e9gories de cet \u00e9v\u00e9nement qui est \u00e0 sa 10\u00e8me \u00e9dition. La prestigieuse c\u00e9r\u00e9monie de r\u00e9compense des acteurs de [&hellip;]<\/p>\n","protected":false},"author":2,"featured_media":24610,"comment_status":"open","ping_status":"open","sticky":false,"template":"","format":"standard","meta":{"footnotes":""},"categories":[20,18],"tags":[],"class_list":["post-24604","post","type-post","status-publish","format-standard","has-post-thumbnail","hentry","category-actualite","category-culture"],"yoast_head":"<!-- This site is optimized with the Yoast SEO plugin v28.4 - https:\/\/yoast.com\/product\/yoast-seo-wordpress\/ -->\n<title>MUSIQUE RAP \/ RECOMPENSE\u00a0: Plusieurs artistes camerounais en lice pour les Primud 2025 -<\/title>\n<meta name=\"robots\" content=\"index, follow, max-snippet:-1, max-image-preview:large, max-video-preview:-1\" \/>\n<link rel=\"canonical\" href=\"https:\/\/macite.tg\/?p=24604\" \/>\n<meta property=\"og:locale\" content=\"fr_FR\" \/>\n<meta property=\"og:type\" content=\"article\" \/>\n<meta property=\"og:title\" content=\"MUSIQUE RAP \/ RECOMPENSE\u00a0: Plusieurs artistes camerounais en lice pour les Primud 2025 -\" \/>\n<meta property=\"og:description\" content=\"La liste des nomin\u00e9s de la c\u00e9r\u00e9monie de r\u00e9compenses des Primud 2025, est disponible depuis le d\u00e9but de cette semaine. On retrouve plusieurs artistes camerounais dans quelques cat\u00e9gories de cet \u00e9v\u00e9nement qui est \u00e0 sa 10\u00e8me \u00e9dition. La prestigieuse c\u00e9r\u00e9monie de r\u00e9compense des acteurs de [&hellip;]\" \/>\n<meta property=\"og:url\" content=\"https:\/\/macite.tg\/?p=24604\" \/>\n<meta property=\"article:published_time\" content=\"2025-09-11T16:16:18+00:00\" \/>\n<meta property=\"article:modified_time\" content=\"2025-09-11T16:16:22+00:00\" \/>\n<meta property=\"og:image\" content=\"https:\/\/macite.tg\/wp-content\/uploads\/2025\/09\/PERMUD-2025.jpg\" \/>\n\t<meta property=\"og:image:width\" content=\"500\" \/>\n\t<meta property=\"og:image:height\" content=\"303\" \/>\n\t<meta property=\"og:image:type\" content=\"image\/jpeg\" \/>\n<meta name=\"author\" content=\"Jean Pierre BAWELA\" \/>\n<meta name=\"twitter:card\" content=\"summary_large_image\" \/>\n<meta name=\"twitter:label1\" content=\"\u00c9crit par\" \/>\n\t<meta name=\"twitter:data1\" content=\"Jean Pierre BAWELA\" \/>\n\t<meta name=\"twitter:label2\" content=\"Dur\u00e9e de lecture estim\u00e9e\" \/>\n\t<meta name=\"twitter:data2\" content=\"2 minutes\" \/>\n<script type=\"application\/ld+json\" class=\"yoast-schema-graph\">{\"@context\":\"https:\\\/\\\/schema.org\",\"@graph\":[{\"@type\":\"Article\",\"@id\":\"https:\\\/\\\/macite.tg\\\/?p=24604#article\",\"isPartOf\":{\"@id\":\"https:\\\/\\\/macite.tg\\\/?p=24604\"},\"author\":{\"name\":\"Jean Pierre BAWELA\",\"@id\":\"https:\\\/\\\/macite.tg\\\/#\\\/schema\\\/person\\\/e9f2de7e5dbbe7770a9402c7ce82f5c2\"},\"headline\":\"MUSIQUE RAP \\\/ RECOMPENSE\u00a0: Plusieurs artistes camerounais en lice pour les Primud 2025\",\"datePublished\":\"2025-09-11T16:16:18+00:00\",\"dateModified\":\"2025-09-11T16:16:22+00:00\",\"mainEntityOfPage\":{\"@id\":\"https:\\\/\\\/macite.tg\\\/?p=24604\"},\"wordCount\":219,\"commentCount\":0,\"image\":{\"@id\":\"https:\\\/\\\/macite.tg\\\/?p=24604#primaryimage\"},\"thumbnailUrl\":\"https:\\\/\\\/macite.tg\\\/wp-content\\\/uploads\\\/2025\\\/09\\\/PERMUD-2025.jpg\",\"articleSection\":[\"ACTUALITE\",\"CULTURE\"],\"inLanguage\":\"fr-FR\",\"potentialAction\":[{\"@type\":\"CommentAction\",\"name\":\"Comment\",\"target\":[\"https:\\\/\\\/macite.tg\\\/?p=24604#respond\"]}]},{\"@type\":\"WebPage\",\"@id\":\"https:\\\/\\\/macite.tg\\\/?p=24604\",\"url\":\"https:\\\/\\\/macite.tg\\\/?p=24604\",\"name\":\"MUSIQUE RAP \\\/ RECOMPENSE\u00a0: Plusieurs artistes camerounais en lice pour les Primud 2025 -\",\"isPartOf\":{\"@id\":\"https:\\\/\\\/macite.tg\\\/#website\"},\"primaryImageOfPage\":{\"@id\":\"https:\\\/\\\/macite.tg\\\/?p=24604#primaryimage\"},\"image\":{\"@id\":\"https:\\\/\\\/macite.tg\\\/?p=24604#primaryimage\"},\"thumbnailUrl\":\"https:\\\/\\\/macite.tg\\\/wp-content\\\/uploads\\\/2025\\\/09\\\/PERMUD-2025.jpg\",\"datePublished\":\"2025-09-11T16:16:18+00:00\",\"dateModified\":\"2025-09-11T16:16:22+00:00\",\"author\":{\"@id\":\"https:\\\/\\\/macite.tg\\\/#\\\/schema\\\/person\\\/e9f2de7e5dbbe7770a9402c7ce82f5c2\"},\"breadcrumb\":{\"@id\":\"https:\\\/\\\/macite.tg\\\/?p=24604#breadcrumb\"},\"inLanguage\":\"fr-FR\",\"potentialAction\":[{\"@type\":\"ReadAction\",\"target\":[\"https:\\\/\\\/macite.tg\\\/?p=24604\"]}]},{\"@type\":\"ImageObject\",\"inLanguage\":\"fr-FR\",\"@id\":\"https:\\\/\\\/macite.tg\\\/?p=24604#primaryimage\",\"url\":\"https:\\\/\\\/macite.tg\\\/wp-content\\\/uploads\\\/2025\\\/09\\\/PERMUD-2025.jpg\",\"contentUrl\":\"https:\\\/\\\/macite.tg\\\/wp-content\\\/uploads\\\/2025\\\/09\\\/PERMUD-2025.jpg\",\"width\":500,\"height\":303},{\"@type\":\"BreadcrumbList\",\"@id\":\"https:\\\/\\\/macite.tg\\\/?p=24604#breadcrumb\",\"itemListElement\":[{\"@type\":\"ListItem\",\"position\":1,\"name\":\"Accueil\",\"item\":\"https:\\\/\\\/macite.tg\\\/\"},{\"@type\":\"ListItem\",\"position\":2,\"name\":\"MUSIQUE RAP \\\/ RECOMPENSE\u00a0: Plusieurs artistes camerounais en lice pour les Primud 2025\"}]},{\"@type\":\"WebSite\",\"@id\":\"https:\\\/\\\/macite.tg\\\/#website\",\"url\":\"https:\\\/\\\/macite.tg\\\/\",\"name\":\"\",\"description\":\"L&#039;information, la bonne!!!\",\"potentialAction\":[{\"@type\":\"SearchAction\",\"target\":{\"@type\":\"EntryPoint\",\"urlTemplate\":\"https:\\\/\\\/macite.tg\\\/?s={search_term_string}\"},\"query-input\":{\"@type\":\"PropertyValueSpecification\",\"valueRequired\":true,\"valueName\":\"search_term_string\"}}],\"inLanguage\":\"fr-FR\"},{\"@type\":\"Person\",\"@id\":\"https:\\\/\\\/macite.tg\\\/#\\\/schema\\\/person\\\/e9f2de7e5dbbe7770a9402c7ce82f5c2\",\"name\":\"Jean Pierre BAWELA\",\"image\":{\"@type\":\"ImageObject\",\"inLanguage\":\"fr-FR\",\"@id\":\"https:\\\/\\\/macite.tg\\\/wp-content\\\/uploads\\\/2023\\\/09\\\/WhatsApp-Image-2023-09-19-at-14.44.41-122x122.jpeg\",\"url\":\"https:\\\/\\\/macite.tg\\\/wp-content\\\/uploads\\\/2023\\\/09\\\/WhatsApp-Image-2023-09-19-at-14.44.41-122x122.jpeg\",\"contentUrl\":\"https:\\\/\\\/macite.tg\\\/wp-content\\\/uploads\\\/2023\\\/09\\\/WhatsApp-Image-2023-09-19-at-14.44.41-122x122.jpeg\",\"caption\":\"Jean Pierre BAWELA\"},\"url\":\"https:\\\/\\\/macite.tg\\\/?author=2\"}]}<\/script>\n<!-- \/ Yoast SEO plugin. -->","yoast_head_json":{"title":"MUSIQUE RAP \/ RECOMPENSE\u00a0: Plusieurs artistes camerounais en lice pour les Primud 2025 -","robots":{"index":"index","follow":"follow","max-snippet":"max-snippet:-1","max-image-preview":"max-image-preview:large","max-video-preview":"max-video-preview:-1"},"canonical":"https:\/\/macite.tg\/?p=24604","og_locale":"fr_FR","og_type":"article","og_title":"MUSIQUE RAP \/ RECOMPENSE\u00a0: Plusieurs artistes camerounais en lice pour les Primud 2025 -","og_description":"La liste des nomin\u00e9s de la c\u00e9r\u00e9monie de r\u00e9compenses des Primud 2025, est disponible depuis le d\u00e9but de cette semaine. On retrouve plusieurs artistes camerounais dans quelques cat\u00e9gories de cet \u00e9v\u00e9nement qui est \u00e0 sa 10\u00e8me \u00e9dition. La prestigieuse c\u00e9r\u00e9monie de r\u00e9compense des acteurs de [&hellip;]","og_url":"https:\/\/macite.tg\/?p=24604","article_published_time":"2025-09-11T16:16:18+00:00","article_modified_time":"2025-09-11T16:16:22+00:00","og_image":[{"width":500,"height":303,"url":"https:\/\/macite.tg\/wp-content\/uploads\/2025\/09\/PERMUD-2025.jpg","type":"image\/jpeg"}],"author":"Jean Pierre BAWELA","twitter_card":"summary_large_image","twitter_misc":{"\u00c9crit par":"Jean Pierre BAWELA","Dur\u00e9e de lecture estim\u00e9e":"2 minutes"},"schema":{"@context":"https:\/\/schema.org","@graph":[{"@type":"Article","@id":"https:\/\/macite.tg\/?p=24604#article","isPartOf":{"@id":"https:\/\/macite.tg\/?p=24604"},"author":{"name":"Jean Pierre BAWELA","@id":"https:\/\/macite.tg\/#\/schema\/person\/e9f2de7e5dbbe7770a9402c7ce82f5c2"},"headline":"MUSIQUE RAP \/ RECOMPENSE\u00a0: Plusieurs artistes camerounais en lice pour les Primud 2025","datePublished":"2025-09-11T16:16:18+00:00","dateModified":"2025-09-11T16:16:22+00:00","mainEntityOfPage":{"@id":"https:\/\/macite.tg\/?p=24604"},"wordCount":219,"commentCount":0,"image":{"@id":"https:\/\/macite.tg\/?p=24604#primaryimage"},"thumbnailUrl":"https:\/\/macite.tg\/wp-content\/uploads\/2025\/09\/PERMUD-2025.jpg","articleSection":["ACTUALITE","CULTURE"],"inLanguage":"fr-FR","potentialAction":[{"@type":"CommentAction","name":"Comment","target":["https:\/\/macite.tg\/?p=24604#respond"]}]},{"@type":"WebPage","@id":"https:\/\/macite.tg\/?p=24604","url":"https:\/\/macite.tg\/?p=24604","name":"MUSIQUE RAP \/ RECOMPENSE\u00a0: Plusieurs artistes camerounais en lice pour les Primud 2025 -","isPartOf":{"@id":"https:\/\/macite.tg\/#website"},"primaryImageOfPage":{"@id":"https:\/\/macite.tg\/?p=24604#primaryimage"},"image":{"@id":"https:\/\/macite.tg\/?p=24604#primaryimage"},"thumbnailUrl":"https:\/\/macite.tg\/wp-content\/uploads\/2025\/09\/PERMUD-2025.jpg","datePublished":"2025-09-11T16:16:18+00:00","dateModified":"2025-09-11T16:16:22+00:00","author":{"@id":"https:\/\/macite.tg\/#\/schema\/person\/e9f2de7e5dbbe7770a9402c7ce82f5c2"},"breadcrumb":{"@id":"https:\/\/macite.tg\/?p=24604#breadcrumb"},"inLanguage":"fr-FR","potentialAction":[{"@type":"ReadAction","target":["https:\/\/macite.tg\/?p=24604"]}]},{"@type":"ImageObject","inLanguage":"fr-FR","@id":"https:\/\/macite.tg\/?p=24604#primaryimage","url":"https:\/\/macite.tg\/wp-content\/uploads\/2025\/09\/PERMUD-2025.jpg","contentUrl":"https:\/\/macite.tg\/wp-content\/uploads\/2025\/09\/PERMUD-2025.jpg","width":500,"height":303},{"@type":"BreadcrumbList","@id":"https:\/\/macite.tg\/?p=24604#breadcrumb","itemListElement":[{"@type":"ListItem","position":1,"name":"Accueil","item":"https:\/\/macite.tg\/"},{"@type":"ListItem","position":2,"name":"MUSIQUE RAP \/ RECOMPENSE\u00a0: Plusieurs artistes camerounais en lice pour les Primud 2025"}]},{"@type":"WebSite","@id":"https:\/\/macite.tg\/#website","url":"https:\/\/macite.tg\/","name":"","description":"L&#039;information, la bonne!!!","potentialAction":[{"@type":"SearchAction","target":{"@type":"EntryPoint","urlTemplate":"https:\/\/macite.tg\/?s={search_term_string}"},"query-input":{"@type":"PropertyValueSpecification","valueRequired":true,"valueName":"search_term_string"}}],"inLanguage":"fr-FR"},{"@type":"Person","@id":"https:\/\/macite.tg\/#\/schema\/person\/e9f2de7e5dbbe7770a9402c7ce82f5c2","name":"Jean Pierre BAWELA","image":{"@type":"ImageObject","inLanguage":"fr-FR","@id":"https:\/\/macite.tg\/wp-content\/uploads\/2023\/09\/WhatsApp-Image-2023-09-19-at-14.44.41-122x122.jpeg","url":"https:\/\/macite.tg\/wp-content\/uploads\/2023\/09\/WhatsApp-Image-2023-09-19-at-14.44.41-122x122.jpeg","contentUrl":"https:\/\/macite.tg\/wp-content\/uploads\/2023\/09\/WhatsApp-Image-2023-09-19-at-14.44.41-122x122.jpeg","caption":"Jean Pierre BAWELA"},"url":"https:\/\/macite.tg\/?author=2"}]}},"_links":{"self":[{"href":"https:\/\/macite.tg\/index.php?rest_route=\/wp\/v2\/posts\/24604","targetHints":{"allow":["GET"]}}],"collection":[{"href":"https:\/\/macite.tg\/index.php?rest_route=\/wp\/v2\/posts"}],"about":[{"href":"https:\/\/macite.tg\/index.php?rest_route=\/wp\/v2\/types\/post"}],"author":[{"embeddable":true,"href":"https:\/\/macite.tg\/index.php?rest_route=\/wp\/v2\/users\/2"}],"replies":[{"embeddable":true,"href":"https:\/\/macite.tg\/index.php?rest_route=%2Fwp%2Fv2%2Fcomments&post=24604"}],"version-history":[{"count":0,"href":"https:\/\/macite.tg\/index.php?rest_route=\/wp\/v2\/posts\/24604\/revisions"}],"wp:featuredmedia":[{"embeddable":true,"href":"https:\/\/macite.tg\/index.php?rest_route=\/wp\/v2\/media\/24610"}],"wp:attachment":[{"href":"https:\/\/macite.tg\/index.php?rest_route=%2Fwp%2Fv2%2Fmedia&parent=24604"}],"wp:term":[{"taxonomy":"category","embeddable":true,"href":"https:\/\/macite.tg\/index.php?rest_route=%2Fwp%2Fv2%2Fcategories&post=24604"},{"taxonomy":"post_tag","embeddable":true,"href":"https:\/\/macite.tg\/index.php?rest_route=%2Fwp%2Fv2%2Ftags&post=24604"}],"curies":[{"name":"wp","href":"https:\/\/api.w.org\/{rel}","templated":true}]}}