{"id":24602,"date":"2025-09-11T13:02:03","date_gmt":"2025-09-11T13:02:03","guid":{"rendered":"https:\/\/macite.tg\/?p=24602"},"modified":"2025-09-11T13:15:12","modified_gmt":"2025-09-11T13:15:12","slug":"otr-mobilisation-fiscale-2025-un-taux-de-realisation-de-925-a-fin-aout-et-61-de-lobjectif-annuel","status":"publish","type":"post","link":"https:\/\/macite.tg\/?p=24602","title":{"rendered":"OTR\u00a0\/ MOBILISATION FISCALE 2025 : Un taux de r\u00e9alisation de 92,5% \u00e0 fin ao\u00fbt, et 61% de l\u2019objectif annuel"},"content":{"rendered":"\n<p class=\"wp-block-paragraph\"><strong><em>Les 04 et 05 septembre dernier, l\u2019Office Togolais des Recettes (OTR) a tenu, \u00e0 Djamd\u00e8 (Kara) son second s\u00e9minaire de l\u2019ann\u00e9e en cours. L\u2019occasion pour le Comit\u00e9 de Direction de faire le point des huit premiers mois de l\u2019ann\u00e9e 2025 et de d\u00e9finir les perspectives pour le reste de l\u2019ann\u00e9e.<\/em><\/strong><\/p>\n\n\n\n<p class=\"wp-block-paragraph\"><em>\u00ab&nbsp;Une mobilisation plus efficace des recettes fiscales et douani\u00e8res \u00e0 travers les innovations num\u00e9riques et organisationnelles&nbsp;\u00bb,<\/em> tel est le th\u00e8me du second s\u00e9minaire de management de l\u2019ann\u00e9e, organis\u00e9 les 04 et 05 septembre dernier par de l\u2019OTR, et qui a regroup\u00e9, outre le Comit\u00e9 de direction, les responsables centraux et r\u00e9gionaux de l\u2019institution.<\/p>\n\n\n<div class=\"wp-block-image\">\n<figure class=\"aligncenter size-full is-resized\"><img loading=\"lazy\" decoding=\"async\" width=\"1000\" height=\"1000\" src=\"https:\/\/macite.tg\/wp-content\/uploads\/2025\/09\/Bienvenu-en-SEPTEMBRE.jpg\" alt=\"\" class=\"wp-image-24497\" style=\"width:492px;height:auto\" srcset=\"https:\/\/macite.tg\/wp-content\/uploads\/2025\/09\/Bienvenu-en-SEPTEMBRE.jpg 1000w, https:\/\/macite.tg\/wp-content\/uploads\/2025\/09\/Bienvenu-en-SEPTEMBRE-300x300.jpg 300w, https:\/\/macite.tg\/wp-content\/uploads\/2025\/09\/Bienvenu-en-SEPTEMBRE-150x150.jpg 150w, https:\/\/macite.tg\/wp-content\/uploads\/2025\/09\/Bienvenu-en-SEPTEMBRE-768x768.jpg 768w, https:\/\/macite.tg\/wp-content\/uploads\/2025\/09\/Bienvenu-en-SEPTEMBRE-122x122.jpg 122w\" sizes=\"auto, (max-width: 1000px) 100vw, 1000px\" \/><\/figure>\n<\/div>\n\n\n<p class=\"wp-block-paragraph\">Selon les r\u00e9sultats pr\u00e9sent\u00e9s par le Comit\u00e9 de Gestion de l\u2019Office, \u00e0 fin ao\u00fbt de l\u2019ann\u00e9e en cours, l\u2019administration fiscale a mobilis\u00e9, malgr\u00e9 les d\u00e9fis \u00e9conomiques mondiaux actuels, quelque 737,2 milliards FCFA sur une pr\u00e9vision de 797,3 milliards pour la p\u00e9riode consid\u00e9r\u00e9e, soit un taux de r\u00e9alisation de 92,5%.<\/p>\n\n\n\n<p class=\"wp-block-paragraph\">Ces r\u00e9sultats, il faut le souligner repr\u00e9sentent 61% de l\u2019objectif budg\u00e9taire annuel de l\u2019OTR fix\u00e9 \u00e0 1.208,4 milliards de FCFA. Ceci traduit une progression nette de 4,8% par rapport \u00e0 la m\u00eame p\u00e9riode l\u2019exercice \u00e9coul\u00e9.<\/p>\n\n\n\n<p class=\"wp-block-paragraph\">Ces performances encourageantes sont, en effet, la cons\u00e9quence des efforts conjugu\u00e9s des diff\u00e9rents services des imp\u00f4ts, de la douane et du cadastre.<\/p>\n\n\n\n<p class=\"wp-block-paragraph\">Les participants \u00e0 cette rencontre ont, en outre, abord\u00e9 l\u2019\u00e9laboration du plan strat\u00e9gique 2026-2030, devant ficeler les grandes orientations de l\u2019Office pour les prochaines ann\u00e9es. Une d\u00e9marche qui vise non seulement \u00e0 consolider les acquis, mais \u00e9galement renforcer les m\u00e9canismes de mobilisation des recettes, tout en am\u00e9liorant la qualit\u00e9 du service aux usagers, dans la perspective d\u2019un syst\u00e8me fiscal et douanier toujours plus performant et transparent.<\/p>\n\n\n<div class=\"wp-block-image\">\n<figure class=\"aligncenter size-large is-resized\"><img loading=\"lazy\" decoding=\"async\" width=\"1024\" height=\"1024\" src=\"https:\/\/macite.tg\/wp-content\/uploads\/2025\/09\/a85f0ce4-ba89-497d-a417-b4838d5a0d21-1024x1024.jpg\" alt=\"\" class=\"wp-image-24454\" style=\"width:498px;height:auto\" srcset=\"https:\/\/macite.tg\/wp-content\/uploads\/2025\/09\/a85f0ce4-ba89-497d-a417-b4838d5a0d21-1024x1024.jpg 1024w, https:\/\/macite.tg\/wp-content\/uploads\/2025\/09\/a85f0ce4-ba89-497d-a417-b4838d5a0d21-300x300.jpg 300w, https:\/\/macite.tg\/wp-content\/uploads\/2025\/09\/a85f0ce4-ba89-497d-a417-b4838d5a0d21-150x150.jpg 150w, https:\/\/macite.tg\/wp-content\/uploads\/2025\/09\/a85f0ce4-ba89-497d-a417-b4838d5a0d21-768x768.jpg 768w, https:\/\/macite.tg\/wp-content\/uploads\/2025\/09\/a85f0ce4-ba89-497d-a417-b4838d5a0d21-122x122.jpg 122w, https:\/\/macite.tg\/wp-content\/uploads\/2025\/09\/a85f0ce4-ba89-497d-a417-b4838d5a0d21.jpg 1080w\" sizes=\"auto, (max-width: 1024px) 100vw, 1024px\" \/><\/figure>\n<\/div>\n\n\n<p class=\"wp-block-paragraph\">Pour rappel, le premier s\u00e9minaire a eu lieu le 10 mars dernier, au si\u00e8ge de l\u2019Organisation de la Charit\u00e9 pour un D\u00e9veloppement Int\u00e9gral (OCDI) \u00e0 Lom\u00e9.<\/p>\n\n\n\n<p class=\"wp-block-paragraph\"><strong>JPB<\/strong><\/p>\n\n\n\n<p class=\"wp-block-paragraph\"><a><strong><em>@macite.tg&nbsp;&nbsp;&nbsp;&nbsp;&nbsp;&nbsp;&nbsp;&nbsp;<\/em><\/strong><\/a><\/p>\n\n\n\n<p class=\"wp-block-paragraph\"><strong><em>E-mail&nbsp;: <\/em><\/strong><a href=\"mailto:maciteinfo@gmail.com\"><strong><em>maciteinfo@gmail.com<\/em><\/strong><\/a><strong><em>; <\/em><\/strong><a href=\"mailto:bawela1@gmail.com\"><strong><em>bawela1@gmail.com<\/em><\/strong><\/a><strong><em><\/em><\/strong><\/p>\n\n\n\n<p class=\"wp-block-paragraph\"><strong><em>Pour vos annonces, (publi)reportages, etc., joignez-nous au (00228)91515309\/<strong>79872224 <\/strong><strong><\/strong><\/em><\/strong><\/p>\n\n\n\n<p class=\"wp-block-paragraph\"><strong><em>www.macite.tg, L\u2019information, la bonne&nbsp;!<\/em><\/strong><\/p>\n\n\n\n<p class=\"wp-block-paragraph\"><\/p>\n","protected":false},"excerpt":{"rendered":"<p class=\"text-justify mb-2\" >Les 04 et 05 septembre dernier, l\u2019Office Togolais des Recettes (OTR) a tenu, \u00e0 Djamd\u00e8 (Kara) son second s\u00e9minaire de l\u2019ann\u00e9e en cours. L\u2019occasion pour le Comit\u00e9 de Direction de faire le point des huit premiers mois de l\u2019ann\u00e9e 2025 et de d\u00e9finir les perspectives [&hellip;]<\/p>\n","protected":false},"author":2,"featured_media":24605,"comment_status":"open","ping_status":"open","sticky":false,"template":"","format":"standard","meta":{"footnotes":""},"categories":[20,3],"tags":[],"class_list":["post-24602","post","type-post","status-publish","format-standard","has-post-thumbnail","hentry","category-actualite","category-economie"],"yoast_head":"<!-- This site is optimized with the Yoast SEO plugin v28.4 - https:\/\/yoast.com\/product\/yoast-seo-wordpress\/ -->\n<title>OTR\u00a0\/ MOBILISATION FISCALE 2025 : Un taux de r\u00e9alisation de 92,5% \u00e0 fin ao\u00fbt, et 61% de l\u2019objectif annuel -<\/title>\n<meta name=\"robots\" content=\"index, follow, max-snippet:-1, max-image-preview:large, max-video-preview:-1\" \/>\n<link rel=\"canonical\" href=\"https:\/\/macite.tg\/?p=24602\" \/>\n<meta property=\"og:locale\" content=\"fr_FR\" \/>\n<meta property=\"og:type\" content=\"article\" \/>\n<meta property=\"og:title\" content=\"OTR\u00a0\/ MOBILISATION FISCALE 2025 : Un taux de r\u00e9alisation de 92,5% \u00e0 fin ao\u00fbt, et 61% de l\u2019objectif annuel -\" \/>\n<meta property=\"og:description\" content=\"Les 04 et 05 septembre dernier, l\u2019Office Togolais des Recettes (OTR) a tenu, \u00e0 Djamd\u00e8 (Kara) son second s\u00e9minaire de l\u2019ann\u00e9e en cours. L\u2019occasion pour le Comit\u00e9 de Direction de faire le point des huit premiers mois de l\u2019ann\u00e9e 2025 et de d\u00e9finir les perspectives [&hellip;]\" \/>\n<meta property=\"og:url\" content=\"https:\/\/macite.tg\/?p=24602\" \/>\n<meta property=\"article:published_time\" content=\"2025-09-11T13:02:03+00:00\" \/>\n<meta property=\"article:modified_time\" content=\"2025-09-11T13:15:12+00:00\" \/>\n<meta property=\"og:image\" content=\"https:\/\/macite.tg\/wp-content\/uploads\/2025\/09\/2seminaire-2025.jpg\" \/>\n\t<meta property=\"og:image:width\" content=\"500\" \/>\n\t<meta property=\"og:image:height\" content=\"102\" \/>\n\t<meta property=\"og:image:type\" content=\"image\/jpeg\" \/>\n<meta name=\"author\" content=\"Jean Pierre BAWELA\" \/>\n<meta name=\"twitter:card\" content=\"summary_large_image\" \/>\n<meta name=\"twitter:label1\" content=\"\u00c9crit par\" \/>\n\t<meta name=\"twitter:data1\" content=\"Jean Pierre BAWELA\" \/>\n\t<meta name=\"twitter:label2\" content=\"Dur\u00e9e de lecture estim\u00e9e\" \/>\n\t<meta name=\"twitter:data2\" content=\"3 minutes\" \/>\n<script type=\"application\/ld+json\" class=\"yoast-schema-graph\">{\"@context\":\"https:\\\/\\\/schema.org\",\"@graph\":[{\"@type\":\"Article\",\"@id\":\"https:\\\/\\\/macite.tg\\\/?p=24602#article\",\"isPartOf\":{\"@id\":\"https:\\\/\\\/macite.tg\\\/?p=24602\"},\"author\":{\"name\":\"Jean Pierre BAWELA\",\"@id\":\"https:\\\/\\\/macite.tg\\\/#\\\/schema\\\/person\\\/e9f2de7e5dbbe7770a9402c7ce82f5c2\"},\"headline\":\"OTR\u00a0\\\/ MOBILISATION FISCALE 2025 : Un taux de r\u00e9alisation de 92,5% \u00e0 fin ao\u00fbt, et 61% de l\u2019objectif annuel\",\"datePublished\":\"2025-09-11T13:02:03+00:00\",\"dateModified\":\"2025-09-11T13:15:12+00:00\",\"mainEntityOfPage\":{\"@id\":\"https:\\\/\\\/macite.tg\\\/?p=24602\"},\"wordCount\":394,\"commentCount\":0,\"image\":{\"@id\":\"https:\\\/\\\/macite.tg\\\/?p=24602#primaryimage\"},\"thumbnailUrl\":\"https:\\\/\\\/macite.tg\\\/wp-content\\\/uploads\\\/2025\\\/09\\\/2seminaire-2025.jpg\",\"articleSection\":[\"ACTUALITE\",\"ECONOMIE\"],\"inLanguage\":\"fr-FR\",\"potentialAction\":[{\"@type\":\"CommentAction\",\"name\":\"Comment\",\"target\":[\"https:\\\/\\\/macite.tg\\\/?p=24602#respond\"]}]},{\"@type\":\"WebPage\",\"@id\":\"https:\\\/\\\/macite.tg\\\/?p=24602\",\"url\":\"https:\\\/\\\/macite.tg\\\/?p=24602\",\"name\":\"OTR\u00a0\\\/ MOBILISATION FISCALE 2025 : Un taux de r\u00e9alisation de 92,5% \u00e0 fin ao\u00fbt, et 61% de l\u2019objectif annuel -\",\"isPartOf\":{\"@id\":\"https:\\\/\\\/macite.tg\\\/#website\"},\"primaryImageOfPage\":{\"@id\":\"https:\\\/\\\/macite.tg\\\/?p=24602#primaryimage\"},\"image\":{\"@id\":\"https:\\\/\\\/macite.tg\\\/?p=24602#primaryimage\"},\"thumbnailUrl\":\"https:\\\/\\\/macite.tg\\\/wp-content\\\/uploads\\\/2025\\\/09\\\/2seminaire-2025.jpg\",\"datePublished\":\"2025-09-11T13:02:03+00:00\",\"dateModified\":\"2025-09-11T13:15:12+00:00\",\"author\":{\"@id\":\"https:\\\/\\\/macite.tg\\\/#\\\/schema\\\/person\\\/e9f2de7e5dbbe7770a9402c7ce82f5c2\"},\"breadcrumb\":{\"@id\":\"https:\\\/\\\/macite.tg\\\/?p=24602#breadcrumb\"},\"inLanguage\":\"fr-FR\",\"potentialAction\":[{\"@type\":\"ReadAction\",\"target\":[\"https:\\\/\\\/macite.tg\\\/?p=24602\"]}]},{\"@type\":\"ImageObject\",\"inLanguage\":\"fr-FR\",\"@id\":\"https:\\\/\\\/macite.tg\\\/?p=24602#primaryimage\",\"url\":\"https:\\\/\\\/macite.tg\\\/wp-content\\\/uploads\\\/2025\\\/09\\\/2seminaire-2025.jpg\",\"contentUrl\":\"https:\\\/\\\/macite.tg\\\/wp-content\\\/uploads\\\/2025\\\/09\\\/2seminaire-2025.jpg\",\"width\":500,\"height\":102,\"caption\":\"Une vue des participants \u00e0 ce second s\u00e9minaire de management de l'OTR\"},{\"@type\":\"BreadcrumbList\",\"@id\":\"https:\\\/\\\/macite.tg\\\/?p=24602#breadcrumb\",\"itemListElement\":[{\"@type\":\"ListItem\",\"position\":1,\"name\":\"Accueil\",\"item\":\"https:\\\/\\\/macite.tg\\\/\"},{\"@type\":\"ListItem\",\"position\":2,\"name\":\"OTR\u00a0\\\/ MOBILISATION FISCALE 2025 : Un taux de r\u00e9alisation de 92,5% \u00e0 fin ao\u00fbt, et 61% de l\u2019objectif annuel\"}]},{\"@type\":\"WebSite\",\"@id\":\"https:\\\/\\\/macite.tg\\\/#website\",\"url\":\"https:\\\/\\\/macite.tg\\\/\",\"name\":\"\",\"description\":\"L&#039;information, la bonne!!!\",\"potentialAction\":[{\"@type\":\"SearchAction\",\"target\":{\"@type\":\"EntryPoint\",\"urlTemplate\":\"https:\\\/\\\/macite.tg\\\/?s={search_term_string}\"},\"query-input\":{\"@type\":\"PropertyValueSpecification\",\"valueRequired\":true,\"valueName\":\"search_term_string\"}}],\"inLanguage\":\"fr-FR\"},{\"@type\":\"Person\",\"@id\":\"https:\\\/\\\/macite.tg\\\/#\\\/schema\\\/person\\\/e9f2de7e5dbbe7770a9402c7ce82f5c2\",\"name\":\"Jean Pierre BAWELA\",\"image\":{\"@type\":\"ImageObject\",\"inLanguage\":\"fr-FR\",\"@id\":\"https:\\\/\\\/macite.tg\\\/wp-content\\\/uploads\\\/2023\\\/09\\\/WhatsApp-Image-2023-09-19-at-14.44.41-122x122.jpeg\",\"url\":\"https:\\\/\\\/macite.tg\\\/wp-content\\\/uploads\\\/2023\\\/09\\\/WhatsApp-Image-2023-09-19-at-14.44.41-122x122.jpeg\",\"contentUrl\":\"https:\\\/\\\/macite.tg\\\/wp-content\\\/uploads\\\/2023\\\/09\\\/WhatsApp-Image-2023-09-19-at-14.44.41-122x122.jpeg\",\"caption\":\"Jean Pierre BAWELA\"},\"url\":\"https:\\\/\\\/macite.tg\\\/?author=2\"}]}<\/script>\n<!-- \/ Yoast SEO plugin. -->","yoast_head_json":{"title":"OTR\u00a0\/ MOBILISATION FISCALE 2025 : Un taux de r\u00e9alisation de 92,5% \u00e0 fin ao\u00fbt, et 61% de l\u2019objectif annuel -","robots":{"index":"index","follow":"follow","max-snippet":"max-snippet:-1","max-image-preview":"max-image-preview:large","max-video-preview":"max-video-preview:-1"},"canonical":"https:\/\/macite.tg\/?p=24602","og_locale":"fr_FR","og_type":"article","og_title":"OTR\u00a0\/ MOBILISATION FISCALE 2025 : Un taux de r\u00e9alisation de 92,5% \u00e0 fin ao\u00fbt, et 61% de l\u2019objectif annuel -","og_description":"Les 04 et 05 septembre dernier, l\u2019Office Togolais des Recettes (OTR) a tenu, \u00e0 Djamd\u00e8 (Kara) son second s\u00e9minaire de l\u2019ann\u00e9e en cours. L\u2019occasion pour le Comit\u00e9 de Direction de faire le point des huit premiers mois de l\u2019ann\u00e9e 2025 et de d\u00e9finir les perspectives [&hellip;]","og_url":"https:\/\/macite.tg\/?p=24602","article_published_time":"2025-09-11T13:02:03+00:00","article_modified_time":"2025-09-11T13:15:12+00:00","og_image":[{"width":500,"height":102,"url":"https:\/\/macite.tg\/wp-content\/uploads\/2025\/09\/2seminaire-2025.jpg","type":"image\/jpeg"}],"author":"Jean Pierre BAWELA","twitter_card":"summary_large_image","twitter_misc":{"\u00c9crit par":"Jean Pierre BAWELA","Dur\u00e9e de lecture estim\u00e9e":"3 minutes"},"schema":{"@context":"https:\/\/schema.org","@graph":[{"@type":"Article","@id":"https:\/\/macite.tg\/?p=24602#article","isPartOf":{"@id":"https:\/\/macite.tg\/?p=24602"},"author":{"name":"Jean Pierre BAWELA","@id":"https:\/\/macite.tg\/#\/schema\/person\/e9f2de7e5dbbe7770a9402c7ce82f5c2"},"headline":"OTR\u00a0\/ MOBILISATION FISCALE 2025 : Un taux de r\u00e9alisation de 92,5% \u00e0 fin ao\u00fbt, et 61% de l\u2019objectif annuel","datePublished":"2025-09-11T13:02:03+00:00","dateModified":"2025-09-11T13:15:12+00:00","mainEntityOfPage":{"@id":"https:\/\/macite.tg\/?p=24602"},"wordCount":394,"commentCount":0,"image":{"@id":"https:\/\/macite.tg\/?p=24602#primaryimage"},"thumbnailUrl":"https:\/\/macite.tg\/wp-content\/uploads\/2025\/09\/2seminaire-2025.jpg","articleSection":["ACTUALITE","ECONOMIE"],"inLanguage":"fr-FR","potentialAction":[{"@type":"CommentAction","name":"Comment","target":["https:\/\/macite.tg\/?p=24602#respond"]}]},{"@type":"WebPage","@id":"https:\/\/macite.tg\/?p=24602","url":"https:\/\/macite.tg\/?p=24602","name":"OTR\u00a0\/ MOBILISATION FISCALE 2025 : Un taux de r\u00e9alisation de 92,5% \u00e0 fin ao\u00fbt, et 61% de l\u2019objectif annuel -","isPartOf":{"@id":"https:\/\/macite.tg\/#website"},"primaryImageOfPage":{"@id":"https:\/\/macite.tg\/?p=24602#primaryimage"},"image":{"@id":"https:\/\/macite.tg\/?p=24602#primaryimage"},"thumbnailUrl":"https:\/\/macite.tg\/wp-content\/uploads\/2025\/09\/2seminaire-2025.jpg","datePublished":"2025-09-11T13:02:03+00:00","dateModified":"2025-09-11T13:15:12+00:00","author":{"@id":"https:\/\/macite.tg\/#\/schema\/person\/e9f2de7e5dbbe7770a9402c7ce82f5c2"},"breadcrumb":{"@id":"https:\/\/macite.tg\/?p=24602#breadcrumb"},"inLanguage":"fr-FR","potentialAction":[{"@type":"ReadAction","target":["https:\/\/macite.tg\/?p=24602"]}]},{"@type":"ImageObject","inLanguage":"fr-FR","@id":"https:\/\/macite.tg\/?p=24602#primaryimage","url":"https:\/\/macite.tg\/wp-content\/uploads\/2025\/09\/2seminaire-2025.jpg","contentUrl":"https:\/\/macite.tg\/wp-content\/uploads\/2025\/09\/2seminaire-2025.jpg","width":500,"height":102,"caption":"Une vue des participants \u00e0 ce second s\u00e9minaire de management de l'OTR"},{"@type":"BreadcrumbList","@id":"https:\/\/macite.tg\/?p=24602#breadcrumb","itemListElement":[{"@type":"ListItem","position":1,"name":"Accueil","item":"https:\/\/macite.tg\/"},{"@type":"ListItem","position":2,"name":"OTR\u00a0\/ MOBILISATION FISCALE 2025 : Un taux de r\u00e9alisation de 92,5% \u00e0 fin ao\u00fbt, et 61% de l\u2019objectif annuel"}]},{"@type":"WebSite","@id":"https:\/\/macite.tg\/#website","url":"https:\/\/macite.tg\/","name":"","description":"L&#039;information, la bonne!!!","potentialAction":[{"@type":"SearchAction","target":{"@type":"EntryPoint","urlTemplate":"https:\/\/macite.tg\/?s={search_term_string}"},"query-input":{"@type":"PropertyValueSpecification","valueRequired":true,"valueName":"search_term_string"}}],"inLanguage":"fr-FR"},{"@type":"Person","@id":"https:\/\/macite.tg\/#\/schema\/person\/e9f2de7e5dbbe7770a9402c7ce82f5c2","name":"Jean Pierre BAWELA","image":{"@type":"ImageObject","inLanguage":"fr-FR","@id":"https:\/\/macite.tg\/wp-content\/uploads\/2023\/09\/WhatsApp-Image-2023-09-19-at-14.44.41-122x122.jpeg","url":"https:\/\/macite.tg\/wp-content\/uploads\/2023\/09\/WhatsApp-Image-2023-09-19-at-14.44.41-122x122.jpeg","contentUrl":"https:\/\/macite.tg\/wp-content\/uploads\/2023\/09\/WhatsApp-Image-2023-09-19-at-14.44.41-122x122.jpeg","caption":"Jean Pierre BAWELA"},"url":"https:\/\/macite.tg\/?author=2"}]}},"_links":{"self":[{"href":"https:\/\/macite.tg\/index.php?rest_route=\/wp\/v2\/posts\/24602","targetHints":{"allow":["GET"]}}],"collection":[{"href":"https:\/\/macite.tg\/index.php?rest_route=\/wp\/v2\/posts"}],"about":[{"href":"https:\/\/macite.tg\/index.php?rest_route=\/wp\/v2\/types\/post"}],"author":[{"embeddable":true,"href":"https:\/\/macite.tg\/index.php?rest_route=\/wp\/v2\/users\/2"}],"replies":[{"embeddable":true,"href":"https:\/\/macite.tg\/index.php?rest_route=%2Fwp%2Fv2%2Fcomments&post=24602"}],"version-history":[{"count":0,"href":"https:\/\/macite.tg\/index.php?rest_route=\/wp\/v2\/posts\/24602\/revisions"}],"wp:featuredmedia":[{"embeddable":true,"href":"https:\/\/macite.tg\/index.php?rest_route=\/wp\/v2\/media\/24605"}],"wp:attachment":[{"href":"https:\/\/macite.tg\/index.php?rest_route=%2Fwp%2Fv2%2Fmedia&parent=24602"}],"wp:term":[{"taxonomy":"category","embeddable":true,"href":"https:\/\/macite.tg\/index.php?rest_route=%2Fwp%2Fv2%2Fcategories&post=24602"},{"taxonomy":"post_tag","embeddable":true,"href":"https:\/\/macite.tg\/index.php?rest_route=%2Fwp%2Fv2%2Ftags&post=24602"}],"curies":[{"name":"wp","href":"https:\/\/api.w.org\/{rel}","templated":true}]}}