{"id":24596,"date":"2025-09-11T11:47:40","date_gmt":"2025-09-11T11:47:40","guid":{"rendered":"https:\/\/macite.tg\/?p=24596"},"modified":"2025-09-11T11:47:44","modified_gmt":"2025-09-11T11:47:44","slug":"mondiaux-dathletisme-a-tokyo-2025-lheure-de-grace-pour-la-delegation-ivoirienne","status":"publish","type":"post","link":"https:\/\/macite.tg\/?p=24596","title":{"rendered":"MONDIAUX D\u2019ATHLETISME A TOKYO 2025 : L\u2019heure de gr\u00e2ce pour la d\u00e9l\u00e9gation ivoirienne\u00a0?"},"content":{"rendered":"\n<p class=\"wp-block-paragraph\"><strong><em>Du 13 au 21 septembre 2025, les Mondiaux d\u2019athl\u00e9tisme de Tokyo auront un parfum ivoirien. La d\u00e9l\u00e9gation ivoirienne sera compos\u00e9e uniquement de sprinteuses, pr\u00eates \u00e0 briller sur la piste nippone.<\/em><\/strong><\/p>\n\n\n\n<p class=\"wp-block-paragraph\">Quand il s\u2019agit de vitesse, la C\u00f4te d\u2019Ivoire ne plaisante pas. \u00c0 Tokyo, point de pachydermes lourdauds mais cinq gazelles aff\u00fbt\u00e9es : Marie-Jos\u00e9e Ta Lou-Smith, Maboundou Kon\u00e9, Jessika Gba\u00ef, Lou Chantal Djehi et Dinedye Denis.<\/p>\n\n\n\n<p class=\"wp-block-paragraph\">\u00c0 la t\u00eate du groupe, l\u2019infatigable Ta Lou-Smith, 36 ans, 5\u1d49 au classement mondial du 100 m et recordwoman d\u2019Afrique, entend bien rappeler que son chrono de 10.87s n\u2019a rien d\u2019un souvenir. Elle sera \u00e9paul\u00e9e par la puissante Maboundou Kon\u00e9 (28 ans, 36\u1d49 mondiale au 200 m), auteur d\u2019un 11.09 s sur 100 m \u00e0 Troyes et 22.80s \u00e0 Bouvet-Bionda.<\/p>\n\n\n<div class=\"wp-block-image\">\n<figure class=\"aligncenter size-full\"><img loading=\"lazy\" decoding=\"async\" width=\"851\" height=\"315\" src=\"https:\/\/macite.tg\/wp-content\/uploads\/2025\/09\/OTR_Ferer-pour-batir-1.jpg\" alt=\"\" class=\"wp-image-24441\" srcset=\"https:\/\/macite.tg\/wp-content\/uploads\/2025\/09\/OTR_Ferer-pour-batir-1.jpg 851w, https:\/\/macite.tg\/wp-content\/uploads\/2025\/09\/OTR_Ferer-pour-batir-1-300x111.jpg 300w, https:\/\/macite.tg\/wp-content\/uploads\/2025\/09\/OTR_Ferer-pour-batir-1-768x284.jpg 768w\" sizes=\"auto, (max-width: 851px) 100vw, 851px\" \/><\/figure>\n<\/div>\n\n\n<p class=\"wp-block-paragraph\">\u00c0 leurs c\u00f4t\u00e9s, la prometteuse Jessika Gba\u00ef (26 ans, 10\u1d49 mondiale du 200 m avec 22.71s), la jeune p\u00e9pite Lou Chantal Djehi (19 ans) et Dinedye Denis (24 ans, 57\u1d49 mondiale au 400 m haies), d\u00e9j\u00e0 aguerries sur le relais.Un programme charg\u00e9 \u00e0 Tokyo (heures d&rsquo;Abidjan)<\/p>\n\n\n\n<p class=\"wp-block-paragraph\">Les sprinteuses ivoiriennes seront align\u00e9es sur trois \u00e9preuves :<\/p>\n\n\n\n<ul class=\"wp-block-list\">\n<li><strong><em>100 m (Ta Lou-Smith, Kon\u00e9).<\/em><\/strong><\/li>\n<\/ul>\n\n\n\n<p class=\"wp-block-paragraph\">Samedi 13 septembre \u2013 9h55 (qualifs) ;<\/p>\n\n\n\n<p class=\"wp-block-paragraph\">Dimanche 14 \u2013 11h20 (demi-finales) et 13h13 (finale).<\/p>\n\n\n\n<ul class=\"wp-block-list\">\n<li><strong><em>200 m (Ta Lou-Smith, Kon\u00e9).<\/em><\/strong><\/li>\n<\/ul>\n\n\n\n<p class=\"wp-block-paragraph\">Mercredi 17 \u2013 10h30 (qualifs) ;<\/p>\n\n\n\n<p class=\"wp-block-paragraph\">Jeudi 18 \u2013 12h24 (demi-finales) ;<\/p>\n\n\n\n<p class=\"wp-block-paragraph\">Vendredi 19 \u2013 13h22 (finale)<\/p>\n\n\n\n<ul class=\"wp-block-list\">\n<li><strong><em>Relais 4\u00d7100 m (Ta Lou-Smith, Kon\u00e9, Gba\u00ef, Djehi, Denis)<\/em><\/strong><\/li>\n<\/ul>\n\n\n\n<p class=\"wp-block-paragraph\">Dimanche 14 \u2013 10h25 (qualifs) ;<\/p>\n\n\n\n<p class=\"wp-block-paragraph\">Mardi 16 \u2013 12h05 (demi-finales) ;<\/p>\n\n\n\n<p class=\"wp-block-paragraph\">Jeudi 18 \u2013 13h24 (finale).<\/p>\n\n\n<div class=\"wp-block-image\">\n<figure class=\"aligncenter size-large is-resized\"><img loading=\"lazy\" decoding=\"async\" width=\"1024\" height=\"1024\" src=\"https:\/\/macite.tg\/wp-content\/uploads\/2025\/09\/a85f0ce4-ba89-497d-a417-b4838d5a0d21-1024x1024.jpg\" alt=\"\" class=\"wp-image-24454\" style=\"width:490px;height:auto\" srcset=\"https:\/\/macite.tg\/wp-content\/uploads\/2025\/09\/a85f0ce4-ba89-497d-a417-b4838d5a0d21-1024x1024.jpg 1024w, https:\/\/macite.tg\/wp-content\/uploads\/2025\/09\/a85f0ce4-ba89-497d-a417-b4838d5a0d21-300x300.jpg 300w, https:\/\/macite.tg\/wp-content\/uploads\/2025\/09\/a85f0ce4-ba89-497d-a417-b4838d5a0d21-150x150.jpg 150w, https:\/\/macite.tg\/wp-content\/uploads\/2025\/09\/a85f0ce4-ba89-497d-a417-b4838d5a0d21-768x768.jpg 768w, https:\/\/macite.tg\/wp-content\/uploads\/2025\/09\/a85f0ce4-ba89-497d-a417-b4838d5a0d21-122x122.jpg 122w, https:\/\/macite.tg\/wp-content\/uploads\/2025\/09\/a85f0ce4-ba89-497d-a417-b4838d5a0d21.jpg 1080w\" sizes=\"auto, (max-width: 1024px) 100vw, 1024px\" \/><\/figure>\n<\/div>\n\n\n<p class=\"wp-block-paragraph\"><strong>Des ambitions assum\u00e9es<\/strong><\/p>\n\n\n\n<p class=\"wp-block-paragraph\">Avec des performances solides cette saison \u2013 Ta Lou \u00e0 22.25s sur 200 m \u00e0 Zurich, Gba\u00ef \u00e0 22.71s, et un relais d\u00e9j\u00e0 chronom\u00e9tr\u00e9 \u00e0 44.23s \u00e0 Lausanne \u2013 la C\u00f4te d\u2019Ivoire nourrit de grandes ambitions. L\u2019objectif sera de revenir avec des m\u00e9dailles et faire retentir l\u2019Abidjanaise dans le stade olympique de Tokyo.<\/p>\n\n\n\n<p class=\"wp-block-paragraph\">D\u00e9l\u00e9gation 100 % f\u00e9minine, objectifs 100 % clairs : la vitesse, la hargne avec l&rsquo;union sur le 400 m, la discipline au 100 m et le travail au 200 m. Reste \u00e0 voir si les adversaires tiendront le rythme de ces \u00c9l\u00e9phantes sur-vitamin\u00e9es.<\/p>\n\n\n\n<p class=\"wp-block-paragraph\">By <strong>SyndiGate Media<\/strong><\/p>\n\n\n\n<p class=\"wp-block-paragraph\"><a><strong><em>@macite.tg&nbsp;&nbsp;&nbsp;&nbsp;&nbsp;&nbsp;&nbsp;&nbsp;<\/em><\/strong><\/a><\/p>\n\n\n\n<p class=\"wp-block-paragraph\"><strong><em>E-mail&nbsp;: <\/em><\/strong><a href=\"mailto:maciteinfo@gmail.com\"><strong><em>maciteinfo@gmail.com<\/em><\/strong><\/a><strong><em>; <\/em><\/strong><a href=\"mailto:bawela1@gmail.com\"><strong><em>bawela1@gmail.com<\/em><\/strong><\/a><strong><em><\/em><\/strong><\/p>\n\n\n\n<p class=\"wp-block-paragraph\"><strong><em>Pour vos annonces, (publi)reportages, etc., joignez-nous au (00228)91515309\/<strong>79872224 <\/strong><strong><\/strong><\/em><\/strong><\/p>\n\n\n\n<p class=\"wp-block-paragraph\"><strong><em>www.macite.tg, L\u2019information, la bonne&nbsp;!<\/em><\/strong><\/p>\n\n\n\n<p class=\"wp-block-paragraph\"><\/p>\n","protected":false},"excerpt":{"rendered":"<p class=\"text-justify mb-2\" >Du 13 au 21 septembre 2025, les Mondiaux d\u2019athl\u00e9tisme de Tokyo auront un parfum ivoirien. La d\u00e9l\u00e9gation ivoirienne sera compos\u00e9e uniquement de sprinteuses, pr\u00eates \u00e0 briller sur la piste nippone. Quand il s\u2019agit de vitesse, la C\u00f4te d\u2019Ivoire ne plaisante pas. \u00c0 Tokyo, point de [&hellip;]<\/p>\n","protected":false},"author":2,"featured_media":24599,"comment_status":"open","ping_status":"open","sticky":false,"template":"","format":"standard","meta":{"footnotes":""},"categories":[20,7],"tags":[],"class_list":["post-24596","post","type-post","status-publish","format-standard","has-post-thumbnail","hentry","category-actualite","category-sports"],"yoast_head":"<!-- This site is optimized with the Yoast SEO plugin v28.4 - https:\/\/yoast.com\/product\/yoast-seo-wordpress\/ -->\n<title>MONDIAUX D\u2019ATHLETISME A TOKYO 2025 : L\u2019heure de gr\u00e2ce pour la d\u00e9l\u00e9gation ivoirienne\u00a0? -<\/title>\n<meta name=\"robots\" content=\"index, follow, max-snippet:-1, max-image-preview:large, max-video-preview:-1\" \/>\n<link rel=\"canonical\" href=\"https:\/\/macite.tg\/?p=24596\" \/>\n<meta property=\"og:locale\" content=\"fr_FR\" \/>\n<meta property=\"og:type\" content=\"article\" \/>\n<meta property=\"og:title\" content=\"MONDIAUX D\u2019ATHLETISME A TOKYO 2025 : L\u2019heure de gr\u00e2ce pour la d\u00e9l\u00e9gation ivoirienne\u00a0? -\" \/>\n<meta property=\"og:description\" content=\"Du 13 au 21 septembre 2025, les Mondiaux d\u2019athl\u00e9tisme de Tokyo auront un parfum ivoirien. La d\u00e9l\u00e9gation ivoirienne sera compos\u00e9e uniquement de sprinteuses, pr\u00eates \u00e0 briller sur la piste nippone. Quand il s\u2019agit de vitesse, la C\u00f4te d\u2019Ivoire ne plaisante pas. \u00c0 Tokyo, point de [&hellip;]\" \/>\n<meta property=\"og:url\" content=\"https:\/\/macite.tg\/?p=24596\" \/>\n<meta property=\"article:published_time\" content=\"2025-09-11T11:47:40+00:00\" \/>\n<meta property=\"article:modified_time\" content=\"2025-09-11T11:47:44+00:00\" \/>\n<meta property=\"og:image\" content=\"https:\/\/macite.tg\/wp-content\/uploads\/2025\/09\/image-17.png\" \/>\n\t<meta property=\"og:image:width\" content=\"534\" \/>\n\t<meta property=\"og:image:height\" content=\"340\" \/>\n\t<meta property=\"og:image:type\" content=\"image\/png\" \/>\n<meta name=\"author\" content=\"Jean Pierre BAWELA\" \/>\n<meta name=\"twitter:card\" content=\"summary_large_image\" \/>\n<meta name=\"twitter:label1\" content=\"\u00c9crit par\" \/>\n\t<meta name=\"twitter:data1\" content=\"Jean Pierre BAWELA\" \/>\n\t<meta name=\"twitter:label2\" content=\"Dur\u00e9e de lecture estim\u00e9e\" \/>\n\t<meta name=\"twitter:data2\" content=\"3 minutes\" \/>\n<script type=\"application\/ld+json\" class=\"yoast-schema-graph\">{\"@context\":\"https:\\\/\\\/schema.org\",\"@graph\":[{\"@type\":\"Article\",\"@id\":\"https:\\\/\\\/macite.tg\\\/?p=24596#article\",\"isPartOf\":{\"@id\":\"https:\\\/\\\/macite.tg\\\/?p=24596\"},\"author\":{\"name\":\"Jean Pierre BAWELA\",\"@id\":\"https:\\\/\\\/macite.tg\\\/#\\\/schema\\\/person\\\/e9f2de7e5dbbe7770a9402c7ce82f5c2\"},\"headline\":\"MONDIAUX D\u2019ATHLETISME A TOKYO 2025 : L\u2019heure de gr\u00e2ce pour la d\u00e9l\u00e9gation ivoirienne\u00a0?\",\"datePublished\":\"2025-09-11T11:47:40+00:00\",\"dateModified\":\"2025-09-11T11:47:44+00:00\",\"mainEntityOfPage\":{\"@id\":\"https:\\\/\\\/macite.tg\\\/?p=24596\"},\"wordCount\":372,\"commentCount\":0,\"image\":{\"@id\":\"https:\\\/\\\/macite.tg\\\/?p=24596#primaryimage\"},\"thumbnailUrl\":\"https:\\\/\\\/macite.tg\\\/wp-content\\\/uploads\\\/2025\\\/09\\\/image-17.png\",\"articleSection\":[\"ACTUALITE\",\"SPORTS\"],\"inLanguage\":\"fr-FR\",\"potentialAction\":[{\"@type\":\"CommentAction\",\"name\":\"Comment\",\"target\":[\"https:\\\/\\\/macite.tg\\\/?p=24596#respond\"]}]},{\"@type\":\"WebPage\",\"@id\":\"https:\\\/\\\/macite.tg\\\/?p=24596\",\"url\":\"https:\\\/\\\/macite.tg\\\/?p=24596\",\"name\":\"MONDIAUX D\u2019ATHLETISME A TOKYO 2025 : L\u2019heure de gr\u00e2ce pour la d\u00e9l\u00e9gation ivoirienne\u00a0? -\",\"isPartOf\":{\"@id\":\"https:\\\/\\\/macite.tg\\\/#website\"},\"primaryImageOfPage\":{\"@id\":\"https:\\\/\\\/macite.tg\\\/?p=24596#primaryimage\"},\"image\":{\"@id\":\"https:\\\/\\\/macite.tg\\\/?p=24596#primaryimage\"},\"thumbnailUrl\":\"https:\\\/\\\/macite.tg\\\/wp-content\\\/uploads\\\/2025\\\/09\\\/image-17.png\",\"datePublished\":\"2025-09-11T11:47:40+00:00\",\"dateModified\":\"2025-09-11T11:47:44+00:00\",\"author\":{\"@id\":\"https:\\\/\\\/macite.tg\\\/#\\\/schema\\\/person\\\/e9f2de7e5dbbe7770a9402c7ce82f5c2\"},\"breadcrumb\":{\"@id\":\"https:\\\/\\\/macite.tg\\\/?p=24596#breadcrumb\"},\"inLanguage\":\"fr-FR\",\"potentialAction\":[{\"@type\":\"ReadAction\",\"target\":[\"https:\\\/\\\/macite.tg\\\/?p=24596\"]}]},{\"@type\":\"ImageObject\",\"inLanguage\":\"fr-FR\",\"@id\":\"https:\\\/\\\/macite.tg\\\/?p=24596#primaryimage\",\"url\":\"https:\\\/\\\/macite.tg\\\/wp-content\\\/uploads\\\/2025\\\/09\\\/image-17.png\",\"contentUrl\":\"https:\\\/\\\/macite.tg\\\/wp-content\\\/uploads\\\/2025\\\/09\\\/image-17.png\",\"width\":534,\"height\":340,\"caption\":\"L'infatigable Marie-Jos\u00e9e Ta Lou-Smith, porte-flambeau de la d\u00e9l\u00e9gation ivoirienne\"},{\"@type\":\"BreadcrumbList\",\"@id\":\"https:\\\/\\\/macite.tg\\\/?p=24596#breadcrumb\",\"itemListElement\":[{\"@type\":\"ListItem\",\"position\":1,\"name\":\"Accueil\",\"item\":\"https:\\\/\\\/macite.tg\\\/\"},{\"@type\":\"ListItem\",\"position\":2,\"name\":\"MONDIAUX D\u2019ATHLETISME A TOKYO 2025 : L\u2019heure de gr\u00e2ce pour la d\u00e9l\u00e9gation ivoirienne\u00a0?\"}]},{\"@type\":\"WebSite\",\"@id\":\"https:\\\/\\\/macite.tg\\\/#website\",\"url\":\"https:\\\/\\\/macite.tg\\\/\",\"name\":\"\",\"description\":\"L&#039;information, la bonne!!!\",\"potentialAction\":[{\"@type\":\"SearchAction\",\"target\":{\"@type\":\"EntryPoint\",\"urlTemplate\":\"https:\\\/\\\/macite.tg\\\/?s={search_term_string}\"},\"query-input\":{\"@type\":\"PropertyValueSpecification\",\"valueRequired\":true,\"valueName\":\"search_term_string\"}}],\"inLanguage\":\"fr-FR\"},{\"@type\":\"Person\",\"@id\":\"https:\\\/\\\/macite.tg\\\/#\\\/schema\\\/person\\\/e9f2de7e5dbbe7770a9402c7ce82f5c2\",\"name\":\"Jean Pierre BAWELA\",\"image\":{\"@type\":\"ImageObject\",\"inLanguage\":\"fr-FR\",\"@id\":\"https:\\\/\\\/macite.tg\\\/wp-content\\\/uploads\\\/2023\\\/09\\\/WhatsApp-Image-2023-09-19-at-14.44.41-122x122.jpeg\",\"url\":\"https:\\\/\\\/macite.tg\\\/wp-content\\\/uploads\\\/2023\\\/09\\\/WhatsApp-Image-2023-09-19-at-14.44.41-122x122.jpeg\",\"contentUrl\":\"https:\\\/\\\/macite.tg\\\/wp-content\\\/uploads\\\/2023\\\/09\\\/WhatsApp-Image-2023-09-19-at-14.44.41-122x122.jpeg\",\"caption\":\"Jean Pierre BAWELA\"},\"url\":\"https:\\\/\\\/macite.tg\\\/?author=2\"}]}<\/script>\n<!-- \/ Yoast SEO plugin. -->","yoast_head_json":{"title":"MONDIAUX D\u2019ATHLETISME A TOKYO 2025 : L\u2019heure de gr\u00e2ce pour la d\u00e9l\u00e9gation ivoirienne\u00a0? -","robots":{"index":"index","follow":"follow","max-snippet":"max-snippet:-1","max-image-preview":"max-image-preview:large","max-video-preview":"max-video-preview:-1"},"canonical":"https:\/\/macite.tg\/?p=24596","og_locale":"fr_FR","og_type":"article","og_title":"MONDIAUX D\u2019ATHLETISME A TOKYO 2025 : L\u2019heure de gr\u00e2ce pour la d\u00e9l\u00e9gation ivoirienne\u00a0? -","og_description":"Du 13 au 21 septembre 2025, les Mondiaux d\u2019athl\u00e9tisme de Tokyo auront un parfum ivoirien. La d\u00e9l\u00e9gation ivoirienne sera compos\u00e9e uniquement de sprinteuses, pr\u00eates \u00e0 briller sur la piste nippone. Quand il s\u2019agit de vitesse, la C\u00f4te d\u2019Ivoire ne plaisante pas. \u00c0 Tokyo, point de [&hellip;]","og_url":"https:\/\/macite.tg\/?p=24596","article_published_time":"2025-09-11T11:47:40+00:00","article_modified_time":"2025-09-11T11:47:44+00:00","og_image":[{"width":534,"height":340,"url":"https:\/\/macite.tg\/wp-content\/uploads\/2025\/09\/image-17.png","type":"image\/png"}],"author":"Jean Pierre BAWELA","twitter_card":"summary_large_image","twitter_misc":{"\u00c9crit par":"Jean Pierre BAWELA","Dur\u00e9e de lecture estim\u00e9e":"3 minutes"},"schema":{"@context":"https:\/\/schema.org","@graph":[{"@type":"Article","@id":"https:\/\/macite.tg\/?p=24596#article","isPartOf":{"@id":"https:\/\/macite.tg\/?p=24596"},"author":{"name":"Jean Pierre BAWELA","@id":"https:\/\/macite.tg\/#\/schema\/person\/e9f2de7e5dbbe7770a9402c7ce82f5c2"},"headline":"MONDIAUX D\u2019ATHLETISME A TOKYO 2025 : L\u2019heure de gr\u00e2ce pour la d\u00e9l\u00e9gation ivoirienne\u00a0?","datePublished":"2025-09-11T11:47:40+00:00","dateModified":"2025-09-11T11:47:44+00:00","mainEntityOfPage":{"@id":"https:\/\/macite.tg\/?p=24596"},"wordCount":372,"commentCount":0,"image":{"@id":"https:\/\/macite.tg\/?p=24596#primaryimage"},"thumbnailUrl":"https:\/\/macite.tg\/wp-content\/uploads\/2025\/09\/image-17.png","articleSection":["ACTUALITE","SPORTS"],"inLanguage":"fr-FR","potentialAction":[{"@type":"CommentAction","name":"Comment","target":["https:\/\/macite.tg\/?p=24596#respond"]}]},{"@type":"WebPage","@id":"https:\/\/macite.tg\/?p=24596","url":"https:\/\/macite.tg\/?p=24596","name":"MONDIAUX D\u2019ATHLETISME A TOKYO 2025 : L\u2019heure de gr\u00e2ce pour la d\u00e9l\u00e9gation ivoirienne\u00a0? -","isPartOf":{"@id":"https:\/\/macite.tg\/#website"},"primaryImageOfPage":{"@id":"https:\/\/macite.tg\/?p=24596#primaryimage"},"image":{"@id":"https:\/\/macite.tg\/?p=24596#primaryimage"},"thumbnailUrl":"https:\/\/macite.tg\/wp-content\/uploads\/2025\/09\/image-17.png","datePublished":"2025-09-11T11:47:40+00:00","dateModified":"2025-09-11T11:47:44+00:00","author":{"@id":"https:\/\/macite.tg\/#\/schema\/person\/e9f2de7e5dbbe7770a9402c7ce82f5c2"},"breadcrumb":{"@id":"https:\/\/macite.tg\/?p=24596#breadcrumb"},"inLanguage":"fr-FR","potentialAction":[{"@type":"ReadAction","target":["https:\/\/macite.tg\/?p=24596"]}]},{"@type":"ImageObject","inLanguage":"fr-FR","@id":"https:\/\/macite.tg\/?p=24596#primaryimage","url":"https:\/\/macite.tg\/wp-content\/uploads\/2025\/09\/image-17.png","contentUrl":"https:\/\/macite.tg\/wp-content\/uploads\/2025\/09\/image-17.png","width":534,"height":340,"caption":"L'infatigable Marie-Jos\u00e9e Ta Lou-Smith, porte-flambeau de la d\u00e9l\u00e9gation ivoirienne"},{"@type":"BreadcrumbList","@id":"https:\/\/macite.tg\/?p=24596#breadcrumb","itemListElement":[{"@type":"ListItem","position":1,"name":"Accueil","item":"https:\/\/macite.tg\/"},{"@type":"ListItem","position":2,"name":"MONDIAUX D\u2019ATHLETISME A TOKYO 2025 : L\u2019heure de gr\u00e2ce pour la d\u00e9l\u00e9gation ivoirienne\u00a0?"}]},{"@type":"WebSite","@id":"https:\/\/macite.tg\/#website","url":"https:\/\/macite.tg\/","name":"","description":"L&#039;information, la bonne!!!","potentialAction":[{"@type":"SearchAction","target":{"@type":"EntryPoint","urlTemplate":"https:\/\/macite.tg\/?s={search_term_string}"},"query-input":{"@type":"PropertyValueSpecification","valueRequired":true,"valueName":"search_term_string"}}],"inLanguage":"fr-FR"},{"@type":"Person","@id":"https:\/\/macite.tg\/#\/schema\/person\/e9f2de7e5dbbe7770a9402c7ce82f5c2","name":"Jean Pierre BAWELA","image":{"@type":"ImageObject","inLanguage":"fr-FR","@id":"https:\/\/macite.tg\/wp-content\/uploads\/2023\/09\/WhatsApp-Image-2023-09-19-at-14.44.41-122x122.jpeg","url":"https:\/\/macite.tg\/wp-content\/uploads\/2023\/09\/WhatsApp-Image-2023-09-19-at-14.44.41-122x122.jpeg","contentUrl":"https:\/\/macite.tg\/wp-content\/uploads\/2023\/09\/WhatsApp-Image-2023-09-19-at-14.44.41-122x122.jpeg","caption":"Jean Pierre BAWELA"},"url":"https:\/\/macite.tg\/?author=2"}]}},"_links":{"self":[{"href":"https:\/\/macite.tg\/index.php?rest_route=\/wp\/v2\/posts\/24596","targetHints":{"allow":["GET"]}}],"collection":[{"href":"https:\/\/macite.tg\/index.php?rest_route=\/wp\/v2\/posts"}],"about":[{"href":"https:\/\/macite.tg\/index.php?rest_route=\/wp\/v2\/types\/post"}],"author":[{"embeddable":true,"href":"https:\/\/macite.tg\/index.php?rest_route=\/wp\/v2\/users\/2"}],"replies":[{"embeddable":true,"href":"https:\/\/macite.tg\/index.php?rest_route=%2Fwp%2Fv2%2Fcomments&post=24596"}],"version-history":[{"count":0,"href":"https:\/\/macite.tg\/index.php?rest_route=\/wp\/v2\/posts\/24596\/revisions"}],"wp:featuredmedia":[{"embeddable":true,"href":"https:\/\/macite.tg\/index.php?rest_route=\/wp\/v2\/media\/24599"}],"wp:attachment":[{"href":"https:\/\/macite.tg\/index.php?rest_route=%2Fwp%2Fv2%2Fmedia&parent=24596"}],"wp:term":[{"taxonomy":"category","embeddable":true,"href":"https:\/\/macite.tg\/index.php?rest_route=%2Fwp%2Fv2%2Fcategories&post=24596"},{"taxonomy":"post_tag","embeddable":true,"href":"https:\/\/macite.tg\/index.php?rest_route=%2Fwp%2Fv2%2Ftags&post=24596"}],"curies":[{"name":"wp","href":"https:\/\/api.w.org\/{rel}","templated":true}]}}