{"id":24588,"date":"2025-09-11T10:50:11","date_gmt":"2025-09-11T10:50:11","guid":{"rendered":"https:\/\/macite.tg\/?p=24588"},"modified":"2025-09-11T10:50:14","modified_gmt":"2025-09-11T10:50:14","slug":"france-decouverte-macabre-devant-des-mosquees-le-parquet-de-paris-saisi","status":"publish","type":"post","link":"https:\/\/macite.tg\/?p=24588","title":{"rendered":"FRANCE\u00a0: D\u00e9couverte macabre devant des mosqu\u00e9es\u2026 le parquet de Paris saisi"},"content":{"rendered":"\n<p class=\"wp-block-paragraph\"><strong><em>Le parquet de Paris a annonc\u00e9, hier mercredi, que les neuf t\u00eates de cochons d\u00e9couvertes devant des mosqu\u00e9es de la r\u00e9gion, la veille, avaient \u00e9t\u00e9 d\u00e9pos\u00e9es par des \u00e9trangers. Ces derniers auraient ensuite quitt\u00e9 le territoire fran\u00e7ais. Les d\u00e9couvertes macabres ont \u00e9t\u00e9 initialement de cinq, dont une t\u00eate portant l&rsquo;inscription \u00ab MACRON \u00bb en peinture bleue.&nbsp;<\/em><\/strong><\/p>\n\n\n\n<p class=\"wp-block-paragraph\">Cit\u00e9 par l&rsquo;<a href=\"https:\/\/www.france24.com\/fr\/info-en-continu\/20250910-mosqu%C3%A9es-les-t%C3%AAtes-de-cochon-d%C3%A9pos%C3%A9es-par-des-%C3%A9trangers-ayant-quitt%C3%A9-le-territoire\" target=\"_blank\" rel=\"noreferrer noopener\">AFP<\/a>, le parquet a confirm\u00e9 une information de BFM TV, selon laquelle un agriculteur normand a signal\u00e9 \u00e0 la police que deux individus lui avaient achet\u00e9 une dizaine de t\u00eates de cochon. Leur v\u00e9hicule serait immatricul\u00e9 en Serbie, ce qui fait planer le doute sur une \u00e9ventuelle ing\u00e9rence \u00e9trang\u00e8re.<\/p>\n\n\n<div class=\"wp-block-image\">\n<figure class=\"aligncenter size-full\"><img loading=\"lazy\" decoding=\"async\" width=\"851\" height=\"315\" src=\"https:\/\/macite.tg\/wp-content\/uploads\/2025\/09\/OTR_Ferer-pour-batir-1.jpg\" alt=\"\" class=\"wp-image-24441\" srcset=\"https:\/\/macite.tg\/wp-content\/uploads\/2025\/09\/OTR_Ferer-pour-batir-1.jpg 851w, https:\/\/macite.tg\/wp-content\/uploads\/2025\/09\/OTR_Ferer-pour-batir-1-300x111.jpg 300w, https:\/\/macite.tg\/wp-content\/uploads\/2025\/09\/OTR_Ferer-pour-batir-1-768x284.jpg 768w\" sizes=\"auto, (max-width: 851px) 100vw, 851px\" \/><\/figure>\n<\/div>\n\n\n<p class=\"wp-block-paragraph\">Le minist\u00e8re public fait savoir que le m\u00eame v\u00e9hicule a \u00e9t\u00e9 identifi\u00e9 \u00e0 Paris, dans la nuit de lundi \u00e0 mardi, gr\u00e2ce aux recherches de vid\u00e9oprotection. Les images ont montr\u00e9 deux personnes d\u00e9poser les t\u00eates devant certaines mosqu\u00e9es.<\/p>\n\n\n\n<p class=\"wp-block-paragraph\">Selon la m\u00eame source, les mis en cause auraient par ailleurs utilis\u00e9 une ligne t\u00e9l\u00e9phonique croate, localis\u00e9e au niveau la fronti\u00e8re franco-belge, mardi matin, soit apr\u00e8s les faits.<\/p>\n\n\n\n<p class=\"wp-block-paragraph\">Le parquet souligne \u00e9galement que les investigations se poursuivaient pour <em>\u00ab violences volontaires sans incapacit\u00e9 \u00e0 raison de l&rsquo;appartenance ou de la non-appartenance, vraie ou suppos\u00e9e, de la victime \u00e0 une religion d\u00e9termin\u00e9e commis dans le but de servir les int\u00e9r\u00eats d&rsquo;une puissance \u00e9trang\u00e8re ou d&rsquo;une entreprise ou d&rsquo;une organisation \u00e9trang\u00e8re ou sous contr\u00f4le \u00e9tranger. Un d\u00e9lit qui fait encourir six ans d&#8217;emprisonnement \u00bb.<\/em><\/p>\n\n\n<div class=\"wp-block-image\">\n<figure class=\"aligncenter size-large is-resized\"><img loading=\"lazy\" decoding=\"async\" width=\"1024\" height=\"1024\" src=\"https:\/\/macite.tg\/wp-content\/uploads\/2025\/09\/a85f0ce4-ba89-497d-a417-b4838d5a0d21-1024x1024.jpg\" alt=\"\" class=\"wp-image-24454\" style=\"width:554px;height:auto\" srcset=\"https:\/\/macite.tg\/wp-content\/uploads\/2025\/09\/a85f0ce4-ba89-497d-a417-b4838d5a0d21-1024x1024.jpg 1024w, https:\/\/macite.tg\/wp-content\/uploads\/2025\/09\/a85f0ce4-ba89-497d-a417-b4838d5a0d21-300x300.jpg 300w, https:\/\/macite.tg\/wp-content\/uploads\/2025\/09\/a85f0ce4-ba89-497d-a417-b4838d5a0d21-150x150.jpg 150w, https:\/\/macite.tg\/wp-content\/uploads\/2025\/09\/a85f0ce4-ba89-497d-a417-b4838d5a0d21-768x768.jpg 768w, https:\/\/macite.tg\/wp-content\/uploads\/2025\/09\/a85f0ce4-ba89-497d-a417-b4838d5a0d21-122x122.jpg 122w, https:\/\/macite.tg\/wp-content\/uploads\/2025\/09\/a85f0ce4-ba89-497d-a417-b4838d5a0d21.jpg 1080w\" sizes=\"auto, (max-width: 1024px) 100vw, 1024px\" \/><\/figure>\n<\/div>\n\n\n<p class=\"wp-block-paragraph\">Les investigations portent \u00e9galement sur des faits de <em>\u00ab provocation publique \u00e0 la haine ou \u00e0 la violence en raison de la religion \u00bb.<\/em><\/p>\n\n\n\n<p class=\"wp-block-paragraph\"><strong>MSN<\/strong><\/p>\n\n\n\n<p class=\"wp-block-paragraph\"><a><strong><em>@macite.tg&nbsp;&nbsp;&nbsp;&nbsp;&nbsp;&nbsp;&nbsp;&nbsp;<\/em><\/strong><\/a><\/p>\n\n\n\n<p class=\"wp-block-paragraph\"><strong><em>E-mail&nbsp;: <\/em><\/strong><a href=\"mailto:maciteinfo@gmail.com\"><strong><em>maciteinfo@gmail.com<\/em><\/strong><\/a><strong><em>; <\/em><\/strong><a href=\"mailto:bawela1@gmail.com\"><strong><em>bawela1@gmail.com<\/em><\/strong><\/a><strong><em><\/em><\/strong><\/p>\n\n\n\n<p class=\"wp-block-paragraph\"><strong><em>Pour vos annonces, (publi)reportages, etc., joignez-nous au (00228)91515309\/<strong>79872224 <\/strong><strong><\/strong><\/em><\/strong><\/p>\n\n\n\n<p class=\"wp-block-paragraph\"><strong><em>www.macite.tg, L\u2019information, la bonne&nbsp;!<\/em><\/strong><\/p>\n\n\n\n<p class=\"wp-block-paragraph\"><\/p>\n","protected":false},"excerpt":{"rendered":"<p class=\"text-justify mb-2\" >Le parquet de Paris a annonc\u00e9, hier mercredi, que les neuf t\u00eates de cochons d\u00e9couvertes devant des mosqu\u00e9es de la r\u00e9gion, la veille, avaient \u00e9t\u00e9 d\u00e9pos\u00e9es par des \u00e9trangers. Ces derniers auraient ensuite quitt\u00e9 le territoire fran\u00e7ais. Les d\u00e9couvertes macabres ont \u00e9t\u00e9 initialement de cinq, [&hellip;]<\/p>\n","protected":false},"author":2,"featured_media":24590,"comment_status":"open","ping_status":"open","sticky":false,"template":"","format":"standard","meta":{"footnotes":""},"categories":[20,40],"tags":[],"class_list":["post-24588","post","type-post","status-publish","format-standard","has-post-thumbnail","hentry","category-actualite","category-religion"],"yoast_head":"<!-- This site is optimized with the Yoast SEO plugin v28.4 - https:\/\/yoast.com\/product\/yoast-seo-wordpress\/ -->\n<title>FRANCE\u00a0: D\u00e9couverte macabre devant des mosqu\u00e9es\u2026 le parquet de Paris saisi -<\/title>\n<meta name=\"robots\" content=\"index, follow, max-snippet:-1, max-image-preview:large, max-video-preview:-1\" \/>\n<link rel=\"canonical\" href=\"https:\/\/macite.tg\/?p=24588\" \/>\n<meta property=\"og:locale\" content=\"fr_FR\" \/>\n<meta property=\"og:type\" content=\"article\" \/>\n<meta property=\"og:title\" content=\"FRANCE\u00a0: D\u00e9couverte macabre devant des mosqu\u00e9es\u2026 le parquet de Paris saisi -\" \/>\n<meta property=\"og:description\" content=\"Le parquet de Paris a annonc\u00e9, hier mercredi, que les neuf t\u00eates de cochons d\u00e9couvertes devant des mosqu\u00e9es de la r\u00e9gion, la veille, avaient \u00e9t\u00e9 d\u00e9pos\u00e9es par des \u00e9trangers. Ces derniers auraient ensuite quitt\u00e9 le territoire fran\u00e7ais. Les d\u00e9couvertes macabres ont \u00e9t\u00e9 initialement de cinq, [&hellip;]\" \/>\n<meta property=\"og:url\" content=\"https:\/\/macite.tg\/?p=24588\" \/>\n<meta property=\"article:published_time\" content=\"2025-09-11T10:50:11+00:00\" \/>\n<meta property=\"article:modified_time\" content=\"2025-09-11T10:50:14+00:00\" \/>\n<meta property=\"og:image\" content=\"https:\/\/macite.tg\/wp-content\/uploads\/2025\/09\/image-15.png\" \/>\n\t<meta property=\"og:image:width\" content=\"534\" \/>\n\t<meta property=\"og:image:height\" content=\"300\" \/>\n\t<meta property=\"og:image:type\" content=\"image\/png\" \/>\n<meta name=\"author\" content=\"Jean Pierre BAWELA\" \/>\n<meta name=\"twitter:card\" content=\"summary_large_image\" \/>\n<meta name=\"twitter:label1\" content=\"\u00c9crit par\" \/>\n\t<meta name=\"twitter:data1\" content=\"Jean Pierre BAWELA\" \/>\n\t<meta name=\"twitter:label2\" content=\"Dur\u00e9e de lecture estim\u00e9e\" \/>\n\t<meta name=\"twitter:data2\" content=\"3 minutes\" \/>\n<script type=\"application\/ld+json\" class=\"yoast-schema-graph\">{\"@context\":\"https:\\\/\\\/schema.org\",\"@graph\":[{\"@type\":\"Article\",\"@id\":\"https:\\\/\\\/macite.tg\\\/?p=24588#article\",\"isPartOf\":{\"@id\":\"https:\\\/\\\/macite.tg\\\/?p=24588\"},\"author\":{\"name\":\"Jean Pierre BAWELA\",\"@id\":\"https:\\\/\\\/macite.tg\\\/#\\\/schema\\\/person\\\/e9f2de7e5dbbe7770a9402c7ce82f5c2\"},\"headline\":\"FRANCE\u00a0: D\u00e9couverte macabre devant des mosqu\u00e9es\u2026 le parquet de Paris saisi\",\"datePublished\":\"2025-09-11T10:50:11+00:00\",\"dateModified\":\"2025-09-11T10:50:14+00:00\",\"mainEntityOfPage\":{\"@id\":\"https:\\\/\\\/macite.tg\\\/?p=24588\"},\"wordCount\":340,\"commentCount\":0,\"image\":{\"@id\":\"https:\\\/\\\/macite.tg\\\/?p=24588#primaryimage\"},\"thumbnailUrl\":\"https:\\\/\\\/macite.tg\\\/wp-content\\\/uploads\\\/2025\\\/09\\\/image-15.png\",\"articleSection\":[\"ACTUALITE\",\"RELIGION\"],\"inLanguage\":\"fr-FR\",\"potentialAction\":[{\"@type\":\"CommentAction\",\"name\":\"Comment\",\"target\":[\"https:\\\/\\\/macite.tg\\\/?p=24588#respond\"]}]},{\"@type\":\"WebPage\",\"@id\":\"https:\\\/\\\/macite.tg\\\/?p=24588\",\"url\":\"https:\\\/\\\/macite.tg\\\/?p=24588\",\"name\":\"FRANCE\u00a0: D\u00e9couverte macabre devant des mosqu\u00e9es\u2026 le parquet de Paris saisi -\",\"isPartOf\":{\"@id\":\"https:\\\/\\\/macite.tg\\\/#website\"},\"primaryImageOfPage\":{\"@id\":\"https:\\\/\\\/macite.tg\\\/?p=24588#primaryimage\"},\"image\":{\"@id\":\"https:\\\/\\\/macite.tg\\\/?p=24588#primaryimage\"},\"thumbnailUrl\":\"https:\\\/\\\/macite.tg\\\/wp-content\\\/uploads\\\/2025\\\/09\\\/image-15.png\",\"datePublished\":\"2025-09-11T10:50:11+00:00\",\"dateModified\":\"2025-09-11T10:50:14+00:00\",\"author\":{\"@id\":\"https:\\\/\\\/macite.tg\\\/#\\\/schema\\\/person\\\/e9f2de7e5dbbe7770a9402c7ce82f5c2\"},\"breadcrumb\":{\"@id\":\"https:\\\/\\\/macite.tg\\\/?p=24588#breadcrumb\"},\"inLanguage\":\"fr-FR\",\"potentialAction\":[{\"@type\":\"ReadAction\",\"target\":[\"https:\\\/\\\/macite.tg\\\/?p=24588\"]}]},{\"@type\":\"ImageObject\",\"inLanguage\":\"fr-FR\",\"@id\":\"https:\\\/\\\/macite.tg\\\/?p=24588#primaryimage\",\"url\":\"https:\\\/\\\/macite.tg\\\/wp-content\\\/uploads\\\/2025\\\/09\\\/image-15.png\",\"contentUrl\":\"https:\\\/\\\/macite.tg\\\/wp-content\\\/uploads\\\/2025\\\/09\\\/image-15.png\",\"width\":534,\"height\":300,\"caption\":\"Une des des mosqu\u00e9es dnas la r\u00e9gion parisienne.\"},{\"@type\":\"BreadcrumbList\",\"@id\":\"https:\\\/\\\/macite.tg\\\/?p=24588#breadcrumb\",\"itemListElement\":[{\"@type\":\"ListItem\",\"position\":1,\"name\":\"Accueil\",\"item\":\"https:\\\/\\\/macite.tg\\\/\"},{\"@type\":\"ListItem\",\"position\":2,\"name\":\"FRANCE\u00a0: D\u00e9couverte macabre devant des mosqu\u00e9es\u2026 le parquet de Paris saisi\"}]},{\"@type\":\"WebSite\",\"@id\":\"https:\\\/\\\/macite.tg\\\/#website\",\"url\":\"https:\\\/\\\/macite.tg\\\/\",\"name\":\"\",\"description\":\"L&#039;information, la bonne!!!\",\"potentialAction\":[{\"@type\":\"SearchAction\",\"target\":{\"@type\":\"EntryPoint\",\"urlTemplate\":\"https:\\\/\\\/macite.tg\\\/?s={search_term_string}\"},\"query-input\":{\"@type\":\"PropertyValueSpecification\",\"valueRequired\":true,\"valueName\":\"search_term_string\"}}],\"inLanguage\":\"fr-FR\"},{\"@type\":\"Person\",\"@id\":\"https:\\\/\\\/macite.tg\\\/#\\\/schema\\\/person\\\/e9f2de7e5dbbe7770a9402c7ce82f5c2\",\"name\":\"Jean Pierre BAWELA\",\"image\":{\"@type\":\"ImageObject\",\"inLanguage\":\"fr-FR\",\"@id\":\"https:\\\/\\\/macite.tg\\\/wp-content\\\/uploads\\\/2023\\\/09\\\/WhatsApp-Image-2023-09-19-at-14.44.41-122x122.jpeg\",\"url\":\"https:\\\/\\\/macite.tg\\\/wp-content\\\/uploads\\\/2023\\\/09\\\/WhatsApp-Image-2023-09-19-at-14.44.41-122x122.jpeg\",\"contentUrl\":\"https:\\\/\\\/macite.tg\\\/wp-content\\\/uploads\\\/2023\\\/09\\\/WhatsApp-Image-2023-09-19-at-14.44.41-122x122.jpeg\",\"caption\":\"Jean Pierre BAWELA\"},\"url\":\"https:\\\/\\\/macite.tg\\\/?author=2\"}]}<\/script>\n<!-- \/ Yoast SEO plugin. -->","yoast_head_json":{"title":"FRANCE\u00a0: D\u00e9couverte macabre devant des mosqu\u00e9es\u2026 le parquet de Paris saisi -","robots":{"index":"index","follow":"follow","max-snippet":"max-snippet:-1","max-image-preview":"max-image-preview:large","max-video-preview":"max-video-preview:-1"},"canonical":"https:\/\/macite.tg\/?p=24588","og_locale":"fr_FR","og_type":"article","og_title":"FRANCE\u00a0: D\u00e9couverte macabre devant des mosqu\u00e9es\u2026 le parquet de Paris saisi -","og_description":"Le parquet de Paris a annonc\u00e9, hier mercredi, que les neuf t\u00eates de cochons d\u00e9couvertes devant des mosqu\u00e9es de la r\u00e9gion, la veille, avaient \u00e9t\u00e9 d\u00e9pos\u00e9es par des \u00e9trangers. Ces derniers auraient ensuite quitt\u00e9 le territoire fran\u00e7ais. Les d\u00e9couvertes macabres ont \u00e9t\u00e9 initialement de cinq, [&hellip;]","og_url":"https:\/\/macite.tg\/?p=24588","article_published_time":"2025-09-11T10:50:11+00:00","article_modified_time":"2025-09-11T10:50:14+00:00","og_image":[{"width":534,"height":300,"url":"https:\/\/macite.tg\/wp-content\/uploads\/2025\/09\/image-15.png","type":"image\/png"}],"author":"Jean Pierre BAWELA","twitter_card":"summary_large_image","twitter_misc":{"\u00c9crit par":"Jean Pierre BAWELA","Dur\u00e9e de lecture estim\u00e9e":"3 minutes"},"schema":{"@context":"https:\/\/schema.org","@graph":[{"@type":"Article","@id":"https:\/\/macite.tg\/?p=24588#article","isPartOf":{"@id":"https:\/\/macite.tg\/?p=24588"},"author":{"name":"Jean Pierre BAWELA","@id":"https:\/\/macite.tg\/#\/schema\/person\/e9f2de7e5dbbe7770a9402c7ce82f5c2"},"headline":"FRANCE\u00a0: D\u00e9couverte macabre devant des mosqu\u00e9es\u2026 le parquet de Paris saisi","datePublished":"2025-09-11T10:50:11+00:00","dateModified":"2025-09-11T10:50:14+00:00","mainEntityOfPage":{"@id":"https:\/\/macite.tg\/?p=24588"},"wordCount":340,"commentCount":0,"image":{"@id":"https:\/\/macite.tg\/?p=24588#primaryimage"},"thumbnailUrl":"https:\/\/macite.tg\/wp-content\/uploads\/2025\/09\/image-15.png","articleSection":["ACTUALITE","RELIGION"],"inLanguage":"fr-FR","potentialAction":[{"@type":"CommentAction","name":"Comment","target":["https:\/\/macite.tg\/?p=24588#respond"]}]},{"@type":"WebPage","@id":"https:\/\/macite.tg\/?p=24588","url":"https:\/\/macite.tg\/?p=24588","name":"FRANCE\u00a0: D\u00e9couverte macabre devant des mosqu\u00e9es\u2026 le parquet de Paris saisi -","isPartOf":{"@id":"https:\/\/macite.tg\/#website"},"primaryImageOfPage":{"@id":"https:\/\/macite.tg\/?p=24588#primaryimage"},"image":{"@id":"https:\/\/macite.tg\/?p=24588#primaryimage"},"thumbnailUrl":"https:\/\/macite.tg\/wp-content\/uploads\/2025\/09\/image-15.png","datePublished":"2025-09-11T10:50:11+00:00","dateModified":"2025-09-11T10:50:14+00:00","author":{"@id":"https:\/\/macite.tg\/#\/schema\/person\/e9f2de7e5dbbe7770a9402c7ce82f5c2"},"breadcrumb":{"@id":"https:\/\/macite.tg\/?p=24588#breadcrumb"},"inLanguage":"fr-FR","potentialAction":[{"@type":"ReadAction","target":["https:\/\/macite.tg\/?p=24588"]}]},{"@type":"ImageObject","inLanguage":"fr-FR","@id":"https:\/\/macite.tg\/?p=24588#primaryimage","url":"https:\/\/macite.tg\/wp-content\/uploads\/2025\/09\/image-15.png","contentUrl":"https:\/\/macite.tg\/wp-content\/uploads\/2025\/09\/image-15.png","width":534,"height":300,"caption":"Une des des mosqu\u00e9es dnas la r\u00e9gion parisienne."},{"@type":"BreadcrumbList","@id":"https:\/\/macite.tg\/?p=24588#breadcrumb","itemListElement":[{"@type":"ListItem","position":1,"name":"Accueil","item":"https:\/\/macite.tg\/"},{"@type":"ListItem","position":2,"name":"FRANCE\u00a0: D\u00e9couverte macabre devant des mosqu\u00e9es\u2026 le parquet de Paris saisi"}]},{"@type":"WebSite","@id":"https:\/\/macite.tg\/#website","url":"https:\/\/macite.tg\/","name":"","description":"L&#039;information, la bonne!!!","potentialAction":[{"@type":"SearchAction","target":{"@type":"EntryPoint","urlTemplate":"https:\/\/macite.tg\/?s={search_term_string}"},"query-input":{"@type":"PropertyValueSpecification","valueRequired":true,"valueName":"search_term_string"}}],"inLanguage":"fr-FR"},{"@type":"Person","@id":"https:\/\/macite.tg\/#\/schema\/person\/e9f2de7e5dbbe7770a9402c7ce82f5c2","name":"Jean Pierre BAWELA","image":{"@type":"ImageObject","inLanguage":"fr-FR","@id":"https:\/\/macite.tg\/wp-content\/uploads\/2023\/09\/WhatsApp-Image-2023-09-19-at-14.44.41-122x122.jpeg","url":"https:\/\/macite.tg\/wp-content\/uploads\/2023\/09\/WhatsApp-Image-2023-09-19-at-14.44.41-122x122.jpeg","contentUrl":"https:\/\/macite.tg\/wp-content\/uploads\/2023\/09\/WhatsApp-Image-2023-09-19-at-14.44.41-122x122.jpeg","caption":"Jean Pierre BAWELA"},"url":"https:\/\/macite.tg\/?author=2"}]}},"_links":{"self":[{"href":"https:\/\/macite.tg\/index.php?rest_route=\/wp\/v2\/posts\/24588","targetHints":{"allow":["GET"]}}],"collection":[{"href":"https:\/\/macite.tg\/index.php?rest_route=\/wp\/v2\/posts"}],"about":[{"href":"https:\/\/macite.tg\/index.php?rest_route=\/wp\/v2\/types\/post"}],"author":[{"embeddable":true,"href":"https:\/\/macite.tg\/index.php?rest_route=\/wp\/v2\/users\/2"}],"replies":[{"embeddable":true,"href":"https:\/\/macite.tg\/index.php?rest_route=%2Fwp%2Fv2%2Fcomments&post=24588"}],"version-history":[{"count":0,"href":"https:\/\/macite.tg\/index.php?rest_route=\/wp\/v2\/posts\/24588\/revisions"}],"wp:featuredmedia":[{"embeddable":true,"href":"https:\/\/macite.tg\/index.php?rest_route=\/wp\/v2\/media\/24590"}],"wp:attachment":[{"href":"https:\/\/macite.tg\/index.php?rest_route=%2Fwp%2Fv2%2Fmedia&parent=24588"}],"wp:term":[{"taxonomy":"category","embeddable":true,"href":"https:\/\/macite.tg\/index.php?rest_route=%2Fwp%2Fv2%2Fcategories&post=24588"},{"taxonomy":"post_tag","embeddable":true,"href":"https:\/\/macite.tg\/index.php?rest_route=%2Fwp%2Fv2%2Ftags&post=24588"}],"curies":[{"name":"wp","href":"https:\/\/api.w.org\/{rel}","templated":true}]}}