{"id":24585,"date":"2025-09-10T18:53:58","date_gmt":"2025-09-10T18:53:58","guid":{"rendered":"https:\/\/macite.tg\/?p=24585"},"modified":"2025-09-10T18:54:04","modified_gmt":"2025-09-10T18:54:04","slug":"burkina-promotion-de-lentrepreneuriat-des-jeunes-des-cheques-remis-a-de-jeunes-entrepreneurs","status":"publish","type":"post","link":"https:\/\/macite.tg\/?p=24585","title":{"rendered":"BURKINA \/ PROMOTION DE L&rsquo;ENTREPRENEURIAT DES JEUNES\u00a0: Des ch\u00e8ques remis \u00e0 de jeunes entrepreneurs"},"content":{"rendered":"\n<p class=\"wp-block-paragraph\"><strong><em>Le minist\u00e8re en charge de l&rsquo;Emploi \u00e0 travers la direction g\u00e9n\u00e9rale de l&rsquo;autonomisation des jeunes et de l&rsquo;\u00e9ducation permanente (DGAJEP) a remis mardi, \u00e0 Ouagadougou, des ch\u00e8ques d&rsquo;une valeur d&rsquo;environ 22 millions FCFA aux b\u00e9n\u00e9ficiaires du programme de promotion de l&rsquo;entrepreneuriat des jeunes, financ\u00e9 par la conf\u00e9rence des ministres de la Jeunesse et des Sports de la Francophonie (CONFEJES).<\/em><\/strong><em><\/em><\/p>\n\n\n\n<p class=\"wp-block-paragraph\">Le montant total des ch\u00e8ques remis s&rsquo;\u00e9l\u00e8ve \u00e0 21.917.500 FCFA, dont 17.100.000 FCFA destin\u00e9s aux 10 b\u00e9n\u00e9ficiaires de l&rsquo;\u00e9dition 2025 et 4.817.500 FCFA accord\u00e9s, \u00e0 titre incitatif, aux 10 b\u00e9n\u00e9ficiaires de l&rsquo;\u00e9dition 2024.<\/p>\n\n\n\n<p class=\"wp-block-paragraph\">Selon la repr\u00e9sentante des b\u00e9n\u00e9ficiaires, Essita Ouali les ch\u00e8ques re\u00e7us constituent un point de d\u00e9part pour b\u00e2tir des entreprises viables, cr\u00e9er des emplois durables et inspirer d&rsquo;autres jeunes.<\/p>\n\n\n<div class=\"wp-block-image\">\n<figure class=\"aligncenter size-full is-resized\"><img loading=\"lazy\" decoding=\"async\" width=\"690\" height=\"170\" src=\"https:\/\/macite.tg\/wp-content\/uploads\/2025\/09\/OTR_TVM.jpg\" alt=\"\" class=\"wp-image-24458\" style=\"width:840px;height:auto\" srcset=\"https:\/\/macite.tg\/wp-content\/uploads\/2025\/09\/OTR_TVM.jpg 690w, https:\/\/macite.tg\/wp-content\/uploads\/2025\/09\/OTR_TVM-300x74.jpg 300w\" sizes=\"auto, (max-width: 690px) 100vw, 690px\" \/><\/figure>\n<\/div>\n\n\n<p class=\"wp-block-paragraph\">Elle a \u00e9galement lanc\u00e9 un appel \u00e0 la poursuite et au renforcement du programme, garant d&rsquo;un avenir meilleur pour la jeunesse et pour toute la nation.<\/p>\n\n\n\n<p class=\"wp-block-paragraph\">La Secr\u00e9taire g\u00e9n\u00e9rale du minist\u00e8re des Sports, de la Jeunesse et de l&rsquo;Emploi, Collette Ou\u00e9draogo, a salu\u00e9 le s\u00e9rieux du coordonnateur national du PPEJ, qui a permis la s\u00e9lection des 10 meilleurs projets de jeunes burkinab\u00e8.<\/p>\n\n\n\n<p class=\"wp-block-paragraph\">Elle a f\u00e9licit\u00e9 les b\u00e9n\u00e9ficiaires en leur rappelant que les financements doivent \u00eatre investis de mani\u00e8re responsable, avec un suivi et une \u00e9valuation.<\/p>\n\n\n<div class=\"wp-block-image\">\n<figure class=\"aligncenter size-large is-resized\"><img loading=\"lazy\" decoding=\"async\" width=\"1024\" height=\"1024\" src=\"https:\/\/macite.tg\/wp-content\/uploads\/2025\/09\/a85f0ce4-ba89-497d-a417-b4838d5a0d21-1024x1024.jpg\" alt=\"\" class=\"wp-image-24454\" style=\"width:498px;height:auto\" srcset=\"https:\/\/macite.tg\/wp-content\/uploads\/2025\/09\/a85f0ce4-ba89-497d-a417-b4838d5a0d21-1024x1024.jpg 1024w, https:\/\/macite.tg\/wp-content\/uploads\/2025\/09\/a85f0ce4-ba89-497d-a417-b4838d5a0d21-300x300.jpg 300w, https:\/\/macite.tg\/wp-content\/uploads\/2025\/09\/a85f0ce4-ba89-497d-a417-b4838d5a0d21-150x150.jpg 150w, https:\/\/macite.tg\/wp-content\/uploads\/2025\/09\/a85f0ce4-ba89-497d-a417-b4838d5a0d21-768x768.jpg 768w, https:\/\/macite.tg\/wp-content\/uploads\/2025\/09\/a85f0ce4-ba89-497d-a417-b4838d5a0d21-122x122.jpg 122w, https:\/\/macite.tg\/wp-content\/uploads\/2025\/09\/a85f0ce4-ba89-497d-a417-b4838d5a0d21.jpg 1080w\" sizes=\"auto, (max-width: 1024px) 100vw, 1024px\" \/><\/figure>\n<\/div>\n\n\n<p class=\"wp-block-paragraph\">Cr\u00e9\u00e9 en 1994, le programme de promotion de l&rsquo;entrepreneuriat des jeunes PPEJ a pour objectif principal de soutenir les jeunes porteurs de projets promoteurs en facilitant leur autonomisation \u00e9conomique \u00e0 travers la cr\u00e9ation de micro-unit\u00e9s de production.<\/p>\n\n\n\n<p class=\"wp-block-paragraph\"><strong>BAK\/bbp<\/strong><\/p>\n\n\n\n<p class=\"wp-block-paragraph\"><a><strong><em>@macite.tg&nbsp;&nbsp;&nbsp;&nbsp;&nbsp;&nbsp;&nbsp;&nbsp;<\/em><\/strong><\/a><\/p>\n\n\n\n<p class=\"wp-block-paragraph\"><strong><em>E-mail&nbsp;: <\/em><\/strong><a href=\"mailto:maciteinfo@gmail.com\"><strong><em>maciteinfo@gmail.com<\/em><\/strong><\/a><strong><em>; <\/em><\/strong><a href=\"mailto:bawela1@gmail.com\"><strong><em>bawela1@gmail.com<\/em><\/strong><\/a><strong><em> <\/em><\/strong><strong><em><\/em><\/strong><\/p>\n\n\n\n<p class=\"wp-block-paragraph\"><strong><em>Pour vos annonces, (publi)reportages, etc., joignez-nous au (00228)91515309\/<strong>79872224 <\/strong><strong><\/strong><\/em><\/strong><\/p>\n\n\n\n<p class=\"wp-block-paragraph\"><strong><em>www.macite.tg, L\u2019information, la bonne&nbsp;!<\/em><\/strong><\/p>\n\n\n\n<p class=\"wp-block-paragraph\"><\/p>\n","protected":false},"excerpt":{"rendered":"<p class=\"text-justify mb-2\" >Le minist\u00e8re en charge de l&rsquo;Emploi \u00e0 travers la direction g\u00e9n\u00e9rale de l&rsquo;autonomisation des jeunes et de l&rsquo;\u00e9ducation permanente (DGAJEP) a remis mardi, \u00e0 Ouagadougou, des ch\u00e8ques d&rsquo;une valeur d&rsquo;environ 22 millions FCFA aux b\u00e9n\u00e9ficiaires du programme de promotion de l&rsquo;entrepreneuriat des jeunes, financ\u00e9 par [&hellip;]<\/p>\n","protected":false},"author":2,"featured_media":24586,"comment_status":"open","ping_status":"open","sticky":false,"template":"","format":"standard","meta":{"footnotes":""},"categories":[20,25],"tags":[],"class_list":["post-24585","post","type-post","status-publish","format-standard","has-post-thumbnail","hentry","category-actualite","category-entrepreneuriat"],"yoast_head":"<!-- This site is optimized with the Yoast SEO plugin v28.4 - https:\/\/yoast.com\/product\/yoast-seo-wordpress\/ -->\n<title>BURKINA \/ PROMOTION DE L&#039;ENTREPRENEURIAT DES JEUNES\u00a0: Des ch\u00e8ques remis \u00e0 de jeunes entrepreneurs -<\/title>\n<meta name=\"robots\" content=\"index, follow, max-snippet:-1, max-image-preview:large, max-video-preview:-1\" \/>\n<link rel=\"canonical\" href=\"https:\/\/macite.tg\/?p=24585\" \/>\n<meta property=\"og:locale\" content=\"fr_FR\" \/>\n<meta property=\"og:type\" content=\"article\" \/>\n<meta property=\"og:title\" content=\"BURKINA \/ PROMOTION DE L&#039;ENTREPRENEURIAT DES JEUNES\u00a0: Des ch\u00e8ques remis \u00e0 de jeunes entrepreneurs -\" \/>\n<meta property=\"og:description\" content=\"Le minist\u00e8re en charge de l&rsquo;Emploi \u00e0 travers la direction g\u00e9n\u00e9rale de l&rsquo;autonomisation des jeunes et de l&rsquo;\u00e9ducation permanente (DGAJEP) a remis mardi, \u00e0 Ouagadougou, des ch\u00e8ques d&rsquo;une valeur d&rsquo;environ 22 millions FCFA aux b\u00e9n\u00e9ficiaires du programme de promotion de l&rsquo;entrepreneuriat des jeunes, financ\u00e9 par [&hellip;]\" \/>\n<meta property=\"og:url\" content=\"https:\/\/macite.tg\/?p=24585\" \/>\n<meta property=\"article:published_time\" content=\"2025-09-10T18:53:58+00:00\" \/>\n<meta property=\"article:modified_time\" content=\"2025-09-10T18:54:04+00:00\" \/>\n<meta property=\"og:image\" content=\"https:\/\/macite.tg\/wp-content\/uploads\/2025\/09\/image-14.png\" \/>\n\t<meta property=\"og:image:width\" content=\"534\" \/>\n\t<meta property=\"og:image:height\" content=\"356\" \/>\n\t<meta property=\"og:image:type\" content=\"image\/png\" \/>\n<meta name=\"author\" content=\"Jean Pierre BAWELA\" \/>\n<meta name=\"twitter:card\" content=\"summary_large_image\" \/>\n<meta name=\"twitter:label1\" content=\"\u00c9crit par\" \/>\n\t<meta name=\"twitter:data1\" content=\"Jean Pierre BAWELA\" \/>\n\t<meta name=\"twitter:label2\" content=\"Dur\u00e9e de lecture estim\u00e9e\" \/>\n\t<meta name=\"twitter:data2\" content=\"2 minutes\" \/>\n<script type=\"application\/ld+json\" class=\"yoast-schema-graph\">{\"@context\":\"https:\\\/\\\/schema.org\",\"@graph\":[{\"@type\":\"Article\",\"@id\":\"https:\\\/\\\/macite.tg\\\/?p=24585#article\",\"isPartOf\":{\"@id\":\"https:\\\/\\\/macite.tg\\\/?p=24585\"},\"author\":{\"name\":\"Jean Pierre BAWELA\",\"@id\":\"https:\\\/\\\/macite.tg\\\/#\\\/schema\\\/person\\\/e9f2de7e5dbbe7770a9402c7ce82f5c2\"},\"headline\":\"BURKINA \\\/ PROMOTION DE L&rsquo;ENTREPRENEURIAT DES JEUNES\u00a0: Des ch\u00e8ques remis \u00e0 de jeunes entrepreneurs\",\"datePublished\":\"2025-09-10T18:53:58+00:00\",\"dateModified\":\"2025-09-10T18:54:04+00:00\",\"mainEntityOfPage\":{\"@id\":\"https:\\\/\\\/macite.tg\\\/?p=24585\"},\"wordCount\":325,\"commentCount\":0,\"image\":{\"@id\":\"https:\\\/\\\/macite.tg\\\/?p=24585#primaryimage\"},\"thumbnailUrl\":\"https:\\\/\\\/macite.tg\\\/wp-content\\\/uploads\\\/2025\\\/09\\\/image-14.png\",\"articleSection\":[\"ACTUALITE\",\"ENTREPRENEURIAT\"],\"inLanguage\":\"fr-FR\",\"potentialAction\":[{\"@type\":\"CommentAction\",\"name\":\"Comment\",\"target\":[\"https:\\\/\\\/macite.tg\\\/?p=24585#respond\"]}]},{\"@type\":\"WebPage\",\"@id\":\"https:\\\/\\\/macite.tg\\\/?p=24585\",\"url\":\"https:\\\/\\\/macite.tg\\\/?p=24585\",\"name\":\"BURKINA \\\/ PROMOTION DE L'ENTREPRENEURIAT DES JEUNES\u00a0: Des ch\u00e8ques remis \u00e0 de jeunes entrepreneurs -\",\"isPartOf\":{\"@id\":\"https:\\\/\\\/macite.tg\\\/#website\"},\"primaryImageOfPage\":{\"@id\":\"https:\\\/\\\/macite.tg\\\/?p=24585#primaryimage\"},\"image\":{\"@id\":\"https:\\\/\\\/macite.tg\\\/?p=24585#primaryimage\"},\"thumbnailUrl\":\"https:\\\/\\\/macite.tg\\\/wp-content\\\/uploads\\\/2025\\\/09\\\/image-14.png\",\"datePublished\":\"2025-09-10T18:53:58+00:00\",\"dateModified\":\"2025-09-10T18:54:04+00:00\",\"author\":{\"@id\":\"https:\\\/\\\/macite.tg\\\/#\\\/schema\\\/person\\\/e9f2de7e5dbbe7770a9402c7ce82f5c2\"},\"breadcrumb\":{\"@id\":\"https:\\\/\\\/macite.tg\\\/?p=24585#breadcrumb\"},\"inLanguage\":\"fr-FR\",\"potentialAction\":[{\"@type\":\"ReadAction\",\"target\":[\"https:\\\/\\\/macite.tg\\\/?p=24585\"]}]},{\"@type\":\"ImageObject\",\"inLanguage\":\"fr-FR\",\"@id\":\"https:\\\/\\\/macite.tg\\\/?p=24585#primaryimage\",\"url\":\"https:\\\/\\\/macite.tg\\\/wp-content\\\/uploads\\\/2025\\\/09\\\/image-14.png\",\"contentUrl\":\"https:\\\/\\\/macite.tg\\\/wp-content\\\/uploads\\\/2025\\\/09\\\/image-14.png\",\"width\":534,\"height\":356,\"caption\":\"Un b\u00e9n\u00e9ficiaire recevant son ch\u00e8que\"},{\"@type\":\"BreadcrumbList\",\"@id\":\"https:\\\/\\\/macite.tg\\\/?p=24585#breadcrumb\",\"itemListElement\":[{\"@type\":\"ListItem\",\"position\":1,\"name\":\"Accueil\",\"item\":\"https:\\\/\\\/macite.tg\\\/\"},{\"@type\":\"ListItem\",\"position\":2,\"name\":\"BURKINA \\\/ PROMOTION DE L&rsquo;ENTREPRENEURIAT DES JEUNES\u00a0: Des ch\u00e8ques remis \u00e0 de jeunes entrepreneurs\"}]},{\"@type\":\"WebSite\",\"@id\":\"https:\\\/\\\/macite.tg\\\/#website\",\"url\":\"https:\\\/\\\/macite.tg\\\/\",\"name\":\"\",\"description\":\"L&#039;information, la bonne!!!\",\"potentialAction\":[{\"@type\":\"SearchAction\",\"target\":{\"@type\":\"EntryPoint\",\"urlTemplate\":\"https:\\\/\\\/macite.tg\\\/?s={search_term_string}\"},\"query-input\":{\"@type\":\"PropertyValueSpecification\",\"valueRequired\":true,\"valueName\":\"search_term_string\"}}],\"inLanguage\":\"fr-FR\"},{\"@type\":\"Person\",\"@id\":\"https:\\\/\\\/macite.tg\\\/#\\\/schema\\\/person\\\/e9f2de7e5dbbe7770a9402c7ce82f5c2\",\"name\":\"Jean Pierre BAWELA\",\"image\":{\"@type\":\"ImageObject\",\"inLanguage\":\"fr-FR\",\"@id\":\"https:\\\/\\\/macite.tg\\\/wp-content\\\/uploads\\\/2023\\\/09\\\/WhatsApp-Image-2023-09-19-at-14.44.41-122x122.jpeg\",\"url\":\"https:\\\/\\\/macite.tg\\\/wp-content\\\/uploads\\\/2023\\\/09\\\/WhatsApp-Image-2023-09-19-at-14.44.41-122x122.jpeg\",\"contentUrl\":\"https:\\\/\\\/macite.tg\\\/wp-content\\\/uploads\\\/2023\\\/09\\\/WhatsApp-Image-2023-09-19-at-14.44.41-122x122.jpeg\",\"caption\":\"Jean Pierre BAWELA\"},\"url\":\"https:\\\/\\\/macite.tg\\\/?author=2\"}]}<\/script>\n<!-- \/ Yoast SEO plugin. -->","yoast_head_json":{"title":"BURKINA \/ PROMOTION DE L'ENTREPRENEURIAT DES JEUNES\u00a0: Des ch\u00e8ques remis \u00e0 de jeunes entrepreneurs -","robots":{"index":"index","follow":"follow","max-snippet":"max-snippet:-1","max-image-preview":"max-image-preview:large","max-video-preview":"max-video-preview:-1"},"canonical":"https:\/\/macite.tg\/?p=24585","og_locale":"fr_FR","og_type":"article","og_title":"BURKINA \/ PROMOTION DE L'ENTREPRENEURIAT DES JEUNES\u00a0: Des ch\u00e8ques remis \u00e0 de jeunes entrepreneurs -","og_description":"Le minist\u00e8re en charge de l&rsquo;Emploi \u00e0 travers la direction g\u00e9n\u00e9rale de l&rsquo;autonomisation des jeunes et de l&rsquo;\u00e9ducation permanente (DGAJEP) a remis mardi, \u00e0 Ouagadougou, des ch\u00e8ques d&rsquo;une valeur d&rsquo;environ 22 millions FCFA aux b\u00e9n\u00e9ficiaires du programme de promotion de l&rsquo;entrepreneuriat des jeunes, financ\u00e9 par [&hellip;]","og_url":"https:\/\/macite.tg\/?p=24585","article_published_time":"2025-09-10T18:53:58+00:00","article_modified_time":"2025-09-10T18:54:04+00:00","og_image":[{"width":534,"height":356,"url":"https:\/\/macite.tg\/wp-content\/uploads\/2025\/09\/image-14.png","type":"image\/png"}],"author":"Jean Pierre BAWELA","twitter_card":"summary_large_image","twitter_misc":{"\u00c9crit par":"Jean Pierre BAWELA","Dur\u00e9e de lecture estim\u00e9e":"2 minutes"},"schema":{"@context":"https:\/\/schema.org","@graph":[{"@type":"Article","@id":"https:\/\/macite.tg\/?p=24585#article","isPartOf":{"@id":"https:\/\/macite.tg\/?p=24585"},"author":{"name":"Jean Pierre BAWELA","@id":"https:\/\/macite.tg\/#\/schema\/person\/e9f2de7e5dbbe7770a9402c7ce82f5c2"},"headline":"BURKINA \/ PROMOTION DE L&rsquo;ENTREPRENEURIAT DES JEUNES\u00a0: Des ch\u00e8ques remis \u00e0 de jeunes entrepreneurs","datePublished":"2025-09-10T18:53:58+00:00","dateModified":"2025-09-10T18:54:04+00:00","mainEntityOfPage":{"@id":"https:\/\/macite.tg\/?p=24585"},"wordCount":325,"commentCount":0,"image":{"@id":"https:\/\/macite.tg\/?p=24585#primaryimage"},"thumbnailUrl":"https:\/\/macite.tg\/wp-content\/uploads\/2025\/09\/image-14.png","articleSection":["ACTUALITE","ENTREPRENEURIAT"],"inLanguage":"fr-FR","potentialAction":[{"@type":"CommentAction","name":"Comment","target":["https:\/\/macite.tg\/?p=24585#respond"]}]},{"@type":"WebPage","@id":"https:\/\/macite.tg\/?p=24585","url":"https:\/\/macite.tg\/?p=24585","name":"BURKINA \/ PROMOTION DE L'ENTREPRENEURIAT DES JEUNES\u00a0: Des ch\u00e8ques remis \u00e0 de jeunes entrepreneurs -","isPartOf":{"@id":"https:\/\/macite.tg\/#website"},"primaryImageOfPage":{"@id":"https:\/\/macite.tg\/?p=24585#primaryimage"},"image":{"@id":"https:\/\/macite.tg\/?p=24585#primaryimage"},"thumbnailUrl":"https:\/\/macite.tg\/wp-content\/uploads\/2025\/09\/image-14.png","datePublished":"2025-09-10T18:53:58+00:00","dateModified":"2025-09-10T18:54:04+00:00","author":{"@id":"https:\/\/macite.tg\/#\/schema\/person\/e9f2de7e5dbbe7770a9402c7ce82f5c2"},"breadcrumb":{"@id":"https:\/\/macite.tg\/?p=24585#breadcrumb"},"inLanguage":"fr-FR","potentialAction":[{"@type":"ReadAction","target":["https:\/\/macite.tg\/?p=24585"]}]},{"@type":"ImageObject","inLanguage":"fr-FR","@id":"https:\/\/macite.tg\/?p=24585#primaryimage","url":"https:\/\/macite.tg\/wp-content\/uploads\/2025\/09\/image-14.png","contentUrl":"https:\/\/macite.tg\/wp-content\/uploads\/2025\/09\/image-14.png","width":534,"height":356,"caption":"Un b\u00e9n\u00e9ficiaire recevant son ch\u00e8que"},{"@type":"BreadcrumbList","@id":"https:\/\/macite.tg\/?p=24585#breadcrumb","itemListElement":[{"@type":"ListItem","position":1,"name":"Accueil","item":"https:\/\/macite.tg\/"},{"@type":"ListItem","position":2,"name":"BURKINA \/ PROMOTION DE L&rsquo;ENTREPRENEURIAT DES JEUNES\u00a0: Des ch\u00e8ques remis \u00e0 de jeunes entrepreneurs"}]},{"@type":"WebSite","@id":"https:\/\/macite.tg\/#website","url":"https:\/\/macite.tg\/","name":"","description":"L&#039;information, la bonne!!!","potentialAction":[{"@type":"SearchAction","target":{"@type":"EntryPoint","urlTemplate":"https:\/\/macite.tg\/?s={search_term_string}"},"query-input":{"@type":"PropertyValueSpecification","valueRequired":true,"valueName":"search_term_string"}}],"inLanguage":"fr-FR"},{"@type":"Person","@id":"https:\/\/macite.tg\/#\/schema\/person\/e9f2de7e5dbbe7770a9402c7ce82f5c2","name":"Jean Pierre BAWELA","image":{"@type":"ImageObject","inLanguage":"fr-FR","@id":"https:\/\/macite.tg\/wp-content\/uploads\/2023\/09\/WhatsApp-Image-2023-09-19-at-14.44.41-122x122.jpeg","url":"https:\/\/macite.tg\/wp-content\/uploads\/2023\/09\/WhatsApp-Image-2023-09-19-at-14.44.41-122x122.jpeg","contentUrl":"https:\/\/macite.tg\/wp-content\/uploads\/2023\/09\/WhatsApp-Image-2023-09-19-at-14.44.41-122x122.jpeg","caption":"Jean Pierre BAWELA"},"url":"https:\/\/macite.tg\/?author=2"}]}},"_links":{"self":[{"href":"https:\/\/macite.tg\/index.php?rest_route=\/wp\/v2\/posts\/24585","targetHints":{"allow":["GET"]}}],"collection":[{"href":"https:\/\/macite.tg\/index.php?rest_route=\/wp\/v2\/posts"}],"about":[{"href":"https:\/\/macite.tg\/index.php?rest_route=\/wp\/v2\/types\/post"}],"author":[{"embeddable":true,"href":"https:\/\/macite.tg\/index.php?rest_route=\/wp\/v2\/users\/2"}],"replies":[{"embeddable":true,"href":"https:\/\/macite.tg\/index.php?rest_route=%2Fwp%2Fv2%2Fcomments&post=24585"}],"version-history":[{"count":0,"href":"https:\/\/macite.tg\/index.php?rest_route=\/wp\/v2\/posts\/24585\/revisions"}],"wp:featuredmedia":[{"embeddable":true,"href":"https:\/\/macite.tg\/index.php?rest_route=\/wp\/v2\/media\/24586"}],"wp:attachment":[{"href":"https:\/\/macite.tg\/index.php?rest_route=%2Fwp%2Fv2%2Fmedia&parent=24585"}],"wp:term":[{"taxonomy":"category","embeddable":true,"href":"https:\/\/macite.tg\/index.php?rest_route=%2Fwp%2Fv2%2Fcategories&post=24585"},{"taxonomy":"post_tag","embeddable":true,"href":"https:\/\/macite.tg\/index.php?rest_route=%2Fwp%2Fv2%2Ftags&post=24585"}],"curies":[{"name":"wp","href":"https:\/\/api.w.org\/{rel}","templated":true}]}}