{"id":2458,"date":"2022-12-12T00:44:15","date_gmt":"2022-12-12T00:44:15","guid":{"rendered":"https:\/\/macite.info\/?p=2458"},"modified":"2022-12-12T00:44:16","modified_gmt":"2022-12-12T00:44:16","slug":"valorisation-de-limage-de-la-femme-dans-les-medias-une-trentaine-dacteurs-de-medias-outillee","status":"publish","type":"post","link":"https:\/\/macite.tg\/?p=2458","title":{"rendered":"VALORISATION DE L\u2019IMAGE DE LA FEMME DANS LES M\u00c9DIAS\u00a0: Une trentaine d\u2019acteurs de m\u00e9dias outill\u00e9e"},"content":{"rendered":"\n<p class=\"wp-block-paragraph\"><strong><em>Une trentaine de journalistes des m\u00e9dias priv\u00e9s et publics \u00e9tait, du\u00a0 08 au 09 d\u00e9cembre 2022 \u00e0 Atakpam\u00e9, en atelier de formation sur le th\u00e8me\u00a0: \u00ab\u00a0Traitement valorisant de l\u2019image de la femme dans les m\u00e9dias au Togo \u00e0 l\u2019\u00e8re du Web2.0\u00a0\u00bb.<\/em><\/strong><\/p>\n\n\n\n<p class=\"wp-block-paragraph\">Ouvert par le Conseiller technique du minist\u00e8re de la Communication et des m\u00e9dias, Ambroise Yao Kl\u00e9vor, en pr\u00e9sence du pr\u00e9fet d\u2019Atakpam\u00e9, Edoh Akakpo, cet atelier de formation est la derni\u00e8re \u00e9tape d\u2019une s\u00e9rie de trois formations d\u00e9marr\u00e9es \u00e0 Kara (du 04 au 06 d\u00e9cembre 2022), Kpalim\u00e9 (du 09 au 11 d\u00e9cembre 2022).<\/p>\n\n\n\n<p class=\"wp-block-paragraph\">Ces ateliers d\u00e9coulent d\u2019un engagement pris par les professionnelles des m\u00e9dias eux-m\u00eames \u00e0 l\u2019issue d\u2019une rencontre organis\u00e9e, les 27 et 28 octobre derniers \u00e0 An\u00e9ho, par la Cellule Genre du minist\u00e8re de la Communication, en vue de cultiver l\u2019excellence dans leur secteur d\u2019activit\u00e9.<\/p>\n\n\n\n<figure class=\"wp-block-image size-full\"><img loading=\"lazy\" decoding=\"async\" width=\"750\" height=\"375\" src=\"https:\/\/macite.tg\/wp-content\/uploads\/2022\/12\/OK-6-750x375-1.jpg\" alt=\"\" class=\"wp-image-2462\" srcset=\"https:\/\/macite.tg\/wp-content\/uploads\/2022\/12\/OK-6-750x375-1.jpg 750w, https:\/\/macite.tg\/wp-content\/uploads\/2022\/12\/OK-6-750x375-1-300x150.jpg 300w\" sizes=\"auto, (max-width: 750px) 100vw, 750px\" \/><figcaption><em>Photo de famille des participants \u00e0 l&rsquo;\u00e9tape d&rsquo;Atakpam\u00e9&#8230;<\/em><\/figcaption><\/figure>\n\n\n\n<p class=\"wp-block-paragraph\">Durant deux jours, la trentaine d\u2019acteurs des m\u00e9dias a \u00e9t\u00e9 outill\u00e9e sur plusieurs th\u00e9matiques \u00e0 savoir&nbsp;: <em>\u00ab&nbsp;L\u2019analyse des contenus m\u00e9diatiques des organes de presse du Togo en lien avec l\u2019image de la femme&nbsp;\u00bb, \u00ab&nbsp;Cons\u00e9quences de la mauvaise utilisation de la femme sur les r\u00e9seaux sociaux et relais des contenus m\u00e9diatiques valorisant la femme sur les r\u00e9seaux sociaux&nbsp;\u00bb<\/em>&nbsp;; et <em>\u00ab&nbsp;Construction d\u2019une bonne image de la femme dans les m\u00e9dias et effets soci\u00e9taux de la protection de l\u2019image de la femme dans les m\u00e9dias&nbsp;\u00bb<\/em>, pr\u00e9sent\u00e9es par Dr Alaba Mazabalou, Enseignant chercheur dans les Universit\u00e9s du Togo, et Dr Chakb\u00e9ra Adji David, Sociologue, R\u00e9dacteur en Chef de Radio Lom\u00e9, Enseignant.<\/p>\n\n\n\n<p class=\"wp-block-paragraph\"><em>\u00ab&nbsp;Une image vaut mieux que mille mots&nbsp;!\u00bb. E<\/em>mpruntant cette citation de Confucius, Dr David Tchab\u00e9ra rel\u00e8ve que toutes les images ne sont pas bonnes \u00e0 prendre. Selon lui, le journaliste a l\u2019imp\u00e9rieux devoir de reconstruire le monde en relayant ce qui est fait de bien et en \u00e9liminant les st\u00e9r\u00e9otypes, mais \u00e9galement en faisant la promotion de l\u2019\u00e9galit\u00e9-genre.<\/p>\n\n\n\n<p class=\"wp-block-paragraph\">Au sortir de ces ateliers, les professionnels de m\u00e9dias devraient ainsi \u00ab&nbsp;<em>adopter d\u00e9sormais les bonnes pratiques, ce qui permettra de redorer l\u2019image de la femme dans les medias \u00bb, <\/em>a soulign\u00e9 le repr\u00e9sentant du ministre de la Communication et des m\u00e9dias. Ainsi, les participants se sont engag\u00e9s \u00e0 corriger l\u2019image de la femme dans les m\u00e9dias en valorisant l\u2019image de la femme dans les m\u00e9dias.<\/p>\n\n\n\n<p class=\"wp-block-paragraph\"><strong>JPB<\/strong><\/p>\n\n\n\n<p class=\"wp-block-paragraph\"><strong><em>@macite.info<\/em><\/strong><\/p>\n\n\n\n<p class=\"wp-block-paragraph\"><strong><em>E-mail&nbsp;: <\/em><\/strong><a href=\"mailto:maciteinfo@gmail.com\"><em>maciteinfo@gmail.com<\/em><\/a><strong><em>; <\/em><\/strong><a href=\"mailto:bawela1@gmail.com\"><em>bawela1@gmail.com<\/em><\/a><strong><em><\/em><\/strong><\/p>\n\n\n\n<p class=\"wp-block-paragraph\"><strong><em>Pour vos annonces, (publi)reportages, etc., joignez nous au (00228) 91515309\/<strong>79872224<\/strong><\/em><\/strong><em><\/em><\/p>\n\n\n\n<p class=\"wp-block-paragraph\"><a href=\"http:\/\/www.macite.info\"><em>www.macite.info<\/em><\/a><strong><em>, L\u2019information, la bonne&nbsp;!<\/em><\/strong><\/p>\n","protected":false},"excerpt":{"rendered":"<p class=\"text-justify mb-2\" >Une trentaine de journalistes des m\u00e9dias priv\u00e9s et publics \u00e9tait, du\u00a0 08 au 09 d\u00e9cembre 2022 \u00e0 Atakpam\u00e9, en atelier de formation sur le th\u00e8me\u00a0: \u00ab\u00a0Traitement valorisant de l\u2019image de la femme dans les m\u00e9dias au Togo \u00e0 l\u2019\u00e8re du Web2.0\u00a0\u00bb. Ouvert par le Conseiller [&hellip;]<\/p>\n","protected":false},"author":2,"featured_media":2461,"comment_status":"open","ping_status":"open","sticky":false,"template":"","format":"standard","meta":{"footnotes":""},"categories":[14],"tags":[],"class_list":["post-2458","post","type-post","status-publish","format-standard","has-post-thumbnail","hentry","category-medias"],"yoast_head":"<!-- This site is optimized with the Yoast SEO plugin v28.4 - https:\/\/yoast.com\/product\/yoast-seo-wordpress\/ -->\n<title>VALORISATION DE L\u2019IMAGE DE LA FEMME DANS LES M\u00c9DIAS\u00a0: Une trentaine d\u2019acteurs de m\u00e9dias outill\u00e9e -<\/title>\n<meta name=\"robots\" content=\"index, follow, max-snippet:-1, max-image-preview:large, max-video-preview:-1\" \/>\n<link rel=\"canonical\" href=\"https:\/\/macite.tg\/?p=2458\" \/>\n<meta property=\"og:locale\" content=\"fr_FR\" \/>\n<meta property=\"og:type\" content=\"article\" \/>\n<meta property=\"og:title\" content=\"VALORISATION DE L\u2019IMAGE DE LA FEMME DANS LES M\u00c9DIAS\u00a0: Une trentaine d\u2019acteurs de m\u00e9dias outill\u00e9e -\" \/>\n<meta property=\"og:description\" content=\"Une trentaine de journalistes des m\u00e9dias priv\u00e9s et publics \u00e9tait, du\u00a0 08 au 09 d\u00e9cembre 2022 \u00e0 Atakpam\u00e9, en atelier de formation sur le th\u00e8me\u00a0: \u00ab\u00a0Traitement valorisant de l\u2019image de la femme dans les m\u00e9dias au Togo \u00e0 l\u2019\u00e8re du Web2.0\u00a0\u00bb. Ouvert par le Conseiller [&hellip;]\" \/>\n<meta property=\"og:url\" content=\"https:\/\/macite.tg\/?p=2458\" \/>\n<meta property=\"article:published_time\" content=\"2022-12-12T00:44:15+00:00\" \/>\n<meta property=\"article:modified_time\" content=\"2022-12-12T00:44:16+00:00\" \/>\n<meta property=\"og:image\" content=\"https:\/\/macite.tg\/wp-content\/uploads\/2022\/12\/Assaa.jpg\" \/>\n\t<meta property=\"og:image:width\" content=\"389\" \/>\n\t<meta property=\"og:image:height\" content=\"104\" \/>\n\t<meta property=\"og:image:type\" content=\"image\/jpeg\" \/>\n<meta name=\"author\" content=\"Jean Pierre BAWELA\" \/>\n<meta name=\"twitter:card\" content=\"summary_large_image\" \/>\n<meta name=\"twitter:label1\" content=\"\u00c9crit par\" \/>\n\t<meta name=\"twitter:data1\" content=\"Jean Pierre BAWELA\" \/>\n\t<meta name=\"twitter:label2\" content=\"Dur\u00e9e de lecture estim\u00e9e\" \/>\n\t<meta name=\"twitter:data2\" content=\"3 minutes\" \/>\n<script type=\"application\/ld+json\" class=\"yoast-schema-graph\">{\"@context\":\"https:\\\/\\\/schema.org\",\"@graph\":[{\"@type\":\"Article\",\"@id\":\"https:\\\/\\\/macite.tg\\\/?p=2458#article\",\"isPartOf\":{\"@id\":\"https:\\\/\\\/macite.tg\\\/?p=2458\"},\"author\":{\"name\":\"Jean Pierre BAWELA\",\"@id\":\"https:\\\/\\\/macite.tg\\\/#\\\/schema\\\/person\\\/e9f2de7e5dbbe7770a9402c7ce82f5c2\"},\"headline\":\"VALORISATION DE L\u2019IMAGE DE LA FEMME DANS LES M\u00c9DIAS\u00a0: Une trentaine d\u2019acteurs de m\u00e9dias outill\u00e9e\",\"datePublished\":\"2022-12-12T00:44:15+00:00\",\"dateModified\":\"2022-12-12T00:44:16+00:00\",\"mainEntityOfPage\":{\"@id\":\"https:\\\/\\\/macite.tg\\\/?p=2458\"},\"wordCount\":484,\"commentCount\":0,\"image\":{\"@id\":\"https:\\\/\\\/macite.tg\\\/?p=2458#primaryimage\"},\"thumbnailUrl\":\"https:\\\/\\\/macite.tg\\\/wp-content\\\/uploads\\\/2022\\\/12\\\/Assaa.jpg\",\"articleSection\":[\"MEDIAS\"],\"inLanguage\":\"fr-FR\",\"potentialAction\":[{\"@type\":\"CommentAction\",\"name\":\"Comment\",\"target\":[\"https:\\\/\\\/macite.tg\\\/?p=2458#respond\"]}]},{\"@type\":\"WebPage\",\"@id\":\"https:\\\/\\\/macite.tg\\\/?p=2458\",\"url\":\"https:\\\/\\\/macite.tg\\\/?p=2458\",\"name\":\"VALORISATION DE L\u2019IMAGE DE LA FEMME DANS LES M\u00c9DIAS\u00a0: Une trentaine d\u2019acteurs de m\u00e9dias outill\u00e9e -\",\"isPartOf\":{\"@id\":\"https:\\\/\\\/macite.tg\\\/#website\"},\"primaryImageOfPage\":{\"@id\":\"https:\\\/\\\/macite.tg\\\/?p=2458#primaryimage\"},\"image\":{\"@id\":\"https:\\\/\\\/macite.tg\\\/?p=2458#primaryimage\"},\"thumbnailUrl\":\"https:\\\/\\\/macite.tg\\\/wp-content\\\/uploads\\\/2022\\\/12\\\/Assaa.jpg\",\"datePublished\":\"2022-12-12T00:44:15+00:00\",\"dateModified\":\"2022-12-12T00:44:16+00:00\",\"author\":{\"@id\":\"https:\\\/\\\/macite.tg\\\/#\\\/schema\\\/person\\\/e9f2de7e5dbbe7770a9402c7ce82f5c2\"},\"breadcrumb\":{\"@id\":\"https:\\\/\\\/macite.tg\\\/?p=2458#breadcrumb\"},\"inLanguage\":\"fr-FR\",\"potentialAction\":[{\"@type\":\"ReadAction\",\"target\":[\"https:\\\/\\\/macite.tg\\\/?p=2458\"]}]},{\"@type\":\"ImageObject\",\"inLanguage\":\"fr-FR\",\"@id\":\"https:\\\/\\\/macite.tg\\\/?p=2458#primaryimage\",\"url\":\"https:\\\/\\\/macite.tg\\\/wp-content\\\/uploads\\\/2022\\\/12\\\/Assaa.jpg\",\"contentUrl\":\"https:\\\/\\\/macite.tg\\\/wp-content\\\/uploads\\\/2022\\\/12\\\/Assaa.jpg\",\"width\":389,\"height\":104},{\"@type\":\"BreadcrumbList\",\"@id\":\"https:\\\/\\\/macite.tg\\\/?p=2458#breadcrumb\",\"itemListElement\":[{\"@type\":\"ListItem\",\"position\":1,\"name\":\"Accueil\",\"item\":\"https:\\\/\\\/macite.tg\\\/\"},{\"@type\":\"ListItem\",\"position\":2,\"name\":\"VALORISATION DE L\u2019IMAGE DE LA FEMME DANS LES M\u00c9DIAS\u00a0: Une trentaine d\u2019acteurs de m\u00e9dias outill\u00e9e\"}]},{\"@type\":\"WebSite\",\"@id\":\"https:\\\/\\\/macite.tg\\\/#website\",\"url\":\"https:\\\/\\\/macite.tg\\\/\",\"name\":\"\",\"description\":\"L&#039;information, la bonne!!!\",\"potentialAction\":[{\"@type\":\"SearchAction\",\"target\":{\"@type\":\"EntryPoint\",\"urlTemplate\":\"https:\\\/\\\/macite.tg\\\/?s={search_term_string}\"},\"query-input\":{\"@type\":\"PropertyValueSpecification\",\"valueRequired\":true,\"valueName\":\"search_term_string\"}}],\"inLanguage\":\"fr-FR\"},{\"@type\":\"Person\",\"@id\":\"https:\\\/\\\/macite.tg\\\/#\\\/schema\\\/person\\\/e9f2de7e5dbbe7770a9402c7ce82f5c2\",\"name\":\"Jean Pierre BAWELA\",\"image\":{\"@type\":\"ImageObject\",\"inLanguage\":\"fr-FR\",\"@id\":\"https:\\\/\\\/macite.tg\\\/wp-content\\\/uploads\\\/2023\\\/09\\\/WhatsApp-Image-2023-09-19-at-14.44.41-122x122.jpeg\",\"url\":\"https:\\\/\\\/macite.tg\\\/wp-content\\\/uploads\\\/2023\\\/09\\\/WhatsApp-Image-2023-09-19-at-14.44.41-122x122.jpeg\",\"contentUrl\":\"https:\\\/\\\/macite.tg\\\/wp-content\\\/uploads\\\/2023\\\/09\\\/WhatsApp-Image-2023-09-19-at-14.44.41-122x122.jpeg\",\"caption\":\"Jean Pierre BAWELA\"},\"url\":\"https:\\\/\\\/macite.tg\\\/?author=2\"}]}<\/script>\n<!-- \/ Yoast SEO plugin. -->","yoast_head_json":{"title":"VALORISATION DE L\u2019IMAGE DE LA FEMME DANS LES M\u00c9DIAS\u00a0: Une trentaine d\u2019acteurs de m\u00e9dias outill\u00e9e -","robots":{"index":"index","follow":"follow","max-snippet":"max-snippet:-1","max-image-preview":"max-image-preview:large","max-video-preview":"max-video-preview:-1"},"canonical":"https:\/\/macite.tg\/?p=2458","og_locale":"fr_FR","og_type":"article","og_title":"VALORISATION DE L\u2019IMAGE DE LA FEMME DANS LES M\u00c9DIAS\u00a0: Une trentaine d\u2019acteurs de m\u00e9dias outill\u00e9e -","og_description":"Une trentaine de journalistes des m\u00e9dias priv\u00e9s et publics \u00e9tait, du\u00a0 08 au 09 d\u00e9cembre 2022 \u00e0 Atakpam\u00e9, en atelier de formation sur le th\u00e8me\u00a0: \u00ab\u00a0Traitement valorisant de l\u2019image de la femme dans les m\u00e9dias au Togo \u00e0 l\u2019\u00e8re du Web2.0\u00a0\u00bb. Ouvert par le Conseiller [&hellip;]","og_url":"https:\/\/macite.tg\/?p=2458","article_published_time":"2022-12-12T00:44:15+00:00","article_modified_time":"2022-12-12T00:44:16+00:00","og_image":[{"width":389,"height":104,"url":"https:\/\/macite.tg\/wp-content\/uploads\/2022\/12\/Assaa.jpg","type":"image\/jpeg"}],"author":"Jean Pierre BAWELA","twitter_card":"summary_large_image","twitter_misc":{"\u00c9crit par":"Jean Pierre BAWELA","Dur\u00e9e de lecture estim\u00e9e":"3 minutes"},"schema":{"@context":"https:\/\/schema.org","@graph":[{"@type":"Article","@id":"https:\/\/macite.tg\/?p=2458#article","isPartOf":{"@id":"https:\/\/macite.tg\/?p=2458"},"author":{"name":"Jean Pierre BAWELA","@id":"https:\/\/macite.tg\/#\/schema\/person\/e9f2de7e5dbbe7770a9402c7ce82f5c2"},"headline":"VALORISATION DE L\u2019IMAGE DE LA FEMME DANS LES M\u00c9DIAS\u00a0: Une trentaine d\u2019acteurs de m\u00e9dias outill\u00e9e","datePublished":"2022-12-12T00:44:15+00:00","dateModified":"2022-12-12T00:44:16+00:00","mainEntityOfPage":{"@id":"https:\/\/macite.tg\/?p=2458"},"wordCount":484,"commentCount":0,"image":{"@id":"https:\/\/macite.tg\/?p=2458#primaryimage"},"thumbnailUrl":"https:\/\/macite.tg\/wp-content\/uploads\/2022\/12\/Assaa.jpg","articleSection":["MEDIAS"],"inLanguage":"fr-FR","potentialAction":[{"@type":"CommentAction","name":"Comment","target":["https:\/\/macite.tg\/?p=2458#respond"]}]},{"@type":"WebPage","@id":"https:\/\/macite.tg\/?p=2458","url":"https:\/\/macite.tg\/?p=2458","name":"VALORISATION DE L\u2019IMAGE DE LA FEMME DANS LES M\u00c9DIAS\u00a0: Une trentaine d\u2019acteurs de m\u00e9dias outill\u00e9e -","isPartOf":{"@id":"https:\/\/macite.tg\/#website"},"primaryImageOfPage":{"@id":"https:\/\/macite.tg\/?p=2458#primaryimage"},"image":{"@id":"https:\/\/macite.tg\/?p=2458#primaryimage"},"thumbnailUrl":"https:\/\/macite.tg\/wp-content\/uploads\/2022\/12\/Assaa.jpg","datePublished":"2022-12-12T00:44:15+00:00","dateModified":"2022-12-12T00:44:16+00:00","author":{"@id":"https:\/\/macite.tg\/#\/schema\/person\/e9f2de7e5dbbe7770a9402c7ce82f5c2"},"breadcrumb":{"@id":"https:\/\/macite.tg\/?p=2458#breadcrumb"},"inLanguage":"fr-FR","potentialAction":[{"@type":"ReadAction","target":["https:\/\/macite.tg\/?p=2458"]}]},{"@type":"ImageObject","inLanguage":"fr-FR","@id":"https:\/\/macite.tg\/?p=2458#primaryimage","url":"https:\/\/macite.tg\/wp-content\/uploads\/2022\/12\/Assaa.jpg","contentUrl":"https:\/\/macite.tg\/wp-content\/uploads\/2022\/12\/Assaa.jpg","width":389,"height":104},{"@type":"BreadcrumbList","@id":"https:\/\/macite.tg\/?p=2458#breadcrumb","itemListElement":[{"@type":"ListItem","position":1,"name":"Accueil","item":"https:\/\/macite.tg\/"},{"@type":"ListItem","position":2,"name":"VALORISATION DE L\u2019IMAGE DE LA FEMME DANS LES M\u00c9DIAS\u00a0: Une trentaine d\u2019acteurs de m\u00e9dias outill\u00e9e"}]},{"@type":"WebSite","@id":"https:\/\/macite.tg\/#website","url":"https:\/\/macite.tg\/","name":"","description":"L&#039;information, la bonne!!!","potentialAction":[{"@type":"SearchAction","target":{"@type":"EntryPoint","urlTemplate":"https:\/\/macite.tg\/?s={search_term_string}"},"query-input":{"@type":"PropertyValueSpecification","valueRequired":true,"valueName":"search_term_string"}}],"inLanguage":"fr-FR"},{"@type":"Person","@id":"https:\/\/macite.tg\/#\/schema\/person\/e9f2de7e5dbbe7770a9402c7ce82f5c2","name":"Jean Pierre BAWELA","image":{"@type":"ImageObject","inLanguage":"fr-FR","@id":"https:\/\/macite.tg\/wp-content\/uploads\/2023\/09\/WhatsApp-Image-2023-09-19-at-14.44.41-122x122.jpeg","url":"https:\/\/macite.tg\/wp-content\/uploads\/2023\/09\/WhatsApp-Image-2023-09-19-at-14.44.41-122x122.jpeg","contentUrl":"https:\/\/macite.tg\/wp-content\/uploads\/2023\/09\/WhatsApp-Image-2023-09-19-at-14.44.41-122x122.jpeg","caption":"Jean Pierre BAWELA"},"url":"https:\/\/macite.tg\/?author=2"}]}},"_links":{"self":[{"href":"https:\/\/macite.tg\/index.php?rest_route=\/wp\/v2\/posts\/2458","targetHints":{"allow":["GET"]}}],"collection":[{"href":"https:\/\/macite.tg\/index.php?rest_route=\/wp\/v2\/posts"}],"about":[{"href":"https:\/\/macite.tg\/index.php?rest_route=\/wp\/v2\/types\/post"}],"author":[{"embeddable":true,"href":"https:\/\/macite.tg\/index.php?rest_route=\/wp\/v2\/users\/2"}],"replies":[{"embeddable":true,"href":"https:\/\/macite.tg\/index.php?rest_route=%2Fwp%2Fv2%2Fcomments&post=2458"}],"version-history":[{"count":0,"href":"https:\/\/macite.tg\/index.php?rest_route=\/wp\/v2\/posts\/2458\/revisions"}],"wp:featuredmedia":[{"embeddable":true,"href":"https:\/\/macite.tg\/index.php?rest_route=\/wp\/v2\/media\/2461"}],"wp:attachment":[{"href":"https:\/\/macite.tg\/index.php?rest_route=%2Fwp%2Fv2%2Fmedia&parent=2458"}],"wp:term":[{"taxonomy":"category","embeddable":true,"href":"https:\/\/macite.tg\/index.php?rest_route=%2Fwp%2Fv2%2Fcategories&post=2458"},{"taxonomy":"post_tag","embeddable":true,"href":"https:\/\/macite.tg\/index.php?rest_route=%2Fwp%2Fv2%2Ftags&post=2458"}],"curies":[{"name":"wp","href":"https:\/\/api.w.org\/{rel}","templated":true}]}}