{"id":24577,"date":"2025-09-10T18:33:59","date_gmt":"2025-09-10T18:33:59","guid":{"rendered":"https:\/\/macite.tg\/?p=24577"},"modified":"2025-09-10T18:35:39","modified_gmt":"2025-09-10T18:35:39","slug":"hommages-aux-fds-une-conference-publique-organisee-le-23-septembre-a-lome","status":"publish","type":"post","link":"https:\/\/macite.tg\/?p=24577","title":{"rendered":"HOMMAGES AUX FDS : Une Conf\u00e9rence publique organis\u00e9e le 23 septembre \u00e0 Lom\u00e9"},"content":{"rendered":"\n<p class=\"wp-block-paragraph\"><strong><em>Dans le cadre des activit\u00e9s comm\u00e9moratives du 20<sup>\u00e8me<\/sup> anniversaire du rappel \u00e0 Dieu du G\u00e9n\u00e9ral Gnassingb\u00e9 Eyad\u00e9ma, une Conf\u00e9rence publique se tiendra le 23 septembre prochain, \u00e0 Lom\u00e9. Cette manifestation scientifique, selon les organisateurs, sera une occasion pour mettre en lumi\u00e8re les efforts d\u00e9ploy\u00e9s par les Forces de d\u00e9fense et de s\u00e9curit\u00e9 (FDS) dans l\u2019accomplissement de leurs missions r\u00e9galiennes de protection de la patrie, mais \u00e9galement les initiatives visant \u00e0 consolider leur collaboration avec les autres composantes de la soci\u00e9t\u00e9.<\/em><\/strong><\/p>\n\n\n\n<p class=\"wp-block-paragraph\"><em>\u00ab\u00a0Dans le cadre des activit\u00e9s comm\u00e9moratives marquant les vingt (20) ans du rappel \u00e0 Dieu du G\u00e9n\u00e9ral Gnassingb\u00e9 Eyad\u00e9ma, P\u00e8re de la nation togolaise (\u2026) une conf\u00e9rence publique se tiendra le 23 septembre 2025 au Centre d\u2019Entrainement aux op\u00e9rations de maintien de la paix \u00e0 Adidogom\u00e9 \u00e0 Lom\u00e9\u00a0\u00bb,<\/em> souligne un communiqu\u00e9 en date du mercredi 10 septembre 2025, sign\u00e9e du pr\u00e9sident du Comit\u00e9 d\u2019Organisation des hommages, le Col Awat\u00e9 Hodabalo.<\/p>\n\n\n<div class=\"wp-block-image\">\n<figure class=\"aligncenter size-full is-resized\"><img loading=\"lazy\" decoding=\"async\" width=\"690\" height=\"170\" src=\"https:\/\/macite.tg\/wp-content\/uploads\/2025\/09\/OTR_TVM.jpg\" alt=\"\" class=\"wp-image-24458\" style=\"width:840px;height:auto\" srcset=\"https:\/\/macite.tg\/wp-content\/uploads\/2025\/09\/OTR_TVM.jpg 690w, https:\/\/macite.tg\/wp-content\/uploads\/2025\/09\/OTR_TVM-300x74.jpg 300w\" sizes=\"auto, (max-width: 690px) 100vw, 690px\" \/><\/figure>\n<\/div>\n\n\n<p class=\"wp-block-paragraph\">Cette rencontre, plac\u00e9e sous le Haut patronage du Pr\u00e9sident du Conseil, est organis\u00e9e pour rendre hommage aux Forces de d\u00e9fense et de s\u00e9curit\u00e9. Elle portera sur plusieurs th\u00e9matiques, notamment les sacrifices renouvel\u00e9s des FDS, pour <em>\u00ab\u00a0assurer la stabilit\u00e9 et la qui\u00e9tude \u00e0 notre pays\u00a0\u00bb,<\/em> mais aussi leur participation active, aux c\u00f4t\u00e9s des populations, aux activit\u00e9s humanitaires et \u00e0 la r\u00e9alisation d\u2019\u0153uvres socio\u00e9conomiques d\u2019int\u00e9r\u00eat public. \u00a0<\/p>\n\n\n<div class=\"wp-block-image\">\n<figure class=\"aligncenter size-full\"><img loading=\"lazy\" decoding=\"async\" width=\"851\" height=\"315\" src=\"https:\/\/macite.tg\/wp-content\/uploads\/2025\/09\/OTR_Ferer-pour-batir-1.jpg\" alt=\"\" class=\"wp-image-24441\" srcset=\"https:\/\/macite.tg\/wp-content\/uploads\/2025\/09\/OTR_Ferer-pour-batir-1.jpg 851w, https:\/\/macite.tg\/wp-content\/uploads\/2025\/09\/OTR_Ferer-pour-batir-1-300x111.jpg 300w, https:\/\/macite.tg\/wp-content\/uploads\/2025\/09\/OTR_Ferer-pour-batir-1-768x284.jpg 768w\" sizes=\"auto, (max-width: 851px) 100vw, 851px\" \/><\/figure>\n<\/div>\n\n\n<p class=\"wp-block-paragraph\">La conf\u00e9rence d\u2019Adidogom\u00e9, pr\u00e9vue le 23 septembre, une date m\u00e9morable, va \u00e9galement \u00e9voquer la contribution remarquable des Forces de d\u00e9fense et de s\u00e9curit\u00e9 du Togo dans les m\u00e9canises de restauration et de maintien de la paix au plan r\u00e9gional, continental et mondial.<\/p>\n\n\n\n<p class=\"wp-block-paragraph\"><strong>Mab\u00e9 B.<\/strong><\/p>\n\n\n\n<p class=\"wp-block-paragraph\"><a><strong><em>@macite.tg&nbsp;&nbsp;&nbsp;&nbsp;&nbsp;&nbsp;&nbsp;&nbsp;<\/em><\/strong><\/a><\/p>\n\n\n\n<p class=\"wp-block-paragraph\"><strong><em>E-mail&nbsp;: <\/em><\/strong><a href=\"mailto:maciteinfo@gmail.com\"><strong><em>maciteinfo@gmail.com<\/em><\/strong><\/a><strong><em>; <\/em><\/strong><a href=\"mailto:bawela1@gmail.com\"><strong><em>bawela1@gmail.com<\/em><\/strong><\/a><strong><em><\/em><\/strong><\/p>\n\n\n\n<p class=\"wp-block-paragraph\"><strong><em>Pour vos annonces, (publi)reportages, etc., joignez-nous au (00228)91515309\/<strong>79872224 <\/strong><strong><\/strong><\/em><\/strong><\/p>\n\n\n\n<p class=\"wp-block-paragraph\"><strong><em>www.macite.tg, L\u2019information, la bonne&nbsp;!<\/em><\/strong><\/p>\n\n\n\n<p class=\"wp-block-paragraph\"><\/p>\n","protected":false},"excerpt":{"rendered":"<p class=\"text-justify mb-2\" >Dans le cadre des activit\u00e9s comm\u00e9moratives du 20\u00e8me anniversaire du rappel \u00e0 Dieu du G\u00e9n\u00e9ral Gnassingb\u00e9 Eyad\u00e9ma, une Conf\u00e9rence publique se tiendra le 23 septembre prochain, \u00e0 Lom\u00e9. Cette manifestation scientifique, selon les organisateurs, sera une occasion pour mettre en lumi\u00e8re les efforts d\u00e9ploy\u00e9s par [&hellip;]<\/p>\n","protected":false},"author":2,"featured_media":24578,"comment_status":"open","ping_status":"open","sticky":false,"template":"","format":"standard","meta":{"footnotes":""},"categories":[20,62],"tags":[],"class_list":["post-24577","post","type-post","status-publish","format-standard","has-post-thumbnail","hentry","category-actualite","category-hommage"],"yoast_head":"<!-- This site is optimized with the Yoast SEO plugin v28.4 - https:\/\/yoast.com\/product\/yoast-seo-wordpress\/ -->\n<title>HOMMAGES AUX FDS : Une Conf\u00e9rence publique organis\u00e9e le 23 septembre \u00e0 Lom\u00e9 -<\/title>\n<meta name=\"robots\" content=\"index, follow, max-snippet:-1, max-image-preview:large, max-video-preview:-1\" \/>\n<link rel=\"canonical\" href=\"https:\/\/macite.tg\/?p=24577\" \/>\n<meta property=\"og:locale\" content=\"fr_FR\" \/>\n<meta property=\"og:type\" content=\"article\" \/>\n<meta property=\"og:title\" content=\"HOMMAGES AUX FDS : Une Conf\u00e9rence publique organis\u00e9e le 23 septembre \u00e0 Lom\u00e9 -\" \/>\n<meta property=\"og:description\" content=\"Dans le cadre des activit\u00e9s comm\u00e9moratives du 20\u00e8me anniversaire du rappel \u00e0 Dieu du G\u00e9n\u00e9ral Gnassingb\u00e9 Eyad\u00e9ma, une Conf\u00e9rence publique se tiendra le 23 septembre prochain, \u00e0 Lom\u00e9. Cette manifestation scientifique, selon les organisateurs, sera une occasion pour mettre en lumi\u00e8re les efforts d\u00e9ploy\u00e9s par [&hellip;]\" \/>\n<meta property=\"og:url\" content=\"https:\/\/macite.tg\/?p=24577\" \/>\n<meta property=\"article:published_time\" content=\"2025-09-10T18:33:59+00:00\" \/>\n<meta property=\"article:modified_time\" content=\"2025-09-10T18:35:39+00:00\" \/>\n<meta property=\"og:image\" content=\"https:\/\/macite.tg\/wp-content\/uploads\/2025\/09\/image-13.png\" \/>\n\t<meta property=\"og:image:width\" content=\"322\" \/>\n\t<meta property=\"og:image:height\" content=\"270\" \/>\n\t<meta property=\"og:image:type\" content=\"image\/png\" \/>\n<meta name=\"author\" content=\"Jean Pierre BAWELA\" \/>\n<meta name=\"twitter:card\" content=\"summary_large_image\" \/>\n<meta name=\"twitter:label1\" content=\"\u00c9crit par\" \/>\n\t<meta name=\"twitter:data1\" content=\"Jean Pierre BAWELA\" \/>\n\t<meta name=\"twitter:label2\" content=\"Dur\u00e9e de lecture estim\u00e9e\" \/>\n\t<meta name=\"twitter:data2\" content=\"3 minutes\" \/>\n<script type=\"application\/ld+json\" class=\"yoast-schema-graph\">{\"@context\":\"https:\\\/\\\/schema.org\",\"@graph\":[{\"@type\":\"Article\",\"@id\":\"https:\\\/\\\/macite.tg\\\/?p=24577#article\",\"isPartOf\":{\"@id\":\"https:\\\/\\\/macite.tg\\\/?p=24577\"},\"author\":{\"name\":\"Jean Pierre BAWELA\",\"@id\":\"https:\\\/\\\/macite.tg\\\/#\\\/schema\\\/person\\\/e9f2de7e5dbbe7770a9402c7ce82f5c2\"},\"headline\":\"HOMMAGES AUX FDS : Une Conf\u00e9rence publique organis\u00e9e le 23 septembre \u00e0 Lom\u00e9\",\"datePublished\":\"2025-09-10T18:33:59+00:00\",\"dateModified\":\"2025-09-10T18:35:39+00:00\",\"mainEntityOfPage\":{\"@id\":\"https:\\\/\\\/macite.tg\\\/?p=24577\"},\"wordCount\":339,\"commentCount\":0,\"image\":{\"@id\":\"https:\\\/\\\/macite.tg\\\/?p=24577#primaryimage\"},\"thumbnailUrl\":\"https:\\\/\\\/macite.tg\\\/wp-content\\\/uploads\\\/2025\\\/09\\\/image-13.png\",\"articleSection\":[\"ACTUALITE\",\"HOMMAGE\"],\"inLanguage\":\"fr-FR\",\"potentialAction\":[{\"@type\":\"CommentAction\",\"name\":\"Comment\",\"target\":[\"https:\\\/\\\/macite.tg\\\/?p=24577#respond\"]}]},{\"@type\":\"WebPage\",\"@id\":\"https:\\\/\\\/macite.tg\\\/?p=24577\",\"url\":\"https:\\\/\\\/macite.tg\\\/?p=24577\",\"name\":\"HOMMAGES AUX FDS : Une Conf\u00e9rence publique organis\u00e9e le 23 septembre \u00e0 Lom\u00e9 -\",\"isPartOf\":{\"@id\":\"https:\\\/\\\/macite.tg\\\/#website\"},\"primaryImageOfPage\":{\"@id\":\"https:\\\/\\\/macite.tg\\\/?p=24577#primaryimage\"},\"image\":{\"@id\":\"https:\\\/\\\/macite.tg\\\/?p=24577#primaryimage\"},\"thumbnailUrl\":\"https:\\\/\\\/macite.tg\\\/wp-content\\\/uploads\\\/2025\\\/09\\\/image-13.png\",\"datePublished\":\"2025-09-10T18:33:59+00:00\",\"dateModified\":\"2025-09-10T18:35:39+00:00\",\"author\":{\"@id\":\"https:\\\/\\\/macite.tg\\\/#\\\/schema\\\/person\\\/e9f2de7e5dbbe7770a9402c7ce82f5c2\"},\"breadcrumb\":{\"@id\":\"https:\\\/\\\/macite.tg\\\/?p=24577#breadcrumb\"},\"inLanguage\":\"fr-FR\",\"potentialAction\":[{\"@type\":\"ReadAction\",\"target\":[\"https:\\\/\\\/macite.tg\\\/?p=24577\"]}]},{\"@type\":\"ImageObject\",\"inLanguage\":\"fr-FR\",\"@id\":\"https:\\\/\\\/macite.tg\\\/?p=24577#primaryimage\",\"url\":\"https:\\\/\\\/macite.tg\\\/wp-content\\\/uploads\\\/2025\\\/09\\\/image-13.png\",\"contentUrl\":\"https:\\\/\\\/macite.tg\\\/wp-content\\\/uploads\\\/2025\\\/09\\\/image-13.png\",\"width\":322,\"height\":270,\"caption\":\"Des \u00e9l\u00e9ments des Forces de d\u00e9fense et de s\u00e9curit\u00e9 (FDS)\"},{\"@type\":\"BreadcrumbList\",\"@id\":\"https:\\\/\\\/macite.tg\\\/?p=24577#breadcrumb\",\"itemListElement\":[{\"@type\":\"ListItem\",\"position\":1,\"name\":\"Accueil\",\"item\":\"https:\\\/\\\/macite.tg\\\/\"},{\"@type\":\"ListItem\",\"position\":2,\"name\":\"HOMMAGES AUX FDS : Une Conf\u00e9rence publique organis\u00e9e le 23 septembre \u00e0 Lom\u00e9\"}]},{\"@type\":\"WebSite\",\"@id\":\"https:\\\/\\\/macite.tg\\\/#website\",\"url\":\"https:\\\/\\\/macite.tg\\\/\",\"name\":\"\",\"description\":\"L&#039;information, la bonne!!!\",\"potentialAction\":[{\"@type\":\"SearchAction\",\"target\":{\"@type\":\"EntryPoint\",\"urlTemplate\":\"https:\\\/\\\/macite.tg\\\/?s={search_term_string}\"},\"query-input\":{\"@type\":\"PropertyValueSpecification\",\"valueRequired\":true,\"valueName\":\"search_term_string\"}}],\"inLanguage\":\"fr-FR\"},{\"@type\":\"Person\",\"@id\":\"https:\\\/\\\/macite.tg\\\/#\\\/schema\\\/person\\\/e9f2de7e5dbbe7770a9402c7ce82f5c2\",\"name\":\"Jean Pierre BAWELA\",\"image\":{\"@type\":\"ImageObject\",\"inLanguage\":\"fr-FR\",\"@id\":\"https:\\\/\\\/macite.tg\\\/wp-content\\\/uploads\\\/2023\\\/09\\\/WhatsApp-Image-2023-09-19-at-14.44.41-122x122.jpeg\",\"url\":\"https:\\\/\\\/macite.tg\\\/wp-content\\\/uploads\\\/2023\\\/09\\\/WhatsApp-Image-2023-09-19-at-14.44.41-122x122.jpeg\",\"contentUrl\":\"https:\\\/\\\/macite.tg\\\/wp-content\\\/uploads\\\/2023\\\/09\\\/WhatsApp-Image-2023-09-19-at-14.44.41-122x122.jpeg\",\"caption\":\"Jean Pierre BAWELA\"},\"url\":\"https:\\\/\\\/macite.tg\\\/?author=2\"}]}<\/script>\n<!-- \/ Yoast SEO plugin. -->","yoast_head_json":{"title":"HOMMAGES AUX FDS : Une Conf\u00e9rence publique organis\u00e9e le 23 septembre \u00e0 Lom\u00e9 -","robots":{"index":"index","follow":"follow","max-snippet":"max-snippet:-1","max-image-preview":"max-image-preview:large","max-video-preview":"max-video-preview:-1"},"canonical":"https:\/\/macite.tg\/?p=24577","og_locale":"fr_FR","og_type":"article","og_title":"HOMMAGES AUX FDS : Une Conf\u00e9rence publique organis\u00e9e le 23 septembre \u00e0 Lom\u00e9 -","og_description":"Dans le cadre des activit\u00e9s comm\u00e9moratives du 20\u00e8me anniversaire du rappel \u00e0 Dieu du G\u00e9n\u00e9ral Gnassingb\u00e9 Eyad\u00e9ma, une Conf\u00e9rence publique se tiendra le 23 septembre prochain, \u00e0 Lom\u00e9. Cette manifestation scientifique, selon les organisateurs, sera une occasion pour mettre en lumi\u00e8re les efforts d\u00e9ploy\u00e9s par [&hellip;]","og_url":"https:\/\/macite.tg\/?p=24577","article_published_time":"2025-09-10T18:33:59+00:00","article_modified_time":"2025-09-10T18:35:39+00:00","og_image":[{"width":322,"height":270,"url":"https:\/\/macite.tg\/wp-content\/uploads\/2025\/09\/image-13.png","type":"image\/png"}],"author":"Jean Pierre BAWELA","twitter_card":"summary_large_image","twitter_misc":{"\u00c9crit par":"Jean Pierre BAWELA","Dur\u00e9e de lecture estim\u00e9e":"3 minutes"},"schema":{"@context":"https:\/\/schema.org","@graph":[{"@type":"Article","@id":"https:\/\/macite.tg\/?p=24577#article","isPartOf":{"@id":"https:\/\/macite.tg\/?p=24577"},"author":{"name":"Jean Pierre BAWELA","@id":"https:\/\/macite.tg\/#\/schema\/person\/e9f2de7e5dbbe7770a9402c7ce82f5c2"},"headline":"HOMMAGES AUX FDS : Une Conf\u00e9rence publique organis\u00e9e le 23 septembre \u00e0 Lom\u00e9","datePublished":"2025-09-10T18:33:59+00:00","dateModified":"2025-09-10T18:35:39+00:00","mainEntityOfPage":{"@id":"https:\/\/macite.tg\/?p=24577"},"wordCount":339,"commentCount":0,"image":{"@id":"https:\/\/macite.tg\/?p=24577#primaryimage"},"thumbnailUrl":"https:\/\/macite.tg\/wp-content\/uploads\/2025\/09\/image-13.png","articleSection":["ACTUALITE","HOMMAGE"],"inLanguage":"fr-FR","potentialAction":[{"@type":"CommentAction","name":"Comment","target":["https:\/\/macite.tg\/?p=24577#respond"]}]},{"@type":"WebPage","@id":"https:\/\/macite.tg\/?p=24577","url":"https:\/\/macite.tg\/?p=24577","name":"HOMMAGES AUX FDS : Une Conf\u00e9rence publique organis\u00e9e le 23 septembre \u00e0 Lom\u00e9 -","isPartOf":{"@id":"https:\/\/macite.tg\/#website"},"primaryImageOfPage":{"@id":"https:\/\/macite.tg\/?p=24577#primaryimage"},"image":{"@id":"https:\/\/macite.tg\/?p=24577#primaryimage"},"thumbnailUrl":"https:\/\/macite.tg\/wp-content\/uploads\/2025\/09\/image-13.png","datePublished":"2025-09-10T18:33:59+00:00","dateModified":"2025-09-10T18:35:39+00:00","author":{"@id":"https:\/\/macite.tg\/#\/schema\/person\/e9f2de7e5dbbe7770a9402c7ce82f5c2"},"breadcrumb":{"@id":"https:\/\/macite.tg\/?p=24577#breadcrumb"},"inLanguage":"fr-FR","potentialAction":[{"@type":"ReadAction","target":["https:\/\/macite.tg\/?p=24577"]}]},{"@type":"ImageObject","inLanguage":"fr-FR","@id":"https:\/\/macite.tg\/?p=24577#primaryimage","url":"https:\/\/macite.tg\/wp-content\/uploads\/2025\/09\/image-13.png","contentUrl":"https:\/\/macite.tg\/wp-content\/uploads\/2025\/09\/image-13.png","width":322,"height":270,"caption":"Des \u00e9l\u00e9ments des Forces de d\u00e9fense et de s\u00e9curit\u00e9 (FDS)"},{"@type":"BreadcrumbList","@id":"https:\/\/macite.tg\/?p=24577#breadcrumb","itemListElement":[{"@type":"ListItem","position":1,"name":"Accueil","item":"https:\/\/macite.tg\/"},{"@type":"ListItem","position":2,"name":"HOMMAGES AUX FDS : Une Conf\u00e9rence publique organis\u00e9e le 23 septembre \u00e0 Lom\u00e9"}]},{"@type":"WebSite","@id":"https:\/\/macite.tg\/#website","url":"https:\/\/macite.tg\/","name":"","description":"L&#039;information, la bonne!!!","potentialAction":[{"@type":"SearchAction","target":{"@type":"EntryPoint","urlTemplate":"https:\/\/macite.tg\/?s={search_term_string}"},"query-input":{"@type":"PropertyValueSpecification","valueRequired":true,"valueName":"search_term_string"}}],"inLanguage":"fr-FR"},{"@type":"Person","@id":"https:\/\/macite.tg\/#\/schema\/person\/e9f2de7e5dbbe7770a9402c7ce82f5c2","name":"Jean Pierre BAWELA","image":{"@type":"ImageObject","inLanguage":"fr-FR","@id":"https:\/\/macite.tg\/wp-content\/uploads\/2023\/09\/WhatsApp-Image-2023-09-19-at-14.44.41-122x122.jpeg","url":"https:\/\/macite.tg\/wp-content\/uploads\/2023\/09\/WhatsApp-Image-2023-09-19-at-14.44.41-122x122.jpeg","contentUrl":"https:\/\/macite.tg\/wp-content\/uploads\/2023\/09\/WhatsApp-Image-2023-09-19-at-14.44.41-122x122.jpeg","caption":"Jean Pierre BAWELA"},"url":"https:\/\/macite.tg\/?author=2"}]}},"_links":{"self":[{"href":"https:\/\/macite.tg\/index.php?rest_route=\/wp\/v2\/posts\/24577","targetHints":{"allow":["GET"]}}],"collection":[{"href":"https:\/\/macite.tg\/index.php?rest_route=\/wp\/v2\/posts"}],"about":[{"href":"https:\/\/macite.tg\/index.php?rest_route=\/wp\/v2\/types\/post"}],"author":[{"embeddable":true,"href":"https:\/\/macite.tg\/index.php?rest_route=\/wp\/v2\/users\/2"}],"replies":[{"embeddable":true,"href":"https:\/\/macite.tg\/index.php?rest_route=%2Fwp%2Fv2%2Fcomments&post=24577"}],"version-history":[{"count":0,"href":"https:\/\/macite.tg\/index.php?rest_route=\/wp\/v2\/posts\/24577\/revisions"}],"wp:featuredmedia":[{"embeddable":true,"href":"https:\/\/macite.tg\/index.php?rest_route=\/wp\/v2\/media\/24578"}],"wp:attachment":[{"href":"https:\/\/macite.tg\/index.php?rest_route=%2Fwp%2Fv2%2Fmedia&parent=24577"}],"wp:term":[{"taxonomy":"category","embeddable":true,"href":"https:\/\/macite.tg\/index.php?rest_route=%2Fwp%2Fv2%2Fcategories&post=24577"},{"taxonomy":"post_tag","embeddable":true,"href":"https:\/\/macite.tg\/index.php?rest_route=%2Fwp%2Fv2%2Ftags&post=24577"}],"curies":[{"name":"wp","href":"https:\/\/api.w.org\/{rel}","templated":true}]}}