{"id":24566,"date":"2025-09-10T17:27:45","date_gmt":"2025-09-10T17:27:45","guid":{"rendered":"https:\/\/macite.tg\/?p=24566"},"modified":"2025-09-10T17:54:53","modified_gmt":"2025-09-10T17:54:53","slug":"cooperation-lassemblee-nationale-et-lunfpa-decide-a-consolider-leur-partenariat","status":"publish","type":"post","link":"https:\/\/macite.tg\/?p=24566","title":{"rendered":"COOPERATION : L\u2019Assembl\u00e9e nationale et l\u2019UNFPA d\u00e9cid\u00e9s \u00e0 consolider leur partenariat \u00a0"},"content":{"rendered":"\n<p class=\"wp-block-paragraph\"><strong><em>Le Pr\u00e9sident de l\u2019Assembl\u00e9e nationale, Sevon-T\u00e9p\u00e9 Kodjo Ad\u00e9dz\u00e9, s\u2019est entretenu, ce mercredi 10 septembre, avec la nouvelle Repr\u00e9sentante r\u00e9sidente du Fonds des Nations Unies pour la population (UNFPA) au Togo, Mme Elise Kakam. Au-del\u00e0 d\u2019une visite de courtoisie pour la pr\u00e9sentation des civilit\u00e9s, la rencontre a permis aux deux personnalit\u00e9s de revisiter le partenariat entre l\u2019Assembl\u00e9e Nationale et l\u2019agence onusienne en faveur des populations.<\/em><\/strong><\/p>\n\n\n\n<p class=\"wp-block-paragraph\">\u00c0 l\u2019issue de l\u2019audience, Mme Kakam a r\u00e9affirm\u00e9 le soutien de l\u2019UNFPA aux institutions togolaises tout en partageant les grandes lignes de sa mission au Togo. Elle a salu\u00e9 l\u2019int\u00e9r\u00eat et la parfaite connaissance du Pr\u00e9sident de l\u2019Assembl\u00e9e nationale des actions men\u00e9es par l\u2019UNFPA au Togo, et a rapport\u00e9 l\u2019engagement r\u00e9affirm\u00e9 de l\u2019institution parlementaire \u00e0 accompagner l\u2019UNFPA dans ses priorit\u00e9s d\u2019action.<\/p>\n\n\n\n<p class=\"wp-block-paragraph\"><em>\u00ab Le Pr\u00e9sident de l\u2019Assembl\u00e9e nationale nous a rassur\u00e9 de son engagement \u00e0 continuer \u00e0 jouer son r\u00f4le au niveau de l\u2019h\u00e9micycle pour que ce travail, particuli\u00e8rement sur la protection des enfants, sur la lutte contre les violences bas\u00e9es sur le genre soient pris en compte au niveau de l\u2019h\u00e9micycle par tous les d\u00e9put\u00e9s. De plus, pour que chacun d\u2019eux puisse en parler dans sa r\u00e9gion et puisse le prendre en main afin qu\u2019une budg\u00e9tisation sensible au genre soit effective \u00bb,<\/em> a indiqu\u00e9 Mme Elise Kakam, nouvelle Repr\u00e9sentante r\u00e9sidente de l\u2019UNFPA au Togo.<\/p>\n\n\n\n<p class=\"wp-block-paragraph\">Cette audience illustre ainsi la volont\u00e9 conjointe de l\u2019Assembl\u00e9e nationale et de l\u2019UNFPA de consolider leur partenariat pour un d\u00e9veloppement inclusif et respectueux des droits fondamentaux au Togo.<\/p>\n\n\n\n<p class=\"wp-block-paragraph\">L\u2019UNFPA, est l\u2019agence des Nations Unies charg\u00e9e de la sant\u00e9 sexuelle et reproductive. Elle \u0153uvre pour un monde o\u00f9 chaque grossesse est d\u00e9sir\u00e9e, chaque accouchement est sans danger, et o\u00f9 chaque jeune peut r\u00e9aliser pleinement son potentiel. L\u2019agence met un accent particulier sur la protection des droits, l\u2019\u00e9galit\u00e9 des chances et la lutte contre toutes formes de violences bas\u00e9es sur le genre.<\/p>\n\n\n\n<p class=\"wp-block-paragraph\">Madame Elise Kakam est titulaire d\u2019une ma\u00eetrise en gestion financi\u00e8re de l\u2019Universit\u00e9 Catholique de Yaound\u00e9 au Cameroun et d\u2019un MBA en Leadership et Durabilit\u00e9 dans le d\u00e9veloppement de l\u2019Universit\u00e9 de Cumbria au Royaume-Uni. Elle cumule plus de 15 ans d\u2019exp\u00e9rience au sein de l\u2019UNFPA, o\u00f9 elle a occup\u00e9 des postes strat\u00e9giques allant de Charg\u00e9e des op\u00e9rations \u00e0 Repr\u00e9sentante adjointe, avant d\u2019\u00eatre nomm\u00e9e Repr\u00e9sentante r\u00e9sidente.<\/p>\n\n\n\n<p class=\"wp-block-paragraph\">Avant son arriv\u00e9e au Togo, elle a exerc\u00e9 comme Repr\u00e9sentante adjointe de l\u2019UNFPA au Tchad, apr\u00e8s avoir travaill\u00e9 en Afrique de l\u2019Est et dirig\u00e9 le plus grand bureau humanitaire de l\u2019agence \u00e0 Goma, en R\u00e9publique D\u00e9mocratique du Congo. Son exp\u00e9rience s\u2019\u00e9tend \u00e9galement \u00e0 la gestion des op\u00e9rations de l\u2019UNFPA au Ghana et en Angola. Elle a par ailleurs \u00e9t\u00e9 membre du groupe consultatif interne de l\u2019UNFPA pour divers programmes pays.<\/p>\n\n\n\n<p class=\"wp-block-paragraph\">Son mandat s\u2019annonce comme une opportunit\u00e9 majeure pour renforcer les actions de l\u2019agence en mati\u00e8re de sant\u00e9 reproductive, de protection des enfants et de lutte contre les violences bas\u00e9es sur le genre au Togo.<\/p>\n\n\n\n<p class=\"wp-block-paragraph\"><strong>AN<\/strong><\/p>\n\n\n\n<p class=\"wp-block-paragraph\"><a><strong><em>@macite.tg&nbsp;&nbsp;&nbsp;&nbsp;&nbsp;&nbsp;&nbsp;&nbsp;<\/em><\/strong><\/a><\/p>\n\n\n\n<p class=\"wp-block-paragraph\"><strong><em>E-mail&nbsp;: <\/em><\/strong><a href=\"mailto:maciteinfo@gmail.com\"><strong><em>maciteinfo@gmail.com<\/em><\/strong><\/a><strong><em>; <\/em><\/strong><a href=\"mailto:bawela1@gmail.com\"><strong><em>bawela1@gmail.com<\/em><\/strong><\/a><strong><em> <\/em><\/strong><strong><em><\/em><\/strong><\/p>\n\n\n\n<p class=\"wp-block-paragraph\"><strong><em>Pour vos annonces, (publi)reportages, etc., joignez-nous au (00228)91515309\/<strong>79872224 <\/strong><strong><\/strong><\/em><\/strong><\/p>\n\n\n\n<p class=\"wp-block-paragraph\"><strong><em>www.macite.tg, L\u2019information, la bonne&nbsp;!<\/em><\/strong><\/p>\n\n\n\n<p class=\"wp-block-paragraph\"><\/p>\n","protected":false},"excerpt":{"rendered":"<p class=\"text-justify mb-2\" >Le Pr\u00e9sident de l\u2019Assembl\u00e9e nationale, Sevon-T\u00e9p\u00e9 Kodjo Ad\u00e9dz\u00e9, s\u2019est entretenu, ce mercredi 10 septembre, avec la nouvelle Repr\u00e9sentante r\u00e9sidente du Fonds des Nations Unies pour la population (UNFPA) au Togo, Mme Elise Kakam. Au-del\u00e0 d\u2019une visite de courtoisie pour la pr\u00e9sentation des civilit\u00e9s, la rencontre [&hellip;]<\/p>\n","protected":false},"author":2,"featured_media":24571,"comment_status":"open","ping_status":"open","sticky":false,"template":"","format":"standard","meta":{"footnotes":""},"categories":[20,16],"tags":[],"class_list":["post-24566","post","type-post","status-publish","format-standard","has-post-thumbnail","hentry","category-actualite","category-cooperation"],"yoast_head":"<!-- This site is optimized with the Yoast SEO plugin v28.4 - https:\/\/yoast.com\/product\/yoast-seo-wordpress\/ -->\n<title>COOPERATION : L\u2019Assembl\u00e9e nationale et l\u2019UNFPA d\u00e9cid\u00e9s \u00e0 consolider leur partenariat \u00a0 -<\/title>\n<meta name=\"robots\" content=\"index, follow, max-snippet:-1, max-image-preview:large, max-video-preview:-1\" \/>\n<link rel=\"canonical\" href=\"https:\/\/macite.tg\/?p=24566\" \/>\n<meta property=\"og:locale\" content=\"fr_FR\" \/>\n<meta property=\"og:type\" content=\"article\" \/>\n<meta property=\"og:title\" content=\"COOPERATION : L\u2019Assembl\u00e9e nationale et l\u2019UNFPA d\u00e9cid\u00e9s \u00e0 consolider leur partenariat \u00a0 -\" \/>\n<meta property=\"og:description\" content=\"Le Pr\u00e9sident de l\u2019Assembl\u00e9e nationale, Sevon-T\u00e9p\u00e9 Kodjo Ad\u00e9dz\u00e9, s\u2019est entretenu, ce mercredi 10 septembre, avec la nouvelle Repr\u00e9sentante r\u00e9sidente du Fonds des Nations Unies pour la population (UNFPA) au Togo, Mme Elise Kakam. Au-del\u00e0 d\u2019une visite de courtoisie pour la pr\u00e9sentation des civilit\u00e9s, la rencontre [&hellip;]\" \/>\n<meta property=\"og:url\" content=\"https:\/\/macite.tg\/?p=24566\" \/>\n<meta property=\"article:published_time\" content=\"2025-09-10T17:27:45+00:00\" \/>\n<meta property=\"article:modified_time\" content=\"2025-09-10T17:54:53+00:00\" \/>\n<meta property=\"og:image\" content=\"https:\/\/macite.tg\/wp-content\/uploads\/2025\/09\/UNFPA-AN.jpg\" \/>\n\t<meta property=\"og:image:width\" content=\"500\" \/>\n\t<meta property=\"og:image:height\" content=\"380\" \/>\n\t<meta property=\"og:image:type\" content=\"image\/jpeg\" \/>\n<meta name=\"author\" content=\"Jean Pierre BAWELA\" \/>\n<meta name=\"twitter:card\" content=\"summary_large_image\" \/>\n<meta name=\"twitter:label1\" content=\"\u00c9crit par\" \/>\n\t<meta name=\"twitter:data1\" content=\"Jean Pierre BAWELA\" \/>\n\t<meta name=\"twitter:label2\" content=\"Dur\u00e9e de lecture estim\u00e9e\" \/>\n\t<meta name=\"twitter:data2\" content=\"3 minutes\" \/>\n<script type=\"application\/ld+json\" class=\"yoast-schema-graph\">{\"@context\":\"https:\\\/\\\/schema.org\",\"@graph\":[{\"@type\":\"Article\",\"@id\":\"https:\\\/\\\/macite.tg\\\/?p=24566#article\",\"isPartOf\":{\"@id\":\"https:\\\/\\\/macite.tg\\\/?p=24566\"},\"author\":{\"name\":\"Jean Pierre BAWELA\",\"@id\":\"https:\\\/\\\/macite.tg\\\/#\\\/schema\\\/person\\\/e9f2de7e5dbbe7770a9402c7ce82f5c2\"},\"headline\":\"COOPERATION : L\u2019Assembl\u00e9e nationale et l\u2019UNFPA d\u00e9cid\u00e9s \u00e0 consolider leur partenariat \u00a0\",\"datePublished\":\"2025-09-10T17:27:45+00:00\",\"dateModified\":\"2025-09-10T17:54:53+00:00\",\"mainEntityOfPage\":{\"@id\":\"https:\\\/\\\/macite.tg\\\/?p=24566\"},\"wordCount\":614,\"commentCount\":0,\"image\":{\"@id\":\"https:\\\/\\\/macite.tg\\\/?p=24566#primaryimage\"},\"thumbnailUrl\":\"https:\\\/\\\/macite.tg\\\/wp-content\\\/uploads\\\/2025\\\/09\\\/UNFPA-AN.jpg\",\"articleSection\":[\"ACTUALITE\",\"COOPERATION\"],\"inLanguage\":\"fr-FR\",\"potentialAction\":[{\"@type\":\"CommentAction\",\"name\":\"Comment\",\"target\":[\"https:\\\/\\\/macite.tg\\\/?p=24566#respond\"]}]},{\"@type\":\"WebPage\",\"@id\":\"https:\\\/\\\/macite.tg\\\/?p=24566\",\"url\":\"https:\\\/\\\/macite.tg\\\/?p=24566\",\"name\":\"COOPERATION : L\u2019Assembl\u00e9e nationale et l\u2019UNFPA d\u00e9cid\u00e9s \u00e0 consolider leur partenariat \u00a0 -\",\"isPartOf\":{\"@id\":\"https:\\\/\\\/macite.tg\\\/#website\"},\"primaryImageOfPage\":{\"@id\":\"https:\\\/\\\/macite.tg\\\/?p=24566#primaryimage\"},\"image\":{\"@id\":\"https:\\\/\\\/macite.tg\\\/?p=24566#primaryimage\"},\"thumbnailUrl\":\"https:\\\/\\\/macite.tg\\\/wp-content\\\/uploads\\\/2025\\\/09\\\/UNFPA-AN.jpg\",\"datePublished\":\"2025-09-10T17:27:45+00:00\",\"dateModified\":\"2025-09-10T17:54:53+00:00\",\"author\":{\"@id\":\"https:\\\/\\\/macite.tg\\\/#\\\/schema\\\/person\\\/e9f2de7e5dbbe7770a9402c7ce82f5c2\"},\"breadcrumb\":{\"@id\":\"https:\\\/\\\/macite.tg\\\/?p=24566#breadcrumb\"},\"inLanguage\":\"fr-FR\",\"potentialAction\":[{\"@type\":\"ReadAction\",\"target\":[\"https:\\\/\\\/macite.tg\\\/?p=24566\"]}]},{\"@type\":\"ImageObject\",\"inLanguage\":\"fr-FR\",\"@id\":\"https:\\\/\\\/macite.tg\\\/?p=24566#primaryimage\",\"url\":\"https:\\\/\\\/macite.tg\\\/wp-content\\\/uploads\\\/2025\\\/09\\\/UNFPA-AN.jpg\",\"contentUrl\":\"https:\\\/\\\/macite.tg\\\/wp-content\\\/uploads\\\/2025\\\/09\\\/UNFPA-AN.jpg\",\"width\":500,\"height\":380},{\"@type\":\"BreadcrumbList\",\"@id\":\"https:\\\/\\\/macite.tg\\\/?p=24566#breadcrumb\",\"itemListElement\":[{\"@type\":\"ListItem\",\"position\":1,\"name\":\"Accueil\",\"item\":\"https:\\\/\\\/macite.tg\\\/\"},{\"@type\":\"ListItem\",\"position\":2,\"name\":\"COOPERATION : L\u2019Assembl\u00e9e nationale et l\u2019UNFPA d\u00e9cid\u00e9s \u00e0 consolider leur partenariat \u00a0\"}]},{\"@type\":\"WebSite\",\"@id\":\"https:\\\/\\\/macite.tg\\\/#website\",\"url\":\"https:\\\/\\\/macite.tg\\\/\",\"name\":\"\",\"description\":\"L&#039;information, la bonne!!!\",\"potentialAction\":[{\"@type\":\"SearchAction\",\"target\":{\"@type\":\"EntryPoint\",\"urlTemplate\":\"https:\\\/\\\/macite.tg\\\/?s={search_term_string}\"},\"query-input\":{\"@type\":\"PropertyValueSpecification\",\"valueRequired\":true,\"valueName\":\"search_term_string\"}}],\"inLanguage\":\"fr-FR\"},{\"@type\":\"Person\",\"@id\":\"https:\\\/\\\/macite.tg\\\/#\\\/schema\\\/person\\\/e9f2de7e5dbbe7770a9402c7ce82f5c2\",\"name\":\"Jean Pierre BAWELA\",\"image\":{\"@type\":\"ImageObject\",\"inLanguage\":\"fr-FR\",\"@id\":\"https:\\\/\\\/macite.tg\\\/wp-content\\\/uploads\\\/2023\\\/09\\\/WhatsApp-Image-2023-09-19-at-14.44.41-122x122.jpeg\",\"url\":\"https:\\\/\\\/macite.tg\\\/wp-content\\\/uploads\\\/2023\\\/09\\\/WhatsApp-Image-2023-09-19-at-14.44.41-122x122.jpeg\",\"contentUrl\":\"https:\\\/\\\/macite.tg\\\/wp-content\\\/uploads\\\/2023\\\/09\\\/WhatsApp-Image-2023-09-19-at-14.44.41-122x122.jpeg\",\"caption\":\"Jean Pierre BAWELA\"},\"url\":\"https:\\\/\\\/macite.tg\\\/?author=2\"}]}<\/script>\n<!-- \/ Yoast SEO plugin. -->","yoast_head_json":{"title":"COOPERATION : L\u2019Assembl\u00e9e nationale et l\u2019UNFPA d\u00e9cid\u00e9s \u00e0 consolider leur partenariat \u00a0 -","robots":{"index":"index","follow":"follow","max-snippet":"max-snippet:-1","max-image-preview":"max-image-preview:large","max-video-preview":"max-video-preview:-1"},"canonical":"https:\/\/macite.tg\/?p=24566","og_locale":"fr_FR","og_type":"article","og_title":"COOPERATION : L\u2019Assembl\u00e9e nationale et l\u2019UNFPA d\u00e9cid\u00e9s \u00e0 consolider leur partenariat \u00a0 -","og_description":"Le Pr\u00e9sident de l\u2019Assembl\u00e9e nationale, Sevon-T\u00e9p\u00e9 Kodjo Ad\u00e9dz\u00e9, s\u2019est entretenu, ce mercredi 10 septembre, avec la nouvelle Repr\u00e9sentante r\u00e9sidente du Fonds des Nations Unies pour la population (UNFPA) au Togo, Mme Elise Kakam. Au-del\u00e0 d\u2019une visite de courtoisie pour la pr\u00e9sentation des civilit\u00e9s, la rencontre [&hellip;]","og_url":"https:\/\/macite.tg\/?p=24566","article_published_time":"2025-09-10T17:27:45+00:00","article_modified_time":"2025-09-10T17:54:53+00:00","og_image":[{"width":500,"height":380,"url":"https:\/\/macite.tg\/wp-content\/uploads\/2025\/09\/UNFPA-AN.jpg","type":"image\/jpeg"}],"author":"Jean Pierre BAWELA","twitter_card":"summary_large_image","twitter_misc":{"\u00c9crit par":"Jean Pierre BAWELA","Dur\u00e9e de lecture estim\u00e9e":"3 minutes"},"schema":{"@context":"https:\/\/schema.org","@graph":[{"@type":"Article","@id":"https:\/\/macite.tg\/?p=24566#article","isPartOf":{"@id":"https:\/\/macite.tg\/?p=24566"},"author":{"name":"Jean Pierre BAWELA","@id":"https:\/\/macite.tg\/#\/schema\/person\/e9f2de7e5dbbe7770a9402c7ce82f5c2"},"headline":"COOPERATION : L\u2019Assembl\u00e9e nationale et l\u2019UNFPA d\u00e9cid\u00e9s \u00e0 consolider leur partenariat \u00a0","datePublished":"2025-09-10T17:27:45+00:00","dateModified":"2025-09-10T17:54:53+00:00","mainEntityOfPage":{"@id":"https:\/\/macite.tg\/?p=24566"},"wordCount":614,"commentCount":0,"image":{"@id":"https:\/\/macite.tg\/?p=24566#primaryimage"},"thumbnailUrl":"https:\/\/macite.tg\/wp-content\/uploads\/2025\/09\/UNFPA-AN.jpg","articleSection":["ACTUALITE","COOPERATION"],"inLanguage":"fr-FR","potentialAction":[{"@type":"CommentAction","name":"Comment","target":["https:\/\/macite.tg\/?p=24566#respond"]}]},{"@type":"WebPage","@id":"https:\/\/macite.tg\/?p=24566","url":"https:\/\/macite.tg\/?p=24566","name":"COOPERATION : L\u2019Assembl\u00e9e nationale et l\u2019UNFPA d\u00e9cid\u00e9s \u00e0 consolider leur partenariat \u00a0 -","isPartOf":{"@id":"https:\/\/macite.tg\/#website"},"primaryImageOfPage":{"@id":"https:\/\/macite.tg\/?p=24566#primaryimage"},"image":{"@id":"https:\/\/macite.tg\/?p=24566#primaryimage"},"thumbnailUrl":"https:\/\/macite.tg\/wp-content\/uploads\/2025\/09\/UNFPA-AN.jpg","datePublished":"2025-09-10T17:27:45+00:00","dateModified":"2025-09-10T17:54:53+00:00","author":{"@id":"https:\/\/macite.tg\/#\/schema\/person\/e9f2de7e5dbbe7770a9402c7ce82f5c2"},"breadcrumb":{"@id":"https:\/\/macite.tg\/?p=24566#breadcrumb"},"inLanguage":"fr-FR","potentialAction":[{"@type":"ReadAction","target":["https:\/\/macite.tg\/?p=24566"]}]},{"@type":"ImageObject","inLanguage":"fr-FR","@id":"https:\/\/macite.tg\/?p=24566#primaryimage","url":"https:\/\/macite.tg\/wp-content\/uploads\/2025\/09\/UNFPA-AN.jpg","contentUrl":"https:\/\/macite.tg\/wp-content\/uploads\/2025\/09\/UNFPA-AN.jpg","width":500,"height":380},{"@type":"BreadcrumbList","@id":"https:\/\/macite.tg\/?p=24566#breadcrumb","itemListElement":[{"@type":"ListItem","position":1,"name":"Accueil","item":"https:\/\/macite.tg\/"},{"@type":"ListItem","position":2,"name":"COOPERATION : L\u2019Assembl\u00e9e nationale et l\u2019UNFPA d\u00e9cid\u00e9s \u00e0 consolider leur partenariat \u00a0"}]},{"@type":"WebSite","@id":"https:\/\/macite.tg\/#website","url":"https:\/\/macite.tg\/","name":"","description":"L&#039;information, la bonne!!!","potentialAction":[{"@type":"SearchAction","target":{"@type":"EntryPoint","urlTemplate":"https:\/\/macite.tg\/?s={search_term_string}"},"query-input":{"@type":"PropertyValueSpecification","valueRequired":true,"valueName":"search_term_string"}}],"inLanguage":"fr-FR"},{"@type":"Person","@id":"https:\/\/macite.tg\/#\/schema\/person\/e9f2de7e5dbbe7770a9402c7ce82f5c2","name":"Jean Pierre BAWELA","image":{"@type":"ImageObject","inLanguage":"fr-FR","@id":"https:\/\/macite.tg\/wp-content\/uploads\/2023\/09\/WhatsApp-Image-2023-09-19-at-14.44.41-122x122.jpeg","url":"https:\/\/macite.tg\/wp-content\/uploads\/2023\/09\/WhatsApp-Image-2023-09-19-at-14.44.41-122x122.jpeg","contentUrl":"https:\/\/macite.tg\/wp-content\/uploads\/2023\/09\/WhatsApp-Image-2023-09-19-at-14.44.41-122x122.jpeg","caption":"Jean Pierre BAWELA"},"url":"https:\/\/macite.tg\/?author=2"}]}},"_links":{"self":[{"href":"https:\/\/macite.tg\/index.php?rest_route=\/wp\/v2\/posts\/24566","targetHints":{"allow":["GET"]}}],"collection":[{"href":"https:\/\/macite.tg\/index.php?rest_route=\/wp\/v2\/posts"}],"about":[{"href":"https:\/\/macite.tg\/index.php?rest_route=\/wp\/v2\/types\/post"}],"author":[{"embeddable":true,"href":"https:\/\/macite.tg\/index.php?rest_route=\/wp\/v2\/users\/2"}],"replies":[{"embeddable":true,"href":"https:\/\/macite.tg\/index.php?rest_route=%2Fwp%2Fv2%2Fcomments&post=24566"}],"version-history":[{"count":0,"href":"https:\/\/macite.tg\/index.php?rest_route=\/wp\/v2\/posts\/24566\/revisions"}],"wp:featuredmedia":[{"embeddable":true,"href":"https:\/\/macite.tg\/index.php?rest_route=\/wp\/v2\/media\/24571"}],"wp:attachment":[{"href":"https:\/\/macite.tg\/index.php?rest_route=%2Fwp%2Fv2%2Fmedia&parent=24566"}],"wp:term":[{"taxonomy":"category","embeddable":true,"href":"https:\/\/macite.tg\/index.php?rest_route=%2Fwp%2Fv2%2Fcategories&post=24566"},{"taxonomy":"post_tag","embeddable":true,"href":"https:\/\/macite.tg\/index.php?rest_route=%2Fwp%2Fv2%2Ftags&post=24566"}],"curies":[{"name":"wp","href":"https:\/\/api.w.org\/{rel}","templated":true}]}}