{"id":24562,"date":"2025-09-10T15:46:25","date_gmt":"2025-09-10T15:46:25","guid":{"rendered":"https:\/\/macite.tg\/?p=24562"},"modified":"2025-09-10T15:46:34","modified_gmt":"2025-09-10T15:46:34","slug":"pour-une-rentree-reussie-long-aavoed-distribue-des-kits-scolaires-dans-la-prefecture-dagoe-nyive","status":"publish","type":"post","link":"https:\/\/macite.tg\/?p=24562","title":{"rendered":"POUR UNE RENTREE REUSSIE\u00a0: L\u2019ONG AAVOED distribue des kits scolaires dans la pr\u00e9fecture d\u2019Ago\u00e8-Nyiv\u00e9"},"content":{"rendered":"\n<p class=\"wp-block-paragraph\"><strong><em>L\u2019ONG Aide et Action \u00e0 la Veuve, \u00e0 l\u2019Orphelin et \u00e0 l\u2019Enfant D\u00e9sh\u00e9rit\u00e9<\/em><\/strong> (<strong><em>AAVOED) a proc\u00e9d\u00e9, ce mercredi 10 septembre, \u00e0 un don de kits scolaires aux \u00e9l\u00e8ves dans la Pr\u00e9fecture d\u2019Ago\u00e8-Nyiv\u00e9. Cette action de solidarit\u00e9, qui intervient \u00e0 quelques jours de la rentr\u00e9e scolaire 2025-2026, vise \u00e0 permettre aux enfants d\u00e9favoris\u00e9s, d\u2019amorcer la nouvelle ann\u00e9e scolaire avec s\u00e9r\u00e9nit\u00e9. Dans cette pr\u00e9fecture, cent \u00e9l\u00e8ves ont b\u00e9n\u00e9fici\u00e9 de cette action de g\u00e9n\u00e9rosit\u00e9 de l\u2019ONG. Les kits sont compos\u00e9s d\u2019un ensemble de mat\u00e9riel, tels que les cahiers, les ardoises, les stylos, les crayons, des ensembles g\u00e9om\u00e9triques, et autres.<\/em><\/strong><\/p>\n\n\n\n<p class=\"wp-block-paragraph\">C\u2019est devenu une tradition pour AAVOED, car, chaque ann\u00e9e la m\u00eame op\u00e9ration se d\u00e9roule dans cette pr\u00e9fecture au profit des enfants en situation de vuln\u00e9rabilit\u00e9 parrain\u00e9s par l\u2019ONG. Parmi les b\u00e9n\u00e9ficiaires, on d\u00e9nombre des nouveaux bacheliers. Ces derniers sont assist\u00e9s de mani\u00e8re particuli\u00e8re. Les futurs \u00e9tudiants ont re\u00e7u des paquets de rames et des enveloppes financi\u00e8res destin\u00e9es \u00e0 facilit\u00e9s les proc\u00e9dures d\u2019inscription dans les universit\u00e9s du Togo.<\/p>\n\n\n\n<p class=\"wp-block-paragraph\"><em>\u00ab&nbsp;Chaque ann\u00e9e l\u2019ONG AAVOED et sa pr\u00e9sidente veulent \u00e0 travers cette action de solidarit\u00e9 donner la chance aux enfants d\u00e9favoris\u00e9 de la pr\u00e9fecture d\u2019Ago\u00e8-Nyiv\u00e9 de faire leur rentr\u00e9e scolaire en toute s\u00e9r\u00e9nit\u00e9. En leur apportant du soutient, nous marquons ainsi l\u2019engagement et la d\u00e9termination d\u2019AAVOED \u00e0 la promotion de l\u2019\u00e9ducation pour tous. C\u2019est aussi l\u2019occasion pour nous de lancer un vibrant appel \u00e0 toutes les bonnes volont\u00e9s \u00e0 soutenir cette dynamique de l\u2019ONG afin de contribuer efficacement \u00e0 construire un meilleur avenir pour nos enfants et par ricochet pour la nation togolais toute enti\u00e8re&nbsp;\u00bb, <\/em>a soulign\u00e9 M. Firmin Kataoura Longah, repr\u00e9sentant pour l\u2019occasion, la pr\u00e9sidente d\u2019AAVOED, la S\u00e9natrice Molgah Abougnima-Kadjaka.<\/p>\n\n\n<div class=\"wp-block-image\">\n<figure class=\"aligncenter size-full\"><img loading=\"lazy\" decoding=\"async\" width=\"851\" height=\"315\" src=\"https:\/\/macite.tg\/wp-content\/uploads\/2025\/09\/OTR_Ferer-pour-batir-1.jpg\" alt=\"\" class=\"wp-image-24441\" srcset=\"https:\/\/macite.tg\/wp-content\/uploads\/2025\/09\/OTR_Ferer-pour-batir-1.jpg 851w, https:\/\/macite.tg\/wp-content\/uploads\/2025\/09\/OTR_Ferer-pour-batir-1-300x111.jpg 300w, https:\/\/macite.tg\/wp-content\/uploads\/2025\/09\/OTR_Ferer-pour-batir-1-768x284.jpg 768w\" sizes=\"auto, (max-width: 851px) 100vw, 851px\" \/><\/figure>\n<\/div>\n\n\n<p class=\"wp-block-paragraph\">De CP1 en Terminale, tout niveau confondu, les pensionn\u00e9s d\u2019AAVOED de la pr\u00e9fecture d\u2019Ago\u00e8-Nyiv\u00e9, se sont succ\u00e9d\u00e9s pour recevoir chacun son kit, en pr\u00e9lude \u00e0 la rentr\u00e9e scolaire. L\u2019ONG AAVOED renforce ainsi son action sociale dans une dynamique de promotion de l\u2019\u00e9ducation pour tous au Togo.&nbsp;<\/p>\n\n\n\n<p class=\"wp-block-paragraph\"><em>\u00ab Votre d\u00e9termination \u00e0 aider les enfants qui en ont le plus besoin est admirable et t\u00e9moigne de l\u2019esprit de solidarit\u00e9 qui marque notre soci\u00e9t\u00e9. Gr\u00e2ce \u00e0 votre soutien, nous avons l\u2019opportunit\u00e9 de faire une diff\u00e9rence significative dans la vie de ces jeunes enfants. Nous savons tous que l\u2019\u00e9ducation est un droit fondamental pour chaque enfant. Elle est la cl\u00e9 qui ouvre les portes du savoir, de la culture et des opportunit\u00e9s pour une entr\u00e9e dans la vie active. Pourtant nous tous savons aussi que de nombreux enfants par manque de ressources ne peuvent pas acc\u00e9der \u00e0 une \u00e9ducation de qualit\u00e9&nbsp;\u00bb,<\/em>a d\u00e9clar\u00e9 M. Anku Dossavi, Secr\u00e9taire G\u00e9n\u00e9ral de la pr\u00e9fecture d\u2019Ago\u00e8-Nyiv\u00e9, repr\u00e9sentant le Pr\u00e9fet de ladite pr\u00e9fecture.<\/p>\n\n\n\n<p class=\"wp-block-paragraph\"><em>\u00ab&nbsp;Aujourd\u2019hui, gr\u00e2ce \u00e0 la g\u00e9n\u00e9rosit\u00e9 de l\u2019ONG AAVOED, nous avons l\u2019occasion de donner \u00e0 ces enfants ici pr\u00e9sents les outils n\u00e9cessaires pour s\u2019\u00e9panouir dans leur parcours scolaire. Les kits scolaires que l\u2019ONG AAVOED va distribuer sont plus que des fournitures. Ils sont une promesse d\u2019espoir et une invitation \u00e0 croire \u00e0 un avenir meilleur \u00bb,<\/em> a-t-il poursuivi.<\/p>\n\n\n\n<p class=\"wp-block-paragraph\">Cette c\u00e9r\u00e9monie de distribution de kits a offert la tribune aux intervenants de prodiguer d\u2019utiles conseils aux apprenants. Il s\u2019est agi, pour eux, de lancer un vibrant appel \u00e0 la culture de l\u2019excellence en milieu scolaire, et surtout, \u00e0 la scolarisation de la jeune fille en particulier.<\/p>\n\n\n<div class=\"wp-block-image\">\n<figure class=\"aligncenter size-large is-resized\"><img loading=\"lazy\" decoding=\"async\" width=\"1024\" height=\"1024\" src=\"https:\/\/macite.tg\/wp-content\/uploads\/2025\/09\/a85f0ce4-ba89-497d-a417-b4838d5a0d21-1024x1024.jpg\" alt=\"\" class=\"wp-image-24454\" style=\"width:532px;height:auto\" srcset=\"https:\/\/macite.tg\/wp-content\/uploads\/2025\/09\/a85f0ce4-ba89-497d-a417-b4838d5a0d21-1024x1024.jpg 1024w, https:\/\/macite.tg\/wp-content\/uploads\/2025\/09\/a85f0ce4-ba89-497d-a417-b4838d5a0d21-300x300.jpg 300w, https:\/\/macite.tg\/wp-content\/uploads\/2025\/09\/a85f0ce4-ba89-497d-a417-b4838d5a0d21-150x150.jpg 150w, https:\/\/macite.tg\/wp-content\/uploads\/2025\/09\/a85f0ce4-ba89-497d-a417-b4838d5a0d21-768x768.jpg 768w, https:\/\/macite.tg\/wp-content\/uploads\/2025\/09\/a85f0ce4-ba89-497d-a417-b4838d5a0d21-122x122.jpg 122w, https:\/\/macite.tg\/wp-content\/uploads\/2025\/09\/a85f0ce4-ba89-497d-a417-b4838d5a0d21.jpg 1080w\" sizes=\"auto, (max-width: 1024px) 100vw, 1024px\" \/><\/figure>\n<\/div>\n\n\n<p class=\"wp-block-paragraph\">L\u2019op\u00e9ration dans la pr\u00e9fecture d\u2019Ago\u00e8-Nyiv\u00e9 est la derni\u00e8re \u00e9tape de la campagne de pr\u00e9paration de la rentr\u00e9e scolaire entreprise par AAVOED au profit de ses parrain\u00e9s dans certaines pr\u00e9fectures du Togo, dont Doufelgou au nord du pays.&nbsp;<\/p>\n\n\n\n<p class=\"wp-block-paragraph\">Cette initiative illustre l\u2019engagement constant de l\u2019ONG AAVOED en faveur de l\u2019\u00e9ducation, valorise le travail, l\u2019assiduit\u00e9 et la pers\u00e9v\u00e9rance des \u00e9l\u00e8ves, et inspire toute la communaut\u00e9 \u00e0 contribuer activement \u00e0 la r\u00e9ussite scolaire et \u00e0 l\u2019\u00e9panouissement des jeunes g\u00e9n\u00e9rations<\/p>\n\n\n\n<p class=\"wp-block-paragraph\"><strong>G.K.<\/strong><\/p>\n\n\n\n<p class=\"wp-block-paragraph\"><a><strong><em>@macite.tg&nbsp;&nbsp;&nbsp;&nbsp;&nbsp;&nbsp;&nbsp;&nbsp;<\/em><\/strong><\/a><\/p>\n\n\n\n<p class=\"wp-block-paragraph\"><strong><em>E-mail&nbsp;: <\/em><\/strong><a href=\"mailto:maciteinfo@gmail.com\"><strong><em>maciteinfo@gmail.com<\/em><\/strong><\/a><strong><em>; <\/em><\/strong><a href=\"mailto:bawela1@gmail.com\"><strong><em>bawela1@gmail.com<\/em><\/strong><\/a><strong><em><\/em><\/strong><\/p>\n\n\n\n<p class=\"wp-block-paragraph\"><strong><em>Pour vos annonces, (publi)reportages, etc., joignez-nous au (00228)91515309\/<strong>79872224 <\/strong><strong><\/strong><\/em><\/strong><\/p>\n\n\n\n<p class=\"wp-block-paragraph\"><strong><em>www.macite.tg, L\u2019information, la bonne&nbsp;!<\/em><\/strong><\/p>\n\n\n\n<p class=\"wp-block-paragraph\"><\/p>\n","protected":false},"excerpt":{"rendered":"<p class=\"text-justify mb-2\" >L\u2019ONG Aide et Action \u00e0 la Veuve, \u00e0 l\u2019Orphelin et \u00e0 l\u2019Enfant D\u00e9sh\u00e9rit\u00e9 (AAVOED) a proc\u00e9d\u00e9, ce mercredi 10 septembre, \u00e0 un don de kits scolaires aux \u00e9l\u00e8ves dans la Pr\u00e9fecture d\u2019Ago\u00e8-Nyiv\u00e9. Cette action de solidarit\u00e9, qui intervient \u00e0 quelques jours de la rentr\u00e9e scolaire [&hellip;]<\/p>\n","protected":false},"author":2,"featured_media":24563,"comment_status":"open","ping_status":"open","sticky":false,"template":"","format":"standard","meta":{"footnotes":""},"categories":[20,4],"tags":[],"class_list":["post-24562","post","type-post","status-publish","format-standard","has-post-thumbnail","hentry","category-actualite","category-education"],"yoast_head":"<!-- This site is optimized with the Yoast SEO plugin v28.4 - https:\/\/yoast.com\/product\/yoast-seo-wordpress\/ -->\n<title>POUR UNE RENTREE REUSSIE\u00a0: L\u2019ONG AAVOED distribue des kits scolaires dans la pr\u00e9fecture d\u2019Ago\u00e8-Nyiv\u00e9 -<\/title>\n<meta name=\"robots\" content=\"index, follow, max-snippet:-1, max-image-preview:large, max-video-preview:-1\" \/>\n<link rel=\"canonical\" href=\"https:\/\/macite.tg\/?p=24562\" \/>\n<meta property=\"og:locale\" content=\"fr_FR\" \/>\n<meta property=\"og:type\" content=\"article\" \/>\n<meta property=\"og:title\" content=\"POUR UNE RENTREE REUSSIE\u00a0: L\u2019ONG AAVOED distribue des kits scolaires dans la pr\u00e9fecture d\u2019Ago\u00e8-Nyiv\u00e9 -\" \/>\n<meta property=\"og:description\" content=\"L\u2019ONG Aide et Action \u00e0 la Veuve, \u00e0 l\u2019Orphelin et \u00e0 l\u2019Enfant D\u00e9sh\u00e9rit\u00e9 (AAVOED) a proc\u00e9d\u00e9, ce mercredi 10 septembre, \u00e0 un don de kits scolaires aux \u00e9l\u00e8ves dans la Pr\u00e9fecture d\u2019Ago\u00e8-Nyiv\u00e9. Cette action de solidarit\u00e9, qui intervient \u00e0 quelques jours de la rentr\u00e9e scolaire [&hellip;]\" \/>\n<meta property=\"og:url\" content=\"https:\/\/macite.tg\/?p=24562\" \/>\n<meta property=\"article:published_time\" content=\"2025-09-10T15:46:25+00:00\" \/>\n<meta property=\"article:modified_time\" content=\"2025-09-10T15:46:34+00:00\" \/>\n<meta property=\"og:image\" content=\"https:\/\/macite.tg\/wp-content\/uploads\/2025\/09\/2cc85307-0eeb-4abb-88ea-2434f72ef6a5.jpg\" \/>\n\t<meta property=\"og:image:width\" content=\"500\" \/>\n\t<meta property=\"og:image:height\" content=\"266\" \/>\n\t<meta property=\"og:image:type\" content=\"image\/jpeg\" \/>\n<meta name=\"author\" content=\"Jean Pierre BAWELA\" \/>\n<meta name=\"twitter:card\" content=\"summary_large_image\" \/>\n<meta name=\"twitter:label1\" content=\"\u00c9crit par\" \/>\n\t<meta name=\"twitter:data1\" content=\"Jean Pierre BAWELA\" \/>\n\t<meta name=\"twitter:label2\" content=\"Dur\u00e9e de lecture estim\u00e9e\" \/>\n\t<meta name=\"twitter:data2\" content=\"4 minutes\" \/>\n<script type=\"application\/ld+json\" class=\"yoast-schema-graph\">{\"@context\":\"https:\\\/\\\/schema.org\",\"@graph\":[{\"@type\":\"Article\",\"@id\":\"https:\\\/\\\/macite.tg\\\/?p=24562#article\",\"isPartOf\":{\"@id\":\"https:\\\/\\\/macite.tg\\\/?p=24562\"},\"author\":{\"name\":\"Jean Pierre BAWELA\",\"@id\":\"https:\\\/\\\/macite.tg\\\/#\\\/schema\\\/person\\\/e9f2de7e5dbbe7770a9402c7ce82f5c2\"},\"headline\":\"POUR UNE RENTREE REUSSIE\u00a0: L\u2019ONG AAVOED distribue des kits scolaires dans la pr\u00e9fecture d\u2019Ago\u00e8-Nyiv\u00e9\",\"datePublished\":\"2025-09-10T15:46:25+00:00\",\"dateModified\":\"2025-09-10T15:46:34+00:00\",\"mainEntityOfPage\":{\"@id\":\"https:\\\/\\\/macite.tg\\\/?p=24562\"},\"wordCount\":793,\"commentCount\":0,\"image\":{\"@id\":\"https:\\\/\\\/macite.tg\\\/?p=24562#primaryimage\"},\"thumbnailUrl\":\"https:\\\/\\\/macite.tg\\\/wp-content\\\/uploads\\\/2025\\\/09\\\/2cc85307-0eeb-4abb-88ea-2434f72ef6a5.jpg\",\"articleSection\":[\"ACTUALITE\",\"EDUCATION\"],\"inLanguage\":\"fr-FR\",\"potentialAction\":[{\"@type\":\"CommentAction\",\"name\":\"Comment\",\"target\":[\"https:\\\/\\\/macite.tg\\\/?p=24562#respond\"]}]},{\"@type\":\"WebPage\",\"@id\":\"https:\\\/\\\/macite.tg\\\/?p=24562\",\"url\":\"https:\\\/\\\/macite.tg\\\/?p=24562\",\"name\":\"POUR UNE RENTREE REUSSIE\u00a0: L\u2019ONG AAVOED distribue des kits scolaires dans la pr\u00e9fecture d\u2019Ago\u00e8-Nyiv\u00e9 -\",\"isPartOf\":{\"@id\":\"https:\\\/\\\/macite.tg\\\/#website\"},\"primaryImageOfPage\":{\"@id\":\"https:\\\/\\\/macite.tg\\\/?p=24562#primaryimage\"},\"image\":{\"@id\":\"https:\\\/\\\/macite.tg\\\/?p=24562#primaryimage\"},\"thumbnailUrl\":\"https:\\\/\\\/macite.tg\\\/wp-content\\\/uploads\\\/2025\\\/09\\\/2cc85307-0eeb-4abb-88ea-2434f72ef6a5.jpg\",\"datePublished\":\"2025-09-10T15:46:25+00:00\",\"dateModified\":\"2025-09-10T15:46:34+00:00\",\"author\":{\"@id\":\"https:\\\/\\\/macite.tg\\\/#\\\/schema\\\/person\\\/e9f2de7e5dbbe7770a9402c7ce82f5c2\"},\"breadcrumb\":{\"@id\":\"https:\\\/\\\/macite.tg\\\/?p=24562#breadcrumb\"},\"inLanguage\":\"fr-FR\",\"potentialAction\":[{\"@type\":\"ReadAction\",\"target\":[\"https:\\\/\\\/macite.tg\\\/?p=24562\"]}]},{\"@type\":\"ImageObject\",\"inLanguage\":\"fr-FR\",\"@id\":\"https:\\\/\\\/macite.tg\\\/?p=24562#primaryimage\",\"url\":\"https:\\\/\\\/macite.tg\\\/wp-content\\\/uploads\\\/2025\\\/09\\\/2cc85307-0eeb-4abb-88ea-2434f72ef6a5.jpg\",\"contentUrl\":\"https:\\\/\\\/macite.tg\\\/wp-content\\\/uploads\\\/2025\\\/09\\\/2cc85307-0eeb-4abb-88ea-2434f72ef6a5.jpg\",\"width\":500,\"height\":266,\"caption\":\"Photo de famille des b\u00e9n\u00e9ifiaires\"},{\"@type\":\"BreadcrumbList\",\"@id\":\"https:\\\/\\\/macite.tg\\\/?p=24562#breadcrumb\",\"itemListElement\":[{\"@type\":\"ListItem\",\"position\":1,\"name\":\"Accueil\",\"item\":\"https:\\\/\\\/macite.tg\\\/\"},{\"@type\":\"ListItem\",\"position\":2,\"name\":\"POUR UNE RENTREE REUSSIE\u00a0: L\u2019ONG AAVOED distribue des kits scolaires dans la pr\u00e9fecture d\u2019Ago\u00e8-Nyiv\u00e9\"}]},{\"@type\":\"WebSite\",\"@id\":\"https:\\\/\\\/macite.tg\\\/#website\",\"url\":\"https:\\\/\\\/macite.tg\\\/\",\"name\":\"\",\"description\":\"L&#039;information, la bonne!!!\",\"potentialAction\":[{\"@type\":\"SearchAction\",\"target\":{\"@type\":\"EntryPoint\",\"urlTemplate\":\"https:\\\/\\\/macite.tg\\\/?s={search_term_string}\"},\"query-input\":{\"@type\":\"PropertyValueSpecification\",\"valueRequired\":true,\"valueName\":\"search_term_string\"}}],\"inLanguage\":\"fr-FR\"},{\"@type\":\"Person\",\"@id\":\"https:\\\/\\\/macite.tg\\\/#\\\/schema\\\/person\\\/e9f2de7e5dbbe7770a9402c7ce82f5c2\",\"name\":\"Jean Pierre BAWELA\",\"image\":{\"@type\":\"ImageObject\",\"inLanguage\":\"fr-FR\",\"@id\":\"https:\\\/\\\/macite.tg\\\/wp-content\\\/uploads\\\/2023\\\/09\\\/WhatsApp-Image-2023-09-19-at-14.44.41-122x122.jpeg\",\"url\":\"https:\\\/\\\/macite.tg\\\/wp-content\\\/uploads\\\/2023\\\/09\\\/WhatsApp-Image-2023-09-19-at-14.44.41-122x122.jpeg\",\"contentUrl\":\"https:\\\/\\\/macite.tg\\\/wp-content\\\/uploads\\\/2023\\\/09\\\/WhatsApp-Image-2023-09-19-at-14.44.41-122x122.jpeg\",\"caption\":\"Jean Pierre BAWELA\"},\"url\":\"https:\\\/\\\/macite.tg\\\/?author=2\"}]}<\/script>\n<!-- \/ Yoast SEO plugin. -->","yoast_head_json":{"title":"POUR UNE RENTREE REUSSIE\u00a0: L\u2019ONG AAVOED distribue des kits scolaires dans la pr\u00e9fecture d\u2019Ago\u00e8-Nyiv\u00e9 -","robots":{"index":"index","follow":"follow","max-snippet":"max-snippet:-1","max-image-preview":"max-image-preview:large","max-video-preview":"max-video-preview:-1"},"canonical":"https:\/\/macite.tg\/?p=24562","og_locale":"fr_FR","og_type":"article","og_title":"POUR UNE RENTREE REUSSIE\u00a0: L\u2019ONG AAVOED distribue des kits scolaires dans la pr\u00e9fecture d\u2019Ago\u00e8-Nyiv\u00e9 -","og_description":"L\u2019ONG Aide et Action \u00e0 la Veuve, \u00e0 l\u2019Orphelin et \u00e0 l\u2019Enfant D\u00e9sh\u00e9rit\u00e9 (AAVOED) a proc\u00e9d\u00e9, ce mercredi 10 septembre, \u00e0 un don de kits scolaires aux \u00e9l\u00e8ves dans la Pr\u00e9fecture d\u2019Ago\u00e8-Nyiv\u00e9. Cette action de solidarit\u00e9, qui intervient \u00e0 quelques jours de la rentr\u00e9e scolaire [&hellip;]","og_url":"https:\/\/macite.tg\/?p=24562","article_published_time":"2025-09-10T15:46:25+00:00","article_modified_time":"2025-09-10T15:46:34+00:00","og_image":[{"width":500,"height":266,"url":"https:\/\/macite.tg\/wp-content\/uploads\/2025\/09\/2cc85307-0eeb-4abb-88ea-2434f72ef6a5.jpg","type":"image\/jpeg"}],"author":"Jean Pierre BAWELA","twitter_card":"summary_large_image","twitter_misc":{"\u00c9crit par":"Jean Pierre BAWELA","Dur\u00e9e de lecture estim\u00e9e":"4 minutes"},"schema":{"@context":"https:\/\/schema.org","@graph":[{"@type":"Article","@id":"https:\/\/macite.tg\/?p=24562#article","isPartOf":{"@id":"https:\/\/macite.tg\/?p=24562"},"author":{"name":"Jean Pierre BAWELA","@id":"https:\/\/macite.tg\/#\/schema\/person\/e9f2de7e5dbbe7770a9402c7ce82f5c2"},"headline":"POUR UNE RENTREE REUSSIE\u00a0: L\u2019ONG AAVOED distribue des kits scolaires dans la pr\u00e9fecture d\u2019Ago\u00e8-Nyiv\u00e9","datePublished":"2025-09-10T15:46:25+00:00","dateModified":"2025-09-10T15:46:34+00:00","mainEntityOfPage":{"@id":"https:\/\/macite.tg\/?p=24562"},"wordCount":793,"commentCount":0,"image":{"@id":"https:\/\/macite.tg\/?p=24562#primaryimage"},"thumbnailUrl":"https:\/\/macite.tg\/wp-content\/uploads\/2025\/09\/2cc85307-0eeb-4abb-88ea-2434f72ef6a5.jpg","articleSection":["ACTUALITE","EDUCATION"],"inLanguage":"fr-FR","potentialAction":[{"@type":"CommentAction","name":"Comment","target":["https:\/\/macite.tg\/?p=24562#respond"]}]},{"@type":"WebPage","@id":"https:\/\/macite.tg\/?p=24562","url":"https:\/\/macite.tg\/?p=24562","name":"POUR UNE RENTREE REUSSIE\u00a0: L\u2019ONG AAVOED distribue des kits scolaires dans la pr\u00e9fecture d\u2019Ago\u00e8-Nyiv\u00e9 -","isPartOf":{"@id":"https:\/\/macite.tg\/#website"},"primaryImageOfPage":{"@id":"https:\/\/macite.tg\/?p=24562#primaryimage"},"image":{"@id":"https:\/\/macite.tg\/?p=24562#primaryimage"},"thumbnailUrl":"https:\/\/macite.tg\/wp-content\/uploads\/2025\/09\/2cc85307-0eeb-4abb-88ea-2434f72ef6a5.jpg","datePublished":"2025-09-10T15:46:25+00:00","dateModified":"2025-09-10T15:46:34+00:00","author":{"@id":"https:\/\/macite.tg\/#\/schema\/person\/e9f2de7e5dbbe7770a9402c7ce82f5c2"},"breadcrumb":{"@id":"https:\/\/macite.tg\/?p=24562#breadcrumb"},"inLanguage":"fr-FR","potentialAction":[{"@type":"ReadAction","target":["https:\/\/macite.tg\/?p=24562"]}]},{"@type":"ImageObject","inLanguage":"fr-FR","@id":"https:\/\/macite.tg\/?p=24562#primaryimage","url":"https:\/\/macite.tg\/wp-content\/uploads\/2025\/09\/2cc85307-0eeb-4abb-88ea-2434f72ef6a5.jpg","contentUrl":"https:\/\/macite.tg\/wp-content\/uploads\/2025\/09\/2cc85307-0eeb-4abb-88ea-2434f72ef6a5.jpg","width":500,"height":266,"caption":"Photo de famille des b\u00e9n\u00e9ifiaires"},{"@type":"BreadcrumbList","@id":"https:\/\/macite.tg\/?p=24562#breadcrumb","itemListElement":[{"@type":"ListItem","position":1,"name":"Accueil","item":"https:\/\/macite.tg\/"},{"@type":"ListItem","position":2,"name":"POUR UNE RENTREE REUSSIE\u00a0: L\u2019ONG AAVOED distribue des kits scolaires dans la pr\u00e9fecture d\u2019Ago\u00e8-Nyiv\u00e9"}]},{"@type":"WebSite","@id":"https:\/\/macite.tg\/#website","url":"https:\/\/macite.tg\/","name":"","description":"L&#039;information, la bonne!!!","potentialAction":[{"@type":"SearchAction","target":{"@type":"EntryPoint","urlTemplate":"https:\/\/macite.tg\/?s={search_term_string}"},"query-input":{"@type":"PropertyValueSpecification","valueRequired":true,"valueName":"search_term_string"}}],"inLanguage":"fr-FR"},{"@type":"Person","@id":"https:\/\/macite.tg\/#\/schema\/person\/e9f2de7e5dbbe7770a9402c7ce82f5c2","name":"Jean Pierre BAWELA","image":{"@type":"ImageObject","inLanguage":"fr-FR","@id":"https:\/\/macite.tg\/wp-content\/uploads\/2023\/09\/WhatsApp-Image-2023-09-19-at-14.44.41-122x122.jpeg","url":"https:\/\/macite.tg\/wp-content\/uploads\/2023\/09\/WhatsApp-Image-2023-09-19-at-14.44.41-122x122.jpeg","contentUrl":"https:\/\/macite.tg\/wp-content\/uploads\/2023\/09\/WhatsApp-Image-2023-09-19-at-14.44.41-122x122.jpeg","caption":"Jean Pierre BAWELA"},"url":"https:\/\/macite.tg\/?author=2"}]}},"_links":{"self":[{"href":"https:\/\/macite.tg\/index.php?rest_route=\/wp\/v2\/posts\/24562","targetHints":{"allow":["GET"]}}],"collection":[{"href":"https:\/\/macite.tg\/index.php?rest_route=\/wp\/v2\/posts"}],"about":[{"href":"https:\/\/macite.tg\/index.php?rest_route=\/wp\/v2\/types\/post"}],"author":[{"embeddable":true,"href":"https:\/\/macite.tg\/index.php?rest_route=\/wp\/v2\/users\/2"}],"replies":[{"embeddable":true,"href":"https:\/\/macite.tg\/index.php?rest_route=%2Fwp%2Fv2%2Fcomments&post=24562"}],"version-history":[{"count":0,"href":"https:\/\/macite.tg\/index.php?rest_route=\/wp\/v2\/posts\/24562\/revisions"}],"wp:featuredmedia":[{"embeddable":true,"href":"https:\/\/macite.tg\/index.php?rest_route=\/wp\/v2\/media\/24563"}],"wp:attachment":[{"href":"https:\/\/macite.tg\/index.php?rest_route=%2Fwp%2Fv2%2Fmedia&parent=24562"}],"wp:term":[{"taxonomy":"category","embeddable":true,"href":"https:\/\/macite.tg\/index.php?rest_route=%2Fwp%2Fv2%2Fcategories&post=24562"},{"taxonomy":"post_tag","embeddable":true,"href":"https:\/\/macite.tg\/index.php?rest_route=%2Fwp%2Fv2%2Ftags&post=24562"}],"curies":[{"name":"wp","href":"https:\/\/api.w.org\/{rel}","templated":true}]}}