{"id":24556,"date":"2025-09-10T15:04:41","date_gmt":"2025-09-10T15:04:41","guid":{"rendered":"https:\/\/macite.tg\/?p=24556"},"modified":"2025-09-10T15:04:45","modified_gmt":"2025-09-10T15:04:45","slug":"sante-infantile-un-enfant-sur-dix-dans-le-monde-est-touche-par-lobesite","status":"publish","type":"post","link":"https:\/\/macite.tg\/?p=24556","title":{"rendered":"SANTE INFANTILE\u00a0: Un enfant sur dix dans le monde est touch\u00e9 par l\u2019ob\u00e9sit\u00e9&#8230;"},"content":{"rendered":"\n<p class=\"wp-block-paragraph\"><strong><em>Selon un nouveau rapport de l\u2019UNICEF, publi\u00e9 ce 10 septembre, pr\u00e8s d\u2019un enfant sur dix, soit environ 188 millions dans le monde, est ob\u00e8se, donc malnutri. Ainsi, pour une premi\u00e8re fois dans l\u2019histoire, l\u2019ob\u00e9sit\u00e9 chez les enfants et adolescents d\u2019\u00e2ge scolaire d\u00e9passe l\u2019insuffisance pond\u00e9rale au niveau mondial. Cette tendance inqui\u00e9tante expose des millions de jeunes, accros \u00e0 des aliments ultra-transform\u00e9s, \u00e0 de graves maladies potentiellement mortelles.<\/em><\/strong><\/p>\n\n\n\n<p class=\"wp-block-paragraph\">Intitul\u00e9 <a href=\"https:\/\/www.unicef.org\/reports\/feeding-profit\"><em>Alimenter les profits&nbsp;: Comment les environnements alimentaires compromettent l\u2019avenir des enfants<\/em><\/a>, ledit rapport qui s\u2019appuie sur des donn\u00e9es provenant de plus de 190&nbsp;pays, fait \u00e9tat d\u2019une baisse constante dela pr\u00e9valence de l\u2019insuffisance pond\u00e9rale chez les enfants \u00e2g\u00e9s de 5 \u00e0 19&nbsp;ans depuis l\u2019ann\u00e9e&nbsp;2000, laquelle est pass\u00e9e de pr\u00e8s de 13&nbsp;% \u00e0 9,2&nbsp;%, et d\u2019une hausse des taux d\u2019ob\u00e9sit\u00e9, de 3&nbsp;% \u00e0 9,4&nbsp;%. Les enfants sont donc d\u00e9sormais davantage touch\u00e9s par l\u2019ob\u00e9sit\u00e9 que par l\u2019insuffisance pond\u00e9rale dans toutes les r\u00e9gions du monde, \u00e0 l\u2019exception de l\u2019Afrique subsaharienne et de l\u2019Asie du Sud.<\/p>\n\n\n<div class=\"wp-block-image\">\n<figure class=\"aligncenter size-full\"><img loading=\"lazy\" decoding=\"async\" width=\"851\" height=\"315\" src=\"https:\/\/macite.tg\/wp-content\/uploads\/2025\/09\/OTR_Ferer-pour-batir-1.jpg\" alt=\"\" class=\"wp-image-24441\" srcset=\"https:\/\/macite.tg\/wp-content\/uploads\/2025\/09\/OTR_Ferer-pour-batir-1.jpg 851w, https:\/\/macite.tg\/wp-content\/uploads\/2025\/09\/OTR_Ferer-pour-batir-1-300x111.jpg 300w, https:\/\/macite.tg\/wp-content\/uploads\/2025\/09\/OTR_Ferer-pour-batir-1-768x284.jpg 768w\" sizes=\"auto, (max-width: 851px) 100vw, 851px\" \/><\/figure>\n<\/div>\n\n\n<p class=\"wp-block-paragraph\">Selon ce rapport de l\u2019UNICEF, les pr\u00e9valences les plus \u00e9lev\u00e9e d\u2019ob\u00e9sit\u00e9 dans le monde, qui ont tous doubl\u00e9 depuis l\u2019an&nbsp;2000, sont enregistr\u00e9s dans les pays insulaires du Pacifique, notamment le Niou\u00e9, o\u00f9 38&nbsp;% des enfants de 5 \u00e0 19&nbsp;ans sont concern\u00e9s, des \u00celes Cook (37&nbsp;%) et de Nauru (33&nbsp;%). L\u2019on pointe du doigt l\u2019abandon des r\u00e9gimes alimentaires traditionnels au profit d\u2019aliments import\u00e9s bon march\u00e9 et \u00e0 forte teneur \u00e9nerg\u00e9tique.<\/p>\n\n\n\n<p class=\"wp-block-paragraph\">Parall\u00e8lement, la pr\u00e9valence de l\u2019ob\u00e9sit\u00e9 reste importante dans de nombreux pays \u00e0 revenu \u00e9lev\u00e9. Ainsi, 27&nbsp;% des enfants \u00e2g\u00e9s de 5 \u00e0 19&nbsp;ans sont touch\u00e9s par cette maladie chronique au Chili et 21&nbsp;%, aux \u00c9tats-Unis et aux \u00c9mirats arabes unis.<\/p>\n\n\n\n<p class=\"wp-block-paragraph\"><em>\u00ab&nbsp;Aujourd\u2019hui, lorsque nous parlons de malnutrition, nous ne faisons plus uniquement r\u00e9f\u00e9rence aux enfants pr\u00e9sentant une insuffisance pond\u00e9rale&nbsp;\u00bb,<\/em> explique Catherine&nbsp;Russell, Directrice g\u00e9n\u00e9rale de l\u2019UNICEF. <em>\u00ab&nbsp;L\u2019ob\u00e9sit\u00e9 est un probl\u00e8me de plus en plus pr\u00e9occupant qui peut avoir des r\u00e9percussions sur la sant\u00e9 et le d\u00e9veloppement des enfants. Les aliments ultra-transform\u00e9s remplacent de plus en plus les fruits, les l\u00e9gumes et les prot\u00e9ines \u00e0 une p\u00e9riode de la vie de l\u2019enfant o\u00f9 la nutrition joue un r\u00f4le de premier plan dans la croissance, le d\u00e9veloppement cognitif et la sant\u00e9 mentale.&nbsp;\u00bb<\/em><\/p>\n\n\n<div class=\"wp-block-image\">\n<figure class=\"aligncenter size-full is-resized\"><img loading=\"lazy\" decoding=\"async\" width=\"690\" height=\"170\" src=\"https:\/\/macite.tg\/wp-content\/uploads\/2025\/09\/OTR_TVM.jpg\" alt=\"\" class=\"wp-image-24458\" style=\"width:840px;height:auto\" srcset=\"https:\/\/macite.tg\/wp-content\/uploads\/2025\/09\/OTR_TVM.jpg 690w, https:\/\/macite.tg\/wp-content\/uploads\/2025\/09\/OTR_TVM-300x74.jpg 300w\" sizes=\"auto, (max-width: 690px) 100vw, 690px\" \/><\/figure>\n<\/div>\n\n\n<p class=\"wp-block-paragraph\">Selon les derni\u00e8res donn\u00e9es disponibles, \u00e0 l\u2019\u00e9chelle mondiale, le surpoids touche 391&nbsp;millions d\u2019enfants et d\u2019adolescents \u00e2g\u00e9s de 5 \u00e0 19&nbsp;ans, soit un enfant sur cinq, et rel\u00e8ve, dans un grand nombre de cas, de l\u2019ob\u00e9sit\u00e9.<\/p>\n\n\n\n<p class=\"wp-block-paragraph\">Un enfant est consid\u00e9r\u00e9 en surpoids, lorsque son poids est nettement sup\u00e9rieur \u00e0 ce qui est sain pour son \u00e2ge, son sexe et sa taille. L\u2019ob\u00e9sit\u00e9 est une forme s\u00e9v\u00e8re de surpoids, qui entra\u00eene un risque plus \u00e9lev\u00e9 de d\u00e9velopper une r\u00e9sistance \u00e0 l\u2019insuline et de l\u2019hypertension, ainsi que de contracter des maladies potentiellement mortelles plus tard dans la vie, notamment un diab\u00e8te de type&nbsp;2, des maladies cardiovasculaires et certains cancers.<\/p>\n\n\n\n<p class=\"wp-block-paragraph\">L\u2019UNICEF appelle ainsi au retour \u00e0 une l\u2019alimentation des enfants fa\u00e7onn\u00e9e par des choix personnels, plut\u00f4t que par des environnements alimentaires n\u00e9fastes, fait des aliments ultra-transform\u00e9s et les produits issus de la restauration rapide, riches en sucres, en amidon modifi\u00e9, en sel, en mauvaises graisses et en additifs. Ces produits, faut-il le rappeler, ont envahi les magasins et les \u00e9coles dans un monde o\u00f9 l\u2019industrie des produits alimentaires et des boissons dispose d\u2019un pouvoir de ciblage des jeunes sans pr\u00e9c\u00e9dent gr\u00e2ce au marketing num\u00e9rique.&nbsp;<\/p>\n\n\n\n<p class=\"wp-block-paragraph\">Et comme mesures urgentes, l\u2019UNICEF appelle les gouvernements, la soci\u00e9t\u00e9 civile et les partenaires \u00e0 faire feu de tout bois pour prendre le contr\u00f4le de la situation \u00e0 travers plusieurs actions, notamment&nbsp;:<\/p>\n\n\n<div class=\"wp-block-image\">\n<figure class=\"aligncenter size-large is-resized\"><img loading=\"lazy\" decoding=\"async\" width=\"1024\" height=\"1024\" src=\"https:\/\/macite.tg\/wp-content\/uploads\/2025\/09\/a85f0ce4-ba89-497d-a417-b4838d5a0d21-1024x1024.jpg\" alt=\"\" class=\"wp-image-24454\" style=\"width:498px;height:auto\" srcset=\"https:\/\/macite.tg\/wp-content\/uploads\/2025\/09\/a85f0ce4-ba89-497d-a417-b4838d5a0d21-1024x1024.jpg 1024w, https:\/\/macite.tg\/wp-content\/uploads\/2025\/09\/a85f0ce4-ba89-497d-a417-b4838d5a0d21-300x300.jpg 300w, https:\/\/macite.tg\/wp-content\/uploads\/2025\/09\/a85f0ce4-ba89-497d-a417-b4838d5a0d21-150x150.jpg 150w, https:\/\/macite.tg\/wp-content\/uploads\/2025\/09\/a85f0ce4-ba89-497d-a417-b4838d5a0d21-768x768.jpg 768w, https:\/\/macite.tg\/wp-content\/uploads\/2025\/09\/a85f0ce4-ba89-497d-a417-b4838d5a0d21-122x122.jpg 122w, https:\/\/macite.tg\/wp-content\/uploads\/2025\/09\/a85f0ce4-ba89-497d-a417-b4838d5a0d21.jpg 1080w\" sizes=\"auto, (max-width: 1024px) 100vw, 1024px\" \/><\/figure>\n<\/div>\n\n\n<p class=\"wp-block-paragraph\">&#8211; Imposer des politiques compl\u00e8tes pour am\u00e9liorer les environnements alimentaires des enfants r\u00e9gissant notamment l\u2019\u00e9tiquetage des produits alimentaires, les restrictions en mati\u00e8re de marketing alimentaire, les taxes sur les aliments et les subventions alimentaires&nbsp;;<br>&#8211; Mettre en \u0153uvre des initiatives en faveur du changement social et comportemental qui donnent aux familles et aux communaut\u00e9s les moyens de revendiquer leur droit \u00e0 des environnements alimentaires sains&nbsp;;<br>&#8211; Interdire la distribution ou la vente d\u2019aliments ultra-transform\u00e9s et n\u00e9fastes pour la sant\u00e9 ainsi que le marketing et le parrainage alimentaires dans les \u00e9coles&nbsp;;<br>&#8211; Mettre en place des garanties solides pour prot\u00e9ger les processus d\u2019\u00e9laboration de politiques publiques contre toute ing\u00e9rence de l\u2019industrie des aliments ultra-transform\u00e9s&nbsp;;<br>&#8211; Renforcer les programmes de protection sociale pour lutter contre la pauvret\u00e9 de revenu et am\u00e9liorer l\u2019acc\u00e8s financier des familles vuln\u00e9rables \u00e0 des r\u00e9gimes alimentaires nutritifs.<\/p>\n\n\n\n<p class=\"wp-block-paragraph\"><strong>La R\u00e9daction<\/strong><\/p>\n\n\n\n<p class=\"wp-block-paragraph\"><a><strong><em>@macite.tg&nbsp;&nbsp;&nbsp;&nbsp;&nbsp;&nbsp;&nbsp;&nbsp;<\/em><\/strong><\/a><\/p>\n\n\n\n<p class=\"wp-block-paragraph\"><strong><em>E-mail&nbsp;: <\/em><\/strong><a href=\"mailto:maciteinfo@gmail.com\"><strong><em>maciteinfo@gmail.com<\/em><\/strong><\/a><strong><em>; <\/em><\/strong><a href=\"mailto:bawela1@gmail.com\"><strong><em>bawela1@gmail.com<\/em><\/strong><\/a><strong><em> <\/em><\/strong><strong><em><\/em><\/strong><\/p>\n\n\n\n<p class=\"wp-block-paragraph\"><strong><em>Pour vos annonces, (publi)reportages, etc., joignez-nous au (00228)91515309\/<strong>79872224 <\/strong><strong><\/strong><\/em><\/strong><\/p>\n\n\n\n<p class=\"wp-block-paragraph\"><strong><em>www.macite.tg, L\u2019information, la bonne&nbsp;!<\/em><\/strong><\/p>\n\n\n\n<p class=\"wp-block-paragraph\"><\/p>\n","protected":false},"excerpt":{"rendered":"<p class=\"text-justify mb-2\" >Selon un nouveau rapport de l\u2019UNICEF, publi\u00e9 ce 10 septembre, pr\u00e8s d\u2019un enfant sur dix, soit environ 188 millions dans le monde, est ob\u00e8se, donc malnutri. Ainsi, pour une premi\u00e8re fois dans l\u2019histoire, l\u2019ob\u00e9sit\u00e9 chez les enfants et adolescents d\u2019\u00e2ge scolaire d\u00e9passe l\u2019insuffisance pond\u00e9rale au [&hellip;]<\/p>\n","protected":false},"author":2,"featured_media":24558,"comment_status":"open","ping_status":"open","sticky":false,"template":"","format":"standard","meta":{"footnotes":""},"categories":[20,5],"tags":[],"class_list":["post-24556","post","type-post","status-publish","format-standard","has-post-thumbnail","hentry","category-actualite","category-sante"],"yoast_head":"<!-- This site is optimized with the Yoast SEO plugin v28.4 - https:\/\/yoast.com\/product\/yoast-seo-wordpress\/ -->\n<title>SANTE INFANTILE\u00a0: Un enfant sur dix dans le monde est touch\u00e9 par l\u2019ob\u00e9sit\u00e9... -<\/title>\n<meta name=\"robots\" content=\"index, follow, max-snippet:-1, max-image-preview:large, max-video-preview:-1\" \/>\n<link rel=\"canonical\" href=\"https:\/\/macite.tg\/?p=24556\" \/>\n<meta property=\"og:locale\" content=\"fr_FR\" \/>\n<meta property=\"og:type\" content=\"article\" \/>\n<meta property=\"og:title\" content=\"SANTE INFANTILE\u00a0: Un enfant sur dix dans le monde est touch\u00e9 par l\u2019ob\u00e9sit\u00e9... -\" \/>\n<meta property=\"og:description\" content=\"Selon un nouveau rapport de l\u2019UNICEF, publi\u00e9 ce 10 septembre, pr\u00e8s d\u2019un enfant sur dix, soit environ 188 millions dans le monde, est ob\u00e8se, donc malnutri. Ainsi, pour une premi\u00e8re fois dans l\u2019histoire, l\u2019ob\u00e9sit\u00e9 chez les enfants et adolescents d\u2019\u00e2ge scolaire d\u00e9passe l\u2019insuffisance pond\u00e9rale au [&hellip;]\" \/>\n<meta property=\"og:url\" content=\"https:\/\/macite.tg\/?p=24556\" \/>\n<meta property=\"article:published_time\" content=\"2025-09-10T15:04:41+00:00\" \/>\n<meta property=\"article:modified_time\" content=\"2025-09-10T15:04:45+00:00\" \/>\n<meta property=\"og:image\" content=\"https:\/\/macite.tg\/wp-content\/uploads\/2025\/09\/ENFANT.jpg\" \/>\n\t<meta property=\"og:image:width\" content=\"500\" \/>\n\t<meta property=\"og:image:height\" content=\"333\" \/>\n\t<meta property=\"og:image:type\" content=\"image\/jpeg\" \/>\n<meta name=\"author\" content=\"Jean Pierre BAWELA\" \/>\n<meta name=\"twitter:card\" content=\"summary_large_image\" \/>\n<meta name=\"twitter:label1\" content=\"\u00c9crit par\" \/>\n\t<meta name=\"twitter:data1\" content=\"Jean Pierre BAWELA\" \/>\n\t<meta name=\"twitter:label2\" content=\"Dur\u00e9e de lecture estim\u00e9e\" \/>\n\t<meta name=\"twitter:data2\" content=\"5 minutes\" \/>\n<script type=\"application\/ld+json\" class=\"yoast-schema-graph\">{\"@context\":\"https:\\\/\\\/schema.org\",\"@graph\":[{\"@type\":\"Article\",\"@id\":\"https:\\\/\\\/macite.tg\\\/?p=24556#article\",\"isPartOf\":{\"@id\":\"https:\\\/\\\/macite.tg\\\/?p=24556\"},\"author\":{\"name\":\"Jean Pierre BAWELA\",\"@id\":\"https:\\\/\\\/macite.tg\\\/#\\\/schema\\\/person\\\/e9f2de7e5dbbe7770a9402c7ce82f5c2\"},\"headline\":\"SANTE INFANTILE\u00a0: Un enfant sur dix dans le monde est touch\u00e9 par l\u2019ob\u00e9sit\u00e9&#8230;\",\"datePublished\":\"2025-09-10T15:04:41+00:00\",\"dateModified\":\"2025-09-10T15:04:45+00:00\",\"mainEntityOfPage\":{\"@id\":\"https:\\\/\\\/macite.tg\\\/?p=24556\"},\"wordCount\":900,\"commentCount\":0,\"image\":{\"@id\":\"https:\\\/\\\/macite.tg\\\/?p=24556#primaryimage\"},\"thumbnailUrl\":\"https:\\\/\\\/macite.tg\\\/wp-content\\\/uploads\\\/2025\\\/09\\\/ENFANT.jpg\",\"articleSection\":[\"ACTUALITE\",\"SANTE\"],\"inLanguage\":\"fr-FR\",\"potentialAction\":[{\"@type\":\"CommentAction\",\"name\":\"Comment\",\"target\":[\"https:\\\/\\\/macite.tg\\\/?p=24556#respond\"]}]},{\"@type\":\"WebPage\",\"@id\":\"https:\\\/\\\/macite.tg\\\/?p=24556\",\"url\":\"https:\\\/\\\/macite.tg\\\/?p=24556\",\"name\":\"SANTE INFANTILE\u00a0: Un enfant sur dix dans le monde est touch\u00e9 par l\u2019ob\u00e9sit\u00e9... -\",\"isPartOf\":{\"@id\":\"https:\\\/\\\/macite.tg\\\/#website\"},\"primaryImageOfPage\":{\"@id\":\"https:\\\/\\\/macite.tg\\\/?p=24556#primaryimage\"},\"image\":{\"@id\":\"https:\\\/\\\/macite.tg\\\/?p=24556#primaryimage\"},\"thumbnailUrl\":\"https:\\\/\\\/macite.tg\\\/wp-content\\\/uploads\\\/2025\\\/09\\\/ENFANT.jpg\",\"datePublished\":\"2025-09-10T15:04:41+00:00\",\"dateModified\":\"2025-09-10T15:04:45+00:00\",\"author\":{\"@id\":\"https:\\\/\\\/macite.tg\\\/#\\\/schema\\\/person\\\/e9f2de7e5dbbe7770a9402c7ce82f5c2\"},\"breadcrumb\":{\"@id\":\"https:\\\/\\\/macite.tg\\\/?p=24556#breadcrumb\"},\"inLanguage\":\"fr-FR\",\"potentialAction\":[{\"@type\":\"ReadAction\",\"target\":[\"https:\\\/\\\/macite.tg\\\/?p=24556\"]}]},{\"@type\":\"ImageObject\",\"inLanguage\":\"fr-FR\",\"@id\":\"https:\\\/\\\/macite.tg\\\/?p=24556#primaryimage\",\"url\":\"https:\\\/\\\/macite.tg\\\/wp-content\\\/uploads\\\/2025\\\/09\\\/ENFANT.jpg\",\"contentUrl\":\"https:\\\/\\\/macite.tg\\\/wp-content\\\/uploads\\\/2025\\\/09\\\/ENFANT.jpg\",\"width\":500,\"height\":333},{\"@type\":\"BreadcrumbList\",\"@id\":\"https:\\\/\\\/macite.tg\\\/?p=24556#breadcrumb\",\"itemListElement\":[{\"@type\":\"ListItem\",\"position\":1,\"name\":\"Accueil\",\"item\":\"https:\\\/\\\/macite.tg\\\/\"},{\"@type\":\"ListItem\",\"position\":2,\"name\":\"SANTE INFANTILE\u00a0: Un enfant sur dix dans le monde est touch\u00e9 par l\u2019ob\u00e9sit\u00e9&#8230;\"}]},{\"@type\":\"WebSite\",\"@id\":\"https:\\\/\\\/macite.tg\\\/#website\",\"url\":\"https:\\\/\\\/macite.tg\\\/\",\"name\":\"\",\"description\":\"L&#039;information, la bonne!!!\",\"potentialAction\":[{\"@type\":\"SearchAction\",\"target\":{\"@type\":\"EntryPoint\",\"urlTemplate\":\"https:\\\/\\\/macite.tg\\\/?s={search_term_string}\"},\"query-input\":{\"@type\":\"PropertyValueSpecification\",\"valueRequired\":true,\"valueName\":\"search_term_string\"}}],\"inLanguage\":\"fr-FR\"},{\"@type\":\"Person\",\"@id\":\"https:\\\/\\\/macite.tg\\\/#\\\/schema\\\/person\\\/e9f2de7e5dbbe7770a9402c7ce82f5c2\",\"name\":\"Jean Pierre BAWELA\",\"image\":{\"@type\":\"ImageObject\",\"inLanguage\":\"fr-FR\",\"@id\":\"https:\\\/\\\/macite.tg\\\/wp-content\\\/uploads\\\/2023\\\/09\\\/WhatsApp-Image-2023-09-19-at-14.44.41-122x122.jpeg\",\"url\":\"https:\\\/\\\/macite.tg\\\/wp-content\\\/uploads\\\/2023\\\/09\\\/WhatsApp-Image-2023-09-19-at-14.44.41-122x122.jpeg\",\"contentUrl\":\"https:\\\/\\\/macite.tg\\\/wp-content\\\/uploads\\\/2023\\\/09\\\/WhatsApp-Image-2023-09-19-at-14.44.41-122x122.jpeg\",\"caption\":\"Jean Pierre BAWELA\"},\"url\":\"https:\\\/\\\/macite.tg\\\/?author=2\"}]}<\/script>\n<!-- \/ Yoast SEO plugin. -->","yoast_head_json":{"title":"SANTE INFANTILE\u00a0: Un enfant sur dix dans le monde est touch\u00e9 par l\u2019ob\u00e9sit\u00e9... -","robots":{"index":"index","follow":"follow","max-snippet":"max-snippet:-1","max-image-preview":"max-image-preview:large","max-video-preview":"max-video-preview:-1"},"canonical":"https:\/\/macite.tg\/?p=24556","og_locale":"fr_FR","og_type":"article","og_title":"SANTE INFANTILE\u00a0: Un enfant sur dix dans le monde est touch\u00e9 par l\u2019ob\u00e9sit\u00e9... -","og_description":"Selon un nouveau rapport de l\u2019UNICEF, publi\u00e9 ce 10 septembre, pr\u00e8s d\u2019un enfant sur dix, soit environ 188 millions dans le monde, est ob\u00e8se, donc malnutri. Ainsi, pour une premi\u00e8re fois dans l\u2019histoire, l\u2019ob\u00e9sit\u00e9 chez les enfants et adolescents d\u2019\u00e2ge scolaire d\u00e9passe l\u2019insuffisance pond\u00e9rale au [&hellip;]","og_url":"https:\/\/macite.tg\/?p=24556","article_published_time":"2025-09-10T15:04:41+00:00","article_modified_time":"2025-09-10T15:04:45+00:00","og_image":[{"width":500,"height":333,"url":"https:\/\/macite.tg\/wp-content\/uploads\/2025\/09\/ENFANT.jpg","type":"image\/jpeg"}],"author":"Jean Pierre BAWELA","twitter_card":"summary_large_image","twitter_misc":{"\u00c9crit par":"Jean Pierre BAWELA","Dur\u00e9e de lecture estim\u00e9e":"5 minutes"},"schema":{"@context":"https:\/\/schema.org","@graph":[{"@type":"Article","@id":"https:\/\/macite.tg\/?p=24556#article","isPartOf":{"@id":"https:\/\/macite.tg\/?p=24556"},"author":{"name":"Jean Pierre BAWELA","@id":"https:\/\/macite.tg\/#\/schema\/person\/e9f2de7e5dbbe7770a9402c7ce82f5c2"},"headline":"SANTE INFANTILE\u00a0: Un enfant sur dix dans le monde est touch\u00e9 par l\u2019ob\u00e9sit\u00e9&#8230;","datePublished":"2025-09-10T15:04:41+00:00","dateModified":"2025-09-10T15:04:45+00:00","mainEntityOfPage":{"@id":"https:\/\/macite.tg\/?p=24556"},"wordCount":900,"commentCount":0,"image":{"@id":"https:\/\/macite.tg\/?p=24556#primaryimage"},"thumbnailUrl":"https:\/\/macite.tg\/wp-content\/uploads\/2025\/09\/ENFANT.jpg","articleSection":["ACTUALITE","SANTE"],"inLanguage":"fr-FR","potentialAction":[{"@type":"CommentAction","name":"Comment","target":["https:\/\/macite.tg\/?p=24556#respond"]}]},{"@type":"WebPage","@id":"https:\/\/macite.tg\/?p=24556","url":"https:\/\/macite.tg\/?p=24556","name":"SANTE INFANTILE\u00a0: Un enfant sur dix dans le monde est touch\u00e9 par l\u2019ob\u00e9sit\u00e9... -","isPartOf":{"@id":"https:\/\/macite.tg\/#website"},"primaryImageOfPage":{"@id":"https:\/\/macite.tg\/?p=24556#primaryimage"},"image":{"@id":"https:\/\/macite.tg\/?p=24556#primaryimage"},"thumbnailUrl":"https:\/\/macite.tg\/wp-content\/uploads\/2025\/09\/ENFANT.jpg","datePublished":"2025-09-10T15:04:41+00:00","dateModified":"2025-09-10T15:04:45+00:00","author":{"@id":"https:\/\/macite.tg\/#\/schema\/person\/e9f2de7e5dbbe7770a9402c7ce82f5c2"},"breadcrumb":{"@id":"https:\/\/macite.tg\/?p=24556#breadcrumb"},"inLanguage":"fr-FR","potentialAction":[{"@type":"ReadAction","target":["https:\/\/macite.tg\/?p=24556"]}]},{"@type":"ImageObject","inLanguage":"fr-FR","@id":"https:\/\/macite.tg\/?p=24556#primaryimage","url":"https:\/\/macite.tg\/wp-content\/uploads\/2025\/09\/ENFANT.jpg","contentUrl":"https:\/\/macite.tg\/wp-content\/uploads\/2025\/09\/ENFANT.jpg","width":500,"height":333},{"@type":"BreadcrumbList","@id":"https:\/\/macite.tg\/?p=24556#breadcrumb","itemListElement":[{"@type":"ListItem","position":1,"name":"Accueil","item":"https:\/\/macite.tg\/"},{"@type":"ListItem","position":2,"name":"SANTE INFANTILE\u00a0: Un enfant sur dix dans le monde est touch\u00e9 par l\u2019ob\u00e9sit\u00e9&#8230;"}]},{"@type":"WebSite","@id":"https:\/\/macite.tg\/#website","url":"https:\/\/macite.tg\/","name":"","description":"L&#039;information, la bonne!!!","potentialAction":[{"@type":"SearchAction","target":{"@type":"EntryPoint","urlTemplate":"https:\/\/macite.tg\/?s={search_term_string}"},"query-input":{"@type":"PropertyValueSpecification","valueRequired":true,"valueName":"search_term_string"}}],"inLanguage":"fr-FR"},{"@type":"Person","@id":"https:\/\/macite.tg\/#\/schema\/person\/e9f2de7e5dbbe7770a9402c7ce82f5c2","name":"Jean Pierre BAWELA","image":{"@type":"ImageObject","inLanguage":"fr-FR","@id":"https:\/\/macite.tg\/wp-content\/uploads\/2023\/09\/WhatsApp-Image-2023-09-19-at-14.44.41-122x122.jpeg","url":"https:\/\/macite.tg\/wp-content\/uploads\/2023\/09\/WhatsApp-Image-2023-09-19-at-14.44.41-122x122.jpeg","contentUrl":"https:\/\/macite.tg\/wp-content\/uploads\/2023\/09\/WhatsApp-Image-2023-09-19-at-14.44.41-122x122.jpeg","caption":"Jean Pierre BAWELA"},"url":"https:\/\/macite.tg\/?author=2"}]}},"_links":{"self":[{"href":"https:\/\/macite.tg\/index.php?rest_route=\/wp\/v2\/posts\/24556","targetHints":{"allow":["GET"]}}],"collection":[{"href":"https:\/\/macite.tg\/index.php?rest_route=\/wp\/v2\/posts"}],"about":[{"href":"https:\/\/macite.tg\/index.php?rest_route=\/wp\/v2\/types\/post"}],"author":[{"embeddable":true,"href":"https:\/\/macite.tg\/index.php?rest_route=\/wp\/v2\/users\/2"}],"replies":[{"embeddable":true,"href":"https:\/\/macite.tg\/index.php?rest_route=%2Fwp%2Fv2%2Fcomments&post=24556"}],"version-history":[{"count":0,"href":"https:\/\/macite.tg\/index.php?rest_route=\/wp\/v2\/posts\/24556\/revisions"}],"wp:featuredmedia":[{"embeddable":true,"href":"https:\/\/macite.tg\/index.php?rest_route=\/wp\/v2\/media\/24558"}],"wp:attachment":[{"href":"https:\/\/macite.tg\/index.php?rest_route=%2Fwp%2Fv2%2Fmedia&parent=24556"}],"wp:term":[{"taxonomy":"category","embeddable":true,"href":"https:\/\/macite.tg\/index.php?rest_route=%2Fwp%2Fv2%2Fcategories&post=24556"},{"taxonomy":"post_tag","embeddable":true,"href":"https:\/\/macite.tg\/index.php?rest_route=%2Fwp%2Fv2%2Ftags&post=24556"}],"curies":[{"name":"wp","href":"https:\/\/api.w.org\/{rel}","templated":true}]}}