{"id":24539,"date":"2025-09-10T13:44:23","date_gmt":"2025-09-10T13:44:23","guid":{"rendered":"https:\/\/macite.tg\/?p=24539"},"modified":"2025-09-10T14:01:22","modified_gmt":"2025-09-10T14:01:22","slug":"projet-sweed-assurer-de-la-meilleure-facon-lacces-de-la-jeune-fille-a-leducation","status":"publish","type":"post","link":"https:\/\/macite.tg\/?p=24539","title":{"rendered":"PROJET SWEED+\u00a0: Assurer de la meilleure fa\u00e7on l\u2019acc\u00e8s de la jeune fille \u00e0 l\u2019\u00e9ducation"},"content":{"rendered":"\n<p class=\"wp-block-paragraph\"><strong><em>Dans le cadre du Projet d\u2019Autonomisation des Femmes et de Dividende D\u00e9mographique au Sahel (SWEDD+) financ\u00e9 par la Banque mondiale en partenariat avec le Fonds des Nations Unies pour la Population (UNFPA), ceci en soutien aux efforts des pouvoirs publics, une campagne nationale de distribution de kits scolaires, a \u00e9t\u00e9 officiellement hier mardi 09 septembre \u00e0 Dj\u00e9m\u00e9gni (pr\u00e9fecture de Haho, dans les Plateaux).<\/em><\/strong><\/p>\n\n\n\n<p class=\"wp-block-paragraph\">Un peu plus de 100.000 \u00e9l\u00e8ves filles issues de 800 localit\u00e9s r\u00e9parties dans 64 cantons sur l\u2019ensemble du territoire national, vont b\u00e9n\u00e9ficier, chacune, d\u2019un kit scolaire complet, comprenant des fournitures essentielles \u00e0 la r\u00e9ussite scolaire.<\/p>\n\n\n<div class=\"wp-block-image\">\n<figure class=\"aligncenter size-full is-resized\"><img loading=\"lazy\" decoding=\"async\" width=\"500\" height=\"194\" src=\"https:\/\/macite.tg\/wp-content\/uploads\/2025\/09\/AA.jpg\" alt=\"\" class=\"wp-image-24551\" style=\"width:686px;height:auto\" srcset=\"https:\/\/macite.tg\/wp-content\/uploads\/2025\/09\/AA.jpg 500w, https:\/\/macite.tg\/wp-content\/uploads\/2025\/09\/AA-300x116.jpg 300w\" sizes=\"auto, (max-width: 500px) 100vw, 500px\" \/><figcaption class=\"wp-element-caption\"><strong><em>La Ministre-SG de la Pr\u00e9sidence du Conseil et l&rsquo;honorable Klassou, ancien PrM, remettant des kits aux b\u00e9n\u00e9ficiaires<\/em><\/strong><\/figcaption><\/figure>\n<\/div>\n\n\n<p class=\"wp-block-paragraph\">D\u2019un co\u00fbt global d\u2019environ 603 millions de nos francs, l\u2019initiative des pouvoirs publics, s\u2019inscrit dans le cadre du Projet SWEEDD+, b\u00e9n\u00e9ficie du soutien financier de la Banque mondiale, en partenariat avec l\u2019UNFPA. Elle vise \u00e0 faciliter l\u2019acc\u00e8s \u00e0 l\u2019\u00e9ducation, surtout de la jeune fille, trop souvent marginalis\u00e9e.<\/p>\n\n\n\n<p class=\"wp-block-paragraph\">Madame le Ministre-Secr\u00e9taire g\u00e9n\u00e9ral de la Pr\u00e9sidence du Conseil, Dr Sandra Ablamba Johnson, qui a pr\u00e9sid\u00e9, au nom du pr\u00e9sident du Conseil, la c\u00e9r\u00e9monie de lancement officiel de cette campagne nationale de distribution de kits scolaires, a indiqu\u00e9 que <em>\u00ab&nbsp;pour<\/em> <em>l\u2019ann\u00e9e scolaire 2025-2026, initialement pr\u00e9vu pour 50.615 \u00e9l\u00e8ves dans les cinq r\u00e9gions \u00e9conomiques et du Grand Lom\u00e9, le nombre de b\u00e9n\u00e9ficiaires a presque doubl\u00e9 pour atteindre 100.000 b\u00e9n\u00e9ficiaires, ceci gr\u00e2ce \u00e0 la volont\u00e9 politique du Pr\u00e9sident du Conseil&nbsp;\u00bb.<\/em><\/p>\n\n\n<div class=\"wp-block-image\">\n<figure class=\"aligncenter size-full\"><img loading=\"lazy\" decoding=\"async\" width=\"851\" height=\"315\" src=\"https:\/\/macite.tg\/wp-content\/uploads\/2025\/09\/OTR_Ferer-pour-batir-1.jpg\" alt=\"\" class=\"wp-image-24441\" srcset=\"https:\/\/macite.tg\/wp-content\/uploads\/2025\/09\/OTR_Ferer-pour-batir-1.jpg 851w, https:\/\/macite.tg\/wp-content\/uploads\/2025\/09\/OTR_Ferer-pour-batir-1-300x111.jpg 300w, https:\/\/macite.tg\/wp-content\/uploads\/2025\/09\/OTR_Ferer-pour-batir-1-768x284.jpg 768w\" sizes=\"auto, (max-width: 851px) 100vw, 851px\" \/><\/figure>\n<\/div>\n\n\n<p class=\"wp-block-paragraph\">Tout en faisant remarquer que <em>\u00ab investir dans l\u2019\u00e9ducation des filles, c\u2019est investir dans un avenir plus juste, plus prosp\u00e8re et plus r\u00e9silient pour l\u2019humanit\u00e9 tout enti\u00e8re&nbsp;\u00bb,<\/em> le ministre en charge de l\u2019\u00e9ducation, Prof Dodzi Kokoroko, a saisi l\u2019occasion pour rappeler les multiples actions du gouvernement en faveurs d\u2019une \u00e9ducation de qualit\u00e9 et inclusive. Ces efforts, a-t-il relev\u00e9, ont permis d\u2019enregistrer des <em>\u00ab&nbsp;r\u00e9sultats significatifs avec l\u2019augmentation du taux d\u2019alphab\u00e9tisation et du taux d\u2019ach\u00e8vement&nbsp;\u00bb.<\/em><\/p>\n\n\n\n<p class=\"wp-block-paragraph\">Notons que cette c\u00e9r\u00e9monie de lancement de la campagne de distribution de kits scolaires, s\u2019est d\u00e9roul\u00e9e en pr\u00e9sence de l\u2019honorable S\u00e9lom Klassou, ancien Premier Ministre, de plusieurs membres du gouvernement (le ministre des Enseignements primaire et secondaire, du ministre en charge de l\u2019Action sociale, du Ministre \u00e0 la Pr\u00e9sidence du Conseil, Edem Tengue), ainsi que de la Directrice de la Division de la Banque mondiale pour le B\u00e9nin, la C\u00f4te d\u2019Ivoire, la Guin\u00e9e et le Togo, Mme Marie-Chantal Uwanyiligira, la Repr\u00e9sentante R\u00e9sidente de l\u2019UNFPA au Togo, Mme Elise Kankam,&#8230;<\/p>\n\n\n<div class=\"wp-block-image\">\n<figure class=\"aligncenter size-large is-resized\"><img loading=\"lazy\" decoding=\"async\" width=\"1024\" height=\"1024\" src=\"https:\/\/macite.tg\/wp-content\/uploads\/2025\/09\/a85f0ce4-ba89-497d-a417-b4838d5a0d21-1024x1024.jpg\" alt=\"\" class=\"wp-image-24454\" style=\"width:560px;height:auto\" srcset=\"https:\/\/macite.tg\/wp-content\/uploads\/2025\/09\/a85f0ce4-ba89-497d-a417-b4838d5a0d21-1024x1024.jpg 1024w, https:\/\/macite.tg\/wp-content\/uploads\/2025\/09\/a85f0ce4-ba89-497d-a417-b4838d5a0d21-300x300.jpg 300w, https:\/\/macite.tg\/wp-content\/uploads\/2025\/09\/a85f0ce4-ba89-497d-a417-b4838d5a0d21-150x150.jpg 150w, https:\/\/macite.tg\/wp-content\/uploads\/2025\/09\/a85f0ce4-ba89-497d-a417-b4838d5a0d21-768x768.jpg 768w, https:\/\/macite.tg\/wp-content\/uploads\/2025\/09\/a85f0ce4-ba89-497d-a417-b4838d5a0d21-122x122.jpg 122w, https:\/\/macite.tg\/wp-content\/uploads\/2025\/09\/a85f0ce4-ba89-497d-a417-b4838d5a0d21.jpg 1080w\" sizes=\"auto, (max-width: 1024px) 100vw, 1024px\" \/><\/figure>\n<\/div>\n\n\n<p class=\"wp-block-paragraph\">Rappelons que le Projet SWEED+ vise \u00e0 soutenir plus d\u2019un million de filles et de femmes togolaises avec un accent particulier sur leur autonomisation \u00e9conomique dans le secteur agricole et le maintien des filles \u00e0 l\u2019\u00e9cole.<\/p>\n\n\n\n<p class=\"wp-block-paragraph\"><strong>JPB<\/strong><\/p>\n\n\n\n<p class=\"wp-block-paragraph\"><a><strong><em>@macite.tg&nbsp;&nbsp;&nbsp;&nbsp;&nbsp;&nbsp;&nbsp;&nbsp;<\/em><\/strong><\/a><\/p>\n\n\n\n<p class=\"wp-block-paragraph\"><strong><em>E-mail&nbsp;: <\/em><\/strong><a href=\"mailto:maciteinfo@gmail.com\"><strong><em>maciteinfo@gmail.com<\/em><\/strong><\/a><strong><em>; <\/em><\/strong><a href=\"mailto:bawela1@gmail.com\"><strong><em>bawela1@gmail.com<\/em><\/strong><\/a><strong><em><\/em><\/strong><\/p>\n\n\n\n<p class=\"wp-block-paragraph\"><strong><em>Pour vos annonces, (publi)reportages, etc., joignez-nous au (00228)91515309\/<strong>79872224 <\/strong><strong><\/strong><\/em><\/strong><\/p>\n\n\n\n<p class=\"wp-block-paragraph\"><strong><em>www.macite.tg, L\u2019information, la bonne&nbsp;!<\/em><\/strong><\/p>\n\n\n\n<p class=\"wp-block-paragraph\"><\/p>\n","protected":false},"excerpt":{"rendered":"<p class=\"text-justify mb-2\" >Dans le cadre du Projet d\u2019Autonomisation des Femmes et de Dividende D\u00e9mographique au Sahel (SWEDD+) financ\u00e9 par la Banque mondiale en partenariat avec le Fonds des Nations Unies pour la Population (UNFPA), ceci en soutien aux efforts des pouvoirs publics, une campagne nationale de distribution [&hellip;]<\/p>\n","protected":false},"author":2,"featured_media":24550,"comment_status":"open","ping_status":"open","sticky":false,"template":"","format":"standard","meta":{"footnotes":""},"categories":[20,4],"tags":[],"class_list":["post-24539","post","type-post","status-publish","format-standard","has-post-thumbnail","hentry","category-actualite","category-education"],"yoast_head":"<!-- This site is optimized with the Yoast SEO plugin v28.4 - https:\/\/yoast.com\/product\/yoast-seo-wordpress\/ -->\n<title>PROJET SWEED+\u00a0: Assurer de la meilleure fa\u00e7on l\u2019acc\u00e8s de la jeune fille \u00e0 l\u2019\u00e9ducation -<\/title>\n<meta name=\"robots\" content=\"index, follow, max-snippet:-1, max-image-preview:large, max-video-preview:-1\" \/>\n<link rel=\"canonical\" href=\"https:\/\/macite.tg\/?p=24539\" \/>\n<meta property=\"og:locale\" content=\"fr_FR\" \/>\n<meta property=\"og:type\" content=\"article\" \/>\n<meta property=\"og:title\" content=\"PROJET SWEED+\u00a0: Assurer de la meilleure fa\u00e7on l\u2019acc\u00e8s de la jeune fille \u00e0 l\u2019\u00e9ducation -\" \/>\n<meta property=\"og:description\" content=\"Dans le cadre du Projet d\u2019Autonomisation des Femmes et de Dividende D\u00e9mographique au Sahel (SWEDD+) financ\u00e9 par la Banque mondiale en partenariat avec le Fonds des Nations Unies pour la Population (UNFPA), ceci en soutien aux efforts des pouvoirs publics, une campagne nationale de distribution [&hellip;]\" \/>\n<meta property=\"og:url\" content=\"https:\/\/macite.tg\/?p=24539\" \/>\n<meta property=\"article:published_time\" content=\"2025-09-10T13:44:23+00:00\" \/>\n<meta property=\"article:modified_time\" content=\"2025-09-10T14:01:22+00:00\" \/>\n<meta property=\"og:image\" content=\"https:\/\/macite.tg\/wp-content\/uploads\/2025\/09\/DON-KITS.jpg\" \/>\n\t<meta property=\"og:image:width\" content=\"500\" \/>\n\t<meta property=\"og:image:height\" content=\"180\" \/>\n\t<meta property=\"og:image:type\" content=\"image\/jpeg\" \/>\n<meta name=\"author\" content=\"Jean Pierre BAWELA\" \/>\n<meta name=\"twitter:card\" content=\"summary_large_image\" \/>\n<meta name=\"twitter:label1\" content=\"\u00c9crit par\" \/>\n\t<meta name=\"twitter:data1\" content=\"Jean Pierre BAWELA\" \/>\n\t<meta name=\"twitter:label2\" content=\"Dur\u00e9e de lecture estim\u00e9e\" \/>\n\t<meta name=\"twitter:data2\" content=\"4 minutes\" \/>\n<script type=\"application\/ld+json\" class=\"yoast-schema-graph\">{\"@context\":\"https:\\\/\\\/schema.org\",\"@graph\":[{\"@type\":\"Article\",\"@id\":\"https:\\\/\\\/macite.tg\\\/?p=24539#article\",\"isPartOf\":{\"@id\":\"https:\\\/\\\/macite.tg\\\/?p=24539\"},\"author\":{\"name\":\"Jean Pierre BAWELA\",\"@id\":\"https:\\\/\\\/macite.tg\\\/#\\\/schema\\\/person\\\/e9f2de7e5dbbe7770a9402c7ce82f5c2\"},\"headline\":\"PROJET SWEED+\u00a0: Assurer de la meilleure fa\u00e7on l\u2019acc\u00e8s de la jeune fille \u00e0 l\u2019\u00e9ducation\",\"datePublished\":\"2025-09-10T13:44:23+00:00\",\"dateModified\":\"2025-09-10T14:01:22+00:00\",\"mainEntityOfPage\":{\"@id\":\"https:\\\/\\\/macite.tg\\\/?p=24539\"},\"wordCount\":562,\"commentCount\":0,\"image\":{\"@id\":\"https:\\\/\\\/macite.tg\\\/?p=24539#primaryimage\"},\"thumbnailUrl\":\"https:\\\/\\\/macite.tg\\\/wp-content\\\/uploads\\\/2025\\\/09\\\/DON-KITS.jpg\",\"articleSection\":[\"ACTUALITE\",\"EDUCATION\"],\"inLanguage\":\"fr-FR\",\"potentialAction\":[{\"@type\":\"CommentAction\",\"name\":\"Comment\",\"target\":[\"https:\\\/\\\/macite.tg\\\/?p=24539#respond\"]}]},{\"@type\":\"WebPage\",\"@id\":\"https:\\\/\\\/macite.tg\\\/?p=24539\",\"url\":\"https:\\\/\\\/macite.tg\\\/?p=24539\",\"name\":\"PROJET SWEED+\u00a0: Assurer de la meilleure fa\u00e7on l\u2019acc\u00e8s de la jeune fille \u00e0 l\u2019\u00e9ducation -\",\"isPartOf\":{\"@id\":\"https:\\\/\\\/macite.tg\\\/#website\"},\"primaryImageOfPage\":{\"@id\":\"https:\\\/\\\/macite.tg\\\/?p=24539#primaryimage\"},\"image\":{\"@id\":\"https:\\\/\\\/macite.tg\\\/?p=24539#primaryimage\"},\"thumbnailUrl\":\"https:\\\/\\\/macite.tg\\\/wp-content\\\/uploads\\\/2025\\\/09\\\/DON-KITS.jpg\",\"datePublished\":\"2025-09-10T13:44:23+00:00\",\"dateModified\":\"2025-09-10T14:01:22+00:00\",\"author\":{\"@id\":\"https:\\\/\\\/macite.tg\\\/#\\\/schema\\\/person\\\/e9f2de7e5dbbe7770a9402c7ce82f5c2\"},\"breadcrumb\":{\"@id\":\"https:\\\/\\\/macite.tg\\\/?p=24539#breadcrumb\"},\"inLanguage\":\"fr-FR\",\"potentialAction\":[{\"@type\":\"ReadAction\",\"target\":[\"https:\\\/\\\/macite.tg\\\/?p=24539\"]}]},{\"@type\":\"ImageObject\",\"inLanguage\":\"fr-FR\",\"@id\":\"https:\\\/\\\/macite.tg\\\/?p=24539#primaryimage\",\"url\":\"https:\\\/\\\/macite.tg\\\/wp-content\\\/uploads\\\/2025\\\/09\\\/DON-KITS.jpg\",\"contentUrl\":\"https:\\\/\\\/macite.tg\\\/wp-content\\\/uploads\\\/2025\\\/09\\\/DON-KITS.jpg\",\"width\":500,\"height\":180},{\"@type\":\"BreadcrumbList\",\"@id\":\"https:\\\/\\\/macite.tg\\\/?p=24539#breadcrumb\",\"itemListElement\":[{\"@type\":\"ListItem\",\"position\":1,\"name\":\"Accueil\",\"item\":\"https:\\\/\\\/macite.tg\\\/\"},{\"@type\":\"ListItem\",\"position\":2,\"name\":\"PROJET SWEED+\u00a0: Assurer de la meilleure fa\u00e7on l\u2019acc\u00e8s de la jeune fille \u00e0 l\u2019\u00e9ducation\"}]},{\"@type\":\"WebSite\",\"@id\":\"https:\\\/\\\/macite.tg\\\/#website\",\"url\":\"https:\\\/\\\/macite.tg\\\/\",\"name\":\"\",\"description\":\"L&#039;information, la bonne!!!\",\"potentialAction\":[{\"@type\":\"SearchAction\",\"target\":{\"@type\":\"EntryPoint\",\"urlTemplate\":\"https:\\\/\\\/macite.tg\\\/?s={search_term_string}\"},\"query-input\":{\"@type\":\"PropertyValueSpecification\",\"valueRequired\":true,\"valueName\":\"search_term_string\"}}],\"inLanguage\":\"fr-FR\"},{\"@type\":\"Person\",\"@id\":\"https:\\\/\\\/macite.tg\\\/#\\\/schema\\\/person\\\/e9f2de7e5dbbe7770a9402c7ce82f5c2\",\"name\":\"Jean Pierre BAWELA\",\"image\":{\"@type\":\"ImageObject\",\"inLanguage\":\"fr-FR\",\"@id\":\"https:\\\/\\\/macite.tg\\\/wp-content\\\/uploads\\\/2023\\\/09\\\/WhatsApp-Image-2023-09-19-at-14.44.41-122x122.jpeg\",\"url\":\"https:\\\/\\\/macite.tg\\\/wp-content\\\/uploads\\\/2023\\\/09\\\/WhatsApp-Image-2023-09-19-at-14.44.41-122x122.jpeg\",\"contentUrl\":\"https:\\\/\\\/macite.tg\\\/wp-content\\\/uploads\\\/2023\\\/09\\\/WhatsApp-Image-2023-09-19-at-14.44.41-122x122.jpeg\",\"caption\":\"Jean Pierre BAWELA\"},\"url\":\"https:\\\/\\\/macite.tg\\\/?author=2\"}]}<\/script>\n<!-- \/ Yoast SEO plugin. -->","yoast_head_json":{"title":"PROJET SWEED+\u00a0: Assurer de la meilleure fa\u00e7on l\u2019acc\u00e8s de la jeune fille \u00e0 l\u2019\u00e9ducation -","robots":{"index":"index","follow":"follow","max-snippet":"max-snippet:-1","max-image-preview":"max-image-preview:large","max-video-preview":"max-video-preview:-1"},"canonical":"https:\/\/macite.tg\/?p=24539","og_locale":"fr_FR","og_type":"article","og_title":"PROJET SWEED+\u00a0: Assurer de la meilleure fa\u00e7on l\u2019acc\u00e8s de la jeune fille \u00e0 l\u2019\u00e9ducation -","og_description":"Dans le cadre du Projet d\u2019Autonomisation des Femmes et de Dividende D\u00e9mographique au Sahel (SWEDD+) financ\u00e9 par la Banque mondiale en partenariat avec le Fonds des Nations Unies pour la Population (UNFPA), ceci en soutien aux efforts des pouvoirs publics, une campagne nationale de distribution [&hellip;]","og_url":"https:\/\/macite.tg\/?p=24539","article_published_time":"2025-09-10T13:44:23+00:00","article_modified_time":"2025-09-10T14:01:22+00:00","og_image":[{"width":500,"height":180,"url":"https:\/\/macite.tg\/wp-content\/uploads\/2025\/09\/DON-KITS.jpg","type":"image\/jpeg"}],"author":"Jean Pierre BAWELA","twitter_card":"summary_large_image","twitter_misc":{"\u00c9crit par":"Jean Pierre BAWELA","Dur\u00e9e de lecture estim\u00e9e":"4 minutes"},"schema":{"@context":"https:\/\/schema.org","@graph":[{"@type":"Article","@id":"https:\/\/macite.tg\/?p=24539#article","isPartOf":{"@id":"https:\/\/macite.tg\/?p=24539"},"author":{"name":"Jean Pierre BAWELA","@id":"https:\/\/macite.tg\/#\/schema\/person\/e9f2de7e5dbbe7770a9402c7ce82f5c2"},"headline":"PROJET SWEED+\u00a0: Assurer de la meilleure fa\u00e7on l\u2019acc\u00e8s de la jeune fille \u00e0 l\u2019\u00e9ducation","datePublished":"2025-09-10T13:44:23+00:00","dateModified":"2025-09-10T14:01:22+00:00","mainEntityOfPage":{"@id":"https:\/\/macite.tg\/?p=24539"},"wordCount":562,"commentCount":0,"image":{"@id":"https:\/\/macite.tg\/?p=24539#primaryimage"},"thumbnailUrl":"https:\/\/macite.tg\/wp-content\/uploads\/2025\/09\/DON-KITS.jpg","articleSection":["ACTUALITE","EDUCATION"],"inLanguage":"fr-FR","potentialAction":[{"@type":"CommentAction","name":"Comment","target":["https:\/\/macite.tg\/?p=24539#respond"]}]},{"@type":"WebPage","@id":"https:\/\/macite.tg\/?p=24539","url":"https:\/\/macite.tg\/?p=24539","name":"PROJET SWEED+\u00a0: Assurer de la meilleure fa\u00e7on l\u2019acc\u00e8s de la jeune fille \u00e0 l\u2019\u00e9ducation -","isPartOf":{"@id":"https:\/\/macite.tg\/#website"},"primaryImageOfPage":{"@id":"https:\/\/macite.tg\/?p=24539#primaryimage"},"image":{"@id":"https:\/\/macite.tg\/?p=24539#primaryimage"},"thumbnailUrl":"https:\/\/macite.tg\/wp-content\/uploads\/2025\/09\/DON-KITS.jpg","datePublished":"2025-09-10T13:44:23+00:00","dateModified":"2025-09-10T14:01:22+00:00","author":{"@id":"https:\/\/macite.tg\/#\/schema\/person\/e9f2de7e5dbbe7770a9402c7ce82f5c2"},"breadcrumb":{"@id":"https:\/\/macite.tg\/?p=24539#breadcrumb"},"inLanguage":"fr-FR","potentialAction":[{"@type":"ReadAction","target":["https:\/\/macite.tg\/?p=24539"]}]},{"@type":"ImageObject","inLanguage":"fr-FR","@id":"https:\/\/macite.tg\/?p=24539#primaryimage","url":"https:\/\/macite.tg\/wp-content\/uploads\/2025\/09\/DON-KITS.jpg","contentUrl":"https:\/\/macite.tg\/wp-content\/uploads\/2025\/09\/DON-KITS.jpg","width":500,"height":180},{"@type":"BreadcrumbList","@id":"https:\/\/macite.tg\/?p=24539#breadcrumb","itemListElement":[{"@type":"ListItem","position":1,"name":"Accueil","item":"https:\/\/macite.tg\/"},{"@type":"ListItem","position":2,"name":"PROJET SWEED+\u00a0: Assurer de la meilleure fa\u00e7on l\u2019acc\u00e8s de la jeune fille \u00e0 l\u2019\u00e9ducation"}]},{"@type":"WebSite","@id":"https:\/\/macite.tg\/#website","url":"https:\/\/macite.tg\/","name":"","description":"L&#039;information, la bonne!!!","potentialAction":[{"@type":"SearchAction","target":{"@type":"EntryPoint","urlTemplate":"https:\/\/macite.tg\/?s={search_term_string}"},"query-input":{"@type":"PropertyValueSpecification","valueRequired":true,"valueName":"search_term_string"}}],"inLanguage":"fr-FR"},{"@type":"Person","@id":"https:\/\/macite.tg\/#\/schema\/person\/e9f2de7e5dbbe7770a9402c7ce82f5c2","name":"Jean Pierre BAWELA","image":{"@type":"ImageObject","inLanguage":"fr-FR","@id":"https:\/\/macite.tg\/wp-content\/uploads\/2023\/09\/WhatsApp-Image-2023-09-19-at-14.44.41-122x122.jpeg","url":"https:\/\/macite.tg\/wp-content\/uploads\/2023\/09\/WhatsApp-Image-2023-09-19-at-14.44.41-122x122.jpeg","contentUrl":"https:\/\/macite.tg\/wp-content\/uploads\/2023\/09\/WhatsApp-Image-2023-09-19-at-14.44.41-122x122.jpeg","caption":"Jean Pierre BAWELA"},"url":"https:\/\/macite.tg\/?author=2"}]}},"_links":{"self":[{"href":"https:\/\/macite.tg\/index.php?rest_route=\/wp\/v2\/posts\/24539","targetHints":{"allow":["GET"]}}],"collection":[{"href":"https:\/\/macite.tg\/index.php?rest_route=\/wp\/v2\/posts"}],"about":[{"href":"https:\/\/macite.tg\/index.php?rest_route=\/wp\/v2\/types\/post"}],"author":[{"embeddable":true,"href":"https:\/\/macite.tg\/index.php?rest_route=\/wp\/v2\/users\/2"}],"replies":[{"embeddable":true,"href":"https:\/\/macite.tg\/index.php?rest_route=%2Fwp%2Fv2%2Fcomments&post=24539"}],"version-history":[{"count":0,"href":"https:\/\/macite.tg\/index.php?rest_route=\/wp\/v2\/posts\/24539\/revisions"}],"wp:featuredmedia":[{"embeddable":true,"href":"https:\/\/macite.tg\/index.php?rest_route=\/wp\/v2\/media\/24550"}],"wp:attachment":[{"href":"https:\/\/macite.tg\/index.php?rest_route=%2Fwp%2Fv2%2Fmedia&parent=24539"}],"wp:term":[{"taxonomy":"category","embeddable":true,"href":"https:\/\/macite.tg\/index.php?rest_route=%2Fwp%2Fv2%2Fcategories&post=24539"},{"taxonomy":"post_tag","embeddable":true,"href":"https:\/\/macite.tg\/index.php?rest_route=%2Fwp%2Fv2%2Ftags&post=24539"}],"curies":[{"name":"wp","href":"https:\/\/api.w.org\/{rel}","templated":true}]}}