{"id":24535,"date":"2025-09-10T12:04:54","date_gmt":"2025-09-10T12:04:54","guid":{"rendered":"https:\/\/macite.tg\/?p=24535"},"modified":"2025-09-10T12:05:02","modified_gmt":"2025-09-10T12:05:02","slug":"programme-lead-de-africa-ceo-forum-2025-le-togolais-aftar-toure-morou-dans-la-short-list-de-jeunes-profils-selectionnes-a-travers-tout-le-continent","status":"publish","type":"post","link":"https:\/\/macite.tg\/?p=24535","title":{"rendered":"PROGRAMME LEAD DE AFRICA CEO FORUM 2025 : Le Togolais Aftar Toure Morou dans la short list de jeunes profils s\u00e9lectionn\u00e9s \u00e0 travers\u00a0tout\u00a0le continent"},"content":{"rendered":"\n<p class=\"wp-block-paragraph\"><strong><em>L\u2019Africa CEO Forum en collaboration avec plusieurs partenaires notamment l\u2019Universit\u00e9 Mohammed VI Polytechnique (UM6P), la Fondation Aig-Imoukhuede, la Banque arabe pour le d\u00e9veloppement \u00e9conomique en Afrique (BADEA) et&nbsp;<\/em><\/strong><strong><a href=\"https:\/\/www.jeuneafrique.com\/entreprises\/afreximbank\/\"><em>Afreximbank<\/em><\/a><\/strong><strong><em>&nbsp;dans la droite ligne de l\u2019Africa CEO 2025, a organis\u00e9 du 28 au 31 ao\u00fbt \u00e0 Rabat au Maroc, un forum de renforcement de capacit\u00e9s d\u2019action des administrations publiques africaines \u00e0 travers son nouveau programme baptis\u00e9e&nbsp;LEAD.&nbsp;Ce programme panafricain est con\u00e7u pour former une nouvelle g\u00e9n\u00e9ration de leaders en mati\u00e8re de politiques publiques qui pourront mener une transformation \u00e9conomique durable \u00e0 travers le continent.<\/em><\/strong><\/p>\n\n\n\n<p class=\"wp-block-paragraph\">Parmi les jeunes profils s\u00e9lectionn\u00e9s \u00e0 travers tout le continent africain, figure le Togolais Aftar Toure Morou, Directeur General de l\u2019Autorit\u00e9 de R\u00e9gulation de la Commande Publique (ARCOP).<\/p>\n\n\n\n<p class=\"wp-block-paragraph\">Malgr\u00e9 plus de deux d\u00e9cennies de croissance \u00e9conomique soutenue, l\u2019Afrique peine encore \u00e0 transformer cette trajectoire en gains tangibles pour sa population. Un constat r\u00e9current, au c\u0153ur des r\u00e9flexions sur les freins structurels au d\u00e9veloppement du continent. Parmi eux,&nbsp;la&nbsp;faiblesse de la gouvernance publique fait encore consensus.<\/p>\n\n\n<div class=\"wp-block-image\">\n<figure class=\"aligncenter size-full\"><img loading=\"lazy\" decoding=\"async\" width=\"851\" height=\"315\" src=\"https:\/\/macite.tg\/wp-content\/uploads\/2025\/09\/OTR_Ferer-pour-batir-1.jpg\" alt=\"\" class=\"wp-image-24441\" srcset=\"https:\/\/macite.tg\/wp-content\/uploads\/2025\/09\/OTR_Ferer-pour-batir-1.jpg 851w, https:\/\/macite.tg\/wp-content\/uploads\/2025\/09\/OTR_Ferer-pour-batir-1-300x111.jpg 300w, https:\/\/macite.tg\/wp-content\/uploads\/2025\/09\/OTR_Ferer-pour-batir-1-768x284.jpg 768w\" sizes=\"auto, (max-width: 851px) 100vw, 851px\" \/><\/figure>\n<\/div>\n\n\n<p class=\"wp-block-paragraph\">Ainsi, la transformation \u00e9conomique du continent ne pourra advenir sans un appareil public plus efficace, mieux form\u00e9, et capable d\u2019anticiper des d\u00e9fis de plus en plus complexes\u00a0mais\u00a0connus, tels que l\u2019urbanisation rapide, la pression d\u00e9mographique, les vuln\u00e9rabilit\u00e9s climatiques, ou encore les mutations technologiques avec, notamment, l\u2019\u00e9mergence de l&rsquo;intelligence artificielle.<\/p>\n\n\n\n<p class=\"wp-block-paragraph\">Selon le constat, bien que le continent dispose de ressources consid\u00e9rables humaines, naturelles, num\u00e9riques, leur potentiel reste frein\u00e9 par des capacit\u00e9s administratives limit\u00e9es. LEAD entend r\u00e9pondre \u00e0 ce d\u00e9fi par la formation cibl\u00e9e d\u2019une \u00e9lite administrative africaine chaque ann\u00e9e.<\/p>\n\n\n\n<p class=\"wp-block-paragraph\">A Rabat, Aftar Toure&nbsp;Morou et ses amis venus des autres pays du continent, ont au cours des travaux, \u0153uvr\u00e9s sur des th\u00e9matiques prioritaires telles que la gouvernance du num\u00e9rique, la s\u00e9curit\u00e9 r\u00e9gionale, la planification climatique ou encore l\u2019int\u00e9gration \u00e9conomique. Ils \u00e9taient accompagn\u00e9s par un groupe d\u2019experts et de d\u00e9cideurs politiques, s\u00e9lectionn\u00e9s pour soutenir leur apprentissage au cours de cette premi\u00e8re \u00e9dition, notamment M. Donald Kaberuka, ancien Pr\u00e9sident de la BAD, M. Carlos Lopez, ancien Secr\u00e9taire G\u00e9n\u00e9ral adjoint de l\u2019ONU, Mme. Fettah Allaoui,&nbsp;ministre de l\u2019\u00c9conomie et des finances du Royaume du Maroc, M. Hajar Alafifi, le CEO de l\u2019OCP et M. ssAbhishek Gupta, Vice-Pr\u00e9sident de Boston Consulting group.<\/p>\n\n\n\n<p class=\"wp-block-paragraph\">L\u2019approche se veut ancr\u00e9e dans les r\u00e9alit\u00e9s locales, tout en s\u2019inspirant des transformations r\u00e9ussies en mati\u00e8re de gouvernance dans&nbsp;d\u2019autres pays du Sud, comme le syst\u00e8me de sant\u00e9 universel au Br\u00e9sil ou la strat\u00e9gie industrielle indon\u00e9sienne.<\/p>\n\n\n\n<p class=\"wp-block-paragraph\">Au-del\u00e0 de la transmission de comp\u00e9tences, l\u2019objectif est aussi de b\u00e2tir une communaut\u00e9 professionnelle transversale, capable de porter une vision commune de l\u2019int\u00e9r\u00eat&nbsp;g\u00e9n\u00e9ral&nbsp;africain, et de dialoguer avec les acteurs du secteur priv\u00e9 comme de la soci\u00e9t\u00e9 civile.<\/p>\n\n\n<div class=\"wp-block-image\">\n<figure class=\"aligncenter size-large is-resized\"><img loading=\"lazy\" decoding=\"async\" width=\"1024\" height=\"1024\" src=\"https:\/\/macite.tg\/wp-content\/uploads\/2025\/09\/a85f0ce4-ba89-497d-a417-b4838d5a0d21-1024x1024.jpg\" alt=\"\" class=\"wp-image-24454\" style=\"width:492px;height:auto\" srcset=\"https:\/\/macite.tg\/wp-content\/uploads\/2025\/09\/a85f0ce4-ba89-497d-a417-b4838d5a0d21-1024x1024.jpg 1024w, https:\/\/macite.tg\/wp-content\/uploads\/2025\/09\/a85f0ce4-ba89-497d-a417-b4838d5a0d21-300x300.jpg 300w, https:\/\/macite.tg\/wp-content\/uploads\/2025\/09\/a85f0ce4-ba89-497d-a417-b4838d5a0d21-150x150.jpg 150w, https:\/\/macite.tg\/wp-content\/uploads\/2025\/09\/a85f0ce4-ba89-497d-a417-b4838d5a0d21-768x768.jpg 768w, https:\/\/macite.tg\/wp-content\/uploads\/2025\/09\/a85f0ce4-ba89-497d-a417-b4838d5a0d21-122x122.jpg 122w, https:\/\/macite.tg\/wp-content\/uploads\/2025\/09\/a85f0ce4-ba89-497d-a417-b4838d5a0d21.jpg 1080w\" sizes=\"auto, (max-width: 1024px) 100vw, 1024px\" \/><\/figure>\n<\/div>\n\n\n<p class=\"wp-block-paragraph\">Soulignons que L\u2019Africa CEO Forum est co-organis\u00e9 par Jeune Afrique Media Group (JAMG) et la Soci\u00e9t\u00e9 financi\u00e8re internationale (IFC,&nbsp;fili\u00e8re&nbsp;de&nbsp;la&nbsp;Banque&nbsp;mondiale). Aussi son programme LEAD b\u00e9n\u00e9ficie du soutien d\u2019acteurs engag\u00e9s en faveur de l\u2019excellence dans les politiques publiques et de la promotion de la bonne gouvernance. BOAD, la Fondation ARISE, African Reinsurance Corporation (Africa Re), et ASAFO &amp; CO font partie des partenaires qui mettent leur expertise et leurs ressources au service de la mission de LEAD.<\/p>\n\n\n\n<p class=\"wp-block-paragraph\"><strong>La R\u00e9daction<\/strong><\/p>\n\n\n\n<p class=\"wp-block-paragraph\"><a><strong><em>@macite.tg&nbsp;&nbsp;&nbsp;&nbsp;&nbsp;&nbsp;&nbsp;&nbsp;<\/em><\/strong><\/a><\/p>\n\n\n\n<p class=\"wp-block-paragraph\"><strong><em>E-mail&nbsp;: <\/em><\/strong><a href=\"mailto:maciteinfo@gmail.com\"><strong><em>maciteinfo@gmail.com<\/em><\/strong><\/a><strong><em>; <\/em><\/strong><a href=\"mailto:bawela1@gmail.com\"><strong><em>bawela1@gmail.com<\/em><\/strong><\/a><strong><em><\/em><\/strong><\/p>\n\n\n\n<p class=\"wp-block-paragraph\"><strong><em>Pour vos annonces, (publi)reportages, etc., joignez-nous au (00228)91515309\/<strong>79872224 <\/strong><strong><\/strong><\/em><\/strong><\/p>\n\n\n\n<p class=\"wp-block-paragraph\"><strong><em>www.macite.tg, L\u2019information, la bonne&nbsp;!<\/em><\/strong><\/p>\n\n\n\n<p class=\"wp-block-paragraph\"><\/p>\n","protected":false},"excerpt":{"rendered":"<p class=\"text-justify mb-2\" >L\u2019Africa CEO Forum en collaboration avec plusieurs partenaires notamment l\u2019Universit\u00e9 Mohammed VI Polytechnique (UM6P), la Fondation Aig-Imoukhuede, la Banque arabe pour le d\u00e9veloppement \u00e9conomique en Afrique (BADEA) et&nbsp;Afreximbank&nbsp;dans la droite ligne de l\u2019Africa CEO 2025, a organis\u00e9 du 28 au 31 ao\u00fbt \u00e0 Rabat au [&hellip;]<\/p>\n","protected":false},"author":2,"featured_media":24537,"comment_status":"open","ping_status":"open","sticky":false,"template":"","format":"standard","meta":{"footnotes":""},"categories":[20,15],"tags":[],"class_list":["post-24535","post","type-post","status-publish","format-standard","has-post-thumbnail","hentry","category-actualite","category-developpement"],"yoast_head":"<!-- This site is optimized with the Yoast SEO plugin v28.4 - https:\/\/yoast.com\/product\/yoast-seo-wordpress\/ -->\n<title>PROGRAMME LEAD DE AFRICA CEO FORUM 2025 : Le Togolais Aftar Toure Morou dans la short list de jeunes profils s\u00e9lectionn\u00e9s \u00e0 travers\u00a0tout\u00a0le continent -<\/title>\n<meta name=\"robots\" content=\"index, follow, max-snippet:-1, max-image-preview:large, max-video-preview:-1\" \/>\n<link rel=\"canonical\" href=\"https:\/\/macite.tg\/?p=24535\" \/>\n<meta property=\"og:locale\" content=\"fr_FR\" \/>\n<meta property=\"og:type\" content=\"article\" \/>\n<meta property=\"og:title\" content=\"PROGRAMME LEAD DE AFRICA CEO FORUM 2025 : Le Togolais Aftar Toure Morou dans la short list de jeunes profils s\u00e9lectionn\u00e9s \u00e0 travers\u00a0tout\u00a0le continent -\" \/>\n<meta property=\"og:description\" content=\"L\u2019Africa CEO Forum en collaboration avec plusieurs partenaires notamment l\u2019Universit\u00e9 Mohammed VI Polytechnique (UM6P), la Fondation Aig-Imoukhuede, la Banque arabe pour le d\u00e9veloppement \u00e9conomique en Afrique (BADEA) et&nbsp;Afreximbank&nbsp;dans la droite ligne de l\u2019Africa CEO 2025, a organis\u00e9 du 28 au 31 ao\u00fbt \u00e0 Rabat au [&hellip;]\" \/>\n<meta property=\"og:url\" content=\"https:\/\/macite.tg\/?p=24535\" \/>\n<meta property=\"article:published_time\" content=\"2025-09-10T12:04:54+00:00\" \/>\n<meta property=\"article:modified_time\" content=\"2025-09-10T12:05:02+00:00\" \/>\n<meta property=\"og:image\" content=\"https:\/\/macite.tg\/wp-content\/uploads\/2025\/09\/Amorou.jpg\" \/>\n\t<meta property=\"og:image:width\" content=\"400\" \/>\n\t<meta property=\"og:image:height\" content=\"164\" \/>\n\t<meta property=\"og:image:type\" content=\"image\/jpeg\" \/>\n<meta name=\"author\" content=\"Jean Pierre BAWELA\" \/>\n<meta name=\"twitter:card\" content=\"summary_large_image\" \/>\n<meta name=\"twitter:label1\" content=\"\u00c9crit par\" \/>\n\t<meta name=\"twitter:data1\" content=\"Jean Pierre BAWELA\" \/>\n\t<meta name=\"twitter:label2\" content=\"Dur\u00e9e de lecture estim\u00e9e\" \/>\n\t<meta name=\"twitter:data2\" content=\"4 minutes\" \/>\n<script type=\"application\/ld+json\" class=\"yoast-schema-graph\">{\"@context\":\"https:\\\/\\\/schema.org\",\"@graph\":[{\"@type\":\"Article\",\"@id\":\"https:\\\/\\\/macite.tg\\\/?p=24535#article\",\"isPartOf\":{\"@id\":\"https:\\\/\\\/macite.tg\\\/?p=24535\"},\"author\":{\"name\":\"Jean Pierre BAWELA\",\"@id\":\"https:\\\/\\\/macite.tg\\\/#\\\/schema\\\/person\\\/e9f2de7e5dbbe7770a9402c7ce82f5c2\"},\"headline\":\"PROGRAMME LEAD DE AFRICA CEO FORUM 2025 : Le Togolais Aftar Toure Morou dans la short list de jeunes profils s\u00e9lectionn\u00e9s \u00e0 travers\u00a0tout\u00a0le continent\",\"datePublished\":\"2025-09-10T12:04:54+00:00\",\"dateModified\":\"2025-09-10T12:05:02+00:00\",\"mainEntityOfPage\":{\"@id\":\"https:\\\/\\\/macite.tg\\\/?p=24535\"},\"wordCount\":683,\"commentCount\":0,\"image\":{\"@id\":\"https:\\\/\\\/macite.tg\\\/?p=24535#primaryimage\"},\"thumbnailUrl\":\"https:\\\/\\\/macite.tg\\\/wp-content\\\/uploads\\\/2025\\\/09\\\/Amorou.jpg\",\"articleSection\":[\"ACTUALITE\",\"DEVELOPPEMENT\"],\"inLanguage\":\"fr-FR\",\"potentialAction\":[{\"@type\":\"CommentAction\",\"name\":\"Comment\",\"target\":[\"https:\\\/\\\/macite.tg\\\/?p=24535#respond\"]}]},{\"@type\":\"WebPage\",\"@id\":\"https:\\\/\\\/macite.tg\\\/?p=24535\",\"url\":\"https:\\\/\\\/macite.tg\\\/?p=24535\",\"name\":\"PROGRAMME LEAD DE AFRICA CEO FORUM 2025 : Le Togolais Aftar Toure Morou dans la short list de jeunes profils s\u00e9lectionn\u00e9s \u00e0 travers\u00a0tout\u00a0le continent -\",\"isPartOf\":{\"@id\":\"https:\\\/\\\/macite.tg\\\/#website\"},\"primaryImageOfPage\":{\"@id\":\"https:\\\/\\\/macite.tg\\\/?p=24535#primaryimage\"},\"image\":{\"@id\":\"https:\\\/\\\/macite.tg\\\/?p=24535#primaryimage\"},\"thumbnailUrl\":\"https:\\\/\\\/macite.tg\\\/wp-content\\\/uploads\\\/2025\\\/09\\\/Amorou.jpg\",\"datePublished\":\"2025-09-10T12:04:54+00:00\",\"dateModified\":\"2025-09-10T12:05:02+00:00\",\"author\":{\"@id\":\"https:\\\/\\\/macite.tg\\\/#\\\/schema\\\/person\\\/e9f2de7e5dbbe7770a9402c7ce82f5c2\"},\"breadcrumb\":{\"@id\":\"https:\\\/\\\/macite.tg\\\/?p=24535#breadcrumb\"},\"inLanguage\":\"fr-FR\",\"potentialAction\":[{\"@type\":\"ReadAction\",\"target\":[\"https:\\\/\\\/macite.tg\\\/?p=24535\"]}]},{\"@type\":\"ImageObject\",\"inLanguage\":\"fr-FR\",\"@id\":\"https:\\\/\\\/macite.tg\\\/?p=24535#primaryimage\",\"url\":\"https:\\\/\\\/macite.tg\\\/wp-content\\\/uploads\\\/2025\\\/09\\\/Amorou.jpg\",\"contentUrl\":\"https:\\\/\\\/macite.tg\\\/wp-content\\\/uploads\\\/2025\\\/09\\\/Amorou.jpg\",\"width\":400,\"height\":164},{\"@type\":\"BreadcrumbList\",\"@id\":\"https:\\\/\\\/macite.tg\\\/?p=24535#breadcrumb\",\"itemListElement\":[{\"@type\":\"ListItem\",\"position\":1,\"name\":\"Accueil\",\"item\":\"https:\\\/\\\/macite.tg\\\/\"},{\"@type\":\"ListItem\",\"position\":2,\"name\":\"PROGRAMME LEAD DE AFRICA CEO FORUM 2025 : Le Togolais Aftar Toure Morou dans la short list de jeunes profils s\u00e9lectionn\u00e9s \u00e0 travers\u00a0tout\u00a0le continent\"}]},{\"@type\":\"WebSite\",\"@id\":\"https:\\\/\\\/macite.tg\\\/#website\",\"url\":\"https:\\\/\\\/macite.tg\\\/\",\"name\":\"\",\"description\":\"L&#039;information, la bonne!!!\",\"potentialAction\":[{\"@type\":\"SearchAction\",\"target\":{\"@type\":\"EntryPoint\",\"urlTemplate\":\"https:\\\/\\\/macite.tg\\\/?s={search_term_string}\"},\"query-input\":{\"@type\":\"PropertyValueSpecification\",\"valueRequired\":true,\"valueName\":\"search_term_string\"}}],\"inLanguage\":\"fr-FR\"},{\"@type\":\"Person\",\"@id\":\"https:\\\/\\\/macite.tg\\\/#\\\/schema\\\/person\\\/e9f2de7e5dbbe7770a9402c7ce82f5c2\",\"name\":\"Jean Pierre BAWELA\",\"image\":{\"@type\":\"ImageObject\",\"inLanguage\":\"fr-FR\",\"@id\":\"https:\\\/\\\/macite.tg\\\/wp-content\\\/uploads\\\/2023\\\/09\\\/WhatsApp-Image-2023-09-19-at-14.44.41-122x122.jpeg\",\"url\":\"https:\\\/\\\/macite.tg\\\/wp-content\\\/uploads\\\/2023\\\/09\\\/WhatsApp-Image-2023-09-19-at-14.44.41-122x122.jpeg\",\"contentUrl\":\"https:\\\/\\\/macite.tg\\\/wp-content\\\/uploads\\\/2023\\\/09\\\/WhatsApp-Image-2023-09-19-at-14.44.41-122x122.jpeg\",\"caption\":\"Jean Pierre BAWELA\"},\"url\":\"https:\\\/\\\/macite.tg\\\/?author=2\"}]}<\/script>\n<!-- \/ Yoast SEO plugin. -->","yoast_head_json":{"title":"PROGRAMME LEAD DE AFRICA CEO FORUM 2025 : Le Togolais Aftar Toure Morou dans la short list de jeunes profils s\u00e9lectionn\u00e9s \u00e0 travers\u00a0tout\u00a0le continent -","robots":{"index":"index","follow":"follow","max-snippet":"max-snippet:-1","max-image-preview":"max-image-preview:large","max-video-preview":"max-video-preview:-1"},"canonical":"https:\/\/macite.tg\/?p=24535","og_locale":"fr_FR","og_type":"article","og_title":"PROGRAMME LEAD DE AFRICA CEO FORUM 2025 : Le Togolais Aftar Toure Morou dans la short list de jeunes profils s\u00e9lectionn\u00e9s \u00e0 travers\u00a0tout\u00a0le continent -","og_description":"L\u2019Africa CEO Forum en collaboration avec plusieurs partenaires notamment l\u2019Universit\u00e9 Mohammed VI Polytechnique (UM6P), la Fondation Aig-Imoukhuede, la Banque arabe pour le d\u00e9veloppement \u00e9conomique en Afrique (BADEA) et&nbsp;Afreximbank&nbsp;dans la droite ligne de l\u2019Africa CEO 2025, a organis\u00e9 du 28 au 31 ao\u00fbt \u00e0 Rabat au [&hellip;]","og_url":"https:\/\/macite.tg\/?p=24535","article_published_time":"2025-09-10T12:04:54+00:00","article_modified_time":"2025-09-10T12:05:02+00:00","og_image":[{"width":400,"height":164,"url":"https:\/\/macite.tg\/wp-content\/uploads\/2025\/09\/Amorou.jpg","type":"image\/jpeg"}],"author":"Jean Pierre BAWELA","twitter_card":"summary_large_image","twitter_misc":{"\u00c9crit par":"Jean Pierre BAWELA","Dur\u00e9e de lecture estim\u00e9e":"4 minutes"},"schema":{"@context":"https:\/\/schema.org","@graph":[{"@type":"Article","@id":"https:\/\/macite.tg\/?p=24535#article","isPartOf":{"@id":"https:\/\/macite.tg\/?p=24535"},"author":{"name":"Jean Pierre BAWELA","@id":"https:\/\/macite.tg\/#\/schema\/person\/e9f2de7e5dbbe7770a9402c7ce82f5c2"},"headline":"PROGRAMME LEAD DE AFRICA CEO FORUM 2025 : Le Togolais Aftar Toure Morou dans la short list de jeunes profils s\u00e9lectionn\u00e9s \u00e0 travers\u00a0tout\u00a0le continent","datePublished":"2025-09-10T12:04:54+00:00","dateModified":"2025-09-10T12:05:02+00:00","mainEntityOfPage":{"@id":"https:\/\/macite.tg\/?p=24535"},"wordCount":683,"commentCount":0,"image":{"@id":"https:\/\/macite.tg\/?p=24535#primaryimage"},"thumbnailUrl":"https:\/\/macite.tg\/wp-content\/uploads\/2025\/09\/Amorou.jpg","articleSection":["ACTUALITE","DEVELOPPEMENT"],"inLanguage":"fr-FR","potentialAction":[{"@type":"CommentAction","name":"Comment","target":["https:\/\/macite.tg\/?p=24535#respond"]}]},{"@type":"WebPage","@id":"https:\/\/macite.tg\/?p=24535","url":"https:\/\/macite.tg\/?p=24535","name":"PROGRAMME LEAD DE AFRICA CEO FORUM 2025 : Le Togolais Aftar Toure Morou dans la short list de jeunes profils s\u00e9lectionn\u00e9s \u00e0 travers\u00a0tout\u00a0le continent -","isPartOf":{"@id":"https:\/\/macite.tg\/#website"},"primaryImageOfPage":{"@id":"https:\/\/macite.tg\/?p=24535#primaryimage"},"image":{"@id":"https:\/\/macite.tg\/?p=24535#primaryimage"},"thumbnailUrl":"https:\/\/macite.tg\/wp-content\/uploads\/2025\/09\/Amorou.jpg","datePublished":"2025-09-10T12:04:54+00:00","dateModified":"2025-09-10T12:05:02+00:00","author":{"@id":"https:\/\/macite.tg\/#\/schema\/person\/e9f2de7e5dbbe7770a9402c7ce82f5c2"},"breadcrumb":{"@id":"https:\/\/macite.tg\/?p=24535#breadcrumb"},"inLanguage":"fr-FR","potentialAction":[{"@type":"ReadAction","target":["https:\/\/macite.tg\/?p=24535"]}]},{"@type":"ImageObject","inLanguage":"fr-FR","@id":"https:\/\/macite.tg\/?p=24535#primaryimage","url":"https:\/\/macite.tg\/wp-content\/uploads\/2025\/09\/Amorou.jpg","contentUrl":"https:\/\/macite.tg\/wp-content\/uploads\/2025\/09\/Amorou.jpg","width":400,"height":164},{"@type":"BreadcrumbList","@id":"https:\/\/macite.tg\/?p=24535#breadcrumb","itemListElement":[{"@type":"ListItem","position":1,"name":"Accueil","item":"https:\/\/macite.tg\/"},{"@type":"ListItem","position":2,"name":"PROGRAMME LEAD DE AFRICA CEO FORUM 2025 : Le Togolais Aftar Toure Morou dans la short list de jeunes profils s\u00e9lectionn\u00e9s \u00e0 travers\u00a0tout\u00a0le continent"}]},{"@type":"WebSite","@id":"https:\/\/macite.tg\/#website","url":"https:\/\/macite.tg\/","name":"","description":"L&#039;information, la bonne!!!","potentialAction":[{"@type":"SearchAction","target":{"@type":"EntryPoint","urlTemplate":"https:\/\/macite.tg\/?s={search_term_string}"},"query-input":{"@type":"PropertyValueSpecification","valueRequired":true,"valueName":"search_term_string"}}],"inLanguage":"fr-FR"},{"@type":"Person","@id":"https:\/\/macite.tg\/#\/schema\/person\/e9f2de7e5dbbe7770a9402c7ce82f5c2","name":"Jean Pierre BAWELA","image":{"@type":"ImageObject","inLanguage":"fr-FR","@id":"https:\/\/macite.tg\/wp-content\/uploads\/2023\/09\/WhatsApp-Image-2023-09-19-at-14.44.41-122x122.jpeg","url":"https:\/\/macite.tg\/wp-content\/uploads\/2023\/09\/WhatsApp-Image-2023-09-19-at-14.44.41-122x122.jpeg","contentUrl":"https:\/\/macite.tg\/wp-content\/uploads\/2023\/09\/WhatsApp-Image-2023-09-19-at-14.44.41-122x122.jpeg","caption":"Jean Pierre BAWELA"},"url":"https:\/\/macite.tg\/?author=2"}]}},"_links":{"self":[{"href":"https:\/\/macite.tg\/index.php?rest_route=\/wp\/v2\/posts\/24535","targetHints":{"allow":["GET"]}}],"collection":[{"href":"https:\/\/macite.tg\/index.php?rest_route=\/wp\/v2\/posts"}],"about":[{"href":"https:\/\/macite.tg\/index.php?rest_route=\/wp\/v2\/types\/post"}],"author":[{"embeddable":true,"href":"https:\/\/macite.tg\/index.php?rest_route=\/wp\/v2\/users\/2"}],"replies":[{"embeddable":true,"href":"https:\/\/macite.tg\/index.php?rest_route=%2Fwp%2Fv2%2Fcomments&post=24535"}],"version-history":[{"count":0,"href":"https:\/\/macite.tg\/index.php?rest_route=\/wp\/v2\/posts\/24535\/revisions"}],"wp:featuredmedia":[{"embeddable":true,"href":"https:\/\/macite.tg\/index.php?rest_route=\/wp\/v2\/media\/24537"}],"wp:attachment":[{"href":"https:\/\/macite.tg\/index.php?rest_route=%2Fwp%2Fv2%2Fmedia&parent=24535"}],"wp:term":[{"taxonomy":"category","embeddable":true,"href":"https:\/\/macite.tg\/index.php?rest_route=%2Fwp%2Fv2%2Fcategories&post=24535"},{"taxonomy":"post_tag","embeddable":true,"href":"https:\/\/macite.tg\/index.php?rest_route=%2Fwp%2Fv2%2Ftags&post=24535"}],"curies":[{"name":"wp","href":"https:\/\/api.w.org\/{rel}","templated":true}]}}