{"id":24525,"date":"2025-09-08T13:34:00","date_gmt":"2025-09-08T13:34:00","guid":{"rendered":"https:\/\/macite.tg\/?p=24525"},"modified":"2025-09-09T13:34:50","modified_gmt":"2025-09-09T13:34:50","slug":"entrepreneuriat-des-jeunes-plan-international-togo-renforce-les-capacites-des-organisations-denfants-et-de-jeunes-oej-de-la-maritime","status":"publish","type":"post","link":"https:\/\/macite.tg\/?p=24525","title":{"rendered":"ENTREPRENEURIAT DES JEUNES : Plan International-Togo renforce les capacit\u00e9s des Organisations d&rsquo;enfants et de jeunes (OEJ)\u00a0de la Maritime"},"content":{"rendered":"\n<p class=\"wp-block-paragraph\"><strong><em>Encourager l&rsquo;autosuffisance \u00e9conomique des associations de jeunes et renforcer les capacit\u00e9s des jeunes entrepreneurs&nbsp;mais aussi leur donner les outils n\u00e9cessaires afin qu\u2019ils participent activement, dans leur communaut\u00e9, \u00e0 la promotion de l&rsquo;\u00e9galit\u00e9 des sexes. Telles sont, entre autres, les motivations de Plan International, en organisant une s\u00e9rie de sessions de formation, sur l&rsquo;entreprenariat et le d\u00e9veloppement d&rsquo;entreprise (FoDA), une initiative de la GIZ (Agence de coop\u00e9ration internationale allemande pour le d\u00e9veloppement), \u00e0 l\u2019endroit de la frange jeune de la population togolaise.<\/em><\/strong><\/p>\n\n\n\n<p class=\"wp-block-paragraph\">Une trentaine de jeunes filles et gar\u00e7ons de la r\u00e9gion Maritime a \u00e9t\u00e9 convi\u00e9e, du 22 au 26 ao\u00fbt dernier, \u00e0 une formation \u00e0 Lom\u00e9, sur l\u2019entrepreneuriat collectif, dans le cadre de la mise en \u0153uvre du projet \u00ab\u00a0Girls Lead 2\u00a0\u00bb.<\/p>\n\n\n\n<p class=\"wp-block-paragraph\">Organis\u00e9e par Plan International, en collaboration avec ses avec ses partenaires, cette formation, comme les deux pr\u00e9c\u00e9dentes organis\u00e9es \u00e0 Atakpam\u00e9 et \u00e0 Sokod\u00e9, vient \u00e0 point nomm\u00e9 donner les outils n\u00e9cessaires \u00e0 ces jeunes afin qu\u2019ils puissent participer pleinement \u00e0 la transformation positive de leur communaut\u00e9. Ceci \u00e0 travers l&rsquo;autosuffisance \u00e9conomique des associations de jeunes et au renforcement des capacit\u00e9s des jeunes entrepreneurs<em>.<\/em><\/p>\n\n\n<div class=\"wp-block-image\">\n<figure class=\"aligncenter size-full is-resized\"><img loading=\"lazy\" decoding=\"async\" width=\"1000\" height=\"1000\" src=\"https:\/\/macite.tg\/wp-content\/uploads\/2025\/09\/Bienvenu-en-SEPTEMBRE.jpg\" alt=\"\" class=\"wp-image-24497\" style=\"width:542px;height:auto\" srcset=\"https:\/\/macite.tg\/wp-content\/uploads\/2025\/09\/Bienvenu-en-SEPTEMBRE.jpg 1000w, https:\/\/macite.tg\/wp-content\/uploads\/2025\/09\/Bienvenu-en-SEPTEMBRE-300x300.jpg 300w, https:\/\/macite.tg\/wp-content\/uploads\/2025\/09\/Bienvenu-en-SEPTEMBRE-150x150.jpg 150w, https:\/\/macite.tg\/wp-content\/uploads\/2025\/09\/Bienvenu-en-SEPTEMBRE-768x768.jpg 768w, https:\/\/macite.tg\/wp-content\/uploads\/2025\/09\/Bienvenu-en-SEPTEMBRE-122x122.jpg 122w\" sizes=\"auto, (max-width: 1000px) 100vw, 1000px\" \/><\/figure>\n<\/div>\n\n\n<p class=\"wp-block-paragraph\">Ainsi, durant cinq jours, les jeunes ont suivi et inter-\u00e9chang\u00e9 sur plusieurs th\u00e9matiques, \u00e0 savoir&nbsp;: Principes et valeurs de la coop\u00e9rative&nbsp;; Distinction entre entreprise traditionnelle et coop\u00e9rative&nbsp;; Les caract\u00e9ristiques d\u2019un entrepreneur&nbsp;; L\u2019entrepreneur et son environnement&nbsp;; L\u2019outil SWOT\/FFOM (forces, faiblesses, opportunit\u00e9s, menaces)&nbsp;; Les styles de management&nbsp;; Le r\u00e9seautage et son importance&nbsp;; L\u2019\u00e9tude de march\u00e9&nbsp;; Diversification et de la cr\u00e9ativit\u00e9 en entrepreneuriat (m\u00e9thode SCAMPER (Substituer, Combiner, Adapter, Modifier, Produire un autre usage, \u00c9liminer, Renverser)&nbsp;; \u2026 Des th\u00e9matiques qui ont \u00e9t\u00e9 entrecoup\u00e9s par des exercices pratiques pour mettre les participants dans le bain.<\/p>\n\n\n\n<p class=\"wp-block-paragraph\">Au terme de cinq jours de formation, ce sont des jeunes enthousiastes, qui ont pris conscience de leurs propres potentialit\u00e9s et axes d\u2019am\u00e9lioration, qu\u2019on a eu la chance de d\u00e9couvrir \u00e0 la mi-journ\u00e9e de vendredi 22 ao\u00fbt, les yeux scintillants, la t\u00eate bourr\u00e9e de nouvelles id\u00e9es\u2026&nbsp;<\/p>\n\n\n<div class=\"wp-block-image\">\n<figure class=\"aligncenter size-full\"><img loading=\"lazy\" decoding=\"async\" width=\"851\" height=\"315\" src=\"https:\/\/macite.tg\/wp-content\/uploads\/2025\/09\/OTR_Ferer-pour-batir-1.jpg\" alt=\"\" class=\"wp-image-24441\" srcset=\"https:\/\/macite.tg\/wp-content\/uploads\/2025\/09\/OTR_Ferer-pour-batir-1.jpg 851w, https:\/\/macite.tg\/wp-content\/uploads\/2025\/09\/OTR_Ferer-pour-batir-1-300x111.jpg 300w, https:\/\/macite.tg\/wp-content\/uploads\/2025\/09\/OTR_Ferer-pour-batir-1-768x284.jpg 768w\" sizes=\"auto, (max-width: 851px) 100vw, 851px\" \/><\/figure>\n<\/div>\n\n\n<p class=\"wp-block-paragraph\"><em>\u00ab&nbsp;Durant ces cinq jours, nous avions suffisamment appris sur l\u2019entreprenariat. Nous savons d\u00e9sormais comment vivre en groupe, comment se structurer en groupe pour un travail efficace, et la communication \u00e0 faire, ce qui est un \u00e9l\u00e9ment tr\u00e8s important pour le fonctionnement d\u2019un groupe quelconque&nbsp;\u00bb,<\/em> a soulign\u00e9 Mlle Lamboni Alexandrine, pr\u00e9sidente de Youth panels clubs (YPC) Ago\u00e8-Nyiv\u00e9 3.<\/p>\n\n\n\n<p class=\"wp-block-paragraph\"><em>\u00ab&nbsp;Ce qui est int\u00e9ressant \u00e0 retenir, je peux d\u00e9j\u00e0 initier une activit\u00e9 g\u00e9n\u00e9ratrice de revenues pour pouvoir alimenter les caisses de notre association. Ce qui nous facilitera l\u2019organisation des activit\u00e9s de l\u2019association&nbsp;\u00bb,<\/em> a-t-elle poursuivi.<\/p>\n\n\n\n<p class=\"wp-block-paragraph\">Pour sa part, Mlle Agbod\u00e9ka Amivi Viviane, estime que ce sont cinq jours d\u2019intense immersion dans le monde de l\u2019entreprenariat. <em>\u00ab&nbsp;(\u2026) Ces cinq jours n\u2019ont fait que boost\u00e9 sa motivation, et je pourrai d\u00e9sormais agir, faire quelque chose de diff\u00e9rent et bien (\u2026) surtout que je suis dans le domaine de l\u2019artisanat o\u00f9 nous sommes tellement nombreux&nbsp;\u00bb, <\/em>a-t-elle soutenu.<\/p>\n\n\n\n<p class=\"wp-block-paragraph\">Notons que la m\u00eame formation se d\u00e9roulait simultan\u00e9ment \u00e0 Dapaong, a profit des jeunes de la r\u00e9gion des Savanes.<\/p>\n\n\n<div class=\"wp-block-image\">\n<figure class=\"aligncenter size-large is-resized\"><img loading=\"lazy\" decoding=\"async\" width=\"1024\" height=\"1024\" src=\"https:\/\/macite.tg\/wp-content\/uploads\/2025\/09\/a85f0ce4-ba89-497d-a417-b4838d5a0d21-1024x1024.jpg\" alt=\"\" class=\"wp-image-24454\" style=\"width:440px;height:auto\" srcset=\"https:\/\/macite.tg\/wp-content\/uploads\/2025\/09\/a85f0ce4-ba89-497d-a417-b4838d5a0d21-1024x1024.jpg 1024w, https:\/\/macite.tg\/wp-content\/uploads\/2025\/09\/a85f0ce4-ba89-497d-a417-b4838d5a0d21-300x300.jpg 300w, https:\/\/macite.tg\/wp-content\/uploads\/2025\/09\/a85f0ce4-ba89-497d-a417-b4838d5a0d21-150x150.jpg 150w, https:\/\/macite.tg\/wp-content\/uploads\/2025\/09\/a85f0ce4-ba89-497d-a417-b4838d5a0d21-768x768.jpg 768w, https:\/\/macite.tg\/wp-content\/uploads\/2025\/09\/a85f0ce4-ba89-497d-a417-b4838d5a0d21-122x122.jpg 122w, https:\/\/macite.tg\/wp-content\/uploads\/2025\/09\/a85f0ce4-ba89-497d-a417-b4838d5a0d21.jpg 1080w\" sizes=\"auto, (max-width: 1024px) 100vw, 1024px\" \/><\/figure>\n<\/div>\n\n\n<p class=\"wp-block-paragraph\">Pour rappel, le projet \u00ab\u00a0Girls Lead 2\u00a0\u00bb, mis en \u0153uvre par Plan International, vise <em>\u00ab&nbsp;\u00e0 s&rsquo;assurer que les jeunes enfants, en particulier les filles, et leurs organisations, renforc\u00e9s et soutenus dans l&rsquo;expression de leur leadership, agissent ensemble pour transformer les normes et pratiques sociales n\u00e9fastes et le cadre juridique pour l&rsquo;\u00e9galit\u00e9 des genres&nbsp;\u00bb, <\/em>note la coordinatrice dudit projet, Mme C\u00e9lestine Awidina. Il s\u2019agit, \u00e0 travers ce projet, de <em>\u00ab&nbsp;renforcer et soutenir les enfants et jeunes, en particulier les filles et leurs organisations, afin qu\u2019ils puissent exprimer pleinement leur leadership et contribuer \u00e0 une transformation des normes de genre et du cadre juridique pour une v\u00e9ritable \u00e9galit\u00e9 des sexes&nbsp;\u00bb,<\/em> a-t-elle soutenu.<\/p>\n\n\n\n<p class=\"wp-block-paragraph\"><strong>JPB<\/strong><\/p>\n\n\n\n<p class=\"wp-block-paragraph\">&nbsp;<a><strong><em>@macite.tg&nbsp;&nbsp;&nbsp;&nbsp;&nbsp;&nbsp;&nbsp;<\/em><\/strong><\/a><\/p>\n\n\n\n<p class=\"wp-block-paragraph\"><strong><em>E-mail&nbsp;: <\/em><\/strong><a href=\"mailto:maciteinfo@gmail.com\"><strong><em>maciteinfo@gmail.com<\/em><\/strong><\/a><strong><em>; <\/em><\/strong><a href=\"mailto:bawela1@gmail.com\"><strong><em>bawela1@gmail.com<\/em><\/strong><\/a><strong><em><\/em><\/strong><\/p>\n\n\n\n<p class=\"wp-block-paragraph\"><strong><em>Pour vos annonces, (publi)reportages, etc., joignez-nous au (00228)91515309\/<\/em><\/strong><strong><em>79872224 <\/em><\/strong><strong><em><\/em><\/strong><\/p>\n\n\n\n<p class=\"wp-block-paragraph\"><strong><em>www.macite.tg, L\u2019information, la bonne&nbsp;!<\/em><\/strong><\/p>\n\n\n\n<p class=\"wp-block-paragraph\"><\/p>\n","protected":false},"excerpt":{"rendered":"<p class=\"text-justify mb-2\" >Encourager l&rsquo;autosuffisance \u00e9conomique des associations de jeunes et renforcer les capacit\u00e9s des jeunes entrepreneurs&nbsp;mais aussi leur donner les outils n\u00e9cessaires afin qu\u2019ils participent activement, dans leur communaut\u00e9, \u00e0 la promotion de l&rsquo;\u00e9galit\u00e9 des sexes. Telles sont, entre autres, les motivations de Plan International, en organisant [&hellip;]<\/p>\n","protected":false},"author":2,"featured_media":24526,"comment_status":"open","ping_status":"open","sticky":false,"template":"","format":"standard","meta":{"footnotes":""},"categories":[20,6],"tags":[],"class_list":["post-24525","post","type-post","status-publish","format-standard","has-post-thumbnail","hentry","category-actualite","category-societe"],"yoast_head":"<!-- This site is optimized with the Yoast SEO plugin v28.4 - https:\/\/yoast.com\/product\/yoast-seo-wordpress\/ -->\n<title>ENTREPRENEURIAT DES JEUNES : Plan International-Togo renforce les capacit\u00e9s des Organisations d&#039;enfants et de jeunes (OEJ)\u00a0de la Maritime -<\/title>\n<meta name=\"robots\" content=\"index, follow, max-snippet:-1, max-image-preview:large, max-video-preview:-1\" \/>\n<link rel=\"canonical\" href=\"https:\/\/macite.tg\/?p=24525\" \/>\n<meta property=\"og:locale\" content=\"fr_FR\" \/>\n<meta property=\"og:type\" content=\"article\" \/>\n<meta property=\"og:title\" content=\"ENTREPRENEURIAT DES JEUNES : Plan International-Togo renforce les capacit\u00e9s des Organisations d&#039;enfants et de jeunes (OEJ)\u00a0de la Maritime -\" \/>\n<meta property=\"og:description\" content=\"Encourager l&rsquo;autosuffisance \u00e9conomique des associations de jeunes et renforcer les capacit\u00e9s des jeunes entrepreneurs&nbsp;mais aussi leur donner les outils n\u00e9cessaires afin qu\u2019ils participent activement, dans leur communaut\u00e9, \u00e0 la promotion de l&rsquo;\u00e9galit\u00e9 des sexes. Telles sont, entre autres, les motivations de Plan International, en organisant [&hellip;]\" \/>\n<meta property=\"og:url\" content=\"https:\/\/macite.tg\/?p=24525\" \/>\n<meta property=\"article:published_time\" content=\"2025-09-08T13:34:00+00:00\" \/>\n<meta property=\"article:modified_time\" content=\"2025-09-09T13:34:50+00:00\" \/>\n<meta property=\"og:image\" content=\"https:\/\/macite.tg\/wp-content\/uploads\/2025\/09\/Plan-togo_Foration-Mritime.jpg\" \/>\n\t<meta property=\"og:image:width\" content=\"500\" \/>\n\t<meta property=\"og:image:height\" content=\"375\" \/>\n\t<meta property=\"og:image:type\" content=\"image\/jpeg\" \/>\n<meta name=\"author\" content=\"Jean Pierre BAWELA\" \/>\n<meta name=\"twitter:card\" content=\"summary_large_image\" \/>\n<meta name=\"twitter:label1\" content=\"\u00c9crit par\" \/>\n\t<meta name=\"twitter:data1\" content=\"Jean Pierre BAWELA\" \/>\n\t<meta name=\"twitter:label2\" content=\"Dur\u00e9e de lecture estim\u00e9e\" \/>\n\t<meta name=\"twitter:data2\" content=\"4 minutes\" \/>\n<script type=\"application\/ld+json\" class=\"yoast-schema-graph\">{\"@context\":\"https:\\\/\\\/schema.org\",\"@graph\":[{\"@type\":\"Article\",\"@id\":\"https:\\\/\\\/macite.tg\\\/?p=24525#article\",\"isPartOf\":{\"@id\":\"https:\\\/\\\/macite.tg\\\/?p=24525\"},\"author\":{\"name\":\"Jean Pierre BAWELA\",\"@id\":\"https:\\\/\\\/macite.tg\\\/#\\\/schema\\\/person\\\/e9f2de7e5dbbe7770a9402c7ce82f5c2\"},\"headline\":\"ENTREPRENEURIAT DES JEUNES : Plan International-Togo renforce les capacit\u00e9s des Organisations d&rsquo;enfants et de jeunes (OEJ)\u00a0de la Maritime\",\"datePublished\":\"2025-09-08T13:34:00+00:00\",\"dateModified\":\"2025-09-09T13:34:50+00:00\",\"mainEntityOfPage\":{\"@id\":\"https:\\\/\\\/macite.tg\\\/?p=24525\"},\"wordCount\":736,\"commentCount\":0,\"image\":{\"@id\":\"https:\\\/\\\/macite.tg\\\/?p=24525#primaryimage\"},\"thumbnailUrl\":\"https:\\\/\\\/macite.tg\\\/wp-content\\\/uploads\\\/2025\\\/09\\\/Plan-togo_Foration-Mritime.jpg\",\"articleSection\":[\"ACTUALITE\",\"SOCIETE\"],\"inLanguage\":\"fr-FR\",\"potentialAction\":[{\"@type\":\"CommentAction\",\"name\":\"Comment\",\"target\":[\"https:\\\/\\\/macite.tg\\\/?p=24525#respond\"]}]},{\"@type\":\"WebPage\",\"@id\":\"https:\\\/\\\/macite.tg\\\/?p=24525\",\"url\":\"https:\\\/\\\/macite.tg\\\/?p=24525\",\"name\":\"ENTREPRENEURIAT DES JEUNES : Plan International-Togo renforce les capacit\u00e9s des Organisations d'enfants et de jeunes (OEJ)\u00a0de la Maritime -\",\"isPartOf\":{\"@id\":\"https:\\\/\\\/macite.tg\\\/#website\"},\"primaryImageOfPage\":{\"@id\":\"https:\\\/\\\/macite.tg\\\/?p=24525#primaryimage\"},\"image\":{\"@id\":\"https:\\\/\\\/macite.tg\\\/?p=24525#primaryimage\"},\"thumbnailUrl\":\"https:\\\/\\\/macite.tg\\\/wp-content\\\/uploads\\\/2025\\\/09\\\/Plan-togo_Foration-Mritime.jpg\",\"datePublished\":\"2025-09-08T13:34:00+00:00\",\"dateModified\":\"2025-09-09T13:34:50+00:00\",\"author\":{\"@id\":\"https:\\\/\\\/macite.tg\\\/#\\\/schema\\\/person\\\/e9f2de7e5dbbe7770a9402c7ce82f5c2\"},\"breadcrumb\":{\"@id\":\"https:\\\/\\\/macite.tg\\\/?p=24525#breadcrumb\"},\"inLanguage\":\"fr-FR\",\"potentialAction\":[{\"@type\":\"ReadAction\",\"target\":[\"https:\\\/\\\/macite.tg\\\/?p=24525\"]}]},{\"@type\":\"ImageObject\",\"inLanguage\":\"fr-FR\",\"@id\":\"https:\\\/\\\/macite.tg\\\/?p=24525#primaryimage\",\"url\":\"https:\\\/\\\/macite.tg\\\/wp-content\\\/uploads\\\/2025\\\/09\\\/Plan-togo_Foration-Mritime.jpg\",\"contentUrl\":\"https:\\\/\\\/macite.tg\\\/wp-content\\\/uploads\\\/2025\\\/09\\\/Plan-togo_Foration-Mritime.jpg\",\"width\":500,\"height\":375,\"caption\":\"La Coordinatrice du projet ''Girls Lead2'', donnant certains \u00e9clairages aux participants.\"},{\"@type\":\"BreadcrumbList\",\"@id\":\"https:\\\/\\\/macite.tg\\\/?p=24525#breadcrumb\",\"itemListElement\":[{\"@type\":\"ListItem\",\"position\":1,\"name\":\"Accueil\",\"item\":\"https:\\\/\\\/macite.tg\\\/\"},{\"@type\":\"ListItem\",\"position\":2,\"name\":\"ENTREPRENEURIAT DES JEUNES : Plan International-Togo renforce les capacit\u00e9s des Organisations d&rsquo;enfants et de jeunes (OEJ)\u00a0de la Maritime\"}]},{\"@type\":\"WebSite\",\"@id\":\"https:\\\/\\\/macite.tg\\\/#website\",\"url\":\"https:\\\/\\\/macite.tg\\\/\",\"name\":\"\",\"description\":\"L&#039;information, la bonne!!!\",\"potentialAction\":[{\"@type\":\"SearchAction\",\"target\":{\"@type\":\"EntryPoint\",\"urlTemplate\":\"https:\\\/\\\/macite.tg\\\/?s={search_term_string}\"},\"query-input\":{\"@type\":\"PropertyValueSpecification\",\"valueRequired\":true,\"valueName\":\"search_term_string\"}}],\"inLanguage\":\"fr-FR\"},{\"@type\":\"Person\",\"@id\":\"https:\\\/\\\/macite.tg\\\/#\\\/schema\\\/person\\\/e9f2de7e5dbbe7770a9402c7ce82f5c2\",\"name\":\"Jean Pierre BAWELA\",\"image\":{\"@type\":\"ImageObject\",\"inLanguage\":\"fr-FR\",\"@id\":\"https:\\\/\\\/macite.tg\\\/wp-content\\\/uploads\\\/2023\\\/09\\\/WhatsApp-Image-2023-09-19-at-14.44.41-122x122.jpeg\",\"url\":\"https:\\\/\\\/macite.tg\\\/wp-content\\\/uploads\\\/2023\\\/09\\\/WhatsApp-Image-2023-09-19-at-14.44.41-122x122.jpeg\",\"contentUrl\":\"https:\\\/\\\/macite.tg\\\/wp-content\\\/uploads\\\/2023\\\/09\\\/WhatsApp-Image-2023-09-19-at-14.44.41-122x122.jpeg\",\"caption\":\"Jean Pierre BAWELA\"},\"url\":\"https:\\\/\\\/macite.tg\\\/?author=2\"}]}<\/script>\n<!-- \/ Yoast SEO plugin. -->","yoast_head_json":{"title":"ENTREPRENEURIAT DES JEUNES : Plan International-Togo renforce les capacit\u00e9s des Organisations d'enfants et de jeunes (OEJ)\u00a0de la Maritime -","robots":{"index":"index","follow":"follow","max-snippet":"max-snippet:-1","max-image-preview":"max-image-preview:large","max-video-preview":"max-video-preview:-1"},"canonical":"https:\/\/macite.tg\/?p=24525","og_locale":"fr_FR","og_type":"article","og_title":"ENTREPRENEURIAT DES JEUNES : Plan International-Togo renforce les capacit\u00e9s des Organisations d'enfants et de jeunes (OEJ)\u00a0de la Maritime -","og_description":"Encourager l&rsquo;autosuffisance \u00e9conomique des associations de jeunes et renforcer les capacit\u00e9s des jeunes entrepreneurs&nbsp;mais aussi leur donner les outils n\u00e9cessaires afin qu\u2019ils participent activement, dans leur communaut\u00e9, \u00e0 la promotion de l&rsquo;\u00e9galit\u00e9 des sexes. Telles sont, entre autres, les motivations de Plan International, en organisant [&hellip;]","og_url":"https:\/\/macite.tg\/?p=24525","article_published_time":"2025-09-08T13:34:00+00:00","article_modified_time":"2025-09-09T13:34:50+00:00","og_image":[{"width":500,"height":375,"url":"https:\/\/macite.tg\/wp-content\/uploads\/2025\/09\/Plan-togo_Foration-Mritime.jpg","type":"image\/jpeg"}],"author":"Jean Pierre BAWELA","twitter_card":"summary_large_image","twitter_misc":{"\u00c9crit par":"Jean Pierre BAWELA","Dur\u00e9e de lecture estim\u00e9e":"4 minutes"},"schema":{"@context":"https:\/\/schema.org","@graph":[{"@type":"Article","@id":"https:\/\/macite.tg\/?p=24525#article","isPartOf":{"@id":"https:\/\/macite.tg\/?p=24525"},"author":{"name":"Jean Pierre BAWELA","@id":"https:\/\/macite.tg\/#\/schema\/person\/e9f2de7e5dbbe7770a9402c7ce82f5c2"},"headline":"ENTREPRENEURIAT DES JEUNES : Plan International-Togo renforce les capacit\u00e9s des Organisations d&rsquo;enfants et de jeunes (OEJ)\u00a0de la Maritime","datePublished":"2025-09-08T13:34:00+00:00","dateModified":"2025-09-09T13:34:50+00:00","mainEntityOfPage":{"@id":"https:\/\/macite.tg\/?p=24525"},"wordCount":736,"commentCount":0,"image":{"@id":"https:\/\/macite.tg\/?p=24525#primaryimage"},"thumbnailUrl":"https:\/\/macite.tg\/wp-content\/uploads\/2025\/09\/Plan-togo_Foration-Mritime.jpg","articleSection":["ACTUALITE","SOCIETE"],"inLanguage":"fr-FR","potentialAction":[{"@type":"CommentAction","name":"Comment","target":["https:\/\/macite.tg\/?p=24525#respond"]}]},{"@type":"WebPage","@id":"https:\/\/macite.tg\/?p=24525","url":"https:\/\/macite.tg\/?p=24525","name":"ENTREPRENEURIAT DES JEUNES : Plan International-Togo renforce les capacit\u00e9s des Organisations d'enfants et de jeunes (OEJ)\u00a0de la Maritime -","isPartOf":{"@id":"https:\/\/macite.tg\/#website"},"primaryImageOfPage":{"@id":"https:\/\/macite.tg\/?p=24525#primaryimage"},"image":{"@id":"https:\/\/macite.tg\/?p=24525#primaryimage"},"thumbnailUrl":"https:\/\/macite.tg\/wp-content\/uploads\/2025\/09\/Plan-togo_Foration-Mritime.jpg","datePublished":"2025-09-08T13:34:00+00:00","dateModified":"2025-09-09T13:34:50+00:00","author":{"@id":"https:\/\/macite.tg\/#\/schema\/person\/e9f2de7e5dbbe7770a9402c7ce82f5c2"},"breadcrumb":{"@id":"https:\/\/macite.tg\/?p=24525#breadcrumb"},"inLanguage":"fr-FR","potentialAction":[{"@type":"ReadAction","target":["https:\/\/macite.tg\/?p=24525"]}]},{"@type":"ImageObject","inLanguage":"fr-FR","@id":"https:\/\/macite.tg\/?p=24525#primaryimage","url":"https:\/\/macite.tg\/wp-content\/uploads\/2025\/09\/Plan-togo_Foration-Mritime.jpg","contentUrl":"https:\/\/macite.tg\/wp-content\/uploads\/2025\/09\/Plan-togo_Foration-Mritime.jpg","width":500,"height":375,"caption":"La Coordinatrice du projet ''Girls Lead2'', donnant certains \u00e9clairages aux participants."},{"@type":"BreadcrumbList","@id":"https:\/\/macite.tg\/?p=24525#breadcrumb","itemListElement":[{"@type":"ListItem","position":1,"name":"Accueil","item":"https:\/\/macite.tg\/"},{"@type":"ListItem","position":2,"name":"ENTREPRENEURIAT DES JEUNES : Plan International-Togo renforce les capacit\u00e9s des Organisations d&rsquo;enfants et de jeunes (OEJ)\u00a0de la Maritime"}]},{"@type":"WebSite","@id":"https:\/\/macite.tg\/#website","url":"https:\/\/macite.tg\/","name":"","description":"L&#039;information, la bonne!!!","potentialAction":[{"@type":"SearchAction","target":{"@type":"EntryPoint","urlTemplate":"https:\/\/macite.tg\/?s={search_term_string}"},"query-input":{"@type":"PropertyValueSpecification","valueRequired":true,"valueName":"search_term_string"}}],"inLanguage":"fr-FR"},{"@type":"Person","@id":"https:\/\/macite.tg\/#\/schema\/person\/e9f2de7e5dbbe7770a9402c7ce82f5c2","name":"Jean Pierre BAWELA","image":{"@type":"ImageObject","inLanguage":"fr-FR","@id":"https:\/\/macite.tg\/wp-content\/uploads\/2023\/09\/WhatsApp-Image-2023-09-19-at-14.44.41-122x122.jpeg","url":"https:\/\/macite.tg\/wp-content\/uploads\/2023\/09\/WhatsApp-Image-2023-09-19-at-14.44.41-122x122.jpeg","contentUrl":"https:\/\/macite.tg\/wp-content\/uploads\/2023\/09\/WhatsApp-Image-2023-09-19-at-14.44.41-122x122.jpeg","caption":"Jean Pierre BAWELA"},"url":"https:\/\/macite.tg\/?author=2"}]}},"_links":{"self":[{"href":"https:\/\/macite.tg\/index.php?rest_route=\/wp\/v2\/posts\/24525","targetHints":{"allow":["GET"]}}],"collection":[{"href":"https:\/\/macite.tg\/index.php?rest_route=\/wp\/v2\/posts"}],"about":[{"href":"https:\/\/macite.tg\/index.php?rest_route=\/wp\/v2\/types\/post"}],"author":[{"embeddable":true,"href":"https:\/\/macite.tg\/index.php?rest_route=\/wp\/v2\/users\/2"}],"replies":[{"embeddable":true,"href":"https:\/\/macite.tg\/index.php?rest_route=%2Fwp%2Fv2%2Fcomments&post=24525"}],"version-history":[{"count":0,"href":"https:\/\/macite.tg\/index.php?rest_route=\/wp\/v2\/posts\/24525\/revisions"}],"wp:featuredmedia":[{"embeddable":true,"href":"https:\/\/macite.tg\/index.php?rest_route=\/wp\/v2\/media\/24526"}],"wp:attachment":[{"href":"https:\/\/macite.tg\/index.php?rest_route=%2Fwp%2Fv2%2Fmedia&parent=24525"}],"wp:term":[{"taxonomy":"category","embeddable":true,"href":"https:\/\/macite.tg\/index.php?rest_route=%2Fwp%2Fv2%2Fcategories&post=24525"},{"taxonomy":"post_tag","embeddable":true,"href":"https:\/\/macite.tg\/index.php?rest_route=%2Fwp%2Fv2%2Ftags&post=24525"}],"curies":[{"name":"wp","href":"https:\/\/api.w.org\/{rel}","templated":true}]}}