{"id":24522,"date":"2025-09-09T13:52:11","date_gmt":"2025-09-09T13:52:11","guid":{"rendered":"https:\/\/macite.tg\/?p=24522"},"modified":"2025-09-09T13:52:18","modified_gmt":"2025-09-09T13:52:18","slug":"entretien-exlusif-03-questions-a-afiwa-amelessodji-facilitatrice-en-developpement-daffaires","status":"publish","type":"post","link":"https:\/\/macite.tg\/?p=24522","title":{"rendered":"ENTRETIEN EXLUSIF : 03 questions \u00e0 Afiwa Am\u00e9l\u00e9ssodji, Facilitatrice en d\u00e9veloppement d\u2019affaires"},"content":{"rendered":"\n<p class=\"wp-block-paragraph\"><strong><em>Elle est facilitatrice en d\u00e9veloppement d\u2019affaires. Mme Afiwa Am\u00e9l\u00e9ssodji<\/em> <em>est actuellement en charge de la gestion des risques et catastrophes \u00e0 Plan International Togo. Nous lui avions tendu le micro, \u00e0 l\u2019issue de la session de renforcement des capacit\u00e9s (18 au 22 ao\u00fbt 2025) des Organisations d&rsquo;enfants et de jeunes (OEJ) de la r\u00e9gion Maritime, en autonomie, en cr\u00e9dibilit\u00e9 et efficacit\u00e9 \u00e0 long terme.<\/em><\/strong><\/p>\n\n\n\n<p class=\"wp-block-paragraph\"><strong><em><u>Macite.tg<\/u>\u00a0: D\u2019entr\u00e9e, comment expliquez-vous ce style de formation, le FoDA\u00a0?<\/em><\/strong><\/p>\n\n\n\n<p class=\"wp-block-paragraph\"><strong><em><u>Mme Afiwa Am\u00e9l\u00e9ssodji<\/u><\/em><\/strong><strong><u>&nbsp;:<\/u><\/strong><strong> <\/strong>La session de formation en FoDA, c\u2019est simplement la formation en d\u00e9veloppement d\u2019affaires. Un module con\u00e7u par la GIZ (Agence de coop\u00e9ration internationale allemande pour le d\u00e9veloppement) et, aujourd\u2019hui, adopt\u00e9 par le gouvernement togolais. La particularit\u00e9 des sessions que nous menons, c\u2019est qu\u2019elles sont adapt\u00e9es \u00e0 nos diff\u00e9rentes cibles.<\/p>\n\n\n<div class=\"wp-block-image\">\n<figure class=\"aligncenter size-full is-resized\"><img loading=\"lazy\" decoding=\"async\" width=\"1000\" height=\"1000\" src=\"https:\/\/macite.tg\/wp-content\/uploads\/2025\/09\/Bienvenu-en-SEPTEMBRE.jpg\" alt=\"\" class=\"wp-image-24497\" style=\"width:512px;height:auto\" srcset=\"https:\/\/macite.tg\/wp-content\/uploads\/2025\/09\/Bienvenu-en-SEPTEMBRE.jpg 1000w, https:\/\/macite.tg\/wp-content\/uploads\/2025\/09\/Bienvenu-en-SEPTEMBRE-300x300.jpg 300w, https:\/\/macite.tg\/wp-content\/uploads\/2025\/09\/Bienvenu-en-SEPTEMBRE-150x150.jpg 150w, https:\/\/macite.tg\/wp-content\/uploads\/2025\/09\/Bienvenu-en-SEPTEMBRE-768x768.jpg 768w, https:\/\/macite.tg\/wp-content\/uploads\/2025\/09\/Bienvenu-en-SEPTEMBRE-122x122.jpg 122w\" sizes=\"auto, (max-width: 1000px) 100vw, 1000px\" \/><\/figure>\n<\/div>\n\n\n<p class=\"wp-block-paragraph\">C\u2019est dire que nous les adaptons \u00e0 cette approche et amenons les jeunes \u00e0 avoir l\u2019esprit d\u2019entreprenariat, et pour ceux qui ont d\u00e9j\u00e0 d\u00e9marr\u00e9 leur initiative, nous les guidons, les boostons \u00e0 aller vers la l\u00e9galit\u00e9, l\u2019enregistrement de leur projet initiatives, dans l\u2019optique qu\u2019ils puissent mieux d\u00e9velopper leur projet, mieux structurer ce qu\u2019ils ont d\u00e9j\u00e0 commenc\u00e9.<\/p>\n\n\n\n<p class=\"wp-block-paragraph\">L\u2019id\u00e9e d\u2019entreprise collective est n\u00e9e du fait que sur le terrain, nous avons observ\u00e9 que beaucoup de jeunes entrent dans le monde de l\u2019entreprenariat, individuellement, et ne s\u2019en sortent pas forcement.<\/p>\n\n\n\n<p class=\"wp-block-paragraph\">Ainsi, l&rsquo;approche programmatique de Plan International privil\u00e9gie le travail, au niveau local, par le biais de partenariats.<\/p>\n\n\n\n<p class=\"wp-block-paragraph\"><strong><em>Quel est l\u2019accueil r\u00e9serv\u00e9 par les jeunes \u00e0 ce que nouveau challenge&nbsp;?<\/em><\/strong><\/p>\n\n\n\n<p class=\"wp-block-paragraph\">En r\u00e9alit\u00e9, le fait de mettre les jeunes ensembles, d\u00e9j\u00e0 qu\u2019ils sont en associations de jeunes, c\u2019est dire qu\u2019ils ont d\u00e9j\u00e0 un esprit de travail en \u00e9quipe. Il est donc question de voir comment aller haut-del\u00e0 du volet social, pour pouvoir entreprendre car, le monde de l\u2019emploi est satur\u00e9.<\/p>\n\n\n\n<p class=\"wp-block-paragraph\">Cette formation, fondamentale au profit des jeunes, vient donc \u00e0 point nomm\u00e9 quand on voit le nombre croissant de ces jeunes dipl\u00f4m\u00e9s, qui sont au ch\u00f4mage.<\/p>\n\n\n<div class=\"wp-block-image\">\n<figure class=\"aligncenter size-full is-resized\"><img loading=\"lazy\" decoding=\"async\" width=\"690\" height=\"170\" src=\"https:\/\/macite.tg\/wp-content\/uploads\/2025\/09\/OTR_TVM.jpg\" alt=\"\" class=\"wp-image-24458\" style=\"width:840px;height:auto\" srcset=\"https:\/\/macite.tg\/wp-content\/uploads\/2025\/09\/OTR_TVM.jpg 690w, https:\/\/macite.tg\/wp-content\/uploads\/2025\/09\/OTR_TVM-300x74.jpg 300w\" sizes=\"auto, (max-width: 690px) 100vw, 690px\" \/><\/figure>\n<\/div>\n\n\n<p class=\"wp-block-paragraph\">Pour avoir fait les autres r\u00e9gions du pays, dans le cadre du projet \u2018\u2019Girls Leads 2\u2019\u2019, je peux vous dire que je suis tr\u00e8s satisfaite quand j\u2019\u00e9coute ces jeunes, quand je vois la cr\u00e9ativit\u00e9 dont ils font preuve. Et pour preuve, j\u2019ai eu \u00e0 prendre des produits que les jeunes ont expos\u00e9 \u00e0 cette pr\u00e9sente session \u00e0 Lom\u00e9. Et je peux vous dire que c\u2019est simplement waou&nbsp;!<\/p>\n\n\n\n<p class=\"wp-block-paragraph\">C\u2019est dire qu\u2019on a de l\u2019espoir, j\u2019ai foi qu\u2019on va trouver, d\u2019ici quelques ann\u00e9es, de grands entrepreneurs parmi ces jeunes, quelques soit leur domaine.<\/p>\n\n\n\n<p class=\"wp-block-paragraph\">Et c\u2019est l\u2019int\u00e9r\u00eat de ces formations qu\u2019organise Plan International&nbsp;: les amener \u00e0 comprendre qu\u2019on peut d\u00e9j\u00e0 avoir commenc\u00e9, et pouvoir am\u00e9liorer en \u00e9coutant, en partageant avec les autres, en \u00e9tant dans des r\u00e9seaux pour pouvoir mieux transformer ce que nous sommes en train de faire. Ceci avec les m\u00e9thodes que nous avions eues \u00e0 utiliser au cours de la formation, en les amenant \u00e0 r\u00e9fl\u00e9chir autrement face aux d\u00e9fis qu\u2019ils rencontrent dans leur quotidien.<\/p>\n\n\n\n<p class=\"wp-block-paragraph\">C\u2019est \u00e9galement l\u2019occasion de les amener \u00e0 comprendre que ce n\u2019est pas aussi facile qu\u2019on peut l\u2019imaginer d\u2019entreprendre, mais c\u2019est la pers\u00e9v\u00e9rance qui les permettra d\u2019aller au-del\u00e0.<\/p>\n\n\n\n<p class=\"wp-block-paragraph\">Et le module <em>\u2018\u2019comment d\u00e9velopper un plan d\u2019affaire\u2019\u2019<\/em> devra les aider, pour ceux qui sont int\u00e9ress\u00e9s, d\u2019approfondir ces connaissances.<\/p>\n\n\n\n<p class=\"wp-block-paragraph\"><strong><em>A l\u2019issue de cette formation sur le FoDA, peut-on se permettre de r\u00eaver grand avec ces jeunes&nbsp;? Quels conseils pour la jeunesse&nbsp;?<\/em><\/strong><\/p>\n\n\n\n<p class=\"wp-block-paragraph\">Une chose int\u00e9ressante \u00e0 retenir, ce sont les s\u00e9ances de restitution, avec un plan retour, qui sera fait \u00e0 l\u2019issue de la formation. Ceci pour pouvoir partager l\u2019information avec d\u2019autres jeunes.<\/p>\n\n\n\n<p class=\"wp-block-paragraph\">Entreprendre, c\u2019est initier une activit\u00e9 g\u00e9n\u00e9ratrice de revenue, mais assez structur\u00e9e, des \u00e9quipes, des statuts et r\u00e8glement, l\u2019enregistrement l\u00e9gal, etc. pour se d\u00e9marquer des autres personnes qui ont les m\u00eames activit\u00e9s que nous.<\/p>\n\n\n<div class=\"wp-block-image\">\n<figure class=\"aligncenter size-full\"><img decoding=\"async\" src=\"https:\/\/macite.tg\/wp-content\/uploads\/2025\/08\/Geo-ref-1.jpg\" alt=\"\" class=\"wp-image-24339\"\/><\/figure>\n<\/div>\n\n\n<p class=\"wp-block-paragraph\">Il faut dire que ces jeunes ont de brillantes id\u00e9es, mais il faut arriver \u00e0 les amener \u00e0 ne pas se limiter \u00e0 ces id\u00e9es. Il faut les amener \u00e0 voir grand, \u00e0 voir le profit haut-del\u00e0 de ce qu\u2019ils sont en train de faire en ce moment, tel est le nouveau challenge&nbsp;!<\/p>\n\n\n\n<p class=\"wp-block-paragraph\">Je peux vous assurer que cette formation va aider ces jeunes \u00e0 renforcer leur impact positif sur la soci\u00e9t\u00e9 et, au finish, promouvoir une \u00e9galit\u00e9 durable entre les femmes et les hommes\u2026<\/p>\n\n\n\n<p class=\"wp-block-paragraph\"><strong>(Avec JPB)<\/strong><\/p>\n\n\n\n<p class=\"wp-block-paragraph\"><a><strong><em>@macite.tg&nbsp;&nbsp;&nbsp;&nbsp;&nbsp;&nbsp;&nbsp;&nbsp;<\/em><\/strong><\/a><\/p>\n\n\n\n<p class=\"wp-block-paragraph\"><strong><em>E-mail&nbsp;: <\/em><\/strong><a href=\"mailto:maciteinfo@gmail.com\"><strong><em>maciteinfo@gmail.com<\/em><\/strong><\/a><strong><em>; <\/em><\/strong><a href=\"mailto:bawela1@gmail.com\"><strong><em>bawela1@gmail.com<\/em><\/strong><\/a><strong><em><\/em><\/strong><\/p>\n\n\n\n<p class=\"wp-block-paragraph\"><strong><em>Pour vos annonces, (publi)reportages, etc., joignez-nous au (00228)91515309\/<\/em><\/strong><strong><em>79872224 <\/em><\/strong><strong><em><\/em><\/strong><\/p>\n\n\n\n<p class=\"wp-block-paragraph\"><strong><em>www.macite.tg, L\u2019information, la bonne&nbsp;!<\/em><\/strong><\/p>\n\n\n\n<p class=\"wp-block-paragraph\"><\/p>\n","protected":false},"excerpt":{"rendered":"<p class=\"text-justify mb-2\" >Elle est facilitatrice en d\u00e9veloppement d\u2019affaires. Mme Afiwa Am\u00e9l\u00e9ssodji est actuellement en charge de la gestion des risques et catastrophes \u00e0 Plan International Togo. Nous lui avions tendu le micro, \u00e0 l\u2019issue de la session de renforcement des capacit\u00e9s (18 au 22 ao\u00fbt 2025) des [&hellip;]<\/p>\n","protected":false},"author":2,"featured_media":24528,"comment_status":"open","ping_status":"open","sticky":false,"template":"","format":"standard","meta":{"footnotes":""},"categories":[20,25],"tags":[],"class_list":["post-24522","post","type-post","status-publish","format-standard","has-post-thumbnail","hentry","category-actualite","category-entrepreneuriat"],"yoast_head":"<!-- This site is optimized with the Yoast SEO plugin v28.4 - https:\/\/yoast.com\/product\/yoast-seo-wordpress\/ -->\n<title>ENTRETIEN EXLUSIF : 03 questions \u00e0 Afiwa Am\u00e9l\u00e9ssodji, Facilitatrice en d\u00e9veloppement d\u2019affaires -<\/title>\n<meta name=\"robots\" content=\"index, follow, max-snippet:-1, max-image-preview:large, max-video-preview:-1\" \/>\n<link rel=\"canonical\" href=\"https:\/\/macite.tg\/?p=24522\" \/>\n<meta property=\"og:locale\" content=\"fr_FR\" \/>\n<meta property=\"og:type\" content=\"article\" \/>\n<meta property=\"og:title\" content=\"ENTRETIEN EXLUSIF : 03 questions \u00e0 Afiwa Am\u00e9l\u00e9ssodji, Facilitatrice en d\u00e9veloppement d\u2019affaires -\" \/>\n<meta property=\"og:description\" content=\"Elle est facilitatrice en d\u00e9veloppement d\u2019affaires. Mme Afiwa Am\u00e9l\u00e9ssodji est actuellement en charge de la gestion des risques et catastrophes \u00e0 Plan International Togo. Nous lui avions tendu le micro, \u00e0 l\u2019issue de la session de renforcement des capacit\u00e9s (18 au 22 ao\u00fbt 2025) des [&hellip;]\" \/>\n<meta property=\"og:url\" content=\"https:\/\/macite.tg\/?p=24522\" \/>\n<meta property=\"article:published_time\" content=\"2025-09-09T13:52:11+00:00\" \/>\n<meta property=\"article:modified_time\" content=\"2025-09-09T13:52:18+00:00\" \/>\n<meta property=\"og:image\" content=\"https:\/\/macite.tg\/wp-content\/uploads\/2025\/09\/Formatrice-Plan.jpg\" \/>\n\t<meta property=\"og:image:width\" content=\"500\" \/>\n\t<meta property=\"og:image:height\" content=\"348\" \/>\n\t<meta property=\"og:image:type\" content=\"image\/jpeg\" \/>\n<meta name=\"author\" content=\"Jean Pierre BAWELA\" \/>\n<meta name=\"twitter:card\" content=\"summary_large_image\" \/>\n<meta name=\"twitter:label1\" content=\"\u00c9crit par\" \/>\n\t<meta name=\"twitter:data1\" content=\"Jean Pierre BAWELA\" \/>\n\t<meta name=\"twitter:label2\" content=\"Dur\u00e9e de lecture estim\u00e9e\" \/>\n\t<meta name=\"twitter:data2\" content=\"5 minutes\" \/>\n<script type=\"application\/ld+json\" class=\"yoast-schema-graph\">{\"@context\":\"https:\\\/\\\/schema.org\",\"@graph\":[{\"@type\":\"Article\",\"@id\":\"https:\\\/\\\/macite.tg\\\/?p=24522#article\",\"isPartOf\":{\"@id\":\"https:\\\/\\\/macite.tg\\\/?p=24522\"},\"author\":{\"name\":\"Jean Pierre BAWELA\",\"@id\":\"https:\\\/\\\/macite.tg\\\/#\\\/schema\\\/person\\\/e9f2de7e5dbbe7770a9402c7ce82f5c2\"},\"headline\":\"ENTRETIEN EXLUSIF : 03 questions \u00e0 Afiwa Am\u00e9l\u00e9ssodji, Facilitatrice en d\u00e9veloppement d\u2019affaires\",\"datePublished\":\"2025-09-09T13:52:11+00:00\",\"dateModified\":\"2025-09-09T13:52:18+00:00\",\"mainEntityOfPage\":{\"@id\":\"https:\\\/\\\/macite.tg\\\/?p=24522\"},\"wordCount\":849,\"commentCount\":0,\"image\":{\"@id\":\"https:\\\/\\\/macite.tg\\\/?p=24522#primaryimage\"},\"thumbnailUrl\":\"https:\\\/\\\/macite.tg\\\/wp-content\\\/uploads\\\/2025\\\/09\\\/Formatrice-Plan.jpg\",\"articleSection\":[\"ACTUALITE\",\"ENTREPRENEURIAT\"],\"inLanguage\":\"fr-FR\",\"potentialAction\":[{\"@type\":\"CommentAction\",\"name\":\"Comment\",\"target\":[\"https:\\\/\\\/macite.tg\\\/?p=24522#respond\"]}]},{\"@type\":\"WebPage\",\"@id\":\"https:\\\/\\\/macite.tg\\\/?p=24522\",\"url\":\"https:\\\/\\\/macite.tg\\\/?p=24522\",\"name\":\"ENTRETIEN EXLUSIF : 03 questions \u00e0 Afiwa Am\u00e9l\u00e9ssodji, Facilitatrice en d\u00e9veloppement d\u2019affaires -\",\"isPartOf\":{\"@id\":\"https:\\\/\\\/macite.tg\\\/#website\"},\"primaryImageOfPage\":{\"@id\":\"https:\\\/\\\/macite.tg\\\/?p=24522#primaryimage\"},\"image\":{\"@id\":\"https:\\\/\\\/macite.tg\\\/?p=24522#primaryimage\"},\"thumbnailUrl\":\"https:\\\/\\\/macite.tg\\\/wp-content\\\/uploads\\\/2025\\\/09\\\/Formatrice-Plan.jpg\",\"datePublished\":\"2025-09-09T13:52:11+00:00\",\"dateModified\":\"2025-09-09T13:52:18+00:00\",\"author\":{\"@id\":\"https:\\\/\\\/macite.tg\\\/#\\\/schema\\\/person\\\/e9f2de7e5dbbe7770a9402c7ce82f5c2\"},\"breadcrumb\":{\"@id\":\"https:\\\/\\\/macite.tg\\\/?p=24522#breadcrumb\"},\"inLanguage\":\"fr-FR\",\"potentialAction\":[{\"@type\":\"ReadAction\",\"target\":[\"https:\\\/\\\/macite.tg\\\/?p=24522\"]}]},{\"@type\":\"ImageObject\",\"inLanguage\":\"fr-FR\",\"@id\":\"https:\\\/\\\/macite.tg\\\/?p=24522#primaryimage\",\"url\":\"https:\\\/\\\/macite.tg\\\/wp-content\\\/uploads\\\/2025\\\/09\\\/Formatrice-Plan.jpg\",\"contentUrl\":\"https:\\\/\\\/macite.tg\\\/wp-content\\\/uploads\\\/2025\\\/09\\\/Formatrice-Plan.jpg\",\"width\":500,\"height\":348,\"caption\":\"Mme Afiwa Am\u00e9l\u00e9ssodji, Facilitatrice en d\u00e9veloppement d\u2019affaires\"},{\"@type\":\"BreadcrumbList\",\"@id\":\"https:\\\/\\\/macite.tg\\\/?p=24522#breadcrumb\",\"itemListElement\":[{\"@type\":\"ListItem\",\"position\":1,\"name\":\"Accueil\",\"item\":\"https:\\\/\\\/macite.tg\\\/\"},{\"@type\":\"ListItem\",\"position\":2,\"name\":\"ENTRETIEN EXLUSIF : 03 questions \u00e0 Afiwa Am\u00e9l\u00e9ssodji, Facilitatrice en d\u00e9veloppement d\u2019affaires\"}]},{\"@type\":\"WebSite\",\"@id\":\"https:\\\/\\\/macite.tg\\\/#website\",\"url\":\"https:\\\/\\\/macite.tg\\\/\",\"name\":\"\",\"description\":\"L&#039;information, la bonne!!!\",\"potentialAction\":[{\"@type\":\"SearchAction\",\"target\":{\"@type\":\"EntryPoint\",\"urlTemplate\":\"https:\\\/\\\/macite.tg\\\/?s={search_term_string}\"},\"query-input\":{\"@type\":\"PropertyValueSpecification\",\"valueRequired\":true,\"valueName\":\"search_term_string\"}}],\"inLanguage\":\"fr-FR\"},{\"@type\":\"Person\",\"@id\":\"https:\\\/\\\/macite.tg\\\/#\\\/schema\\\/person\\\/e9f2de7e5dbbe7770a9402c7ce82f5c2\",\"name\":\"Jean Pierre BAWELA\",\"image\":{\"@type\":\"ImageObject\",\"inLanguage\":\"fr-FR\",\"@id\":\"https:\\\/\\\/macite.tg\\\/wp-content\\\/uploads\\\/2023\\\/09\\\/WhatsApp-Image-2023-09-19-at-14.44.41-122x122.jpeg\",\"url\":\"https:\\\/\\\/macite.tg\\\/wp-content\\\/uploads\\\/2023\\\/09\\\/WhatsApp-Image-2023-09-19-at-14.44.41-122x122.jpeg\",\"contentUrl\":\"https:\\\/\\\/macite.tg\\\/wp-content\\\/uploads\\\/2023\\\/09\\\/WhatsApp-Image-2023-09-19-at-14.44.41-122x122.jpeg\",\"caption\":\"Jean Pierre BAWELA\"},\"url\":\"https:\\\/\\\/macite.tg\\\/?author=2\"}]}<\/script>\n<!-- \/ Yoast SEO plugin. -->","yoast_head_json":{"title":"ENTRETIEN EXLUSIF : 03 questions \u00e0 Afiwa Am\u00e9l\u00e9ssodji, Facilitatrice en d\u00e9veloppement d\u2019affaires -","robots":{"index":"index","follow":"follow","max-snippet":"max-snippet:-1","max-image-preview":"max-image-preview:large","max-video-preview":"max-video-preview:-1"},"canonical":"https:\/\/macite.tg\/?p=24522","og_locale":"fr_FR","og_type":"article","og_title":"ENTRETIEN EXLUSIF : 03 questions \u00e0 Afiwa Am\u00e9l\u00e9ssodji, Facilitatrice en d\u00e9veloppement d\u2019affaires -","og_description":"Elle est facilitatrice en d\u00e9veloppement d\u2019affaires. Mme Afiwa Am\u00e9l\u00e9ssodji est actuellement en charge de la gestion des risques et catastrophes \u00e0 Plan International Togo. Nous lui avions tendu le micro, \u00e0 l\u2019issue de la session de renforcement des capacit\u00e9s (18 au 22 ao\u00fbt 2025) des [&hellip;]","og_url":"https:\/\/macite.tg\/?p=24522","article_published_time":"2025-09-09T13:52:11+00:00","article_modified_time":"2025-09-09T13:52:18+00:00","og_image":[{"width":500,"height":348,"url":"https:\/\/macite.tg\/wp-content\/uploads\/2025\/09\/Formatrice-Plan.jpg","type":"image\/jpeg"}],"author":"Jean Pierre BAWELA","twitter_card":"summary_large_image","twitter_misc":{"\u00c9crit par":"Jean Pierre BAWELA","Dur\u00e9e de lecture estim\u00e9e":"5 minutes"},"schema":{"@context":"https:\/\/schema.org","@graph":[{"@type":"Article","@id":"https:\/\/macite.tg\/?p=24522#article","isPartOf":{"@id":"https:\/\/macite.tg\/?p=24522"},"author":{"name":"Jean Pierre BAWELA","@id":"https:\/\/macite.tg\/#\/schema\/person\/e9f2de7e5dbbe7770a9402c7ce82f5c2"},"headline":"ENTRETIEN EXLUSIF : 03 questions \u00e0 Afiwa Am\u00e9l\u00e9ssodji, Facilitatrice en d\u00e9veloppement d\u2019affaires","datePublished":"2025-09-09T13:52:11+00:00","dateModified":"2025-09-09T13:52:18+00:00","mainEntityOfPage":{"@id":"https:\/\/macite.tg\/?p=24522"},"wordCount":849,"commentCount":0,"image":{"@id":"https:\/\/macite.tg\/?p=24522#primaryimage"},"thumbnailUrl":"https:\/\/macite.tg\/wp-content\/uploads\/2025\/09\/Formatrice-Plan.jpg","articleSection":["ACTUALITE","ENTREPRENEURIAT"],"inLanguage":"fr-FR","potentialAction":[{"@type":"CommentAction","name":"Comment","target":["https:\/\/macite.tg\/?p=24522#respond"]}]},{"@type":"WebPage","@id":"https:\/\/macite.tg\/?p=24522","url":"https:\/\/macite.tg\/?p=24522","name":"ENTRETIEN EXLUSIF : 03 questions \u00e0 Afiwa Am\u00e9l\u00e9ssodji, Facilitatrice en d\u00e9veloppement d\u2019affaires -","isPartOf":{"@id":"https:\/\/macite.tg\/#website"},"primaryImageOfPage":{"@id":"https:\/\/macite.tg\/?p=24522#primaryimage"},"image":{"@id":"https:\/\/macite.tg\/?p=24522#primaryimage"},"thumbnailUrl":"https:\/\/macite.tg\/wp-content\/uploads\/2025\/09\/Formatrice-Plan.jpg","datePublished":"2025-09-09T13:52:11+00:00","dateModified":"2025-09-09T13:52:18+00:00","author":{"@id":"https:\/\/macite.tg\/#\/schema\/person\/e9f2de7e5dbbe7770a9402c7ce82f5c2"},"breadcrumb":{"@id":"https:\/\/macite.tg\/?p=24522#breadcrumb"},"inLanguage":"fr-FR","potentialAction":[{"@type":"ReadAction","target":["https:\/\/macite.tg\/?p=24522"]}]},{"@type":"ImageObject","inLanguage":"fr-FR","@id":"https:\/\/macite.tg\/?p=24522#primaryimage","url":"https:\/\/macite.tg\/wp-content\/uploads\/2025\/09\/Formatrice-Plan.jpg","contentUrl":"https:\/\/macite.tg\/wp-content\/uploads\/2025\/09\/Formatrice-Plan.jpg","width":500,"height":348,"caption":"Mme Afiwa Am\u00e9l\u00e9ssodji, Facilitatrice en d\u00e9veloppement d\u2019affaires"},{"@type":"BreadcrumbList","@id":"https:\/\/macite.tg\/?p=24522#breadcrumb","itemListElement":[{"@type":"ListItem","position":1,"name":"Accueil","item":"https:\/\/macite.tg\/"},{"@type":"ListItem","position":2,"name":"ENTRETIEN EXLUSIF : 03 questions \u00e0 Afiwa Am\u00e9l\u00e9ssodji, Facilitatrice en d\u00e9veloppement d\u2019affaires"}]},{"@type":"WebSite","@id":"https:\/\/macite.tg\/#website","url":"https:\/\/macite.tg\/","name":"","description":"L&#039;information, la bonne!!!","potentialAction":[{"@type":"SearchAction","target":{"@type":"EntryPoint","urlTemplate":"https:\/\/macite.tg\/?s={search_term_string}"},"query-input":{"@type":"PropertyValueSpecification","valueRequired":true,"valueName":"search_term_string"}}],"inLanguage":"fr-FR"},{"@type":"Person","@id":"https:\/\/macite.tg\/#\/schema\/person\/e9f2de7e5dbbe7770a9402c7ce82f5c2","name":"Jean Pierre BAWELA","image":{"@type":"ImageObject","inLanguage":"fr-FR","@id":"https:\/\/macite.tg\/wp-content\/uploads\/2023\/09\/WhatsApp-Image-2023-09-19-at-14.44.41-122x122.jpeg","url":"https:\/\/macite.tg\/wp-content\/uploads\/2023\/09\/WhatsApp-Image-2023-09-19-at-14.44.41-122x122.jpeg","contentUrl":"https:\/\/macite.tg\/wp-content\/uploads\/2023\/09\/WhatsApp-Image-2023-09-19-at-14.44.41-122x122.jpeg","caption":"Jean Pierre BAWELA"},"url":"https:\/\/macite.tg\/?author=2"}]}},"_links":{"self":[{"href":"https:\/\/macite.tg\/index.php?rest_route=\/wp\/v2\/posts\/24522","targetHints":{"allow":["GET"]}}],"collection":[{"href":"https:\/\/macite.tg\/index.php?rest_route=\/wp\/v2\/posts"}],"about":[{"href":"https:\/\/macite.tg\/index.php?rest_route=\/wp\/v2\/types\/post"}],"author":[{"embeddable":true,"href":"https:\/\/macite.tg\/index.php?rest_route=\/wp\/v2\/users\/2"}],"replies":[{"embeddable":true,"href":"https:\/\/macite.tg\/index.php?rest_route=%2Fwp%2Fv2%2Fcomments&post=24522"}],"version-history":[{"count":0,"href":"https:\/\/macite.tg\/index.php?rest_route=\/wp\/v2\/posts\/24522\/revisions"}],"wp:featuredmedia":[{"embeddable":true,"href":"https:\/\/macite.tg\/index.php?rest_route=\/wp\/v2\/media\/24528"}],"wp:attachment":[{"href":"https:\/\/macite.tg\/index.php?rest_route=%2Fwp%2Fv2%2Fmedia&parent=24522"}],"wp:term":[{"taxonomy":"category","embeddable":true,"href":"https:\/\/macite.tg\/index.php?rest_route=%2Fwp%2Fv2%2Fcategories&post=24522"},{"taxonomy":"post_tag","embeddable":true,"href":"https:\/\/macite.tg\/index.php?rest_route=%2Fwp%2Fv2%2Ftags&post=24522"}],"curies":[{"name":"wp","href":"https:\/\/api.w.org\/{rel}","templated":true}]}}