{"id":24502,"date":"2025-09-08T18:50:45","date_gmt":"2025-09-08T18:50:45","guid":{"rendered":"https:\/\/macite.tg\/?p=24502"},"modified":"2025-09-08T18:55:58","modified_gmt":"2025-09-08T18:55:58","slug":"educations-pour-tous-lancement-demain-matin-dune-campagne-de-distribution-de-kits-scolaires","status":"publish","type":"post","link":"https:\/\/macite.tg\/?p=24502","title":{"rendered":"EDUCATIONS POUR TOUS\u00a0: Lancement ce mardi d\u2019une campagne de distribution de kits scolaires"},"content":{"rendered":"\n<p class=\"wp-block-paragraph\"><strong><em>Le Togo s\u2019appr\u00eate \u00e0 lancer, mardi 9 septembre, une campagne nationale de distribution de kits scolaires destin\u00e9e \u00e0 plus de 100\u00a0000 filles scolaris\u00e9es dans le primaire, le coll\u00e8ge et le lyc\u00e9e. L\u2019op\u00e9ration, plac\u00e9e sous le haut patronage du pr\u00e9sident du Conseil de la R\u00e9publique, Faure Essozimna Gnassingb\u00e9, sera officiellement lanc\u00e9e \u00e0 Dj\u00e9m\u00e9gni, pr\u00e9fecture de Haho, dans la r\u00e9gion des Plateaux.<\/em><\/strong><\/p>\n\n\n\n<p class=\"wp-block-paragraph\">La c\u00e9r\u00e9monie r\u00e9unira des autorit\u00e9s nationales, des partenaires techniques et financiers, ainsi que des repr\u00e9sentants des communaut\u00e9s locales.&nbsp;<\/p>\n\n\n<div class=\"wp-block-image\">\n<figure class=\"aligncenter size-large is-resized\"><img loading=\"lazy\" decoding=\"async\" width=\"1024\" height=\"1024\" src=\"https:\/\/macite.tg\/wp-content\/uploads\/2025\/09\/1a86297c-2828-4c26-9984-efb9e42b4651-1024x1024.jpg\" alt=\"\" class=\"wp-image-24503\" style=\"width:520px;height:auto\" srcset=\"https:\/\/macite.tg\/wp-content\/uploads\/2025\/09\/1a86297c-2828-4c26-9984-efb9e42b4651-1024x1024.jpg 1024w, https:\/\/macite.tg\/wp-content\/uploads\/2025\/09\/1a86297c-2828-4c26-9984-efb9e42b4651-300x300.jpg 300w, https:\/\/macite.tg\/wp-content\/uploads\/2025\/09\/1a86297c-2828-4c26-9984-efb9e42b4651-150x150.jpg 150w, https:\/\/macite.tg\/wp-content\/uploads\/2025\/09\/1a86297c-2828-4c26-9984-efb9e42b4651-768x768.jpg 768w, https:\/\/macite.tg\/wp-content\/uploads\/2025\/09\/1a86297c-2828-4c26-9984-efb9e42b4651-122x122.jpg 122w, https:\/\/macite.tg\/wp-content\/uploads\/2025\/09\/1a86297c-2828-4c26-9984-efb9e42b4651.jpg 1080w\" sizes=\"auto, (max-width: 1024px) 100vw, 1024px\" \/><\/figure>\n<\/div>\n\n\n<p class=\"wp-block-paragraph\">Cette initiative s\u2019inscrit dans le cadre du projet r\u00e9gional SWEDD+ (Autonomisation des femmes et dividende d\u00e9mographique au Sahel \u00e9largi), financ\u00e9 avec l\u2019appui de la Banque mondiale. Elle doit couvrir 64 cantons r\u00e9partis sur l\u2019ensemble du territoire.<\/p>\n\n\n\n<p class=\"wp-block-paragraph\">Au Togo, le projet cible directement plus de 105&nbsp;000 filles et jeunes femmes, avec des interventions communautaires telles que le soutien aux frais de scolarit\u00e9, les cantines scolaires, les services aux survivantes de violences bas\u00e9es sur le genre, et des formations professionnelles, avec priorisation des r\u00e9gions des Plateaux, Kara et Savanes. Les kits distribu\u00e9s lors de cette campagne viendront compl\u00e9ter ces actions, en offrant aux b\u00e9n\u00e9ficiaires le mat\u00e9riel n\u00e9cessaire pour une rentr\u00e9e r\u00e9ussie.<\/p>\n\n\n\n<p class=\"wp-block-paragraph\">Au-del\u00e0 de la distribution de mat\u00e9riel, le programme pr\u00e9voit des actions de sensibilisation aupr\u00e8s des familles et des communaut\u00e9s afin de favoriser le maintien des jeunes filles \u00e0 l\u2019\u00e9cole. Les mariages pr\u00e9coces, la pauvret\u00e9 et les contraintes sociales restent des freins majeurs \u00e0 la scolarisation continue.<\/p>\n\n\n\n<p class=\"wp-block-paragraph\">Ces efforts s\u2019inscrivent dans une politique \u00e9ducative nationale engag\u00e9e depuis plusieurs ann\u00e9es. D\u00e8s 2017, le gouvernement a instaur\u00e9 la gratuit\u00e9 du pr\u00e9scolaire et du primaire, ainsi qu\u2019une r\u00e9duction des frais scolaires pour les filles au secondaire. Le programme&nbsp;<em>\u00ab&nbsp;School Assur&nbsp;\u00bb<\/em>, renomm\u00e9&nbsp;<em>School AMU,<\/em>&nbsp;a par ailleurs permis d\u2019\u00e9tendre une couverture sanitaire \u00e0 plus de 2,5 millions d\u2019\u00e9l\u00e8ves sur l\u2019ensemble du territoire.&nbsp;<\/p>\n\n\n<div class=\"wp-block-image\">\n<figure class=\"aligncenter size-large is-resized\"><img loading=\"lazy\" decoding=\"async\" width=\"1024\" height=\"1024\" src=\"https:\/\/macite.tg\/wp-content\/uploads\/2025\/09\/a85f0ce4-ba89-497d-a417-b4838d5a0d21-1024x1024.jpg\" alt=\"\" class=\"wp-image-24454\" style=\"width:456px;height:auto\" srcset=\"https:\/\/macite.tg\/wp-content\/uploads\/2025\/09\/a85f0ce4-ba89-497d-a417-b4838d5a0d21-1024x1024.jpg 1024w, https:\/\/macite.tg\/wp-content\/uploads\/2025\/09\/a85f0ce4-ba89-497d-a417-b4838d5a0d21-300x300.jpg 300w, https:\/\/macite.tg\/wp-content\/uploads\/2025\/09\/a85f0ce4-ba89-497d-a417-b4838d5a0d21-150x150.jpg 150w, https:\/\/macite.tg\/wp-content\/uploads\/2025\/09\/a85f0ce4-ba89-497d-a417-b4838d5a0d21-768x768.jpg 768w, https:\/\/macite.tg\/wp-content\/uploads\/2025\/09\/a85f0ce4-ba89-497d-a417-b4838d5a0d21-122x122.jpg 122w, https:\/\/macite.tg\/wp-content\/uploads\/2025\/09\/a85f0ce4-ba89-497d-a417-b4838d5a0d21.jpg 1080w\" sizes=\"auto, (max-width: 1024px) 100vw, 1024px\" \/><\/figure>\n<\/div>\n\n\n<p class=\"wp-block-paragraph\">En dotant chaque \u00e9l\u00e8ve, et en particulier chaque jeune fille, des conditions n\u00e9cessaires \u00e0 une scolarit\u00e9 r\u00e9ussie, le gouvernement entend traduire la vision du Chef de l\u2019\u00c9tat&nbsp;: investir dans le capital humain, gage d\u2019un Togo inclusif, solidaire et prosp\u00e8re.<\/p>\n\n\n\n<p class=\"wp-block-paragraph\"><strong>Source&nbsp;: @RepubliqueTogolaise<\/strong><\/p>\n\n\n\n<p class=\"wp-block-paragraph\"><a><strong><em>@macite.tg&nbsp;&nbsp;&nbsp;&nbsp;&nbsp;&nbsp;&nbsp;&nbsp;<\/em><\/strong><\/a><\/p>\n\n\n\n<p class=\"wp-block-paragraph\"><strong><em>E-mail&nbsp;: <\/em><\/strong><a href=\"mailto:maciteinfo@gmail.com\"><strong><em>maciteinfo@gmail.com<\/em><\/strong><\/a><strong><em>; <\/em><\/strong><a href=\"mailto:bawela1@gmail.com\"><strong><em>bawela1@gmail.com<\/em><\/strong><\/a><strong><em><\/em><\/strong><\/p>\n\n\n\n<p class=\"wp-block-paragraph\"><strong><em>Pour vos annonces, (publi)reportages, etc., joignez-nous au (00228)91515309\/<strong>79872224 <\/strong><strong><\/strong><\/em><\/strong><\/p>\n\n\n\n<p class=\"wp-block-paragraph\"><strong><em>www.macite.tg, L\u2019information, la bonne&nbsp;!<\/em><\/strong><\/p>\n\n\n\n<p class=\"wp-block-paragraph\"><\/p>\n","protected":false},"excerpt":{"rendered":"<p class=\"text-justify mb-2\" >Le Togo s\u2019appr\u00eate \u00e0 lancer, mardi 9 septembre, une campagne nationale de distribution de kits scolaires destin\u00e9e \u00e0 plus de 100\u00a0000 filles scolaris\u00e9es dans le primaire, le coll\u00e8ge et le lyc\u00e9e. L\u2019op\u00e9ration, plac\u00e9e sous le haut patronage du pr\u00e9sident du Conseil de la R\u00e9publique, Faure [&hellip;]<\/p>\n","protected":false},"author":2,"featured_media":24504,"comment_status":"open","ping_status":"open","sticky":false,"template":"","format":"standard","meta":{"footnotes":""},"categories":[20,4],"tags":[],"class_list":["post-24502","post","type-post","status-publish","format-standard","has-post-thumbnail","hentry","category-actualite","category-education"],"yoast_head":"<!-- This site is optimized with the Yoast SEO plugin v28.4 - https:\/\/yoast.com\/product\/yoast-seo-wordpress\/ -->\n<title>EDUCATIONS POUR TOUS\u00a0: Lancement ce mardi d\u2019une campagne de distribution de kits scolaires -<\/title>\n<meta name=\"robots\" content=\"index, follow, max-snippet:-1, max-image-preview:large, max-video-preview:-1\" \/>\n<link rel=\"canonical\" href=\"https:\/\/macite.tg\/?p=24502\" \/>\n<meta property=\"og:locale\" content=\"fr_FR\" \/>\n<meta property=\"og:type\" content=\"article\" \/>\n<meta property=\"og:title\" content=\"EDUCATIONS POUR TOUS\u00a0: Lancement ce mardi d\u2019une campagne de distribution de kits scolaires -\" \/>\n<meta property=\"og:description\" content=\"Le Togo s\u2019appr\u00eate \u00e0 lancer, mardi 9 septembre, une campagne nationale de distribution de kits scolaires destin\u00e9e \u00e0 plus de 100\u00a0000 filles scolaris\u00e9es dans le primaire, le coll\u00e8ge et le lyc\u00e9e. L\u2019op\u00e9ration, plac\u00e9e sous le haut patronage du pr\u00e9sident du Conseil de la R\u00e9publique, Faure [&hellip;]\" \/>\n<meta property=\"og:url\" content=\"https:\/\/macite.tg\/?p=24502\" \/>\n<meta property=\"article:published_time\" content=\"2025-09-08T18:50:45+00:00\" \/>\n<meta property=\"article:modified_time\" content=\"2025-09-08T18:55:58+00:00\" \/>\n<meta property=\"og:image\" content=\"https:\/\/macite.tg\/wp-content\/uploads\/2025\/09\/2DUCATION-KITS.jpg\" \/>\n\t<meta property=\"og:image:width\" content=\"500\" \/>\n\t<meta property=\"og:image:height\" content=\"631\" \/>\n\t<meta property=\"og:image:type\" content=\"image\/jpeg\" \/>\n<meta name=\"author\" content=\"Jean Pierre BAWELA\" \/>\n<meta name=\"twitter:card\" content=\"summary_large_image\" \/>\n<meta name=\"twitter:label1\" content=\"\u00c9crit par\" \/>\n\t<meta name=\"twitter:data1\" content=\"Jean Pierre BAWELA\" \/>\n\t<meta name=\"twitter:label2\" content=\"Dur\u00e9e de lecture estim\u00e9e\" \/>\n\t<meta name=\"twitter:data2\" content=\"3 minutes\" \/>\n<script type=\"application\/ld+json\" class=\"yoast-schema-graph\">{\"@context\":\"https:\\\/\\\/schema.org\",\"@graph\":[{\"@type\":\"Article\",\"@id\":\"https:\\\/\\\/macite.tg\\\/?p=24502#article\",\"isPartOf\":{\"@id\":\"https:\\\/\\\/macite.tg\\\/?p=24502\"},\"author\":{\"name\":\"Jean Pierre BAWELA\",\"@id\":\"https:\\\/\\\/macite.tg\\\/#\\\/schema\\\/person\\\/e9f2de7e5dbbe7770a9402c7ce82f5c2\"},\"headline\":\"EDUCATIONS POUR TOUS\u00a0: Lancement ce mardi d\u2019une campagne de distribution de kits scolaires\",\"datePublished\":\"2025-09-08T18:50:45+00:00\",\"dateModified\":\"2025-09-08T18:55:58+00:00\",\"mainEntityOfPage\":{\"@id\":\"https:\\\/\\\/macite.tg\\\/?p=24502\"},\"wordCount\":441,\"commentCount\":0,\"image\":{\"@id\":\"https:\\\/\\\/macite.tg\\\/?p=24502#primaryimage\"},\"thumbnailUrl\":\"https:\\\/\\\/macite.tg\\\/wp-content\\\/uploads\\\/2025\\\/09\\\/2DUCATION-KITS.jpg\",\"articleSection\":[\"ACTUALITE\",\"EDUCATION\"],\"inLanguage\":\"fr-FR\",\"potentialAction\":[{\"@type\":\"CommentAction\",\"name\":\"Comment\",\"target\":[\"https:\\\/\\\/macite.tg\\\/?p=24502#respond\"]}]},{\"@type\":\"WebPage\",\"@id\":\"https:\\\/\\\/macite.tg\\\/?p=24502\",\"url\":\"https:\\\/\\\/macite.tg\\\/?p=24502\",\"name\":\"EDUCATIONS POUR TOUS\u00a0: Lancement ce mardi d\u2019une campagne de distribution de kits scolaires -\",\"isPartOf\":{\"@id\":\"https:\\\/\\\/macite.tg\\\/#website\"},\"primaryImageOfPage\":{\"@id\":\"https:\\\/\\\/macite.tg\\\/?p=24502#primaryimage\"},\"image\":{\"@id\":\"https:\\\/\\\/macite.tg\\\/?p=24502#primaryimage\"},\"thumbnailUrl\":\"https:\\\/\\\/macite.tg\\\/wp-content\\\/uploads\\\/2025\\\/09\\\/2DUCATION-KITS.jpg\",\"datePublished\":\"2025-09-08T18:50:45+00:00\",\"dateModified\":\"2025-09-08T18:55:58+00:00\",\"author\":{\"@id\":\"https:\\\/\\\/macite.tg\\\/#\\\/schema\\\/person\\\/e9f2de7e5dbbe7770a9402c7ce82f5c2\"},\"breadcrumb\":{\"@id\":\"https:\\\/\\\/macite.tg\\\/?p=24502#breadcrumb\"},\"inLanguage\":\"fr-FR\",\"potentialAction\":[{\"@type\":\"ReadAction\",\"target\":[\"https:\\\/\\\/macite.tg\\\/?p=24502\"]}]},{\"@type\":\"ImageObject\",\"inLanguage\":\"fr-FR\",\"@id\":\"https:\\\/\\\/macite.tg\\\/?p=24502#primaryimage\",\"url\":\"https:\\\/\\\/macite.tg\\\/wp-content\\\/uploads\\\/2025\\\/09\\\/2DUCATION-KITS.jpg\",\"contentUrl\":\"https:\\\/\\\/macite.tg\\\/wp-content\\\/uploads\\\/2025\\\/09\\\/2DUCATION-KITS.jpg\",\"width\":500,\"height\":631},{\"@type\":\"BreadcrumbList\",\"@id\":\"https:\\\/\\\/macite.tg\\\/?p=24502#breadcrumb\",\"itemListElement\":[{\"@type\":\"ListItem\",\"position\":1,\"name\":\"Accueil\",\"item\":\"https:\\\/\\\/macite.tg\\\/\"},{\"@type\":\"ListItem\",\"position\":2,\"name\":\"EDUCATIONS POUR TOUS\u00a0: Lancement ce mardi d\u2019une campagne de distribution de kits scolaires\"}]},{\"@type\":\"WebSite\",\"@id\":\"https:\\\/\\\/macite.tg\\\/#website\",\"url\":\"https:\\\/\\\/macite.tg\\\/\",\"name\":\"\",\"description\":\"L&#039;information, la bonne!!!\",\"potentialAction\":[{\"@type\":\"SearchAction\",\"target\":{\"@type\":\"EntryPoint\",\"urlTemplate\":\"https:\\\/\\\/macite.tg\\\/?s={search_term_string}\"},\"query-input\":{\"@type\":\"PropertyValueSpecification\",\"valueRequired\":true,\"valueName\":\"search_term_string\"}}],\"inLanguage\":\"fr-FR\"},{\"@type\":\"Person\",\"@id\":\"https:\\\/\\\/macite.tg\\\/#\\\/schema\\\/person\\\/e9f2de7e5dbbe7770a9402c7ce82f5c2\",\"name\":\"Jean Pierre BAWELA\",\"image\":{\"@type\":\"ImageObject\",\"inLanguage\":\"fr-FR\",\"@id\":\"https:\\\/\\\/macite.tg\\\/wp-content\\\/uploads\\\/2023\\\/09\\\/WhatsApp-Image-2023-09-19-at-14.44.41-122x122.jpeg\",\"url\":\"https:\\\/\\\/macite.tg\\\/wp-content\\\/uploads\\\/2023\\\/09\\\/WhatsApp-Image-2023-09-19-at-14.44.41-122x122.jpeg\",\"contentUrl\":\"https:\\\/\\\/macite.tg\\\/wp-content\\\/uploads\\\/2023\\\/09\\\/WhatsApp-Image-2023-09-19-at-14.44.41-122x122.jpeg\",\"caption\":\"Jean Pierre BAWELA\"},\"url\":\"https:\\\/\\\/macite.tg\\\/?author=2\"}]}<\/script>\n<!-- \/ Yoast SEO plugin. -->","yoast_head_json":{"title":"EDUCATIONS POUR TOUS\u00a0: Lancement ce mardi d\u2019une campagne de distribution de kits scolaires -","robots":{"index":"index","follow":"follow","max-snippet":"max-snippet:-1","max-image-preview":"max-image-preview:large","max-video-preview":"max-video-preview:-1"},"canonical":"https:\/\/macite.tg\/?p=24502","og_locale":"fr_FR","og_type":"article","og_title":"EDUCATIONS POUR TOUS\u00a0: Lancement ce mardi d\u2019une campagne de distribution de kits scolaires -","og_description":"Le Togo s\u2019appr\u00eate \u00e0 lancer, mardi 9 septembre, une campagne nationale de distribution de kits scolaires destin\u00e9e \u00e0 plus de 100\u00a0000 filles scolaris\u00e9es dans le primaire, le coll\u00e8ge et le lyc\u00e9e. L\u2019op\u00e9ration, plac\u00e9e sous le haut patronage du pr\u00e9sident du Conseil de la R\u00e9publique, Faure [&hellip;]","og_url":"https:\/\/macite.tg\/?p=24502","article_published_time":"2025-09-08T18:50:45+00:00","article_modified_time":"2025-09-08T18:55:58+00:00","og_image":[{"width":500,"height":631,"url":"https:\/\/macite.tg\/wp-content\/uploads\/2025\/09\/2DUCATION-KITS.jpg","type":"image\/jpeg"}],"author":"Jean Pierre BAWELA","twitter_card":"summary_large_image","twitter_misc":{"\u00c9crit par":"Jean Pierre BAWELA","Dur\u00e9e de lecture estim\u00e9e":"3 minutes"},"schema":{"@context":"https:\/\/schema.org","@graph":[{"@type":"Article","@id":"https:\/\/macite.tg\/?p=24502#article","isPartOf":{"@id":"https:\/\/macite.tg\/?p=24502"},"author":{"name":"Jean Pierre BAWELA","@id":"https:\/\/macite.tg\/#\/schema\/person\/e9f2de7e5dbbe7770a9402c7ce82f5c2"},"headline":"EDUCATIONS POUR TOUS\u00a0: Lancement ce mardi d\u2019une campagne de distribution de kits scolaires","datePublished":"2025-09-08T18:50:45+00:00","dateModified":"2025-09-08T18:55:58+00:00","mainEntityOfPage":{"@id":"https:\/\/macite.tg\/?p=24502"},"wordCount":441,"commentCount":0,"image":{"@id":"https:\/\/macite.tg\/?p=24502#primaryimage"},"thumbnailUrl":"https:\/\/macite.tg\/wp-content\/uploads\/2025\/09\/2DUCATION-KITS.jpg","articleSection":["ACTUALITE","EDUCATION"],"inLanguage":"fr-FR","potentialAction":[{"@type":"CommentAction","name":"Comment","target":["https:\/\/macite.tg\/?p=24502#respond"]}]},{"@type":"WebPage","@id":"https:\/\/macite.tg\/?p=24502","url":"https:\/\/macite.tg\/?p=24502","name":"EDUCATIONS POUR TOUS\u00a0: Lancement ce mardi d\u2019une campagne de distribution de kits scolaires -","isPartOf":{"@id":"https:\/\/macite.tg\/#website"},"primaryImageOfPage":{"@id":"https:\/\/macite.tg\/?p=24502#primaryimage"},"image":{"@id":"https:\/\/macite.tg\/?p=24502#primaryimage"},"thumbnailUrl":"https:\/\/macite.tg\/wp-content\/uploads\/2025\/09\/2DUCATION-KITS.jpg","datePublished":"2025-09-08T18:50:45+00:00","dateModified":"2025-09-08T18:55:58+00:00","author":{"@id":"https:\/\/macite.tg\/#\/schema\/person\/e9f2de7e5dbbe7770a9402c7ce82f5c2"},"breadcrumb":{"@id":"https:\/\/macite.tg\/?p=24502#breadcrumb"},"inLanguage":"fr-FR","potentialAction":[{"@type":"ReadAction","target":["https:\/\/macite.tg\/?p=24502"]}]},{"@type":"ImageObject","inLanguage":"fr-FR","@id":"https:\/\/macite.tg\/?p=24502#primaryimage","url":"https:\/\/macite.tg\/wp-content\/uploads\/2025\/09\/2DUCATION-KITS.jpg","contentUrl":"https:\/\/macite.tg\/wp-content\/uploads\/2025\/09\/2DUCATION-KITS.jpg","width":500,"height":631},{"@type":"BreadcrumbList","@id":"https:\/\/macite.tg\/?p=24502#breadcrumb","itemListElement":[{"@type":"ListItem","position":1,"name":"Accueil","item":"https:\/\/macite.tg\/"},{"@type":"ListItem","position":2,"name":"EDUCATIONS POUR TOUS\u00a0: Lancement ce mardi d\u2019une campagne de distribution de kits scolaires"}]},{"@type":"WebSite","@id":"https:\/\/macite.tg\/#website","url":"https:\/\/macite.tg\/","name":"","description":"L&#039;information, la bonne!!!","potentialAction":[{"@type":"SearchAction","target":{"@type":"EntryPoint","urlTemplate":"https:\/\/macite.tg\/?s={search_term_string}"},"query-input":{"@type":"PropertyValueSpecification","valueRequired":true,"valueName":"search_term_string"}}],"inLanguage":"fr-FR"},{"@type":"Person","@id":"https:\/\/macite.tg\/#\/schema\/person\/e9f2de7e5dbbe7770a9402c7ce82f5c2","name":"Jean Pierre BAWELA","image":{"@type":"ImageObject","inLanguage":"fr-FR","@id":"https:\/\/macite.tg\/wp-content\/uploads\/2023\/09\/WhatsApp-Image-2023-09-19-at-14.44.41-122x122.jpeg","url":"https:\/\/macite.tg\/wp-content\/uploads\/2023\/09\/WhatsApp-Image-2023-09-19-at-14.44.41-122x122.jpeg","contentUrl":"https:\/\/macite.tg\/wp-content\/uploads\/2023\/09\/WhatsApp-Image-2023-09-19-at-14.44.41-122x122.jpeg","caption":"Jean Pierre BAWELA"},"url":"https:\/\/macite.tg\/?author=2"}]}},"_links":{"self":[{"href":"https:\/\/macite.tg\/index.php?rest_route=\/wp\/v2\/posts\/24502","targetHints":{"allow":["GET"]}}],"collection":[{"href":"https:\/\/macite.tg\/index.php?rest_route=\/wp\/v2\/posts"}],"about":[{"href":"https:\/\/macite.tg\/index.php?rest_route=\/wp\/v2\/types\/post"}],"author":[{"embeddable":true,"href":"https:\/\/macite.tg\/index.php?rest_route=\/wp\/v2\/users\/2"}],"replies":[{"embeddable":true,"href":"https:\/\/macite.tg\/index.php?rest_route=%2Fwp%2Fv2%2Fcomments&post=24502"}],"version-history":[{"count":0,"href":"https:\/\/macite.tg\/index.php?rest_route=\/wp\/v2\/posts\/24502\/revisions"}],"wp:featuredmedia":[{"embeddable":true,"href":"https:\/\/macite.tg\/index.php?rest_route=\/wp\/v2\/media\/24504"}],"wp:attachment":[{"href":"https:\/\/macite.tg\/index.php?rest_route=%2Fwp%2Fv2%2Fmedia&parent=24502"}],"wp:term":[{"taxonomy":"category","embeddable":true,"href":"https:\/\/macite.tg\/index.php?rest_route=%2Fwp%2Fv2%2Fcategories&post=24502"},{"taxonomy":"post_tag","embeddable":true,"href":"https:\/\/macite.tg\/index.php?rest_route=%2Fwp%2Fv2%2Ftags&post=24502"}],"curies":[{"name":"wp","href":"https:\/\/api.w.org\/{rel}","templated":true}]}}