{"id":24495,"date":"2025-09-08T16:46:53","date_gmt":"2025-09-08T16:46:53","guid":{"rendered":"https:\/\/macite.tg\/?p=24495"},"modified":"2025-09-08T16:46:58","modified_gmt":"2025-09-08T16:46:58","slug":"rentree-scolaire-2025-2026-soutien-a-la-jeunesse-de-kaniamboua","status":"publish","type":"post","link":"https:\/\/macite.tg\/?p=24495","title":{"rendered":"RENTR\u00c9E SCOLAIRE 2025-2026\u00a0: Soutien \u00e0 la jeunesse de Kaniamboua"},"content":{"rendered":"\n<p class=\"wp-block-paragraph\"><strong><em>Dans le cadre de la rentr\u00e9e scolaire 2025 &#8211; 2026, la jeunesse du canton de Kaniamboua (premi\u00e8re cellule de Sotouboua) a b\u00e9n\u00e9fici\u00e9 d&rsquo;un important don en fournitures scolaires et \u00e9quipements sportifs. Un don offert par des dignes fils du canton.<\/em><\/strong><\/p>\n\n\n\n<p class=\"wp-block-paragraph\">La c\u00e9r\u00e9monie de remise de ce don significatif, s&rsquo;est d\u00e9roul\u00e9e en deux \u00e9tapes. D\u2019abord, dans la matin\u00e9e du samedi 06 septembre dernier, dans les locaux de l&rsquo;Ecole Primaire et Publique (EPP G\/B) pour ce qui est des fournitures scolaires. C\u2019\u00e9tait sous la supervision du chef canton, Tiou Akpana, entour\u00e9 pour la circonstance de ses collaborateurs et des acteurs de d\u00e9veloppement, notamment. Puis, en d\u00e9but d\u2019apr\u00e8s-midi, lors d\u2019un gala de football, pour ce qui de la remise du mat\u00e9riel sportif.<\/p>\n\n\n<div class=\"wp-block-image\">\n<figure class=\"aligncenter size-full\"><img loading=\"lazy\" decoding=\"async\" width=\"851\" height=\"315\" src=\"https:\/\/macite.tg\/wp-content\/uploads\/2025\/09\/OTR_Ferer-pour-batir-1.jpg\" alt=\"\" class=\"wp-image-24441\" srcset=\"https:\/\/macite.tg\/wp-content\/uploads\/2025\/09\/OTR_Ferer-pour-batir-1.jpg 851w, https:\/\/macite.tg\/wp-content\/uploads\/2025\/09\/OTR_Ferer-pour-batir-1-300x111.jpg 300w, https:\/\/macite.tg\/wp-content\/uploads\/2025\/09\/OTR_Ferer-pour-batir-1-768x284.jpg 768w\" sizes=\"auto, (max-width: 851px) 100vw, 851px\" \/><\/figure>\n<\/div>\n\n\n<p class=\"wp-block-paragraph\">Depuis quelques ann\u00e9es, il est devenu une habitude pour les membres du Comit\u00e9 de mobilisation de Kaniamboua, de poser des actions de ce genre. A chaque rentr\u00e9e scolaire, ledit Comit\u00e9 r\u00e9compense les \u00e9l\u00e8ves les plus m\u00e9ritants, mais aussi vient en soutien aux efforts des parents \u00e9prouv\u00e9s.<\/p>\n\n\n\n<p class=\"wp-block-paragraph\">C&rsquo;est dans cette logique qu&rsquo;une d\u00e9l\u00e9gation de ce Comit\u00e9, compos\u00e9e de Messieurs Olivier Tchari\u00e8 et Honor\u00e9 Anidou, est arriv\u00e9e \u00e0 Kaniamboua les mains bien charg\u00e9es.<\/p>\n\n\n\n<p class=\"wp-block-paragraph\">Dans un premier temps, ils ont proc\u00e9d\u00e9 \u00e0 la cl\u00f4ture des cours de vacances par une c\u00e9r\u00e9monie de distribution de fournitures scolaires, notamment des cahiers et autres, mais surtout des v\u00e9los aux plus m\u00e9ritants.<\/p>\n\n\n\n<p class=\"wp-block-paragraph\">Ce don s&rsquo;est d\u00e9roul\u00e9 devant une foule de parents \u00e9mus et enthousiasm\u00e9s au milieu desquels les autorit\u00e9s cantonales.<\/p>\n\n\n\n<p class=\"wp-block-paragraph\">Dans son mot de remerciement, le chef canton a d&rsquo;abord rendu un hommage m\u00e9rit\u00e9 au Pr\u00e9sident du Conseil pour sa politique de paix, laquelle a permis la tenue de cette rencontre. Il a ensuite remerci\u00e9 les donateurs pour leur geste grandeur nature, avant d&rsquo;inviter les parents \u00e0 aider leurs enfants \u00e0 en faire un bon usage.<\/p>\n\n\n<div class=\"wp-block-image\">\n<figure class=\"aligncenter size-full is-resized\"><img loading=\"lazy\" decoding=\"async\" width=\"1000\" height=\"1000\" src=\"https:\/\/macite.tg\/wp-content\/uploads\/2025\/09\/Bienvenu-en-SEPTEMBRE.jpg\" alt=\"\" class=\"wp-image-24497\" style=\"width:594px;height:auto\" srcset=\"https:\/\/macite.tg\/wp-content\/uploads\/2025\/09\/Bienvenu-en-SEPTEMBRE.jpg 1000w, https:\/\/macite.tg\/wp-content\/uploads\/2025\/09\/Bienvenu-en-SEPTEMBRE-300x300.jpg 300w, https:\/\/macite.tg\/wp-content\/uploads\/2025\/09\/Bienvenu-en-SEPTEMBRE-150x150.jpg 150w, https:\/\/macite.tg\/wp-content\/uploads\/2025\/09\/Bienvenu-en-SEPTEMBRE-768x768.jpg 768w, https:\/\/macite.tg\/wp-content\/uploads\/2025\/09\/Bienvenu-en-SEPTEMBRE-122x122.jpg 122w\" sizes=\"auto, (max-width: 1000px) 100vw, 1000px\" \/><\/figure>\n<\/div>\n\n\n<p class=\"wp-block-paragraph\">Quant aux b\u00e9n\u00e9ficiaires, non seulement ils sont satisfaits, mais aussi ont fait la promesse de r\u00e9ussir tous aux diff\u00e9rents examens \u00e0 venir.<\/p>\n\n\n\n<p class=\"wp-block-paragraph\">Notons que dans l&rsquo;apr\u00e8s-midi, les d\u00e9l\u00e9gations se sont dirig\u00e9es sur le terrain de l&rsquo;\u00e9cole o\u00f9 un excellent match de football a oppos\u00e9 les deux \u00e9quipes finalistes, notamment Serpentard FC et Newstar. Un match qui s&rsquo;est sold\u00e9 par 2 buts \u00e0 1, en faveur de Serpentard FC.<\/p>\n\n\n\n<p class=\"wp-block-paragraph\">A l&rsquo;issue de cette comp\u00e9tition aussi suivie par une forte d\u00e9l\u00e9gation du minist\u00e8re de la Jeunesse et des sports, dont des dirigeants sportifs de la pr\u00e9fecture de Sotouboua, toutes les \u00e9quipes (cinq au total) ont \u00e9t\u00e9 r\u00e9compens\u00e9es.<\/p>\n\n\n\n<p class=\"wp-block-paragraph\">Les prix sont compos\u00e9s de mat\u00e9riel et de l&rsquo;argent. L&rsquo;\u00e9quipement sportif est compos\u00e9 entre autres de maillots complets, des ballons, des gadgets, d&rsquo;autres troph\u00e9es dont une coupe.<\/p>\n\n\n\n<p class=\"wp-block-paragraph\">En d\u00e9cernant la coupe au vainqueur le chef canton a dit qu&rsquo;il c\u00e9l\u00e9brait ainsi la victoire de tout le canton et non celle d&rsquo;une \u00e9quipe. Aussi a-t-il exhort\u00e9 tous les joueurs \u00e0 doubler d&rsquo;efficacit\u00e9 pour des victoires futures.<\/p>\n\n\n<div class=\"wp-block-image\">\n<figure class=\"aligncenter size-large is-resized\"><img loading=\"lazy\" decoding=\"async\" width=\"1024\" height=\"1024\" src=\"https:\/\/macite.tg\/wp-content\/uploads\/2025\/09\/a85f0ce4-ba89-497d-a417-b4838d5a0d21-1024x1024.jpg\" alt=\"\" class=\"wp-image-24454\" style=\"width:440px;height:auto\" srcset=\"https:\/\/macite.tg\/wp-content\/uploads\/2025\/09\/a85f0ce4-ba89-497d-a417-b4838d5a0d21-1024x1024.jpg 1024w, https:\/\/macite.tg\/wp-content\/uploads\/2025\/09\/a85f0ce4-ba89-497d-a417-b4838d5a0d21-300x300.jpg 300w, https:\/\/macite.tg\/wp-content\/uploads\/2025\/09\/a85f0ce4-ba89-497d-a417-b4838d5a0d21-150x150.jpg 150w, https:\/\/macite.tg\/wp-content\/uploads\/2025\/09\/a85f0ce4-ba89-497d-a417-b4838d5a0d21-768x768.jpg 768w, https:\/\/macite.tg\/wp-content\/uploads\/2025\/09\/a85f0ce4-ba89-497d-a417-b4838d5a0d21-122x122.jpg 122w, https:\/\/macite.tg\/wp-content\/uploads\/2025\/09\/a85f0ce4-ba89-497d-a417-b4838d5a0d21.jpg 1080w\" sizes=\"auto, (max-width: 1024px) 100vw, 1024px\" \/><\/figure>\n<\/div>\n\n\n<p class=\"wp-block-paragraph\">Tour \u00e0 tour, les donateurs, le repr\u00e9sentant du minist\u00e8re de la jeunesse et des sports, les dirigeants sportifs de la pr\u00e9fecture de Sotouboua, ont saisi l&rsquo;opportunit\u00e9 pour prodiguer d&rsquo;utiles conseils aux joueurs et encadreurs.<\/p>\n\n\n\n<p class=\"wp-block-paragraph\">Une ambiance festive a mis fin aux deux c\u00e9r\u00e9monies sur une note de satisfaction g\u00e9n\u00e9rale.<\/p>\n\n\n\n<p class=\"wp-block-paragraph\"><strong>Roger S.<\/strong><\/p>\n\n\n\n<p class=\"wp-block-paragraph\"><a><strong><em>@macite.tg&nbsp;&nbsp;&nbsp;&nbsp;&nbsp;&nbsp;&nbsp;&nbsp;<\/em><\/strong><\/a><\/p>\n\n\n\n<p class=\"wp-block-paragraph\"><strong><em>E-mail&nbsp;: <\/em><\/strong><a href=\"mailto:maciteinfo@gmail.com\"><strong><em>maciteinfo@gmail.com<\/em><\/strong><\/a><strong><em>; <\/em><\/strong><a href=\"mailto:bawela1@gmail.com\"><strong><em>bawela1@gmail.com<\/em><\/strong><\/a><strong><em><\/em><\/strong><\/p>\n\n\n\n<p class=\"wp-block-paragraph\"><strong><em>Pour vos annonces, (publi)reportages, etc., joignez-nous au (00228)91515309\/<strong>79872224 <\/strong><strong><\/strong><\/em><\/strong><\/p>\n\n\n\n<p class=\"wp-block-paragraph\"><strong><em>www.macite.tg, L\u2019information, la bonne&nbsp;!<\/em><\/strong><\/p>\n\n\n\n<p class=\"wp-block-paragraph\"><\/p>\n","protected":false},"excerpt":{"rendered":"<p class=\"text-justify mb-2\" >Dans le cadre de la rentr\u00e9e scolaire 2025 &#8211; 2026, la jeunesse du canton de Kaniamboua (premi\u00e8re cellule de Sotouboua) a b\u00e9n\u00e9fici\u00e9 d&rsquo;un important don en fournitures scolaires et \u00e9quipements sportifs. Un don offert par des dignes fils du canton. La c\u00e9r\u00e9monie de remise de [&hellip;]<\/p>\n","protected":false},"author":2,"featured_media":24500,"comment_status":"open","ping_status":"open","sticky":false,"template":"","format":"standard","meta":{"footnotes":""},"categories":[20,4],"tags":[],"class_list":["post-24495","post","type-post","status-publish","format-standard","has-post-thumbnail","hentry","category-actualite","category-education"],"yoast_head":"<!-- This site is optimized with the Yoast SEO plugin v28.4 - https:\/\/yoast.com\/product\/yoast-seo-wordpress\/ -->\n<title>RENTR\u00c9E SCOLAIRE 2025-2026\u00a0: Soutien \u00e0 la jeunesse de Kaniamboua -<\/title>\n<meta name=\"robots\" content=\"index, follow, max-snippet:-1, max-image-preview:large, max-video-preview:-1\" \/>\n<link rel=\"canonical\" href=\"https:\/\/macite.tg\/?p=24495\" \/>\n<meta property=\"og:locale\" content=\"fr_FR\" \/>\n<meta property=\"og:type\" content=\"article\" \/>\n<meta property=\"og:title\" content=\"RENTR\u00c9E SCOLAIRE 2025-2026\u00a0: Soutien \u00e0 la jeunesse de Kaniamboua -\" \/>\n<meta property=\"og:description\" content=\"Dans le cadre de la rentr\u00e9e scolaire 2025 &#8211; 2026, la jeunesse du canton de Kaniamboua (premi\u00e8re cellule de Sotouboua) a b\u00e9n\u00e9fici\u00e9 d&rsquo;un important don en fournitures scolaires et \u00e9quipements sportifs. Un don offert par des dignes fils du canton. La c\u00e9r\u00e9monie de remise de [&hellip;]\" \/>\n<meta property=\"og:url\" content=\"https:\/\/macite.tg\/?p=24495\" \/>\n<meta property=\"article:published_time\" content=\"2025-09-08T16:46:53+00:00\" \/>\n<meta property=\"article:modified_time\" content=\"2025-09-08T16:46:58+00:00\" \/>\n<meta property=\"og:image\" content=\"https:\/\/macite.tg\/wp-content\/uploads\/2025\/09\/KANIAMBOUA.jpg\" \/>\n\t<meta property=\"og:image:width\" content=\"500\" \/>\n\t<meta property=\"og:image:height\" content=\"330\" \/>\n\t<meta property=\"og:image:type\" content=\"image\/jpeg\" \/>\n<meta name=\"author\" content=\"Jean Pierre BAWELA\" \/>\n<meta name=\"twitter:card\" content=\"summary_large_image\" \/>\n<meta name=\"twitter:label1\" content=\"\u00c9crit par\" \/>\n\t<meta name=\"twitter:data1\" content=\"Jean Pierre BAWELA\" \/>\n\t<meta name=\"twitter:label2\" content=\"Dur\u00e9e de lecture estim\u00e9e\" \/>\n\t<meta name=\"twitter:data2\" content=\"4 minutes\" \/>\n<script type=\"application\/ld+json\" class=\"yoast-schema-graph\">{\"@context\":\"https:\\\/\\\/schema.org\",\"@graph\":[{\"@type\":\"Article\",\"@id\":\"https:\\\/\\\/macite.tg\\\/?p=24495#article\",\"isPartOf\":{\"@id\":\"https:\\\/\\\/macite.tg\\\/?p=24495\"},\"author\":{\"name\":\"Jean Pierre BAWELA\",\"@id\":\"https:\\\/\\\/macite.tg\\\/#\\\/schema\\\/person\\\/e9f2de7e5dbbe7770a9402c7ce82f5c2\"},\"headline\":\"RENTR\u00c9E SCOLAIRE 2025-2026\u00a0: Soutien \u00e0 la jeunesse de Kaniamboua\",\"datePublished\":\"2025-09-08T16:46:53+00:00\",\"dateModified\":\"2025-09-08T16:46:58+00:00\",\"mainEntityOfPage\":{\"@id\":\"https:\\\/\\\/macite.tg\\\/?p=24495\"},\"wordCount\":637,\"commentCount\":0,\"image\":{\"@id\":\"https:\\\/\\\/macite.tg\\\/?p=24495#primaryimage\"},\"thumbnailUrl\":\"https:\\\/\\\/macite.tg\\\/wp-content\\\/uploads\\\/2025\\\/09\\\/KANIAMBOUA.jpg\",\"articleSection\":[\"ACTUALITE\",\"EDUCATION\"],\"inLanguage\":\"fr-FR\",\"potentialAction\":[{\"@type\":\"CommentAction\",\"name\":\"Comment\",\"target\":[\"https:\\\/\\\/macite.tg\\\/?p=24495#respond\"]}]},{\"@type\":\"WebPage\",\"@id\":\"https:\\\/\\\/macite.tg\\\/?p=24495\",\"url\":\"https:\\\/\\\/macite.tg\\\/?p=24495\",\"name\":\"RENTR\u00c9E SCOLAIRE 2025-2026\u00a0: Soutien \u00e0 la jeunesse de Kaniamboua -\",\"isPartOf\":{\"@id\":\"https:\\\/\\\/macite.tg\\\/#website\"},\"primaryImageOfPage\":{\"@id\":\"https:\\\/\\\/macite.tg\\\/?p=24495#primaryimage\"},\"image\":{\"@id\":\"https:\\\/\\\/macite.tg\\\/?p=24495#primaryimage\"},\"thumbnailUrl\":\"https:\\\/\\\/macite.tg\\\/wp-content\\\/uploads\\\/2025\\\/09\\\/KANIAMBOUA.jpg\",\"datePublished\":\"2025-09-08T16:46:53+00:00\",\"dateModified\":\"2025-09-08T16:46:58+00:00\",\"author\":{\"@id\":\"https:\\\/\\\/macite.tg\\\/#\\\/schema\\\/person\\\/e9f2de7e5dbbe7770a9402c7ce82f5c2\"},\"breadcrumb\":{\"@id\":\"https:\\\/\\\/macite.tg\\\/?p=24495#breadcrumb\"},\"inLanguage\":\"fr-FR\",\"potentialAction\":[{\"@type\":\"ReadAction\",\"target\":[\"https:\\\/\\\/macite.tg\\\/?p=24495\"]}]},{\"@type\":\"ImageObject\",\"inLanguage\":\"fr-FR\",\"@id\":\"https:\\\/\\\/macite.tg\\\/?p=24495#primaryimage\",\"url\":\"https:\\\/\\\/macite.tg\\\/wp-content\\\/uploads\\\/2025\\\/09\\\/KANIAMBOUA.jpg\",\"contentUrl\":\"https:\\\/\\\/macite.tg\\\/wp-content\\\/uploads\\\/2025\\\/09\\\/KANIAMBOUA.jpg\",\"width\":500,\"height\":330,\"caption\":\"Quelques temprs forts de la double c\u00e9r\u00e9monie de remise de don.\"},{\"@type\":\"BreadcrumbList\",\"@id\":\"https:\\\/\\\/macite.tg\\\/?p=24495#breadcrumb\",\"itemListElement\":[{\"@type\":\"ListItem\",\"position\":1,\"name\":\"Accueil\",\"item\":\"https:\\\/\\\/macite.tg\\\/\"},{\"@type\":\"ListItem\",\"position\":2,\"name\":\"RENTR\u00c9E SCOLAIRE 2025-2026\u00a0: Soutien \u00e0 la jeunesse de Kaniamboua\"}]},{\"@type\":\"WebSite\",\"@id\":\"https:\\\/\\\/macite.tg\\\/#website\",\"url\":\"https:\\\/\\\/macite.tg\\\/\",\"name\":\"\",\"description\":\"L&#039;information, la bonne!!!\",\"potentialAction\":[{\"@type\":\"SearchAction\",\"target\":{\"@type\":\"EntryPoint\",\"urlTemplate\":\"https:\\\/\\\/macite.tg\\\/?s={search_term_string}\"},\"query-input\":{\"@type\":\"PropertyValueSpecification\",\"valueRequired\":true,\"valueName\":\"search_term_string\"}}],\"inLanguage\":\"fr-FR\"},{\"@type\":\"Person\",\"@id\":\"https:\\\/\\\/macite.tg\\\/#\\\/schema\\\/person\\\/e9f2de7e5dbbe7770a9402c7ce82f5c2\",\"name\":\"Jean Pierre BAWELA\",\"image\":{\"@type\":\"ImageObject\",\"inLanguage\":\"fr-FR\",\"@id\":\"https:\\\/\\\/macite.tg\\\/wp-content\\\/uploads\\\/2023\\\/09\\\/WhatsApp-Image-2023-09-19-at-14.44.41-122x122.jpeg\",\"url\":\"https:\\\/\\\/macite.tg\\\/wp-content\\\/uploads\\\/2023\\\/09\\\/WhatsApp-Image-2023-09-19-at-14.44.41-122x122.jpeg\",\"contentUrl\":\"https:\\\/\\\/macite.tg\\\/wp-content\\\/uploads\\\/2023\\\/09\\\/WhatsApp-Image-2023-09-19-at-14.44.41-122x122.jpeg\",\"caption\":\"Jean Pierre BAWELA\"},\"url\":\"https:\\\/\\\/macite.tg\\\/?author=2\"}]}<\/script>\n<!-- \/ Yoast SEO plugin. -->","yoast_head_json":{"title":"RENTR\u00c9E SCOLAIRE 2025-2026\u00a0: Soutien \u00e0 la jeunesse de Kaniamboua -","robots":{"index":"index","follow":"follow","max-snippet":"max-snippet:-1","max-image-preview":"max-image-preview:large","max-video-preview":"max-video-preview:-1"},"canonical":"https:\/\/macite.tg\/?p=24495","og_locale":"fr_FR","og_type":"article","og_title":"RENTR\u00c9E SCOLAIRE 2025-2026\u00a0: Soutien \u00e0 la jeunesse de Kaniamboua -","og_description":"Dans le cadre de la rentr\u00e9e scolaire 2025 &#8211; 2026, la jeunesse du canton de Kaniamboua (premi\u00e8re cellule de Sotouboua) a b\u00e9n\u00e9fici\u00e9 d&rsquo;un important don en fournitures scolaires et \u00e9quipements sportifs. Un don offert par des dignes fils du canton. La c\u00e9r\u00e9monie de remise de [&hellip;]","og_url":"https:\/\/macite.tg\/?p=24495","article_published_time":"2025-09-08T16:46:53+00:00","article_modified_time":"2025-09-08T16:46:58+00:00","og_image":[{"width":500,"height":330,"url":"https:\/\/macite.tg\/wp-content\/uploads\/2025\/09\/KANIAMBOUA.jpg","type":"image\/jpeg"}],"author":"Jean Pierre BAWELA","twitter_card":"summary_large_image","twitter_misc":{"\u00c9crit par":"Jean Pierre BAWELA","Dur\u00e9e de lecture estim\u00e9e":"4 minutes"},"schema":{"@context":"https:\/\/schema.org","@graph":[{"@type":"Article","@id":"https:\/\/macite.tg\/?p=24495#article","isPartOf":{"@id":"https:\/\/macite.tg\/?p=24495"},"author":{"name":"Jean Pierre BAWELA","@id":"https:\/\/macite.tg\/#\/schema\/person\/e9f2de7e5dbbe7770a9402c7ce82f5c2"},"headline":"RENTR\u00c9E SCOLAIRE 2025-2026\u00a0: Soutien \u00e0 la jeunesse de Kaniamboua","datePublished":"2025-09-08T16:46:53+00:00","dateModified":"2025-09-08T16:46:58+00:00","mainEntityOfPage":{"@id":"https:\/\/macite.tg\/?p=24495"},"wordCount":637,"commentCount":0,"image":{"@id":"https:\/\/macite.tg\/?p=24495#primaryimage"},"thumbnailUrl":"https:\/\/macite.tg\/wp-content\/uploads\/2025\/09\/KANIAMBOUA.jpg","articleSection":["ACTUALITE","EDUCATION"],"inLanguage":"fr-FR","potentialAction":[{"@type":"CommentAction","name":"Comment","target":["https:\/\/macite.tg\/?p=24495#respond"]}]},{"@type":"WebPage","@id":"https:\/\/macite.tg\/?p=24495","url":"https:\/\/macite.tg\/?p=24495","name":"RENTR\u00c9E SCOLAIRE 2025-2026\u00a0: Soutien \u00e0 la jeunesse de Kaniamboua -","isPartOf":{"@id":"https:\/\/macite.tg\/#website"},"primaryImageOfPage":{"@id":"https:\/\/macite.tg\/?p=24495#primaryimage"},"image":{"@id":"https:\/\/macite.tg\/?p=24495#primaryimage"},"thumbnailUrl":"https:\/\/macite.tg\/wp-content\/uploads\/2025\/09\/KANIAMBOUA.jpg","datePublished":"2025-09-08T16:46:53+00:00","dateModified":"2025-09-08T16:46:58+00:00","author":{"@id":"https:\/\/macite.tg\/#\/schema\/person\/e9f2de7e5dbbe7770a9402c7ce82f5c2"},"breadcrumb":{"@id":"https:\/\/macite.tg\/?p=24495#breadcrumb"},"inLanguage":"fr-FR","potentialAction":[{"@type":"ReadAction","target":["https:\/\/macite.tg\/?p=24495"]}]},{"@type":"ImageObject","inLanguage":"fr-FR","@id":"https:\/\/macite.tg\/?p=24495#primaryimage","url":"https:\/\/macite.tg\/wp-content\/uploads\/2025\/09\/KANIAMBOUA.jpg","contentUrl":"https:\/\/macite.tg\/wp-content\/uploads\/2025\/09\/KANIAMBOUA.jpg","width":500,"height":330,"caption":"Quelques temprs forts de la double c\u00e9r\u00e9monie de remise de don."},{"@type":"BreadcrumbList","@id":"https:\/\/macite.tg\/?p=24495#breadcrumb","itemListElement":[{"@type":"ListItem","position":1,"name":"Accueil","item":"https:\/\/macite.tg\/"},{"@type":"ListItem","position":2,"name":"RENTR\u00c9E SCOLAIRE 2025-2026\u00a0: Soutien \u00e0 la jeunesse de Kaniamboua"}]},{"@type":"WebSite","@id":"https:\/\/macite.tg\/#website","url":"https:\/\/macite.tg\/","name":"","description":"L&#039;information, la bonne!!!","potentialAction":[{"@type":"SearchAction","target":{"@type":"EntryPoint","urlTemplate":"https:\/\/macite.tg\/?s={search_term_string}"},"query-input":{"@type":"PropertyValueSpecification","valueRequired":true,"valueName":"search_term_string"}}],"inLanguage":"fr-FR"},{"@type":"Person","@id":"https:\/\/macite.tg\/#\/schema\/person\/e9f2de7e5dbbe7770a9402c7ce82f5c2","name":"Jean Pierre BAWELA","image":{"@type":"ImageObject","inLanguage":"fr-FR","@id":"https:\/\/macite.tg\/wp-content\/uploads\/2023\/09\/WhatsApp-Image-2023-09-19-at-14.44.41-122x122.jpeg","url":"https:\/\/macite.tg\/wp-content\/uploads\/2023\/09\/WhatsApp-Image-2023-09-19-at-14.44.41-122x122.jpeg","contentUrl":"https:\/\/macite.tg\/wp-content\/uploads\/2023\/09\/WhatsApp-Image-2023-09-19-at-14.44.41-122x122.jpeg","caption":"Jean Pierre BAWELA"},"url":"https:\/\/macite.tg\/?author=2"}]}},"_links":{"self":[{"href":"https:\/\/macite.tg\/index.php?rest_route=\/wp\/v2\/posts\/24495","targetHints":{"allow":["GET"]}}],"collection":[{"href":"https:\/\/macite.tg\/index.php?rest_route=\/wp\/v2\/posts"}],"about":[{"href":"https:\/\/macite.tg\/index.php?rest_route=\/wp\/v2\/types\/post"}],"author":[{"embeddable":true,"href":"https:\/\/macite.tg\/index.php?rest_route=\/wp\/v2\/users\/2"}],"replies":[{"embeddable":true,"href":"https:\/\/macite.tg\/index.php?rest_route=%2Fwp%2Fv2%2Fcomments&post=24495"}],"version-history":[{"count":0,"href":"https:\/\/macite.tg\/index.php?rest_route=\/wp\/v2\/posts\/24495\/revisions"}],"wp:featuredmedia":[{"embeddable":true,"href":"https:\/\/macite.tg\/index.php?rest_route=\/wp\/v2\/media\/24500"}],"wp:attachment":[{"href":"https:\/\/macite.tg\/index.php?rest_route=%2Fwp%2Fv2%2Fmedia&parent=24495"}],"wp:term":[{"taxonomy":"category","embeddable":true,"href":"https:\/\/macite.tg\/index.php?rest_route=%2Fwp%2Fv2%2Fcategories&post=24495"},{"taxonomy":"post_tag","embeddable":true,"href":"https:\/\/macite.tg\/index.php?rest_route=%2Fwp%2Fv2%2Ftags&post=24495"}],"curies":[{"name":"wp","href":"https:\/\/api.w.org\/{rel}","templated":true}]}}