{"id":24492,"date":"2025-09-08T13:17:48","date_gmt":"2025-09-08T13:17:48","guid":{"rendered":"https:\/\/macite.tg\/?p=24492"},"modified":"2025-09-08T13:38:20","modified_gmt":"2025-09-08T13:38:20","slug":"cfa-2025-les-ministres-tchiakpe-et-hounake-ont-suivi-de-pres-les-candidats","status":"publish","type":"post","link":"https:\/\/macite.tg\/?p=24492","title":{"rendered":"CFA 2025\u00a0: Les ministres Tchiakp\u00e9 et Hounak\u00e9 ont suivi de pr\u00e8s les candidats\u2026"},"content":{"rendered":"\n<p class=\"wp-block-paragraph\"><strong><em>Dans le cadre du suivi du d\u00e9roulement des examens du Certificat de Fin d\u2019Apprentissage (CFA), le Ministre de l\u2019Enseignement Technique, de la Formation Professionnelle et de l\u2019Apprentissage, Isaac Tchiakp\u00e9 et le Ministre D\u00e9l\u00e9gu\u00e9 aupr\u00e8s du Ministre du Commerce, de l\u2019Artisanat et de la Consommation Locale Prof. Kossivi Hounak\u00e9, ont effectu\u00e9 une tourn\u00e9e de supervision dans quatre centres d\u2019examen de Lom\u00e9 le mercredi 03 Septembre dernier.<\/em><\/strong><\/p>\n\n\n\n<p class=\"wp-block-paragraph\">Cette descente sur le terrain des deux Ministres accompagn\u00e9s de leurs collaborateurs avait pour objectif de s\u2019assurer du bon d\u00e9roulement des \u00e9preuves du CFA et d\u2019adresser les encouragements du Gouvernement aux candidats. Aux termes de leur tourn\u00e9e, les deux membres du Gouvernement ont exprim\u00e9 leur satisfaction quant aux conditions d\u2019organisation et ainsi qu\u2019aux dispositions pratiques qui entourent l\u2019examen.<\/p>\n\n\n<div class=\"wp-block-image\">\n<figure class=\"aligncenter size-full\"><img loading=\"lazy\" decoding=\"async\" width=\"851\" height=\"315\" src=\"https:\/\/macite.tg\/wp-content\/uploads\/2025\/09\/OTR_Ferer-pour-batir-1.jpg\" alt=\"\" class=\"wp-image-24441\" srcset=\"https:\/\/macite.tg\/wp-content\/uploads\/2025\/09\/OTR_Ferer-pour-batir-1.jpg 851w, https:\/\/macite.tg\/wp-content\/uploads\/2025\/09\/OTR_Ferer-pour-batir-1-300x111.jpg 300w, https:\/\/macite.tg\/wp-content\/uploads\/2025\/09\/OTR_Ferer-pour-batir-1-768x284.jpg 768w\" sizes=\"auto, (max-width: 851px) 100vw, 851px\" \/><\/figure>\n<\/div>\n\n\n<p class=\"wp-block-paragraph\"><em>\u00ab Nous sommes ici pour constater le bon d\u00e9roulement de l\u2019examen, ce qui est une preuve que le Gouvernement est tr\u00e8s attach\u00e9 aux probl\u00e8mes de l\u2019emploi des jeunes dans notre pays. Ces jeunes que nous formons aujourd\u2019hui sont les futurs piliers de notre \u00e9conomie<\/em> \u00bb, a expliqu\u00e9 le Ministre Tchiakp\u00e9.<\/p>\n\n\n\n<p class=\"wp-block-paragraph\">Pour sa part, le Professeur Kossivi Hounak\u00e9 a soulign\u00e9 l\u2019int\u00e9r\u00eat croissant des jeunes pour les m\u00e9tiers techniques et artisanaux et a mis en avant, l\u2019ambition du Gouvernement de valoriser les m\u00e9tiers techniques. <em>\u00ab L\u2019on ne peut construire un pays uniquement avec du Bac+5 et plus. Cela veut dire que la formation professionnelle reste un levier important d&rsquo;une \u00e9conomie forte, stable et r\u00e9siliente. On comprend d\u00e8s lors que le gouvernement sous l\u2019impulsion du PC mette un point d&rsquo;honneur sur la formation professionnelle \u00bb,<\/em> a-t-il pr\u00e9cis\u00e9.&nbsp;<\/p>\n\n\n\n<p class=\"wp-block-paragraph\">Plus de 51 000 candidats dont une large majorit\u00e9 de femmes contre 45 000 en 2024, soit une augmentation d\u2019environ 11 % sont \u00e0 la qu\u00eate de ce premier dipl\u00f4me dans 58 corps de m\u00e9tiers cette ann\u00e9e.<\/p>\n\n\n<div class=\"wp-block-image\">\n<figure class=\"aligncenter size-full\"><img decoding=\"async\" src=\"https:\/\/macite.tg\/wp-content\/uploads\/2025\/08\/Geo-ref-1.jpg\" alt=\"\" class=\"wp-image-24339\"\/><\/figure>\n<\/div>\n\n\n<p class=\"wp-block-paragraph\">Rappelons que le Certificat de Fin d\u2019Apprentissage permet d\u2019\u00e9valuer les savoir-faire acquis apr\u00e8s plusieurs ann\u00e9es d\u2019apprentissage en entreprise. Ce dipl\u00f4me repr\u00e9sente une \u00e9tape strat\u00e9gique de la politique de lutte contre le ch\u00f4mage des jeunes, du Pr\u00e9sident du Conseil Son Excellence Monsieur Faure Essozimna Gnassingb\u00e9. Elle permet de renforcer l\u2019employabilit\u00e9 \u00e0 travers des structures comme les centres techniques et les entreprises locales.<\/p>\n\n\n\n<p class=\"wp-block-paragraph\"><strong>La R\u00e9daction<\/strong><\/p>\n\n\n\n<p class=\"wp-block-paragraph\"><a><strong><em>@macite.tg&nbsp;&nbsp;&nbsp;&nbsp;&nbsp;&nbsp;&nbsp;&nbsp;<\/em><\/strong><\/a><\/p>\n\n\n\n<p class=\"wp-block-paragraph\"><strong><em>E-mail&nbsp;: <\/em><\/strong><a href=\"mailto:maciteinfo@gmail.com\"><strong><em>maciteinfo@gmail.com<\/em><\/strong><\/a><strong><em>; <\/em><\/strong><a href=\"mailto:bawela1@gmail.com\"><strong><em>bawela1@gmail.com<\/em><\/strong><\/a><strong><em><\/em><\/strong><\/p>\n\n\n\n<p class=\"wp-block-paragraph\"><strong><em>Pour vos annonces, (publi)reportages, etc., joignez-nous au (00228)91515309\/<\/em><\/strong><strong><em>79872224 <\/em><\/strong><strong><em><\/em><\/strong><\/p>\n\n\n\n<p class=\"wp-block-paragraph\"><strong><em>www.macite.tg, L\u2019information, la bonne&nbsp;!<\/em><\/strong><\/p>\n\n\n\n<p class=\"wp-block-paragraph\"><\/p>\n","protected":false},"excerpt":{"rendered":"<p class=\"text-justify mb-2\" >Dans le cadre du suivi du d\u00e9roulement des examens du Certificat de Fin d\u2019Apprentissage (CFA), le Ministre de l\u2019Enseignement Technique, de la Formation Professionnelle et de l\u2019Apprentissage, Isaac Tchiakp\u00e9 et le Ministre D\u00e9l\u00e9gu\u00e9 aupr\u00e8s du Ministre du Commerce, de l\u2019Artisanat et de la Consommation Locale [&hellip;]<\/p>\n","protected":false},"author":2,"featured_media":24493,"comment_status":"open","ping_status":"open","sticky":false,"template":"","format":"standard","meta":{"footnotes":""},"categories":[20,48],"tags":[],"class_list":["post-24492","post","type-post","status-publish","format-standard","has-post-thumbnail","hentry","category-actualite","category-formation"],"yoast_head":"<!-- This site is optimized with the Yoast SEO plugin v28.4 - https:\/\/yoast.com\/product\/yoast-seo-wordpress\/ -->\n<title>CFA 2025\u00a0: Les ministres Tchiakp\u00e9 et Hounak\u00e9 ont suivi de pr\u00e8s les candidats\u2026 -<\/title>\n<meta name=\"robots\" content=\"index, follow, max-snippet:-1, max-image-preview:large, max-video-preview:-1\" \/>\n<link rel=\"canonical\" href=\"https:\/\/macite.tg\/?p=24492\" \/>\n<meta property=\"og:locale\" content=\"fr_FR\" \/>\n<meta property=\"og:type\" content=\"article\" \/>\n<meta property=\"og:title\" content=\"CFA 2025\u00a0: Les ministres Tchiakp\u00e9 et Hounak\u00e9 ont suivi de pr\u00e8s les candidats\u2026 -\" \/>\n<meta property=\"og:description\" content=\"Dans le cadre du suivi du d\u00e9roulement des examens du Certificat de Fin d\u2019Apprentissage (CFA), le Ministre de l\u2019Enseignement Technique, de la Formation Professionnelle et de l\u2019Apprentissage, Isaac Tchiakp\u00e9 et le Ministre D\u00e9l\u00e9gu\u00e9 aupr\u00e8s du Ministre du Commerce, de l\u2019Artisanat et de la Consommation Locale [&hellip;]\" \/>\n<meta property=\"og:url\" content=\"https:\/\/macite.tg\/?p=24492\" \/>\n<meta property=\"article:published_time\" content=\"2025-09-08T13:17:48+00:00\" \/>\n<meta property=\"article:modified_time\" content=\"2025-09-08T13:38:20+00:00\" \/>\n<meta property=\"og:image\" content=\"https:\/\/macite.tg\/wp-content\/uploads\/2025\/09\/CFA-2025.jpg\" \/>\n\t<meta property=\"og:image:width\" content=\"500\" \/>\n\t<meta property=\"og:image:height\" content=\"220\" \/>\n\t<meta property=\"og:image:type\" content=\"image\/jpeg\" \/>\n<meta name=\"author\" content=\"Jean Pierre BAWELA\" \/>\n<meta name=\"twitter:card\" content=\"summary_large_image\" \/>\n<meta name=\"twitter:label1\" content=\"\u00c9crit par\" \/>\n\t<meta name=\"twitter:data1\" content=\"Jean Pierre BAWELA\" \/>\n\t<meta name=\"twitter:label2\" content=\"Dur\u00e9e de lecture estim\u00e9e\" \/>\n\t<meta name=\"twitter:data2\" content=\"3 minutes\" \/>\n<script type=\"application\/ld+json\" class=\"yoast-schema-graph\">{\"@context\":\"https:\\\/\\\/schema.org\",\"@graph\":[{\"@type\":\"Article\",\"@id\":\"https:\\\/\\\/macite.tg\\\/?p=24492#article\",\"isPartOf\":{\"@id\":\"https:\\\/\\\/macite.tg\\\/?p=24492\"},\"author\":{\"name\":\"Jean Pierre BAWELA\",\"@id\":\"https:\\\/\\\/macite.tg\\\/#\\\/schema\\\/person\\\/e9f2de7e5dbbe7770a9402c7ce82f5c2\"},\"headline\":\"CFA 2025\u00a0: Les ministres Tchiakp\u00e9 et Hounak\u00e9 ont suivi de pr\u00e8s les candidats\u2026\",\"datePublished\":\"2025-09-08T13:17:48+00:00\",\"dateModified\":\"2025-09-08T13:38:20+00:00\",\"mainEntityOfPage\":{\"@id\":\"https:\\\/\\\/macite.tg\\\/?p=24492\"},\"wordCount\":444,\"commentCount\":0,\"image\":{\"@id\":\"https:\\\/\\\/macite.tg\\\/?p=24492#primaryimage\"},\"thumbnailUrl\":\"https:\\\/\\\/macite.tg\\\/wp-content\\\/uploads\\\/2025\\\/09\\\/CFA-2025.jpg\",\"articleSection\":[\"ACTUALITE\",\"FORMATION\"],\"inLanguage\":\"fr-FR\",\"potentialAction\":[{\"@type\":\"CommentAction\",\"name\":\"Comment\",\"target\":[\"https:\\\/\\\/macite.tg\\\/?p=24492#respond\"]}]},{\"@type\":\"WebPage\",\"@id\":\"https:\\\/\\\/macite.tg\\\/?p=24492\",\"url\":\"https:\\\/\\\/macite.tg\\\/?p=24492\",\"name\":\"CFA 2025\u00a0: Les ministres Tchiakp\u00e9 et Hounak\u00e9 ont suivi de pr\u00e8s les candidats\u2026 -\",\"isPartOf\":{\"@id\":\"https:\\\/\\\/macite.tg\\\/#website\"},\"primaryImageOfPage\":{\"@id\":\"https:\\\/\\\/macite.tg\\\/?p=24492#primaryimage\"},\"image\":{\"@id\":\"https:\\\/\\\/macite.tg\\\/?p=24492#primaryimage\"},\"thumbnailUrl\":\"https:\\\/\\\/macite.tg\\\/wp-content\\\/uploads\\\/2025\\\/09\\\/CFA-2025.jpg\",\"datePublished\":\"2025-09-08T13:17:48+00:00\",\"dateModified\":\"2025-09-08T13:38:20+00:00\",\"author\":{\"@id\":\"https:\\\/\\\/macite.tg\\\/#\\\/schema\\\/person\\\/e9f2de7e5dbbe7770a9402c7ce82f5c2\"},\"breadcrumb\":{\"@id\":\"https:\\\/\\\/macite.tg\\\/?p=24492#breadcrumb\"},\"inLanguage\":\"fr-FR\",\"potentialAction\":[{\"@type\":\"ReadAction\",\"target\":[\"https:\\\/\\\/macite.tg\\\/?p=24492\"]}]},{\"@type\":\"ImageObject\",\"inLanguage\":\"fr-FR\",\"@id\":\"https:\\\/\\\/macite.tg\\\/?p=24492#primaryimage\",\"url\":\"https:\\\/\\\/macite.tg\\\/wp-content\\\/uploads\\\/2025\\\/09\\\/CFA-2025.jpg\",\"contentUrl\":\"https:\\\/\\\/macite.tg\\\/wp-content\\\/uploads\\\/2025\\\/09\\\/CFA-2025.jpg\",\"width\":500,\"height\":220},{\"@type\":\"BreadcrumbList\",\"@id\":\"https:\\\/\\\/macite.tg\\\/?p=24492#breadcrumb\",\"itemListElement\":[{\"@type\":\"ListItem\",\"position\":1,\"name\":\"Accueil\",\"item\":\"https:\\\/\\\/macite.tg\\\/\"},{\"@type\":\"ListItem\",\"position\":2,\"name\":\"CFA 2025\u00a0: Les ministres Tchiakp\u00e9 et Hounak\u00e9 ont suivi de pr\u00e8s les candidats\u2026\"}]},{\"@type\":\"WebSite\",\"@id\":\"https:\\\/\\\/macite.tg\\\/#website\",\"url\":\"https:\\\/\\\/macite.tg\\\/\",\"name\":\"\",\"description\":\"L&#039;information, la bonne!!!\",\"potentialAction\":[{\"@type\":\"SearchAction\",\"target\":{\"@type\":\"EntryPoint\",\"urlTemplate\":\"https:\\\/\\\/macite.tg\\\/?s={search_term_string}\"},\"query-input\":{\"@type\":\"PropertyValueSpecification\",\"valueRequired\":true,\"valueName\":\"search_term_string\"}}],\"inLanguage\":\"fr-FR\"},{\"@type\":\"Person\",\"@id\":\"https:\\\/\\\/macite.tg\\\/#\\\/schema\\\/person\\\/e9f2de7e5dbbe7770a9402c7ce82f5c2\",\"name\":\"Jean Pierre BAWELA\",\"image\":{\"@type\":\"ImageObject\",\"inLanguage\":\"fr-FR\",\"@id\":\"https:\\\/\\\/macite.tg\\\/wp-content\\\/uploads\\\/2023\\\/09\\\/WhatsApp-Image-2023-09-19-at-14.44.41-122x122.jpeg\",\"url\":\"https:\\\/\\\/macite.tg\\\/wp-content\\\/uploads\\\/2023\\\/09\\\/WhatsApp-Image-2023-09-19-at-14.44.41-122x122.jpeg\",\"contentUrl\":\"https:\\\/\\\/macite.tg\\\/wp-content\\\/uploads\\\/2023\\\/09\\\/WhatsApp-Image-2023-09-19-at-14.44.41-122x122.jpeg\",\"caption\":\"Jean Pierre BAWELA\"},\"url\":\"https:\\\/\\\/macite.tg\\\/?author=2\"}]}<\/script>\n<!-- \/ Yoast SEO plugin. -->","yoast_head_json":{"title":"CFA 2025\u00a0: Les ministres Tchiakp\u00e9 et Hounak\u00e9 ont suivi de pr\u00e8s les candidats\u2026 -","robots":{"index":"index","follow":"follow","max-snippet":"max-snippet:-1","max-image-preview":"max-image-preview:large","max-video-preview":"max-video-preview:-1"},"canonical":"https:\/\/macite.tg\/?p=24492","og_locale":"fr_FR","og_type":"article","og_title":"CFA 2025\u00a0: Les ministres Tchiakp\u00e9 et Hounak\u00e9 ont suivi de pr\u00e8s les candidats\u2026 -","og_description":"Dans le cadre du suivi du d\u00e9roulement des examens du Certificat de Fin d\u2019Apprentissage (CFA), le Ministre de l\u2019Enseignement Technique, de la Formation Professionnelle et de l\u2019Apprentissage, Isaac Tchiakp\u00e9 et le Ministre D\u00e9l\u00e9gu\u00e9 aupr\u00e8s du Ministre du Commerce, de l\u2019Artisanat et de la Consommation Locale [&hellip;]","og_url":"https:\/\/macite.tg\/?p=24492","article_published_time":"2025-09-08T13:17:48+00:00","article_modified_time":"2025-09-08T13:38:20+00:00","og_image":[{"width":500,"height":220,"url":"https:\/\/macite.tg\/wp-content\/uploads\/2025\/09\/CFA-2025.jpg","type":"image\/jpeg"}],"author":"Jean Pierre BAWELA","twitter_card":"summary_large_image","twitter_misc":{"\u00c9crit par":"Jean Pierre BAWELA","Dur\u00e9e de lecture estim\u00e9e":"3 minutes"},"schema":{"@context":"https:\/\/schema.org","@graph":[{"@type":"Article","@id":"https:\/\/macite.tg\/?p=24492#article","isPartOf":{"@id":"https:\/\/macite.tg\/?p=24492"},"author":{"name":"Jean Pierre BAWELA","@id":"https:\/\/macite.tg\/#\/schema\/person\/e9f2de7e5dbbe7770a9402c7ce82f5c2"},"headline":"CFA 2025\u00a0: Les ministres Tchiakp\u00e9 et Hounak\u00e9 ont suivi de pr\u00e8s les candidats\u2026","datePublished":"2025-09-08T13:17:48+00:00","dateModified":"2025-09-08T13:38:20+00:00","mainEntityOfPage":{"@id":"https:\/\/macite.tg\/?p=24492"},"wordCount":444,"commentCount":0,"image":{"@id":"https:\/\/macite.tg\/?p=24492#primaryimage"},"thumbnailUrl":"https:\/\/macite.tg\/wp-content\/uploads\/2025\/09\/CFA-2025.jpg","articleSection":["ACTUALITE","FORMATION"],"inLanguage":"fr-FR","potentialAction":[{"@type":"CommentAction","name":"Comment","target":["https:\/\/macite.tg\/?p=24492#respond"]}]},{"@type":"WebPage","@id":"https:\/\/macite.tg\/?p=24492","url":"https:\/\/macite.tg\/?p=24492","name":"CFA 2025\u00a0: Les ministres Tchiakp\u00e9 et Hounak\u00e9 ont suivi de pr\u00e8s les candidats\u2026 -","isPartOf":{"@id":"https:\/\/macite.tg\/#website"},"primaryImageOfPage":{"@id":"https:\/\/macite.tg\/?p=24492#primaryimage"},"image":{"@id":"https:\/\/macite.tg\/?p=24492#primaryimage"},"thumbnailUrl":"https:\/\/macite.tg\/wp-content\/uploads\/2025\/09\/CFA-2025.jpg","datePublished":"2025-09-08T13:17:48+00:00","dateModified":"2025-09-08T13:38:20+00:00","author":{"@id":"https:\/\/macite.tg\/#\/schema\/person\/e9f2de7e5dbbe7770a9402c7ce82f5c2"},"breadcrumb":{"@id":"https:\/\/macite.tg\/?p=24492#breadcrumb"},"inLanguage":"fr-FR","potentialAction":[{"@type":"ReadAction","target":["https:\/\/macite.tg\/?p=24492"]}]},{"@type":"ImageObject","inLanguage":"fr-FR","@id":"https:\/\/macite.tg\/?p=24492#primaryimage","url":"https:\/\/macite.tg\/wp-content\/uploads\/2025\/09\/CFA-2025.jpg","contentUrl":"https:\/\/macite.tg\/wp-content\/uploads\/2025\/09\/CFA-2025.jpg","width":500,"height":220},{"@type":"BreadcrumbList","@id":"https:\/\/macite.tg\/?p=24492#breadcrumb","itemListElement":[{"@type":"ListItem","position":1,"name":"Accueil","item":"https:\/\/macite.tg\/"},{"@type":"ListItem","position":2,"name":"CFA 2025\u00a0: Les ministres Tchiakp\u00e9 et Hounak\u00e9 ont suivi de pr\u00e8s les candidats\u2026"}]},{"@type":"WebSite","@id":"https:\/\/macite.tg\/#website","url":"https:\/\/macite.tg\/","name":"","description":"L&#039;information, la bonne!!!","potentialAction":[{"@type":"SearchAction","target":{"@type":"EntryPoint","urlTemplate":"https:\/\/macite.tg\/?s={search_term_string}"},"query-input":{"@type":"PropertyValueSpecification","valueRequired":true,"valueName":"search_term_string"}}],"inLanguage":"fr-FR"},{"@type":"Person","@id":"https:\/\/macite.tg\/#\/schema\/person\/e9f2de7e5dbbe7770a9402c7ce82f5c2","name":"Jean Pierre BAWELA","image":{"@type":"ImageObject","inLanguage":"fr-FR","@id":"https:\/\/macite.tg\/wp-content\/uploads\/2023\/09\/WhatsApp-Image-2023-09-19-at-14.44.41-122x122.jpeg","url":"https:\/\/macite.tg\/wp-content\/uploads\/2023\/09\/WhatsApp-Image-2023-09-19-at-14.44.41-122x122.jpeg","contentUrl":"https:\/\/macite.tg\/wp-content\/uploads\/2023\/09\/WhatsApp-Image-2023-09-19-at-14.44.41-122x122.jpeg","caption":"Jean Pierre BAWELA"},"url":"https:\/\/macite.tg\/?author=2"}]}},"_links":{"self":[{"href":"https:\/\/macite.tg\/index.php?rest_route=\/wp\/v2\/posts\/24492","targetHints":{"allow":["GET"]}}],"collection":[{"href":"https:\/\/macite.tg\/index.php?rest_route=\/wp\/v2\/posts"}],"about":[{"href":"https:\/\/macite.tg\/index.php?rest_route=\/wp\/v2\/types\/post"}],"author":[{"embeddable":true,"href":"https:\/\/macite.tg\/index.php?rest_route=\/wp\/v2\/users\/2"}],"replies":[{"embeddable":true,"href":"https:\/\/macite.tg\/index.php?rest_route=%2Fwp%2Fv2%2Fcomments&post=24492"}],"version-history":[{"count":0,"href":"https:\/\/macite.tg\/index.php?rest_route=\/wp\/v2\/posts\/24492\/revisions"}],"wp:featuredmedia":[{"embeddable":true,"href":"https:\/\/macite.tg\/index.php?rest_route=\/wp\/v2\/media\/24493"}],"wp:attachment":[{"href":"https:\/\/macite.tg\/index.php?rest_route=%2Fwp%2Fv2%2Fmedia&parent=24492"}],"wp:term":[{"taxonomy":"category","embeddable":true,"href":"https:\/\/macite.tg\/index.php?rest_route=%2Fwp%2Fv2%2Fcategories&post=24492"},{"taxonomy":"post_tag","embeddable":true,"href":"https:\/\/macite.tg\/index.php?rest_route=%2Fwp%2Fv2%2Ftags&post=24492"}],"curies":[{"name":"wp","href":"https:\/\/api.w.org\/{rel}","templated":true}]}}