{"id":24440,"date":"2025-08-30T10:52:28","date_gmt":"2025-08-30T10:52:28","guid":{"rendered":"https:\/\/macite.tg\/?p=24440"},"modified":"2025-09-11T10:51:45","modified_gmt":"2025-09-11T10:51:45","slug":"dieu-a-donne-dieu-a-repris-souvenez-vous-dans-vos-prieres-dali-pouyo-michel-rappele-a-son-createur-a-90-ans","status":"publish","type":"post","link":"https:\/\/macite.tg\/?p=24440","title":{"rendered":"DIEU A DONNE DIEU A REPRIS\u00a0: Souvenez-vous dans vos pri\u00e8res d\u2019ALI Pouyo Michel rappel\u00e9 \u00e0 son Cr\u00e9ateur \u00e0 90 ans"},"content":{"rendered":"\n<p class=\"wp-block-paragraph\"><strong><em>Pieusement endormis dans le Seigneur le dimanche le 17 Ao\u00fbt 2025 au CHU Campus de Lom\u00e9 \u00e0 l\u2019\u00e2ge de 90 ans, ALI Pouyo Michel, <\/em>G\u00e9om\u00e8tre Topographe des T.P. \u00e0 la retraite, v<em>a effectuer son dernier voyage le samedi 30 ao\u00fbt 2025, apr\u00e8s des c\u00e9r\u00e9monies fun\u00e9raires \u00e0 Kara et \u00e0 Tchar\u00e9.<\/em><\/strong><\/p>\n\n\n\n<p class=\"wp-block-paragraph\"><strong><u>AVIS DE DECES<\/u><\/strong><\/p>\n\n\n\n<p class=\"wp-block-paragraph\">Le chef du canton de Tchar\u00e8<\/p>\n\n\n\n<p class=\"wp-block-paragraph\">Le chef du village de Tchar\u00e8<\/p>\n\n\n\n<p class=\"wp-block-paragraph\">Le chef du quartier de Soyoda<\/p>\n\n\n\n<p class=\"wp-block-paragraph\">La famille ALI POUYO \u00e0 Tchar\u00e8, Kara, Sokod\u00e9, Atakpam\u00e9, Lom\u00e9, aux Etats Unis et partout ailleurs,<\/p>\n\n\n\n<p class=\"wp-block-paragraph\">La famille TCHIKPINDOU \u00e0 Kara, Danyi, \u00e0 Lom\u00e9, et partout ailleurs,<\/p>\n\n\n\n<p class=\"wp-block-paragraph\">M. ALI Sama Bonaventure, planteur au Ghana, doyen de la famille LEMOUDE<\/p>\n\n\n\n<p class=\"wp-block-paragraph\">M. TCHIKPINDOU Ad\u00e8rou Th\u00e9ophile, planteur \u00e0 Danyi<\/p>\n\n\n\n<p class=\"wp-block-paragraph\"><strong>Les veuves&nbsp;:<\/strong><\/p>\n\n\n\n<p class=\"wp-block-paragraph\">ALEDI M\u00e8wounesso Christine, m\u00e9nag\u00e8re \u00e0 Kara,<\/p>\n\n\n\n<p class=\"wp-block-paragraph\">MEATCHI Kossiwa, Couturi\u00e8re \u00e0 Kara,<\/p>\n\n\n\n<p class=\"wp-block-paragraph\">ALOU Afoua, m\u00e9nag\u00e8re \u00e0 Lom\u00e9,<\/p>\n\n\n\n<p class=\"wp-block-paragraph\">SAMA N\u00e8m\u00e8, m\u00e9nag\u00e8re \u00e0 Tchar\u00e8 Soyoda<\/p>\n\n\n\n<p class=\"wp-block-paragraph\">M. ALI Essohouna, assistant d\u2019hygi\u00e8ne au CMS d\u2019Ad\u00e9tikop\u00e9<\/p>\n\n\n\n<p class=\"wp-block-paragraph\">M. LEMOU Ah\u00e8za, Directeur adjoint \u00e0 la DSRP \u00e0 Lom\u00e9<\/p>\n\n\n\n<p class=\"wp-block-paragraph\">M. AKPINDI Pitalounani, Entrepreneur \u00e0 Kara<\/p>\n\n\n\n<p class=\"wp-block-paragraph\">M. ALI POUYO Yaod\u00e8ma Ludovic, technicien de b\u00e2timent \u00e0 Kara<\/p>\n\n\n\n<p class=\"wp-block-paragraph\">M. ALI Essow\u00e8 Marcel, employ\u00e9 de bureau \u00e0 ARE-Culture Plateaux<\/p>\n\n\n\n<p class=\"wp-block-paragraph\">M. ALI Panaw\u00e9 Cr\u00e9pin, chef G\u00e9om\u00e8tre \u00e0 la Pr\u00e9fecture de la Kozah<\/p>\n\n\n\n<p class=\"wp-block-paragraph\">M. ALI POUYO Wiyao, Lieutenant Inspecteur des douanes en service \u00e0 la Division des Op\u00e9rations Douani\u00e8res du Sud-Ouest \u00e0 Lom\u00e9<\/p>\n\n\n\n<p class=\"wp-block-paragraph\">M. ALI POUYO Essodina Patrick, employ\u00e9 \u00e0 la BB Kara<\/p>\n\n\n<div class=\"wp-block-image\">\n<figure class=\"alignright size-large is-resized\"><img loading=\"lazy\" decoding=\"async\" width=\"793\" height=\"1024\" src=\"https:\/\/macite.tg\/wp-content\/uploads\/2025\/08\/90ed0879-c9a5-4ab0-aec1-30c9ce94ad79-793x1024.jpg\" alt=\"\" class=\"wp-image-24593\" style=\"width:398px;height:auto\" srcset=\"https:\/\/macite.tg\/wp-content\/uploads\/2025\/08\/90ed0879-c9a5-4ab0-aec1-30c9ce94ad79-793x1024.jpg 793w, https:\/\/macite.tg\/wp-content\/uploads\/2025\/08\/90ed0879-c9a5-4ab0-aec1-30c9ce94ad79-232x300.jpg 232w, https:\/\/macite.tg\/wp-content\/uploads\/2025\/08\/90ed0879-c9a5-4ab0-aec1-30c9ce94ad79-768x992.jpg 768w, https:\/\/macite.tg\/wp-content\/uploads\/2025\/08\/90ed0879-c9a5-4ab0-aec1-30c9ce94ad79.jpg 836w\" sizes=\"auto, (max-width: 793px) 100vw, 793px\" \/><\/figure>\n<\/div>\n\n\n<p class=\"wp-block-paragraph\">Les familles ALI, LEMOU, AGNIGA, ATOU, PILANTE, SEKONDO, AWESSO, AKPINDI, PADIYO et TCHIKPINDOU,<\/p>\n\n\n\n<p class=\"wp-block-paragraph\">Ont le profond regret de vous annoncer le rappel \u00e0 Dieu de leur tr\u00e8s cher et regrett\u00e9&nbsp;:<\/p>\n\n\n\n<p class=\"has-text-align-center wp-block-paragraph\"><strong>ALI Pouyo Michel<\/strong><\/p>\n\n\n\n<p class=\"has-text-align-center wp-block-paragraph\"><strong>G\u00e9om\u00e8tre Topographe des T.P \u00e0 la retraite.<\/strong><\/p>\n\n\n\n<p class=\"has-text-align-center wp-block-paragraph\"><strong><em>Survenu le dimanche le 17 Ao\u00fbt 2025 au CHU Campus de Lom\u00e9 \u00e0 l\u2019\u00e2ge de 90 ans.<\/em><\/strong><\/p>\n\n\n\n<p class=\"wp-block-paragraph\"><strong><em>Vous renouvellent leurs sinc\u00e8res remerciements et vous prient de bien vouloir assister aux obs\u00e8ques qui auront lieu selon le programme ci-apr\u00e8s.<\/em><\/strong><\/p>\n\n\n\n<p class=\"wp-block-paragraph\"><strong><u>PROGRAMME<\/u><\/strong><\/p>\n\n\n\n<p class=\"wp-block-paragraph\"><strong>A KARA<\/strong><\/p>\n\n\n\n<ul class=\"wp-block-list\">\n<li><strong><u>Vendredi 29 Ao\u00fbt 2025<\/u><\/strong><\/li>\n<\/ul>\n\n\n\n<p class=\"wp-block-paragraph\"><strong>19h 00 \u00e0 l\u2019aube<\/strong>&nbsp;: Veill\u00e9e de pri\u00e8res et de chants dans la maison mortuaire, maison ALI Pouyo \u00e0 Dongoyo \u00e0 c\u00f4t\u00e9 de Radio Kozah FM.<\/p>\n\n\n\n<ul class=\"wp-block-list\">\n<li><strong><u>Samedi 30 Ao\u00fbt 2025<\/u><\/strong><\/li>\n\n\n\n<li><strong>04h 00&nbsp;: Lev\u00e9e<\/strong> du corps \u00e0 la morgue du CHU de Kara<\/li>\n\n\n\n<li><strong>06h 00-7h 30<\/strong>&nbsp;: Exposition du corps dans la maison mortuaire<\/li>\n\n\n\n<li><strong>07h 45<\/strong>&nbsp;: D\u00e9part du corps pour Tchar\u00e8 Soyoda, son village natal, maison LEMOUDE.<\/li>\n<\/ul>\n\n\n\n<p class=\"wp-block-paragraph\"><strong>A TCHARE<\/strong><\/p>\n\n\n\n<ul class=\"wp-block-list\">\n<li><strong>19h 00 \u00e0 l\u2019aube<\/strong>&nbsp;: Veill\u00e9e de pri\u00e8res et de chants dans la maison LEMOUDE<\/li>\n\n\n\n<li><strong>09h 30-10h 30<\/strong>&nbsp;: Exposition dans la maison LEMOUDE<\/li>\n\n\n\n<li><strong>11h 00<\/strong>&nbsp;: Messe d\u2019enterrement \u00e0 la Chapelle Saint-Jean-Baptiste de Soyoda suivie de l\u2019inhumation au cimentaire familial \u00e0 Tchar\u00e8 Soyoda.<\/li>\n<\/ul>\n\n\n\n<ul class=\"wp-block-list\">\n<li><strong><u>Dimanche 31 Ao\u00fbt 2025<\/u><\/strong><\/li>\n\n\n\n<li><strong>07h 00<\/strong>&nbsp;: Messe d\u2019action de gr\u00e2ce pour le repos de l\u2019\u00e2me de l\u2019illustre disparu \u00e0 la Cath\u00e9drale Saint-Pierre et Paul de Kara.<\/li>\n<\/ul>\n\n\n\n<p class=\"wp-block-paragraph\"><a><strong><em>@macite.tg&nbsp;&nbsp;&nbsp;&nbsp;&nbsp;&nbsp;&nbsp;&nbsp;<\/em><\/strong><\/a><\/p>\n\n\n\n<p class=\"wp-block-paragraph\"><strong><em>E-mail&nbsp;: <\/em><\/strong><a href=\"mailto:maciteinfo@gmail.com\"><strong><em>maciteinfo@gmail.com<\/em><\/strong><\/a><strong><em>; <\/em><\/strong><a href=\"mailto:bawela1@gmail.com\"><strong><em>bawela1@gmail.com<\/em><\/strong><\/a><strong><em><\/em><\/strong><\/p>\n\n\n\n<p class=\"wp-block-paragraph\"><strong><em>Pour vos annonces, (publi)reportages, etc., joignez-nous au (00228)91515309\/<\/em><\/strong><strong><em>79872224 <\/em><\/strong><strong><em><\/em><\/strong><\/p>\n\n\n\n<p class=\"wp-block-paragraph\"><strong><em>www.macite.tg, L\u2019information, la bonne&nbsp;!<\/em><\/strong><\/p>\n\n\n\n<p class=\"wp-block-paragraph\"><\/p>\n","protected":false},"excerpt":{"rendered":"<p class=\"text-justify mb-2\" >Pieusement endormis dans le Seigneur le dimanche le 17 Ao\u00fbt 2025 au CHU Campus de Lom\u00e9 \u00e0 l\u2019\u00e2ge de 90 ans, ALI Pouyo Michel, G\u00e9om\u00e8tre Topographe des T.P. \u00e0 la retraite, va effectuer son dernier voyage le samedi 30 ao\u00fbt 2025, apr\u00e8s des c\u00e9r\u00e9monies fun\u00e9raires [&hellip;]<\/p>\n","protected":false},"author":2,"featured_media":24442,"comment_status":"open","ping_status":"open","sticky":false,"template":"","format":"standard","meta":{"footnotes":""},"categories":[20,31],"tags":[],"class_list":["post-24440","post","type-post","status-publish","format-standard","has-post-thumbnail","hentry","category-actualite","category-annonce"],"yoast_head":"<!-- This site is optimized with the Yoast SEO plugin v28.4 - https:\/\/yoast.com\/product\/yoast-seo-wordpress\/ -->\n<title>DIEU A DONNE DIEU A REPRIS\u00a0: Souvenez-vous dans vos pri\u00e8res d\u2019ALI Pouyo Michel rappel\u00e9 \u00e0 son Cr\u00e9ateur \u00e0 90 ans -<\/title>\n<meta name=\"robots\" content=\"index, follow, max-snippet:-1, max-image-preview:large, max-video-preview:-1\" \/>\n<link rel=\"canonical\" href=\"https:\/\/macite.tg\/?p=24440\" \/>\n<meta property=\"og:locale\" content=\"fr_FR\" \/>\n<meta property=\"og:type\" content=\"article\" \/>\n<meta property=\"og:title\" content=\"DIEU A DONNE DIEU A REPRIS\u00a0: Souvenez-vous dans vos pri\u00e8res d\u2019ALI Pouyo Michel rappel\u00e9 \u00e0 son Cr\u00e9ateur \u00e0 90 ans -\" \/>\n<meta property=\"og:description\" content=\"Pieusement endormis dans le Seigneur le dimanche le 17 Ao\u00fbt 2025 au CHU Campus de Lom\u00e9 \u00e0 l\u2019\u00e2ge de 90 ans, ALI Pouyo Michel, G\u00e9om\u00e8tre Topographe des T.P. \u00e0 la retraite, va effectuer son dernier voyage le samedi 30 ao\u00fbt 2025, apr\u00e8s des c\u00e9r\u00e9monies fun\u00e9raires [&hellip;]\" \/>\n<meta property=\"og:url\" content=\"https:\/\/macite.tg\/?p=24440\" \/>\n<meta property=\"article:published_time\" content=\"2025-08-30T10:52:28+00:00\" \/>\n<meta property=\"article:modified_time\" content=\"2025-09-11T10:51:45+00:00\" \/>\n<meta property=\"og:image\" content=\"https:\/\/macite.tg\/wp-content\/uploads\/2025\/09\/ALI-FEU.jpg\" \/>\n\t<meta property=\"og:image:width\" content=\"500\" \/>\n\t<meta property=\"og:image:height\" content=\"462\" \/>\n\t<meta property=\"og:image:type\" content=\"image\/jpeg\" \/>\n<meta name=\"author\" content=\"Jean Pierre BAWELA\" \/>\n<meta name=\"twitter:card\" content=\"summary_large_image\" \/>\n<meta name=\"twitter:label1\" content=\"\u00c9crit par\" \/>\n\t<meta name=\"twitter:data1\" content=\"Jean Pierre BAWELA\" \/>\n\t<meta name=\"twitter:label2\" content=\"Dur\u00e9e de lecture estim\u00e9e\" \/>\n\t<meta name=\"twitter:data2\" content=\"3 minutes\" \/>\n<script type=\"application\/ld+json\" class=\"yoast-schema-graph\">{\"@context\":\"https:\\\/\\\/schema.org\",\"@graph\":[{\"@type\":\"Article\",\"@id\":\"https:\\\/\\\/macite.tg\\\/?p=24440#article\",\"isPartOf\":{\"@id\":\"https:\\\/\\\/macite.tg\\\/?p=24440\"},\"author\":{\"name\":\"Jean Pierre BAWELA\",\"@id\":\"https:\\\/\\\/macite.tg\\\/#\\\/schema\\\/person\\\/e9f2de7e5dbbe7770a9402c7ce82f5c2\"},\"headline\":\"DIEU A DONNE DIEU A REPRIS\u00a0: Souvenez-vous dans vos pri\u00e8res d\u2019ALI Pouyo Michel rappel\u00e9 \u00e0 son Cr\u00e9ateur \u00e0 90 ans\",\"datePublished\":\"2025-08-30T10:52:28+00:00\",\"dateModified\":\"2025-09-11T10:51:45+00:00\",\"mainEntityOfPage\":{\"@id\":\"https:\\\/\\\/macite.tg\\\/?p=24440\"},\"wordCount\":519,\"commentCount\":0,\"image\":{\"@id\":\"https:\\\/\\\/macite.tg\\\/?p=24440#primaryimage\"},\"thumbnailUrl\":\"https:\\\/\\\/macite.tg\\\/wp-content\\\/uploads\\\/2025\\\/09\\\/ALI-FEU.jpg\",\"articleSection\":[\"ACTUALITE\",\"ANNONCE\"],\"inLanguage\":\"fr-FR\",\"potentialAction\":[{\"@type\":\"CommentAction\",\"name\":\"Comment\",\"target\":[\"https:\\\/\\\/macite.tg\\\/?p=24440#respond\"]}]},{\"@type\":\"WebPage\",\"@id\":\"https:\\\/\\\/macite.tg\\\/?p=24440\",\"url\":\"https:\\\/\\\/macite.tg\\\/?p=24440\",\"name\":\"DIEU A DONNE DIEU A REPRIS\u00a0: Souvenez-vous dans vos pri\u00e8res d\u2019ALI Pouyo Michel rappel\u00e9 \u00e0 son Cr\u00e9ateur \u00e0 90 ans -\",\"isPartOf\":{\"@id\":\"https:\\\/\\\/macite.tg\\\/#website\"},\"primaryImageOfPage\":{\"@id\":\"https:\\\/\\\/macite.tg\\\/?p=24440#primaryimage\"},\"image\":{\"@id\":\"https:\\\/\\\/macite.tg\\\/?p=24440#primaryimage\"},\"thumbnailUrl\":\"https:\\\/\\\/macite.tg\\\/wp-content\\\/uploads\\\/2025\\\/09\\\/ALI-FEU.jpg\",\"datePublished\":\"2025-08-30T10:52:28+00:00\",\"dateModified\":\"2025-09-11T10:51:45+00:00\",\"author\":{\"@id\":\"https:\\\/\\\/macite.tg\\\/#\\\/schema\\\/person\\\/e9f2de7e5dbbe7770a9402c7ce82f5c2\"},\"breadcrumb\":{\"@id\":\"https:\\\/\\\/macite.tg\\\/?p=24440#breadcrumb\"},\"inLanguage\":\"fr-FR\",\"potentialAction\":[{\"@type\":\"ReadAction\",\"target\":[\"https:\\\/\\\/macite.tg\\\/?p=24440\"]}]},{\"@type\":\"ImageObject\",\"inLanguage\":\"fr-FR\",\"@id\":\"https:\\\/\\\/macite.tg\\\/?p=24440#primaryimage\",\"url\":\"https:\\\/\\\/macite.tg\\\/wp-content\\\/uploads\\\/2025\\\/09\\\/ALI-FEU.jpg\",\"contentUrl\":\"https:\\\/\\\/macite.tg\\\/wp-content\\\/uploads\\\/2025\\\/09\\\/ALI-FEU.jpg\",\"width\":500,\"height\":462,\"caption\":\"Feu ALI Pouyo Michel, G\u00e9om\u00e8tre Topographe des T.P. \u00e0 la retraite\"},{\"@type\":\"BreadcrumbList\",\"@id\":\"https:\\\/\\\/macite.tg\\\/?p=24440#breadcrumb\",\"itemListElement\":[{\"@type\":\"ListItem\",\"position\":1,\"name\":\"Accueil\",\"item\":\"https:\\\/\\\/macite.tg\\\/\"},{\"@type\":\"ListItem\",\"position\":2,\"name\":\"DIEU A DONNE DIEU A REPRIS\u00a0: Souvenez-vous dans vos pri\u00e8res d\u2019ALI Pouyo Michel rappel\u00e9 \u00e0 son Cr\u00e9ateur \u00e0 90 ans\"}]},{\"@type\":\"WebSite\",\"@id\":\"https:\\\/\\\/macite.tg\\\/#website\",\"url\":\"https:\\\/\\\/macite.tg\\\/\",\"name\":\"\",\"description\":\"L&#039;information, la bonne!!!\",\"potentialAction\":[{\"@type\":\"SearchAction\",\"target\":{\"@type\":\"EntryPoint\",\"urlTemplate\":\"https:\\\/\\\/macite.tg\\\/?s={search_term_string}\"},\"query-input\":{\"@type\":\"PropertyValueSpecification\",\"valueRequired\":true,\"valueName\":\"search_term_string\"}}],\"inLanguage\":\"fr-FR\"},{\"@type\":\"Person\",\"@id\":\"https:\\\/\\\/macite.tg\\\/#\\\/schema\\\/person\\\/e9f2de7e5dbbe7770a9402c7ce82f5c2\",\"name\":\"Jean Pierre BAWELA\",\"image\":{\"@type\":\"ImageObject\",\"inLanguage\":\"fr-FR\",\"@id\":\"https:\\\/\\\/macite.tg\\\/wp-content\\\/uploads\\\/2023\\\/09\\\/WhatsApp-Image-2023-09-19-at-14.44.41-122x122.jpeg\",\"url\":\"https:\\\/\\\/macite.tg\\\/wp-content\\\/uploads\\\/2023\\\/09\\\/WhatsApp-Image-2023-09-19-at-14.44.41-122x122.jpeg\",\"contentUrl\":\"https:\\\/\\\/macite.tg\\\/wp-content\\\/uploads\\\/2023\\\/09\\\/WhatsApp-Image-2023-09-19-at-14.44.41-122x122.jpeg\",\"caption\":\"Jean Pierre BAWELA\"},\"url\":\"https:\\\/\\\/macite.tg\\\/?author=2\"}]}<\/script>\n<!-- \/ Yoast SEO plugin. -->","yoast_head_json":{"title":"DIEU A DONNE DIEU A REPRIS\u00a0: Souvenez-vous dans vos pri\u00e8res d\u2019ALI Pouyo Michel rappel\u00e9 \u00e0 son Cr\u00e9ateur \u00e0 90 ans -","robots":{"index":"index","follow":"follow","max-snippet":"max-snippet:-1","max-image-preview":"max-image-preview:large","max-video-preview":"max-video-preview:-1"},"canonical":"https:\/\/macite.tg\/?p=24440","og_locale":"fr_FR","og_type":"article","og_title":"DIEU A DONNE DIEU A REPRIS\u00a0: Souvenez-vous dans vos pri\u00e8res d\u2019ALI Pouyo Michel rappel\u00e9 \u00e0 son Cr\u00e9ateur \u00e0 90 ans -","og_description":"Pieusement endormis dans le Seigneur le dimanche le 17 Ao\u00fbt 2025 au CHU Campus de Lom\u00e9 \u00e0 l\u2019\u00e2ge de 90 ans, ALI Pouyo Michel, G\u00e9om\u00e8tre Topographe des T.P. \u00e0 la retraite, va effectuer son dernier voyage le samedi 30 ao\u00fbt 2025, apr\u00e8s des c\u00e9r\u00e9monies fun\u00e9raires [&hellip;]","og_url":"https:\/\/macite.tg\/?p=24440","article_published_time":"2025-08-30T10:52:28+00:00","article_modified_time":"2025-09-11T10:51:45+00:00","og_image":[{"width":500,"height":462,"url":"https:\/\/macite.tg\/wp-content\/uploads\/2025\/09\/ALI-FEU.jpg","type":"image\/jpeg"}],"author":"Jean Pierre BAWELA","twitter_card":"summary_large_image","twitter_misc":{"\u00c9crit par":"Jean Pierre BAWELA","Dur\u00e9e de lecture estim\u00e9e":"3 minutes"},"schema":{"@context":"https:\/\/schema.org","@graph":[{"@type":"Article","@id":"https:\/\/macite.tg\/?p=24440#article","isPartOf":{"@id":"https:\/\/macite.tg\/?p=24440"},"author":{"name":"Jean Pierre BAWELA","@id":"https:\/\/macite.tg\/#\/schema\/person\/e9f2de7e5dbbe7770a9402c7ce82f5c2"},"headline":"DIEU A DONNE DIEU A REPRIS\u00a0: Souvenez-vous dans vos pri\u00e8res d\u2019ALI Pouyo Michel rappel\u00e9 \u00e0 son Cr\u00e9ateur \u00e0 90 ans","datePublished":"2025-08-30T10:52:28+00:00","dateModified":"2025-09-11T10:51:45+00:00","mainEntityOfPage":{"@id":"https:\/\/macite.tg\/?p=24440"},"wordCount":519,"commentCount":0,"image":{"@id":"https:\/\/macite.tg\/?p=24440#primaryimage"},"thumbnailUrl":"https:\/\/macite.tg\/wp-content\/uploads\/2025\/09\/ALI-FEU.jpg","articleSection":["ACTUALITE","ANNONCE"],"inLanguage":"fr-FR","potentialAction":[{"@type":"CommentAction","name":"Comment","target":["https:\/\/macite.tg\/?p=24440#respond"]}]},{"@type":"WebPage","@id":"https:\/\/macite.tg\/?p=24440","url":"https:\/\/macite.tg\/?p=24440","name":"DIEU A DONNE DIEU A REPRIS\u00a0: Souvenez-vous dans vos pri\u00e8res d\u2019ALI Pouyo Michel rappel\u00e9 \u00e0 son Cr\u00e9ateur \u00e0 90 ans -","isPartOf":{"@id":"https:\/\/macite.tg\/#website"},"primaryImageOfPage":{"@id":"https:\/\/macite.tg\/?p=24440#primaryimage"},"image":{"@id":"https:\/\/macite.tg\/?p=24440#primaryimage"},"thumbnailUrl":"https:\/\/macite.tg\/wp-content\/uploads\/2025\/09\/ALI-FEU.jpg","datePublished":"2025-08-30T10:52:28+00:00","dateModified":"2025-09-11T10:51:45+00:00","author":{"@id":"https:\/\/macite.tg\/#\/schema\/person\/e9f2de7e5dbbe7770a9402c7ce82f5c2"},"breadcrumb":{"@id":"https:\/\/macite.tg\/?p=24440#breadcrumb"},"inLanguage":"fr-FR","potentialAction":[{"@type":"ReadAction","target":["https:\/\/macite.tg\/?p=24440"]}]},{"@type":"ImageObject","inLanguage":"fr-FR","@id":"https:\/\/macite.tg\/?p=24440#primaryimage","url":"https:\/\/macite.tg\/wp-content\/uploads\/2025\/09\/ALI-FEU.jpg","contentUrl":"https:\/\/macite.tg\/wp-content\/uploads\/2025\/09\/ALI-FEU.jpg","width":500,"height":462,"caption":"Feu ALI Pouyo Michel, G\u00e9om\u00e8tre Topographe des T.P. \u00e0 la retraite"},{"@type":"BreadcrumbList","@id":"https:\/\/macite.tg\/?p=24440#breadcrumb","itemListElement":[{"@type":"ListItem","position":1,"name":"Accueil","item":"https:\/\/macite.tg\/"},{"@type":"ListItem","position":2,"name":"DIEU A DONNE DIEU A REPRIS\u00a0: Souvenez-vous dans vos pri\u00e8res d\u2019ALI Pouyo Michel rappel\u00e9 \u00e0 son Cr\u00e9ateur \u00e0 90 ans"}]},{"@type":"WebSite","@id":"https:\/\/macite.tg\/#website","url":"https:\/\/macite.tg\/","name":"","description":"L&#039;information, la bonne!!!","potentialAction":[{"@type":"SearchAction","target":{"@type":"EntryPoint","urlTemplate":"https:\/\/macite.tg\/?s={search_term_string}"},"query-input":{"@type":"PropertyValueSpecification","valueRequired":true,"valueName":"search_term_string"}}],"inLanguage":"fr-FR"},{"@type":"Person","@id":"https:\/\/macite.tg\/#\/schema\/person\/e9f2de7e5dbbe7770a9402c7ce82f5c2","name":"Jean Pierre BAWELA","image":{"@type":"ImageObject","inLanguage":"fr-FR","@id":"https:\/\/macite.tg\/wp-content\/uploads\/2023\/09\/WhatsApp-Image-2023-09-19-at-14.44.41-122x122.jpeg","url":"https:\/\/macite.tg\/wp-content\/uploads\/2023\/09\/WhatsApp-Image-2023-09-19-at-14.44.41-122x122.jpeg","contentUrl":"https:\/\/macite.tg\/wp-content\/uploads\/2023\/09\/WhatsApp-Image-2023-09-19-at-14.44.41-122x122.jpeg","caption":"Jean Pierre BAWELA"},"url":"https:\/\/macite.tg\/?author=2"}]}},"_links":{"self":[{"href":"https:\/\/macite.tg\/index.php?rest_route=\/wp\/v2\/posts\/24440","targetHints":{"allow":["GET"]}}],"collection":[{"href":"https:\/\/macite.tg\/index.php?rest_route=\/wp\/v2\/posts"}],"about":[{"href":"https:\/\/macite.tg\/index.php?rest_route=\/wp\/v2\/types\/post"}],"author":[{"embeddable":true,"href":"https:\/\/macite.tg\/index.php?rest_route=\/wp\/v2\/users\/2"}],"replies":[{"embeddable":true,"href":"https:\/\/macite.tg\/index.php?rest_route=%2Fwp%2Fv2%2Fcomments&post=24440"}],"version-history":[{"count":0,"href":"https:\/\/macite.tg\/index.php?rest_route=\/wp\/v2\/posts\/24440\/revisions"}],"wp:featuredmedia":[{"embeddable":true,"href":"https:\/\/macite.tg\/index.php?rest_route=\/wp\/v2\/media\/24442"}],"wp:attachment":[{"href":"https:\/\/macite.tg\/index.php?rest_route=%2Fwp%2Fv2%2Fmedia&parent=24440"}],"wp:term":[{"taxonomy":"category","embeddable":true,"href":"https:\/\/macite.tg\/index.php?rest_route=%2Fwp%2Fv2%2Fcategories&post=24440"},{"taxonomy":"post_tag","embeddable":true,"href":"https:\/\/macite.tg\/index.php?rest_route=%2Fwp%2Fv2%2Ftags&post=24440"}],"curies":[{"name":"wp","href":"https:\/\/api.w.org\/{rel}","templated":true}]}}