{"id":24432,"date":"2025-08-25T14:00:17","date_gmt":"2025-08-25T14:00:17","guid":{"rendered":"https:\/\/macite.tg\/?p=24432"},"modified":"2025-08-25T14:00:21","modified_gmt":"2025-08-25T14:00:21","slug":"a-yokohama-le-president-du-conseil-a-echange-avec-le-president-en-exercice-de-lua","status":"publish","type":"post","link":"https:\/\/macite.tg\/?p=24432","title":{"rendered":"A YOKOHAMA\u00a0: Le Pr\u00e9sident du Conseil a \u00e9chang\u00e9 avec le Pr\u00e9sident en exercice de l\u2019UA"},"content":{"rendered":"\n<p class=\"wp-block-paragraph\"><strong><em>En marge des travaux de la neuvi\u00e8me Conf\u00e9rence internationale de Tokyo sur le d\u00e9veloppement de l\u2019Afrique (TICAD 9), le Pr\u00e9sident du conseil, Faure Essozimna Gnassingb\u00e9, a eu une s\u00e9ance de travail, le 21 ao\u00fbt dernier \u00e0 Yokohama au Japon, avec le chef de l\u2019Etat de l\u2019Angola, Jo\u00e3o Louren\u00e7o, Pr\u00e9sident en exercice de la Conf\u00e9rence des chefs d\u2019Etat et de gouvernement de l\u2019Union africaine (UA).<\/em><\/strong><\/p>\n\n\n\n<p class=\"wp-block-paragraph\">Les \u00e9changes entre les deux personnalit\u00e9s ont port\u00e9 sur les grandes questions relatives \u00e0 la paix, \u00e0 la s\u00e9curit\u00e9 et au d\u00e9veloppement sur le continent africain, notamment la situation dans la r\u00e9gion des Grands Lacs. Ce dernier point a \u00e9t\u00e9 largement d\u00e9battu par les deux hommes d\u2019Etat.<\/p>\n\n\n\n<figure class=\"wp-block-image size-full\"><img loading=\"lazy\" decoding=\"async\" width=\"851\" height=\"315\" src=\"https:\/\/macite.tg\/wp-content\/uploads\/2025\/08\/OTR_Bandeau-Renseignements.jpg\" alt=\"\" class=\"wp-image-24184\" srcset=\"https:\/\/macite.tg\/wp-content\/uploads\/2025\/08\/OTR_Bandeau-Renseignements.jpg 851w, https:\/\/macite.tg\/wp-content\/uploads\/2025\/08\/OTR_Bandeau-Renseignements-300x111.jpg 300w, https:\/\/macite.tg\/wp-content\/uploads\/2025\/08\/OTR_Bandeau-Renseignements-768x284.jpg 768w\" sizes=\"auto, (max-width: 851px) 100vw, 851px\" \/><\/figure>\n\n\n\n<p class=\"wp-block-paragraph\">Le pr\u00e9sident en exercice de la Conf\u00e9rence des chefs d\u2019Etat et de gouvernement de l\u2019Union africaine (UA) a r\u00e9it\u00e9r\u00e9 son soutien au r\u00f4le du M\u00e9diateur d\u00e9sign\u00e9 de l\u2019UA dans la crise persistante dans l\u2019Est de la R\u00e9publique D\u00e9mocratique du Congo (RDC). La coop\u00e9ration bilat\u00e9rale entre le Togo et l\u2019Angola a fait \u00e9galement objet de discussion entre les deux dirigeants.<\/p>\n\n\n\n<p class=\"wp-block-paragraph\">Apr\u00e8s avoir pass\u00e9 en revue les relations d\u2019amiti\u00e9 et de coop\u00e9ration entre Luanda et Lom\u00e9, Faure Gnassingb\u00e9 et Jo\u00e3o Louren\u00e7o ont exprim\u00e9 leur volont\u00e9 commune de renforcer ces liens bilat\u00e9raux \u00e0 travers des partenariats strat\u00e9giques dans divers domaines d\u2019int\u00e9r\u00eat mutuel.<\/p>\n\n\n\n<p class=\"wp-block-paragraph\">Cette rencontre diplomatique marque une \u00e9tape suppl\u00e9mentaire dans la coordination des efforts africains en faveurs du retour durable de la paix et la qui\u00e9tude de la sous-r\u00e9gion.<\/p>\n\n\n<div class=\"wp-block-image\">\n<figure class=\"aligncenter size-full is-resized\"><img loading=\"lazy\" decoding=\"async\" width=\"500\" height=\"500\" src=\"https:\/\/macite.tg\/wp-content\/uploads\/2025\/08\/OTR_LAISSEZ-PASSER-WEBINAIRE.jpg\" alt=\"\" class=\"wp-image-24419\" style=\"width:562px;height:auto\" srcset=\"https:\/\/macite.tg\/wp-content\/uploads\/2025\/08\/OTR_LAISSEZ-PASSER-WEBINAIRE.jpg 500w, https:\/\/macite.tg\/wp-content\/uploads\/2025\/08\/OTR_LAISSEZ-PASSER-WEBINAIRE-300x300.jpg 300w, https:\/\/macite.tg\/wp-content\/uploads\/2025\/08\/OTR_LAISSEZ-PASSER-WEBINAIRE-150x150.jpg 150w, https:\/\/macite.tg\/wp-content\/uploads\/2025\/08\/OTR_LAISSEZ-PASSER-WEBINAIRE-122x122.jpg 122w\" sizes=\"auto, (max-width: 500px) 100vw, 500px\" \/><\/figure>\n<\/div>\n\n\n<p class=\"wp-block-paragraph\">Rappelons qu\u2019au lendemain de la d\u00e9signation de Faure Gnassingb\u00e9 en qualit\u00e9 de M\u00e9diateur de l\u2019UA, le Pr\u00e9sident du conseil avait effectu\u00e9 sa premi\u00e8re mission diplomatique dans la capitale angolaise dans l\u2019optique d\u2019\u00e9changer avec le leader angolais sur les efforts d\u00e9ploy\u00e9s dans la r\u00e9solution de la crise dans l\u2019Est de la RDC.<\/p>\n\n\n\n<p class=\"wp-block-paragraph\"><strong>JPB<\/strong><\/p>\n\n\n\n<p class=\"wp-block-paragraph\"><a><strong><em>@macite.tg&nbsp;&nbsp;&nbsp;&nbsp;&nbsp;&nbsp;&nbsp;&nbsp;<\/em><\/strong><\/a><\/p>\n\n\n\n<p class=\"wp-block-paragraph\"><strong><em>E-mail&nbsp;: <\/em><\/strong><a href=\"mailto:maciteinfo@gmail.com\"><strong><em>maciteinfo@gmail.com<\/em><\/strong><\/a><strong><em>; <\/em><\/strong><a href=\"mailto:bawela1@gmail.com\"><strong><em>bawela1@gmail.com<\/em><\/strong><\/a><strong><em><\/em><\/strong><\/p>\n\n\n\n<p class=\"wp-block-paragraph\"><strong><em>Pour vos annonces, (publi)reportages, etc., joignez-nous au (00228)91515309\/<strong>79872224 <\/strong><strong><\/strong><\/em><\/strong><\/p>\n\n\n\n<p class=\"wp-block-paragraph\"><strong><em>www.macite.tg, L\u2019information, la bonne&nbsp;!<\/em><\/strong><\/p>\n\n\n\n<p class=\"wp-block-paragraph\"><\/p>\n","protected":false},"excerpt":{"rendered":"<p class=\"text-justify mb-2\" >En marge des travaux de la neuvi\u00e8me Conf\u00e9rence internationale de Tokyo sur le d\u00e9veloppement de l\u2019Afrique (TICAD 9), le Pr\u00e9sident du conseil, Faure Essozimna Gnassingb\u00e9, a eu une s\u00e9ance de travail, le 21 ao\u00fbt dernier \u00e0 Yokohama au Japon, avec le chef de l\u2019Etat de [&hellip;]<\/p>\n","protected":false},"author":2,"featured_media":24433,"comment_status":"open","ping_status":"open","sticky":false,"template":"","format":"standard","meta":{"footnotes":""},"categories":[20,8],"tags":[],"class_list":["post-24432","post","type-post","status-publish","format-standard","has-post-thumbnail","hentry","category-actualite","category-diplomatie"],"yoast_head":"<!-- This site is optimized with the Yoast SEO plugin v28.4 - https:\/\/yoast.com\/product\/yoast-seo-wordpress\/ -->\n<title>A YOKOHAMA\u00a0: Le Pr\u00e9sident du Conseil a \u00e9chang\u00e9 avec le Pr\u00e9sident en exercice de l\u2019UA -<\/title>\n<meta name=\"robots\" content=\"index, follow, max-snippet:-1, max-image-preview:large, max-video-preview:-1\" \/>\n<link rel=\"canonical\" href=\"https:\/\/macite.tg\/?p=24432\" \/>\n<meta property=\"og:locale\" content=\"fr_FR\" \/>\n<meta property=\"og:type\" content=\"article\" \/>\n<meta property=\"og:title\" content=\"A YOKOHAMA\u00a0: Le Pr\u00e9sident du Conseil a \u00e9chang\u00e9 avec le Pr\u00e9sident en exercice de l\u2019UA -\" \/>\n<meta property=\"og:description\" content=\"En marge des travaux de la neuvi\u00e8me Conf\u00e9rence internationale de Tokyo sur le d\u00e9veloppement de l\u2019Afrique (TICAD 9), le Pr\u00e9sident du conseil, Faure Essozimna Gnassingb\u00e9, a eu une s\u00e9ance de travail, le 21 ao\u00fbt dernier \u00e0 Yokohama au Japon, avec le chef de l\u2019Etat de [&hellip;]\" \/>\n<meta property=\"og:url\" content=\"https:\/\/macite.tg\/?p=24432\" \/>\n<meta property=\"article:published_time\" content=\"2025-08-25T14:00:17+00:00\" \/>\n<meta property=\"article:modified_time\" content=\"2025-08-25T14:00:21+00:00\" \/>\n<meta property=\"og:image\" content=\"https:\/\/macite.tg\/wp-content\/uploads\/2025\/08\/Pdt-UA-et-FEG.jpg\" \/>\n\t<meta property=\"og:image:width\" content=\"500\" \/>\n\t<meta property=\"og:image:height\" content=\"367\" \/>\n\t<meta property=\"og:image:type\" content=\"image\/jpeg\" \/>\n<meta name=\"author\" content=\"Jean Pierre BAWELA\" \/>\n<meta name=\"twitter:card\" content=\"summary_large_image\" \/>\n<meta name=\"twitter:label1\" content=\"\u00c9crit par\" \/>\n\t<meta name=\"twitter:data1\" content=\"Jean Pierre BAWELA\" \/>\n\t<meta name=\"twitter:label2\" content=\"Dur\u00e9e de lecture estim\u00e9e\" \/>\n\t<meta name=\"twitter:data2\" content=\"3 minutes\" \/>\n<script type=\"application\/ld+json\" class=\"yoast-schema-graph\">{\"@context\":\"https:\\\/\\\/schema.org\",\"@graph\":[{\"@type\":\"Article\",\"@id\":\"https:\\\/\\\/macite.tg\\\/?p=24432#article\",\"isPartOf\":{\"@id\":\"https:\\\/\\\/macite.tg\\\/?p=24432\"},\"author\":{\"name\":\"Jean Pierre BAWELA\",\"@id\":\"https:\\\/\\\/macite.tg\\\/#\\\/schema\\\/person\\\/e9f2de7e5dbbe7770a9402c7ce82f5c2\"},\"headline\":\"A YOKOHAMA\u00a0: Le Pr\u00e9sident du Conseil a \u00e9chang\u00e9 avec le Pr\u00e9sident en exercice de l\u2019UA\",\"datePublished\":\"2025-08-25T14:00:17+00:00\",\"dateModified\":\"2025-08-25T14:00:21+00:00\",\"mainEntityOfPage\":{\"@id\":\"https:\\\/\\\/macite.tg\\\/?p=24432\"},\"wordCount\":397,\"commentCount\":0,\"image\":{\"@id\":\"https:\\\/\\\/macite.tg\\\/?p=24432#primaryimage\"},\"thumbnailUrl\":\"https:\\\/\\\/macite.tg\\\/wp-content\\\/uploads\\\/2025\\\/08\\\/Pdt-UA-et-FEG.jpg\",\"articleSection\":[\"ACTUALITE\",\"DIPLOMATIE\"],\"inLanguage\":\"fr-FR\",\"potentialAction\":[{\"@type\":\"CommentAction\",\"name\":\"Comment\",\"target\":[\"https:\\\/\\\/macite.tg\\\/?p=24432#respond\"]}]},{\"@type\":\"WebPage\",\"@id\":\"https:\\\/\\\/macite.tg\\\/?p=24432\",\"url\":\"https:\\\/\\\/macite.tg\\\/?p=24432\",\"name\":\"A YOKOHAMA\u00a0: Le Pr\u00e9sident du Conseil a \u00e9chang\u00e9 avec le Pr\u00e9sident en exercice de l\u2019UA -\",\"isPartOf\":{\"@id\":\"https:\\\/\\\/macite.tg\\\/#website\"},\"primaryImageOfPage\":{\"@id\":\"https:\\\/\\\/macite.tg\\\/?p=24432#primaryimage\"},\"image\":{\"@id\":\"https:\\\/\\\/macite.tg\\\/?p=24432#primaryimage\"},\"thumbnailUrl\":\"https:\\\/\\\/macite.tg\\\/wp-content\\\/uploads\\\/2025\\\/08\\\/Pdt-UA-et-FEG.jpg\",\"datePublished\":\"2025-08-25T14:00:17+00:00\",\"dateModified\":\"2025-08-25T14:00:21+00:00\",\"author\":{\"@id\":\"https:\\\/\\\/macite.tg\\\/#\\\/schema\\\/person\\\/e9f2de7e5dbbe7770a9402c7ce82f5c2\"},\"breadcrumb\":{\"@id\":\"https:\\\/\\\/macite.tg\\\/?p=24432#breadcrumb\"},\"inLanguage\":\"fr-FR\",\"potentialAction\":[{\"@type\":\"ReadAction\",\"target\":[\"https:\\\/\\\/macite.tg\\\/?p=24432\"]}]},{\"@type\":\"ImageObject\",\"inLanguage\":\"fr-FR\",\"@id\":\"https:\\\/\\\/macite.tg\\\/?p=24432#primaryimage\",\"url\":\"https:\\\/\\\/macite.tg\\\/wp-content\\\/uploads\\\/2025\\\/08\\\/Pdt-UA-et-FEG.jpg\",\"contentUrl\":\"https:\\\/\\\/macite.tg\\\/wp-content\\\/uploads\\\/2025\\\/08\\\/Pdt-UA-et-FEG.jpg\",\"width\":500,\"height\":367,\"caption\":\"T\u00eate-\u00e0-t\u00eate entre les pr\u00e9sidents Faure Gnassingb\u00e9 et A YOKOHAMA\u00a0: Le Pr\u00e9sident du Conseil a \u00e9chang\u00e9 avec le Pr\u00e9sident en exercice de l\u2019UA\"},{\"@type\":\"BreadcrumbList\",\"@id\":\"https:\\\/\\\/macite.tg\\\/?p=24432#breadcrumb\",\"itemListElement\":[{\"@type\":\"ListItem\",\"position\":1,\"name\":\"Accueil\",\"item\":\"https:\\\/\\\/macite.tg\\\/\"},{\"@type\":\"ListItem\",\"position\":2,\"name\":\"A YOKOHAMA\u00a0: Le Pr\u00e9sident du Conseil a \u00e9chang\u00e9 avec le Pr\u00e9sident en exercice de l\u2019UA\"}]},{\"@type\":\"WebSite\",\"@id\":\"https:\\\/\\\/macite.tg\\\/#website\",\"url\":\"https:\\\/\\\/macite.tg\\\/\",\"name\":\"\",\"description\":\"L&#039;information, la bonne!!!\",\"potentialAction\":[{\"@type\":\"SearchAction\",\"target\":{\"@type\":\"EntryPoint\",\"urlTemplate\":\"https:\\\/\\\/macite.tg\\\/?s={search_term_string}\"},\"query-input\":{\"@type\":\"PropertyValueSpecification\",\"valueRequired\":true,\"valueName\":\"search_term_string\"}}],\"inLanguage\":\"fr-FR\"},{\"@type\":\"Person\",\"@id\":\"https:\\\/\\\/macite.tg\\\/#\\\/schema\\\/person\\\/e9f2de7e5dbbe7770a9402c7ce82f5c2\",\"name\":\"Jean Pierre BAWELA\",\"image\":{\"@type\":\"ImageObject\",\"inLanguage\":\"fr-FR\",\"@id\":\"https:\\\/\\\/macite.tg\\\/wp-content\\\/uploads\\\/2023\\\/09\\\/WhatsApp-Image-2023-09-19-at-14.44.41-122x122.jpeg\",\"url\":\"https:\\\/\\\/macite.tg\\\/wp-content\\\/uploads\\\/2023\\\/09\\\/WhatsApp-Image-2023-09-19-at-14.44.41-122x122.jpeg\",\"contentUrl\":\"https:\\\/\\\/macite.tg\\\/wp-content\\\/uploads\\\/2023\\\/09\\\/WhatsApp-Image-2023-09-19-at-14.44.41-122x122.jpeg\",\"caption\":\"Jean Pierre BAWELA\"},\"url\":\"https:\\\/\\\/macite.tg\\\/?author=2\"}]}<\/script>\n<!-- \/ Yoast SEO plugin. -->","yoast_head_json":{"title":"A YOKOHAMA\u00a0: Le Pr\u00e9sident du Conseil a \u00e9chang\u00e9 avec le Pr\u00e9sident en exercice de l\u2019UA -","robots":{"index":"index","follow":"follow","max-snippet":"max-snippet:-1","max-image-preview":"max-image-preview:large","max-video-preview":"max-video-preview:-1"},"canonical":"https:\/\/macite.tg\/?p=24432","og_locale":"fr_FR","og_type":"article","og_title":"A YOKOHAMA\u00a0: Le Pr\u00e9sident du Conseil a \u00e9chang\u00e9 avec le Pr\u00e9sident en exercice de l\u2019UA -","og_description":"En marge des travaux de la neuvi\u00e8me Conf\u00e9rence internationale de Tokyo sur le d\u00e9veloppement de l\u2019Afrique (TICAD 9), le Pr\u00e9sident du conseil, Faure Essozimna Gnassingb\u00e9, a eu une s\u00e9ance de travail, le 21 ao\u00fbt dernier \u00e0 Yokohama au Japon, avec le chef de l\u2019Etat de [&hellip;]","og_url":"https:\/\/macite.tg\/?p=24432","article_published_time":"2025-08-25T14:00:17+00:00","article_modified_time":"2025-08-25T14:00:21+00:00","og_image":[{"width":500,"height":367,"url":"https:\/\/macite.tg\/wp-content\/uploads\/2025\/08\/Pdt-UA-et-FEG.jpg","type":"image\/jpeg"}],"author":"Jean Pierre BAWELA","twitter_card":"summary_large_image","twitter_misc":{"\u00c9crit par":"Jean Pierre BAWELA","Dur\u00e9e de lecture estim\u00e9e":"3 minutes"},"schema":{"@context":"https:\/\/schema.org","@graph":[{"@type":"Article","@id":"https:\/\/macite.tg\/?p=24432#article","isPartOf":{"@id":"https:\/\/macite.tg\/?p=24432"},"author":{"name":"Jean Pierre BAWELA","@id":"https:\/\/macite.tg\/#\/schema\/person\/e9f2de7e5dbbe7770a9402c7ce82f5c2"},"headline":"A YOKOHAMA\u00a0: Le Pr\u00e9sident du Conseil a \u00e9chang\u00e9 avec le Pr\u00e9sident en exercice de l\u2019UA","datePublished":"2025-08-25T14:00:17+00:00","dateModified":"2025-08-25T14:00:21+00:00","mainEntityOfPage":{"@id":"https:\/\/macite.tg\/?p=24432"},"wordCount":397,"commentCount":0,"image":{"@id":"https:\/\/macite.tg\/?p=24432#primaryimage"},"thumbnailUrl":"https:\/\/macite.tg\/wp-content\/uploads\/2025\/08\/Pdt-UA-et-FEG.jpg","articleSection":["ACTUALITE","DIPLOMATIE"],"inLanguage":"fr-FR","potentialAction":[{"@type":"CommentAction","name":"Comment","target":["https:\/\/macite.tg\/?p=24432#respond"]}]},{"@type":"WebPage","@id":"https:\/\/macite.tg\/?p=24432","url":"https:\/\/macite.tg\/?p=24432","name":"A YOKOHAMA\u00a0: Le Pr\u00e9sident du Conseil a \u00e9chang\u00e9 avec le Pr\u00e9sident en exercice de l\u2019UA -","isPartOf":{"@id":"https:\/\/macite.tg\/#website"},"primaryImageOfPage":{"@id":"https:\/\/macite.tg\/?p=24432#primaryimage"},"image":{"@id":"https:\/\/macite.tg\/?p=24432#primaryimage"},"thumbnailUrl":"https:\/\/macite.tg\/wp-content\/uploads\/2025\/08\/Pdt-UA-et-FEG.jpg","datePublished":"2025-08-25T14:00:17+00:00","dateModified":"2025-08-25T14:00:21+00:00","author":{"@id":"https:\/\/macite.tg\/#\/schema\/person\/e9f2de7e5dbbe7770a9402c7ce82f5c2"},"breadcrumb":{"@id":"https:\/\/macite.tg\/?p=24432#breadcrumb"},"inLanguage":"fr-FR","potentialAction":[{"@type":"ReadAction","target":["https:\/\/macite.tg\/?p=24432"]}]},{"@type":"ImageObject","inLanguage":"fr-FR","@id":"https:\/\/macite.tg\/?p=24432#primaryimage","url":"https:\/\/macite.tg\/wp-content\/uploads\/2025\/08\/Pdt-UA-et-FEG.jpg","contentUrl":"https:\/\/macite.tg\/wp-content\/uploads\/2025\/08\/Pdt-UA-et-FEG.jpg","width":500,"height":367,"caption":"T\u00eate-\u00e0-t\u00eate entre les pr\u00e9sidents Faure Gnassingb\u00e9 et A YOKOHAMA\u00a0: Le Pr\u00e9sident du Conseil a \u00e9chang\u00e9 avec le Pr\u00e9sident en exercice de l\u2019UA"},{"@type":"BreadcrumbList","@id":"https:\/\/macite.tg\/?p=24432#breadcrumb","itemListElement":[{"@type":"ListItem","position":1,"name":"Accueil","item":"https:\/\/macite.tg\/"},{"@type":"ListItem","position":2,"name":"A YOKOHAMA\u00a0: Le Pr\u00e9sident du Conseil a \u00e9chang\u00e9 avec le Pr\u00e9sident en exercice de l\u2019UA"}]},{"@type":"WebSite","@id":"https:\/\/macite.tg\/#website","url":"https:\/\/macite.tg\/","name":"","description":"L&#039;information, la bonne!!!","potentialAction":[{"@type":"SearchAction","target":{"@type":"EntryPoint","urlTemplate":"https:\/\/macite.tg\/?s={search_term_string}"},"query-input":{"@type":"PropertyValueSpecification","valueRequired":true,"valueName":"search_term_string"}}],"inLanguage":"fr-FR"},{"@type":"Person","@id":"https:\/\/macite.tg\/#\/schema\/person\/e9f2de7e5dbbe7770a9402c7ce82f5c2","name":"Jean Pierre BAWELA","image":{"@type":"ImageObject","inLanguage":"fr-FR","@id":"https:\/\/macite.tg\/wp-content\/uploads\/2023\/09\/WhatsApp-Image-2023-09-19-at-14.44.41-122x122.jpeg","url":"https:\/\/macite.tg\/wp-content\/uploads\/2023\/09\/WhatsApp-Image-2023-09-19-at-14.44.41-122x122.jpeg","contentUrl":"https:\/\/macite.tg\/wp-content\/uploads\/2023\/09\/WhatsApp-Image-2023-09-19-at-14.44.41-122x122.jpeg","caption":"Jean Pierre BAWELA"},"url":"https:\/\/macite.tg\/?author=2"}]}},"_links":{"self":[{"href":"https:\/\/macite.tg\/index.php?rest_route=\/wp\/v2\/posts\/24432","targetHints":{"allow":["GET"]}}],"collection":[{"href":"https:\/\/macite.tg\/index.php?rest_route=\/wp\/v2\/posts"}],"about":[{"href":"https:\/\/macite.tg\/index.php?rest_route=\/wp\/v2\/types\/post"}],"author":[{"embeddable":true,"href":"https:\/\/macite.tg\/index.php?rest_route=\/wp\/v2\/users\/2"}],"replies":[{"embeddable":true,"href":"https:\/\/macite.tg\/index.php?rest_route=%2Fwp%2Fv2%2Fcomments&post=24432"}],"version-history":[{"count":0,"href":"https:\/\/macite.tg\/index.php?rest_route=\/wp\/v2\/posts\/24432\/revisions"}],"wp:featuredmedia":[{"embeddable":true,"href":"https:\/\/macite.tg\/index.php?rest_route=\/wp\/v2\/media\/24433"}],"wp:attachment":[{"href":"https:\/\/macite.tg\/index.php?rest_route=%2Fwp%2Fv2%2Fmedia&parent=24432"}],"wp:term":[{"taxonomy":"category","embeddable":true,"href":"https:\/\/macite.tg\/index.php?rest_route=%2Fwp%2Fv2%2Fcategories&post=24432"},{"taxonomy":"post_tag","embeddable":true,"href":"https:\/\/macite.tg\/index.php?rest_route=%2Fwp%2Fv2%2Ftags&post=24432"}],"curies":[{"name":"wp","href":"https:\/\/api.w.org\/{rel}","templated":true}]}}