{"id":2443,"date":"2022-12-10T17:38:24","date_gmt":"2022-12-10T17:38:24","guid":{"rendered":"https:\/\/macite.info\/?p=2443"},"modified":"2022-12-10T17:44:07","modified_gmt":"2022-12-10T17:44:07","slug":"mondial-2022-demi-finale-lafrique-non-le-maghreb-est-encore-en-course-au-qatar","status":"publish","type":"post","link":"https:\/\/macite.tg\/?p=2443","title":{"rendered":"Mondial 2022\/DEMI-FINALE\u00a0: L\u2019Afrique, non le Maghreb, est encore en course au Qatar"},"content":{"rendered":"\n<p class=\"wp-block-paragraph\"><\/p>\n\n\n\n<p class=\"wp-block-paragraph\"><strong><em>Le mondial FIFA Qatar 2020 est \u00e0 l\u2019\u00e9tape des demi-finales. Le Portugal vient de passer \u00e0 la tape&nbsp;; la faute \u00e0 un Maroc beaucoup plus entreprenant et plus r\u00e9aliste devant les buts&nbsp;: 0-1.<\/em><\/strong><\/p>\n\n\n\n<p class=\"wp-block-paragraph\">Apr\u00e8s l\u2019\u00e9limination de la Selecao par la modeste \u00e9quipe de Croatie (1-1, 4-2 tab), des Pays-Bas par l\u2019Albiseleste (2-2, 1-3), c\u2019est le tour du Portugal de quitter la coupe du monde 2022 par la petite porte sans connaitre la prolongation. Cristiano Ronaldo (d\u00e9but\u00e9 sur le banc) et compagnie ont \u00e9t\u00e9 domin\u00e9s par des Lions de l\u2019Atlas conqu\u00e9rants et d\u00e9termin\u00e9s \u00e0 conserver leur avance acquise d\u00e8s la premi\u00e8re partie.<\/p>\n\n\n<div class=\"wp-block-image\">\n<figure class=\"aligncenter size-full is-resized\"><img loading=\"lazy\" decoding=\"async\" src=\"https:\/\/macite.tg\/wp-content\/uploads\/2022\/12\/image-7.png\" alt=\"\" class=\"wp-image-2429\" width=\"812\" height=\"337\" srcset=\"https:\/\/macite.tg\/wp-content\/uploads\/2022\/12\/image-7.png 1024w, https:\/\/macite.tg\/wp-content\/uploads\/2022\/12\/image-7-300x125.png 300w, https:\/\/macite.tg\/wp-content\/uploads\/2022\/12\/image-7-768x320.png 768w\" sizes=\"auto, (max-width: 812px) 100vw, 812px\" \/><\/figure>\n<\/div>\n\n\n<p class=\"wp-block-paragraph\">Le but marocain est intervenu \u00e0 la 42\u00e8 minute, un \u0153uvre de Youssef En-Nesry. Cet avantage arrach\u00e9 peu avant la pause sera conserv\u00e9 tout au long de la seconde partie gr\u00e2ce \u00e0 la combativit\u00e9 des Lions de l\u2019Atlas, derniers lions \u00e0 survivre dans cette comp\u00e9tition des fauves.<\/p>\n\n\n\n<p class=\"wp-block-paragraph\">Le carton rouge en fin de rencontre (91\u00e8 minute) ne changera rien \u00e0 la physionomie de la rencontre, pratiquement, \u00e0 sens unique.<\/p>\n\n\n\n<p class=\"wp-block-paragraph\">L\u2019Afrique est encore pr\u00e9sente, pour une premi\u00e8re fois dans cette comp\u00e9tition, \u00e0 l\u2019\u00e9tape des demi-finales\u2026 et vive le football maghr\u00e9bin qui fais honneur au continent africain apr\u00e8s que les Lions de la Teranga, champion d\u2019Afrique en titre, et les Lions Indomptables aient laiss\u00e9 des plumes dans cette coupe du monde.<\/p>\n\n\n\n<p class=\"wp-block-paragraph\"><strong>JPB<\/strong><\/p>\n\n\n\n<p class=\"wp-block-paragraph\"><strong><em>@macite.info<\/em><\/strong><\/p>\n\n\n\n<p class=\"wp-block-paragraph\"><strong><em>E-mail&nbsp;: <\/em><\/strong><a href=\"mailto:maciteinfo@gmail.com\"><strong><em>maciteinfo@gmail.com<\/em><\/strong><\/a><strong><em>; <\/em><\/strong><a href=\"mailto:bawela1@gmail.com\"><strong><em>bawela1@gmail.com<\/em><\/strong><\/a><strong><em><\/em><\/strong><\/p>\n\n\n\n<p class=\"wp-block-paragraph\"><strong><em>Pour vos annonces, (publi)reportages, etc., joignez nous au (00228) 91515309\/<strong>79872224<\/strong><\/em><\/strong><em><\/em><\/p>\n\n\n\n<p class=\"wp-block-paragraph\"><a href=\"http:\/\/www.macite.info\"><strong><em>www.macite.info<\/em><\/strong><\/a><strong><em>, L\u2019information, la bonne&nbsp;!<\/em><\/strong><\/p>\n","protected":false},"excerpt":{"rendered":"<p class=\"text-justify mb-2\" >Le mondial FIFA Qatar 2020 est \u00e0 l\u2019\u00e9tape des demi-finales. Le Portugal vient de passer \u00e0 la tape&nbsp;; la faute \u00e0 un Maroc beaucoup plus entreprenant et plus r\u00e9aliste devant les buts&nbsp;: 0-1. Apr\u00e8s l\u2019\u00e9limination de la Selecao par la modeste \u00e9quipe de Croatie (1-1, [&hellip;]<\/p>\n","protected":false},"author":2,"featured_media":2448,"comment_status":"open","ping_status":"open","sticky":false,"template":"","format":"standard","meta":{"footnotes":""},"categories":[7],"tags":[],"class_list":["post-2443","post","type-post","status-publish","format-standard","has-post-thumbnail","hentry","category-sports"],"yoast_head":"<!-- This site is optimized with the Yoast SEO plugin v28.4 - https:\/\/yoast.com\/product\/yoast-seo-wordpress\/ -->\n<title>Mondial 2022\/DEMI-FINALE\u00a0: L\u2019Afrique, non le Maghreb, est encore en course au Qatar -<\/title>\n<meta name=\"robots\" content=\"index, follow, max-snippet:-1, max-image-preview:large, max-video-preview:-1\" \/>\n<link rel=\"canonical\" href=\"https:\/\/macite.tg\/?p=2443\" \/>\n<meta property=\"og:locale\" content=\"fr_FR\" \/>\n<meta property=\"og:type\" content=\"article\" \/>\n<meta property=\"og:title\" content=\"Mondial 2022\/DEMI-FINALE\u00a0: L\u2019Afrique, non le Maghreb, est encore en course au Qatar -\" \/>\n<meta property=\"og:description\" content=\"Le mondial FIFA Qatar 2020 est \u00e0 l\u2019\u00e9tape des demi-finales. Le Portugal vient de passer \u00e0 la tape&nbsp;; la faute \u00e0 un Maroc beaucoup plus entreprenant et plus r\u00e9aliste devant les buts&nbsp;: 0-1. Apr\u00e8s l\u2019\u00e9limination de la Selecao par la modeste \u00e9quipe de Croatie (1-1, [&hellip;]\" \/>\n<meta property=\"og:url\" content=\"https:\/\/macite.tg\/?p=2443\" \/>\n<meta property=\"article:published_time\" content=\"2022-12-10T17:38:24+00:00\" \/>\n<meta property=\"article:modified_time\" content=\"2022-12-10T17:44:07+00:00\" \/>\n<meta property=\"og:image\" content=\"https:\/\/macite.tg\/wp-content\/uploads\/2022\/12\/Maroc-1.jpg\" \/>\n\t<meta property=\"og:image:width\" content=\"275\" \/>\n\t<meta property=\"og:image:height\" content=\"183\" \/>\n\t<meta property=\"og:image:type\" content=\"image\/jpeg\" \/>\n<meta name=\"author\" content=\"Jean Pierre BAWELA\" \/>\n<meta name=\"twitter:card\" content=\"summary_large_image\" \/>\n<meta name=\"twitter:label1\" content=\"\u00c9crit par\" \/>\n\t<meta name=\"twitter:data1\" content=\"Jean Pierre BAWELA\" \/>\n\t<meta name=\"twitter:label2\" content=\"Dur\u00e9e de lecture estim\u00e9e\" \/>\n\t<meta name=\"twitter:data2\" content=\"2 minutes\" \/>\n<script type=\"application\/ld+json\" class=\"yoast-schema-graph\">{\"@context\":\"https:\\\/\\\/schema.org\",\"@graph\":[{\"@type\":\"Article\",\"@id\":\"https:\\\/\\\/macite.tg\\\/?p=2443#article\",\"isPartOf\":{\"@id\":\"https:\\\/\\\/macite.tg\\\/?p=2443\"},\"author\":{\"name\":\"Jean Pierre BAWELA\",\"@id\":\"https:\\\/\\\/macite.tg\\\/#\\\/schema\\\/person\\\/e9f2de7e5dbbe7770a9402c7ce82f5c2\"},\"headline\":\"Mondial 2022\\\/DEMI-FINALE\u00a0: L\u2019Afrique, non le Maghreb, est encore en course au Qatar\",\"datePublished\":\"2022-12-10T17:38:24+00:00\",\"dateModified\":\"2022-12-10T17:44:07+00:00\",\"mainEntityOfPage\":{\"@id\":\"https:\\\/\\\/macite.tg\\\/?p=2443\"},\"wordCount\":274,\"commentCount\":0,\"image\":{\"@id\":\"https:\\\/\\\/macite.tg\\\/?p=2443#primaryimage\"},\"thumbnailUrl\":\"https:\\\/\\\/macite.tg\\\/wp-content\\\/uploads\\\/2022\\\/12\\\/Maroc-1.jpg\",\"articleSection\":[\"SPORTS\"],\"inLanguage\":\"fr-FR\",\"potentialAction\":[{\"@type\":\"CommentAction\",\"name\":\"Comment\",\"target\":[\"https:\\\/\\\/macite.tg\\\/?p=2443#respond\"]}]},{\"@type\":\"WebPage\",\"@id\":\"https:\\\/\\\/macite.tg\\\/?p=2443\",\"url\":\"https:\\\/\\\/macite.tg\\\/?p=2443\",\"name\":\"Mondial 2022\\\/DEMI-FINALE\u00a0: L\u2019Afrique, non le Maghreb, est encore en course au Qatar -\",\"isPartOf\":{\"@id\":\"https:\\\/\\\/macite.tg\\\/#website\"},\"primaryImageOfPage\":{\"@id\":\"https:\\\/\\\/macite.tg\\\/?p=2443#primaryimage\"},\"image\":{\"@id\":\"https:\\\/\\\/macite.tg\\\/?p=2443#primaryimage\"},\"thumbnailUrl\":\"https:\\\/\\\/macite.tg\\\/wp-content\\\/uploads\\\/2022\\\/12\\\/Maroc-1.jpg\",\"datePublished\":\"2022-12-10T17:38:24+00:00\",\"dateModified\":\"2022-12-10T17:44:07+00:00\",\"author\":{\"@id\":\"https:\\\/\\\/macite.tg\\\/#\\\/schema\\\/person\\\/e9f2de7e5dbbe7770a9402c7ce82f5c2\"},\"breadcrumb\":{\"@id\":\"https:\\\/\\\/macite.tg\\\/?p=2443#breadcrumb\"},\"inLanguage\":\"fr-FR\",\"potentialAction\":[{\"@type\":\"ReadAction\",\"target\":[\"https:\\\/\\\/macite.tg\\\/?p=2443\"]}]},{\"@type\":\"ImageObject\",\"inLanguage\":\"fr-FR\",\"@id\":\"https:\\\/\\\/macite.tg\\\/?p=2443#primaryimage\",\"url\":\"https:\\\/\\\/macite.tg\\\/wp-content\\\/uploads\\\/2022\\\/12\\\/Maroc-1.jpg\",\"contentUrl\":\"https:\\\/\\\/macite.tg\\\/wp-content\\\/uploads\\\/2022\\\/12\\\/Maroc-1.jpg\",\"width\":275,\"height\":183},{\"@type\":\"BreadcrumbList\",\"@id\":\"https:\\\/\\\/macite.tg\\\/?p=2443#breadcrumb\",\"itemListElement\":[{\"@type\":\"ListItem\",\"position\":1,\"name\":\"Accueil\",\"item\":\"https:\\\/\\\/macite.tg\\\/\"},{\"@type\":\"ListItem\",\"position\":2,\"name\":\"Mondial 2022\\\/DEMI-FINALE\u00a0: L\u2019Afrique, non le Maghreb, est encore en course au Qatar\"}]},{\"@type\":\"WebSite\",\"@id\":\"https:\\\/\\\/macite.tg\\\/#website\",\"url\":\"https:\\\/\\\/macite.tg\\\/\",\"name\":\"\",\"description\":\"L&#039;information, la bonne!!!\",\"potentialAction\":[{\"@type\":\"SearchAction\",\"target\":{\"@type\":\"EntryPoint\",\"urlTemplate\":\"https:\\\/\\\/macite.tg\\\/?s={search_term_string}\"},\"query-input\":{\"@type\":\"PropertyValueSpecification\",\"valueRequired\":true,\"valueName\":\"search_term_string\"}}],\"inLanguage\":\"fr-FR\"},{\"@type\":\"Person\",\"@id\":\"https:\\\/\\\/macite.tg\\\/#\\\/schema\\\/person\\\/e9f2de7e5dbbe7770a9402c7ce82f5c2\",\"name\":\"Jean Pierre BAWELA\",\"image\":{\"@type\":\"ImageObject\",\"inLanguage\":\"fr-FR\",\"@id\":\"https:\\\/\\\/macite.tg\\\/wp-content\\\/uploads\\\/2023\\\/09\\\/WhatsApp-Image-2023-09-19-at-14.44.41-122x122.jpeg\",\"url\":\"https:\\\/\\\/macite.tg\\\/wp-content\\\/uploads\\\/2023\\\/09\\\/WhatsApp-Image-2023-09-19-at-14.44.41-122x122.jpeg\",\"contentUrl\":\"https:\\\/\\\/macite.tg\\\/wp-content\\\/uploads\\\/2023\\\/09\\\/WhatsApp-Image-2023-09-19-at-14.44.41-122x122.jpeg\",\"caption\":\"Jean Pierre BAWELA\"},\"url\":\"https:\\\/\\\/macite.tg\\\/?author=2\"}]}<\/script>\n<!-- \/ Yoast SEO plugin. -->","yoast_head_json":{"title":"Mondial 2022\/DEMI-FINALE\u00a0: L\u2019Afrique, non le Maghreb, est encore en course au Qatar -","robots":{"index":"index","follow":"follow","max-snippet":"max-snippet:-1","max-image-preview":"max-image-preview:large","max-video-preview":"max-video-preview:-1"},"canonical":"https:\/\/macite.tg\/?p=2443","og_locale":"fr_FR","og_type":"article","og_title":"Mondial 2022\/DEMI-FINALE\u00a0: L\u2019Afrique, non le Maghreb, est encore en course au Qatar -","og_description":"Le mondial FIFA Qatar 2020 est \u00e0 l\u2019\u00e9tape des demi-finales. Le Portugal vient de passer \u00e0 la tape&nbsp;; la faute \u00e0 un Maroc beaucoup plus entreprenant et plus r\u00e9aliste devant les buts&nbsp;: 0-1. Apr\u00e8s l\u2019\u00e9limination de la Selecao par la modeste \u00e9quipe de Croatie (1-1, [&hellip;]","og_url":"https:\/\/macite.tg\/?p=2443","article_published_time":"2022-12-10T17:38:24+00:00","article_modified_time":"2022-12-10T17:44:07+00:00","og_image":[{"width":275,"height":183,"url":"https:\/\/macite.tg\/wp-content\/uploads\/2022\/12\/Maroc-1.jpg","type":"image\/jpeg"}],"author":"Jean Pierre BAWELA","twitter_card":"summary_large_image","twitter_misc":{"\u00c9crit par":"Jean Pierre BAWELA","Dur\u00e9e de lecture estim\u00e9e":"2 minutes"},"schema":{"@context":"https:\/\/schema.org","@graph":[{"@type":"Article","@id":"https:\/\/macite.tg\/?p=2443#article","isPartOf":{"@id":"https:\/\/macite.tg\/?p=2443"},"author":{"name":"Jean Pierre BAWELA","@id":"https:\/\/macite.tg\/#\/schema\/person\/e9f2de7e5dbbe7770a9402c7ce82f5c2"},"headline":"Mondial 2022\/DEMI-FINALE\u00a0: L\u2019Afrique, non le Maghreb, est encore en course au Qatar","datePublished":"2022-12-10T17:38:24+00:00","dateModified":"2022-12-10T17:44:07+00:00","mainEntityOfPage":{"@id":"https:\/\/macite.tg\/?p=2443"},"wordCount":274,"commentCount":0,"image":{"@id":"https:\/\/macite.tg\/?p=2443#primaryimage"},"thumbnailUrl":"https:\/\/macite.tg\/wp-content\/uploads\/2022\/12\/Maroc-1.jpg","articleSection":["SPORTS"],"inLanguage":"fr-FR","potentialAction":[{"@type":"CommentAction","name":"Comment","target":["https:\/\/macite.tg\/?p=2443#respond"]}]},{"@type":"WebPage","@id":"https:\/\/macite.tg\/?p=2443","url":"https:\/\/macite.tg\/?p=2443","name":"Mondial 2022\/DEMI-FINALE\u00a0: L\u2019Afrique, non le Maghreb, est encore en course au Qatar -","isPartOf":{"@id":"https:\/\/macite.tg\/#website"},"primaryImageOfPage":{"@id":"https:\/\/macite.tg\/?p=2443#primaryimage"},"image":{"@id":"https:\/\/macite.tg\/?p=2443#primaryimage"},"thumbnailUrl":"https:\/\/macite.tg\/wp-content\/uploads\/2022\/12\/Maroc-1.jpg","datePublished":"2022-12-10T17:38:24+00:00","dateModified":"2022-12-10T17:44:07+00:00","author":{"@id":"https:\/\/macite.tg\/#\/schema\/person\/e9f2de7e5dbbe7770a9402c7ce82f5c2"},"breadcrumb":{"@id":"https:\/\/macite.tg\/?p=2443#breadcrumb"},"inLanguage":"fr-FR","potentialAction":[{"@type":"ReadAction","target":["https:\/\/macite.tg\/?p=2443"]}]},{"@type":"ImageObject","inLanguage":"fr-FR","@id":"https:\/\/macite.tg\/?p=2443#primaryimage","url":"https:\/\/macite.tg\/wp-content\/uploads\/2022\/12\/Maroc-1.jpg","contentUrl":"https:\/\/macite.tg\/wp-content\/uploads\/2022\/12\/Maroc-1.jpg","width":275,"height":183},{"@type":"BreadcrumbList","@id":"https:\/\/macite.tg\/?p=2443#breadcrumb","itemListElement":[{"@type":"ListItem","position":1,"name":"Accueil","item":"https:\/\/macite.tg\/"},{"@type":"ListItem","position":2,"name":"Mondial 2022\/DEMI-FINALE\u00a0: L\u2019Afrique, non le Maghreb, est encore en course au Qatar"}]},{"@type":"WebSite","@id":"https:\/\/macite.tg\/#website","url":"https:\/\/macite.tg\/","name":"","description":"L&#039;information, la bonne!!!","potentialAction":[{"@type":"SearchAction","target":{"@type":"EntryPoint","urlTemplate":"https:\/\/macite.tg\/?s={search_term_string}"},"query-input":{"@type":"PropertyValueSpecification","valueRequired":true,"valueName":"search_term_string"}}],"inLanguage":"fr-FR"},{"@type":"Person","@id":"https:\/\/macite.tg\/#\/schema\/person\/e9f2de7e5dbbe7770a9402c7ce82f5c2","name":"Jean Pierre BAWELA","image":{"@type":"ImageObject","inLanguage":"fr-FR","@id":"https:\/\/macite.tg\/wp-content\/uploads\/2023\/09\/WhatsApp-Image-2023-09-19-at-14.44.41-122x122.jpeg","url":"https:\/\/macite.tg\/wp-content\/uploads\/2023\/09\/WhatsApp-Image-2023-09-19-at-14.44.41-122x122.jpeg","contentUrl":"https:\/\/macite.tg\/wp-content\/uploads\/2023\/09\/WhatsApp-Image-2023-09-19-at-14.44.41-122x122.jpeg","caption":"Jean Pierre BAWELA"},"url":"https:\/\/macite.tg\/?author=2"}]}},"_links":{"self":[{"href":"https:\/\/macite.tg\/index.php?rest_route=\/wp\/v2\/posts\/2443","targetHints":{"allow":["GET"]}}],"collection":[{"href":"https:\/\/macite.tg\/index.php?rest_route=\/wp\/v2\/posts"}],"about":[{"href":"https:\/\/macite.tg\/index.php?rest_route=\/wp\/v2\/types\/post"}],"author":[{"embeddable":true,"href":"https:\/\/macite.tg\/index.php?rest_route=\/wp\/v2\/users\/2"}],"replies":[{"embeddable":true,"href":"https:\/\/macite.tg\/index.php?rest_route=%2Fwp%2Fv2%2Fcomments&post=2443"}],"version-history":[{"count":0,"href":"https:\/\/macite.tg\/index.php?rest_route=\/wp\/v2\/posts\/2443\/revisions"}],"wp:featuredmedia":[{"embeddable":true,"href":"https:\/\/macite.tg\/index.php?rest_route=\/wp\/v2\/media\/2448"}],"wp:attachment":[{"href":"https:\/\/macite.tg\/index.php?rest_route=%2Fwp%2Fv2%2Fmedia&parent=2443"}],"wp:term":[{"taxonomy":"category","embeddable":true,"href":"https:\/\/macite.tg\/index.php?rest_route=%2Fwp%2Fv2%2Fcategories&post=2443"},{"taxonomy":"post_tag","embeddable":true,"href":"https:\/\/macite.tg\/index.php?rest_route=%2Fwp%2Fv2%2Ftags&post=2443"}],"curies":[{"name":"wp","href":"https:\/\/api.w.org\/{rel}","templated":true}]}}