{"id":24429,"date":"2025-08-25T13:22:42","date_gmt":"2025-08-25T13:22:42","guid":{"rendered":"https:\/\/macite.tg\/?p=24429"},"modified":"2025-08-25T13:22:50","modified_gmt":"2025-08-25T13:22:50","slug":"energie-electrique-poursuite-de-lamelioration-de-lacces-aux-populations","status":"publish","type":"post","link":"https:\/\/macite.tg\/?p=24429","title":{"rendered":"ENERGIE ELECTRIQUE : Poursuite de l&rsquo;am\u00e9lioration de l&rsquo;acc\u00e8s aux populations"},"content":{"rendered":"\n<p class=\"wp-block-paragraph\"><strong><em>La volont\u00e9 politique d&rsquo;inverser la courbe de l&rsquo;in\u00e9galit\u00e9 \u00e9nerg\u00e9tique est l&rsquo;une des plus remarquable au Togo. Ces derni\u00e8res ann\u00e9es, les autorit\u00e9s ne m\u00e9nagent aucun effort pour multiplier les initiatives dans la fourniture de l&rsquo;\u00e9nergie \u00e9lectrique aux populations, avec des solutions alternatives durables.<\/em><\/strong><\/p>\n\n\n\n<p class=\"wp-block-paragraph\">La vision du gouvernement est d&rsquo;atteindre la couverture universelle en mati\u00e8re d&rsquo;acc\u00e8s \u00e0 l&rsquo;\u00e9lectricit\u00e9 d&rsquo;ici \u00e0 2030. Car sans \u00e9lectricit\u00e9, point de d\u00e9veloppement inclusif et l&rsquo;acc\u00e8s \u00e0 l&rsquo;\u00e9lectricit\u00e9 est un droit fondamental qui acc\u00e9l\u00e8re le progr\u00e8s. Le taux est d&rsquo;ailleurs en constante progression de 68 % en 2023 \u00e0 75 % de nos jours.<\/p>\n\n\n\n<p class=\"wp-block-paragraph\">Tout r\u00e9cemment, les autorit\u00e9s ont lanc\u00e9 un appel d&rsquo;offres international pour l&rsquo;\u00e9lectrification de 172 localit\u00e9s rurales, dans le cadre d&rsquo;un projet soutenu par la Banque ouest-africaine de d\u00e9veloppement (BOAD). Port\u00e9e par le minist\u00e8re de l&rsquo;\u00c9nergie, via l&rsquo;Agence togolaise d&rsquo;\u00e9lectrification rurale et des \u00e9nergies renouvelables (AT2ER), l&rsquo;initiative consiste \u00e0 op\u00e9rer des travaux d&rsquo;extension du r\u00e9seau de distribution moyenne et basse tension sur une dur\u00e9e d&rsquo;un an et demi.<\/p>\n\n\n<div class=\"wp-block-image\">\n<figure class=\"aligncenter size-full\"><img loading=\"lazy\" decoding=\"async\" width=\"500\" height=\"500\" src=\"https:\/\/macite.tg\/wp-content\/uploads\/2025\/08\/OTR_LAISSEZ-PASSER-WEBINAIRE.jpg\" alt=\"\" class=\"wp-image-24419\" srcset=\"https:\/\/macite.tg\/wp-content\/uploads\/2025\/08\/OTR_LAISSEZ-PASSER-WEBINAIRE.jpg 500w, https:\/\/macite.tg\/wp-content\/uploads\/2025\/08\/OTR_LAISSEZ-PASSER-WEBINAIRE-300x300.jpg 300w, https:\/\/macite.tg\/wp-content\/uploads\/2025\/08\/OTR_LAISSEZ-PASSER-WEBINAIRE-150x150.jpg 150w, https:\/\/macite.tg\/wp-content\/uploads\/2025\/08\/OTR_LAISSEZ-PASSER-WEBINAIRE-122x122.jpg 122w\" sizes=\"auto, (max-width: 500px) 100vw, 500px\" \/><\/figure>\n<\/div>\n\n\n<p class=\"wp-block-paragraph\">Il est indiqu\u00e9 que le projet pr\u00e9voit de fournir et de poser des r\u00e9seaux a\u00e9riens moyenne tension (HTA), des postes de transformation HTA\/BT, des r\u00e9seaux a\u00e9riens basse tension (BT) avec \u00e9clairage public, sans oublier des kits de branchements. Novembre 2025 est la date pr\u00e9vue pour le d\u00e9marrage des travaux de ce projet financ\u00e9 \u00e0 6 milliards de francs CFA. L&rsquo;objectif est d&rsquo;atteindre plus de 35 000 personnes, dont l&rsquo;acc\u00e8s \u00e0 l&rsquo;\u00e9lectricit\u00e9 va \u00eatre am\u00e9lior\u00e9, gr\u00e2ce \u00e0 une production suppl\u00e9mentaire estim\u00e9e \u00e0 9,3 GWhs d\u00e8s la premi\u00e8re ann\u00e9e d&rsquo;exploitation.<\/p>\n\n\n\n<p class=\"wp-block-paragraph\">La strat\u00e9gie du gouvernement pour l&rsquo;acc\u00e8s universelle de l&rsquo;\u00e9nergie dans le pays s&rsquo;appuie sur une combinaison d&rsquo;action : extension du r\u00e9seau national \u00e0 travers la Compagnie \u00e9nergie \u00e9lectrique du Togo (CEET), d\u00e9veloppement de mini-r\u00e9seaux solaires \u00e0 travers l&rsquo;AT2ER, la distribution de kits solaires individuels via le programme Cizo. Lanc\u00e9 en 2017, ce dernier s&rsquo;adresse prioritairement aux localit\u00e9s non couvertes par le r\u00e9seau classique. L&rsquo;\u00c9tat fournit dans le cadre de ce projet des dispositifs autonomes qui rendent disponible une \u00e9lectricit\u00e9 suffisante pour l&rsquo;\u00e9clairage, la recharge de t\u00e9l\u00e9phones et l&rsquo;alimentation de petits appareils \u00e9lectrom\u00e9nagers.<\/p>\n\n\n<div class=\"wp-block-image\">\n<figure class=\"aligncenter size-full is-resized\"><img loading=\"lazy\" decoding=\"async\" width=\"500\" height=\"304\" src=\"https:\/\/macite.tg\/wp-content\/uploads\/2025\/08\/OTR_SAM.jpg\" alt=\"\" class=\"wp-image-24189\" style=\"width:614px;height:auto\" srcset=\"https:\/\/macite.tg\/wp-content\/uploads\/2025\/08\/OTR_SAM.jpg 500w, https:\/\/macite.tg\/wp-content\/uploads\/2025\/08\/OTR_SAM-300x182.jpg 300w\" sizes=\"auto, (max-width: 500px) 100vw, 500px\" \/><\/figure>\n<\/div>\n\n\n<p class=\"wp-block-paragraph\">Au-del\u00e0 des chiffres, les t\u00e9moignages venus des hameaux \u00e9lectrifi\u00e9s confirment l&rsquo;impact de ces politiques. Les artisans, les commer\u00e7ants et les agriculteurs y trouvent aussi un levier de comp\u00e9titivit\u00e9 : moulin \u00e0 grain, soudure, r\u00e9frig\u00e9ration, conservation des produits agricoles&#8230; L&rsquo;\u00e9lectricit\u00e9 devient alors une ressource productive. <em>\u00ab&nbsp;L&rsquo;\u00e9lectrification rurale devient alors bien plus qu&rsquo;un chantier technique, elle incarne un projet de soci\u00e9t\u00e9. Un projet dans lequel chaque citoyen, qu&rsquo;il vive \u00e0 Lom\u00e9 ou \u00e0 Cinkass\u00e9, a droit \u00e0 la lumi\u00e8re&nbsp;\u00bb, fait<\/em>-on savoir au gouvernement.<\/p>\n\n\n\n<p class=\"wp-block-paragraph\">A travers le fonds Tinga par exemple, les familles peuvent obtenir un compteur Lafia \u00e0 seulement 1 000 francs CFA. Le reste du montant normalement d\u00fb peut \u00eatre pay\u00e9 pendant une p\u00e9riode pouvant aller jusqu&rsquo;\u00e0 10 ans, en fonction de l&rsquo;habilet\u00e9 financi\u00e8re du m\u00e9nage. Cette action sociale est destin\u00e9e aux m\u00e9nages vuln\u00e9rables pour mettre la lumi\u00e8re \u00e0 leur disposition pour leurs diff\u00e9rents besoins quotidien, et cela, gr\u00e2ce \u00e0 une offre commerciale avantageuse. <em>\u00ab&nbsp;En effet, le branchement de compteur \u00e0 pr\u00e9paiement Lafia (2 fils ou 4 fils) peut \u00eatre obtenu \u00e0 partir d&rsquo;un versement initial de 1.000 francs seulement<\/em>&nbsp;\u00bb, renseignent les autorit\u00e9s.<\/p>\n\n\n\n<p class=\"wp-block-paragraph\">\u00c0 fin 2023, ce sont 20 971 branchements qui avaient \u00e9t\u00e9 d\u00e9j\u00e0 r\u00e9alis\u00e9s, dans le cadre du d\u00e9ploiement du fonds Tinga, op\u00e9rationnel depuis le mois d&rsquo;avril 2022. C&rsquo;est un chiffre qui correspond \u00e0 52,42 % de taux de r\u00e9alisation, compar\u00e9 aux pr\u00e9visions initiales qui tablaient sur 40.000 branchements. <em>\u00ab&nbsp;Le lancement de ce fonds est l&rsquo;occasion d&rsquo;offrir \u00e0 nos populations un outil utile, indispensable qui va booster davantage l&rsquo;acc\u00e8s \u00e0 l&rsquo;\u00e9lectricit\u00e9&nbsp;\u00bb,<\/em> soutient-on au gouvernement.<\/p>\n\n\n<div class=\"wp-block-image\">\n<figure class=\"aligncenter size-full is-resized\"><img decoding=\"async\" src=\"https:\/\/macite.tg\/wp-content\/uploads\/2025\/08\/Geo-ref-1.jpg\" alt=\"\" class=\"wp-image-24339\" style=\"width:568px;height:auto\"\/><\/figure>\n<\/div>\n\n\n<p class=\"wp-block-paragraph\">Sans aucun doute, l&rsquo;une des avanc\u00e9es les plus significatives reste la politique d&rsquo;\u00e9lectrification rurale, qui a permis de sortir plusieurs centaines de villages de l&rsquo;obscurit\u00e9. \u00c0 travers l&rsquo;Agence togolaise d&rsquo;\u00e9lectrification rurale et des \u00e9nergies renouvelables (AT2ER), l&rsquo;\u00c9tat accompagne les communaut\u00e9s rurales avec des solutions adapt\u00e9es \u00e0 leurs r\u00e9alit\u00e9s. Quant au programme Cizo 134 431 kits solaires ont \u00e9t\u00e9 distribu\u00e9s aux m\u00e9nages sur l&rsquo;\u00e9tendue du territoire \u00e0 la date du 30 juin 2023.<\/p>\n\n\n\n<p class=\"wp-block-paragraph\"><strong>(In LE MEDIUM n\u00b0666 du 19 au 25 Ao\u00fbt 2025)<\/strong><\/p>\n\n\n\n<p class=\"wp-block-paragraph\"><strong><em>@macite.tg&nbsp;&nbsp;&nbsp;&nbsp;&nbsp;&nbsp;&nbsp;&nbsp;<\/em><\/strong><\/p>\n\n\n\n<p class=\"wp-block-paragraph\"><strong><em>E-mail&nbsp;: <\/em><\/strong><a href=\"mailto:maciteinfo@gmail.com\"><strong><em>maciteinfo@gmail.com<\/em><\/strong><\/a><strong><em>; <\/em><\/strong><a href=\"mailto:bawela1@gmail.com\"><strong><em>bawela1@gmail.com<\/em><\/strong><\/a><strong><em><\/em><\/strong><\/p>\n\n\n\n<p class=\"wp-block-paragraph\"><strong><em>Pour vos annonces, (publi)reportages, etc., joignez-nous au (00228)91515309\/<strong>79872224 <\/strong><strong><\/strong><\/em><\/strong><\/p>\n\n\n\n<p class=\"wp-block-paragraph\"><strong><em>www.macite.tg, L\u2019information, la bonne&nbsp;!<\/em><\/strong><\/p>\n\n\n\n<p class=\"wp-block-paragraph\"><\/p>\n","protected":false},"excerpt":{"rendered":"<p class=\"text-justify mb-2\" >La volont\u00e9 politique d&rsquo;inverser la courbe de l&rsquo;in\u00e9galit\u00e9 \u00e9nerg\u00e9tique est l&rsquo;une des plus remarquable au Togo. Ces derni\u00e8res ann\u00e9es, les autorit\u00e9s ne m\u00e9nagent aucun effort pour multiplier les initiatives dans la fourniture de l&rsquo;\u00e9nergie \u00e9lectrique aux populations, avec des solutions alternatives durables. La vision du [&hellip;]<\/p>\n","protected":false},"author":2,"featured_media":24430,"comment_status":"open","ping_status":"open","sticky":false,"template":"","format":"standard","meta":{"footnotes":""},"categories":[20,38],"tags":[],"class_list":["post-24429","post","type-post","status-publish","format-standard","has-post-thumbnail","hentry","category-actualite","category-energie"],"yoast_head":"<!-- This site is optimized with the Yoast SEO plugin v28.4 - https:\/\/yoast.com\/product\/yoast-seo-wordpress\/ -->\n<title>ENERGIE ELECTRIQUE : Poursuite de l&#039;am\u00e9lioration de l&#039;acc\u00e8s aux populations -<\/title>\n<meta name=\"robots\" content=\"index, follow, max-snippet:-1, max-image-preview:large, max-video-preview:-1\" \/>\n<link rel=\"canonical\" href=\"https:\/\/macite.tg\/?p=24429\" \/>\n<meta property=\"og:locale\" content=\"fr_FR\" \/>\n<meta property=\"og:type\" content=\"article\" \/>\n<meta property=\"og:title\" content=\"ENERGIE ELECTRIQUE : Poursuite de l&#039;am\u00e9lioration de l&#039;acc\u00e8s aux populations -\" \/>\n<meta property=\"og:description\" content=\"La volont\u00e9 politique d&rsquo;inverser la courbe de l&rsquo;in\u00e9galit\u00e9 \u00e9nerg\u00e9tique est l&rsquo;une des plus remarquable au Togo. Ces derni\u00e8res ann\u00e9es, les autorit\u00e9s ne m\u00e9nagent aucun effort pour multiplier les initiatives dans la fourniture de l&rsquo;\u00e9nergie \u00e9lectrique aux populations, avec des solutions alternatives durables. La vision du [&hellip;]\" \/>\n<meta property=\"og:url\" content=\"https:\/\/macite.tg\/?p=24429\" \/>\n<meta property=\"article:published_time\" content=\"2025-08-25T13:22:42+00:00\" \/>\n<meta property=\"article:modified_time\" content=\"2025-08-25T13:22:50+00:00\" \/>\n<meta property=\"og:image\" content=\"https:\/\/macite.tg\/wp-content\/uploads\/2025\/08\/eadbc83d-cdd1-4d6a-b527-19bab7003d4f.jpg\" \/>\n\t<meta property=\"og:image:width\" content=\"509\" \/>\n\t<meta property=\"og:image:height\" content=\"388\" \/>\n\t<meta property=\"og:image:type\" content=\"image\/jpeg\" \/>\n<meta name=\"author\" content=\"Jean Pierre BAWELA\" \/>\n<meta name=\"twitter:card\" content=\"summary_large_image\" \/>\n<meta name=\"twitter:label1\" content=\"\u00c9crit par\" \/>\n\t<meta name=\"twitter:data1\" content=\"Jean Pierre BAWELA\" \/>\n\t<meta name=\"twitter:label2\" content=\"Dur\u00e9e de lecture estim\u00e9e\" \/>\n\t<meta name=\"twitter:data2\" content=\"5 minutes\" \/>\n<script type=\"application\/ld+json\" class=\"yoast-schema-graph\">{\"@context\":\"https:\\\/\\\/schema.org\",\"@graph\":[{\"@type\":\"Article\",\"@id\":\"https:\\\/\\\/macite.tg\\\/?p=24429#article\",\"isPartOf\":{\"@id\":\"https:\\\/\\\/macite.tg\\\/?p=24429\"},\"author\":{\"name\":\"Jean Pierre BAWELA\",\"@id\":\"https:\\\/\\\/macite.tg\\\/#\\\/schema\\\/person\\\/e9f2de7e5dbbe7770a9402c7ce82f5c2\"},\"headline\":\"ENERGIE ELECTRIQUE : Poursuite de l&rsquo;am\u00e9lioration de l&rsquo;acc\u00e8s aux populations\",\"datePublished\":\"2025-08-25T13:22:42+00:00\",\"dateModified\":\"2025-08-25T13:22:50+00:00\",\"mainEntityOfPage\":{\"@id\":\"https:\\\/\\\/macite.tg\\\/?p=24429\"},\"wordCount\":811,\"commentCount\":0,\"image\":{\"@id\":\"https:\\\/\\\/macite.tg\\\/?p=24429#primaryimage\"},\"thumbnailUrl\":\"https:\\\/\\\/macite.tg\\\/wp-content\\\/uploads\\\/2025\\\/08\\\/eadbc83d-cdd1-4d6a-b527-19bab7003d4f.jpg\",\"articleSection\":[\"ACTUALITE\",\"ENERGIE\"],\"inLanguage\":\"fr-FR\",\"potentialAction\":[{\"@type\":\"CommentAction\",\"name\":\"Comment\",\"target\":[\"https:\\\/\\\/macite.tg\\\/?p=24429#respond\"]}]},{\"@type\":\"WebPage\",\"@id\":\"https:\\\/\\\/macite.tg\\\/?p=24429\",\"url\":\"https:\\\/\\\/macite.tg\\\/?p=24429\",\"name\":\"ENERGIE ELECTRIQUE : Poursuite de l'am\u00e9lioration de l'acc\u00e8s aux populations -\",\"isPartOf\":{\"@id\":\"https:\\\/\\\/macite.tg\\\/#website\"},\"primaryImageOfPage\":{\"@id\":\"https:\\\/\\\/macite.tg\\\/?p=24429#primaryimage\"},\"image\":{\"@id\":\"https:\\\/\\\/macite.tg\\\/?p=24429#primaryimage\"},\"thumbnailUrl\":\"https:\\\/\\\/macite.tg\\\/wp-content\\\/uploads\\\/2025\\\/08\\\/eadbc83d-cdd1-4d6a-b527-19bab7003d4f.jpg\",\"datePublished\":\"2025-08-25T13:22:42+00:00\",\"dateModified\":\"2025-08-25T13:22:50+00:00\",\"author\":{\"@id\":\"https:\\\/\\\/macite.tg\\\/#\\\/schema\\\/person\\\/e9f2de7e5dbbe7770a9402c7ce82f5c2\"},\"breadcrumb\":{\"@id\":\"https:\\\/\\\/macite.tg\\\/?p=24429#breadcrumb\"},\"inLanguage\":\"fr-FR\",\"potentialAction\":[{\"@type\":\"ReadAction\",\"target\":[\"https:\\\/\\\/macite.tg\\\/?p=24429\"]}]},{\"@type\":\"ImageObject\",\"inLanguage\":\"fr-FR\",\"@id\":\"https:\\\/\\\/macite.tg\\\/?p=24429#primaryimage\",\"url\":\"https:\\\/\\\/macite.tg\\\/wp-content\\\/uploads\\\/2025\\\/08\\\/eadbc83d-cdd1-4d6a-b527-19bab7003d4f.jpg\",\"contentUrl\":\"https:\\\/\\\/macite.tg\\\/wp-content\\\/uploads\\\/2025\\\/08\\\/eadbc83d-cdd1-4d6a-b527-19bab7003d4f.jpg\",\"width\":509,\"height\":388},{\"@type\":\"BreadcrumbList\",\"@id\":\"https:\\\/\\\/macite.tg\\\/?p=24429#breadcrumb\",\"itemListElement\":[{\"@type\":\"ListItem\",\"position\":1,\"name\":\"Accueil\",\"item\":\"https:\\\/\\\/macite.tg\\\/\"},{\"@type\":\"ListItem\",\"position\":2,\"name\":\"ENERGIE ELECTRIQUE : Poursuite de l&rsquo;am\u00e9lioration de l&rsquo;acc\u00e8s aux populations\"}]},{\"@type\":\"WebSite\",\"@id\":\"https:\\\/\\\/macite.tg\\\/#website\",\"url\":\"https:\\\/\\\/macite.tg\\\/\",\"name\":\"\",\"description\":\"L&#039;information, la bonne!!!\",\"potentialAction\":[{\"@type\":\"SearchAction\",\"target\":{\"@type\":\"EntryPoint\",\"urlTemplate\":\"https:\\\/\\\/macite.tg\\\/?s={search_term_string}\"},\"query-input\":{\"@type\":\"PropertyValueSpecification\",\"valueRequired\":true,\"valueName\":\"search_term_string\"}}],\"inLanguage\":\"fr-FR\"},{\"@type\":\"Person\",\"@id\":\"https:\\\/\\\/macite.tg\\\/#\\\/schema\\\/person\\\/e9f2de7e5dbbe7770a9402c7ce82f5c2\",\"name\":\"Jean Pierre BAWELA\",\"image\":{\"@type\":\"ImageObject\",\"inLanguage\":\"fr-FR\",\"@id\":\"https:\\\/\\\/macite.tg\\\/wp-content\\\/uploads\\\/2023\\\/09\\\/WhatsApp-Image-2023-09-19-at-14.44.41-122x122.jpeg\",\"url\":\"https:\\\/\\\/macite.tg\\\/wp-content\\\/uploads\\\/2023\\\/09\\\/WhatsApp-Image-2023-09-19-at-14.44.41-122x122.jpeg\",\"contentUrl\":\"https:\\\/\\\/macite.tg\\\/wp-content\\\/uploads\\\/2023\\\/09\\\/WhatsApp-Image-2023-09-19-at-14.44.41-122x122.jpeg\",\"caption\":\"Jean Pierre BAWELA\"},\"url\":\"https:\\\/\\\/macite.tg\\\/?author=2\"}]}<\/script>\n<!-- \/ Yoast SEO plugin. -->","yoast_head_json":{"title":"ENERGIE ELECTRIQUE : Poursuite de l'am\u00e9lioration de l'acc\u00e8s aux populations -","robots":{"index":"index","follow":"follow","max-snippet":"max-snippet:-1","max-image-preview":"max-image-preview:large","max-video-preview":"max-video-preview:-1"},"canonical":"https:\/\/macite.tg\/?p=24429","og_locale":"fr_FR","og_type":"article","og_title":"ENERGIE ELECTRIQUE : Poursuite de l'am\u00e9lioration de l'acc\u00e8s aux populations -","og_description":"La volont\u00e9 politique d&rsquo;inverser la courbe de l&rsquo;in\u00e9galit\u00e9 \u00e9nerg\u00e9tique est l&rsquo;une des plus remarquable au Togo. Ces derni\u00e8res ann\u00e9es, les autorit\u00e9s ne m\u00e9nagent aucun effort pour multiplier les initiatives dans la fourniture de l&rsquo;\u00e9nergie \u00e9lectrique aux populations, avec des solutions alternatives durables. La vision du [&hellip;]","og_url":"https:\/\/macite.tg\/?p=24429","article_published_time":"2025-08-25T13:22:42+00:00","article_modified_time":"2025-08-25T13:22:50+00:00","og_image":[{"width":509,"height":388,"url":"https:\/\/macite.tg\/wp-content\/uploads\/2025\/08\/eadbc83d-cdd1-4d6a-b527-19bab7003d4f.jpg","type":"image\/jpeg"}],"author":"Jean Pierre BAWELA","twitter_card":"summary_large_image","twitter_misc":{"\u00c9crit par":"Jean Pierre BAWELA","Dur\u00e9e de lecture estim\u00e9e":"5 minutes"},"schema":{"@context":"https:\/\/schema.org","@graph":[{"@type":"Article","@id":"https:\/\/macite.tg\/?p=24429#article","isPartOf":{"@id":"https:\/\/macite.tg\/?p=24429"},"author":{"name":"Jean Pierre BAWELA","@id":"https:\/\/macite.tg\/#\/schema\/person\/e9f2de7e5dbbe7770a9402c7ce82f5c2"},"headline":"ENERGIE ELECTRIQUE : Poursuite de l&rsquo;am\u00e9lioration de l&rsquo;acc\u00e8s aux populations","datePublished":"2025-08-25T13:22:42+00:00","dateModified":"2025-08-25T13:22:50+00:00","mainEntityOfPage":{"@id":"https:\/\/macite.tg\/?p=24429"},"wordCount":811,"commentCount":0,"image":{"@id":"https:\/\/macite.tg\/?p=24429#primaryimage"},"thumbnailUrl":"https:\/\/macite.tg\/wp-content\/uploads\/2025\/08\/eadbc83d-cdd1-4d6a-b527-19bab7003d4f.jpg","articleSection":["ACTUALITE","ENERGIE"],"inLanguage":"fr-FR","potentialAction":[{"@type":"CommentAction","name":"Comment","target":["https:\/\/macite.tg\/?p=24429#respond"]}]},{"@type":"WebPage","@id":"https:\/\/macite.tg\/?p=24429","url":"https:\/\/macite.tg\/?p=24429","name":"ENERGIE ELECTRIQUE : Poursuite de l'am\u00e9lioration de l'acc\u00e8s aux populations -","isPartOf":{"@id":"https:\/\/macite.tg\/#website"},"primaryImageOfPage":{"@id":"https:\/\/macite.tg\/?p=24429#primaryimage"},"image":{"@id":"https:\/\/macite.tg\/?p=24429#primaryimage"},"thumbnailUrl":"https:\/\/macite.tg\/wp-content\/uploads\/2025\/08\/eadbc83d-cdd1-4d6a-b527-19bab7003d4f.jpg","datePublished":"2025-08-25T13:22:42+00:00","dateModified":"2025-08-25T13:22:50+00:00","author":{"@id":"https:\/\/macite.tg\/#\/schema\/person\/e9f2de7e5dbbe7770a9402c7ce82f5c2"},"breadcrumb":{"@id":"https:\/\/macite.tg\/?p=24429#breadcrumb"},"inLanguage":"fr-FR","potentialAction":[{"@type":"ReadAction","target":["https:\/\/macite.tg\/?p=24429"]}]},{"@type":"ImageObject","inLanguage":"fr-FR","@id":"https:\/\/macite.tg\/?p=24429#primaryimage","url":"https:\/\/macite.tg\/wp-content\/uploads\/2025\/08\/eadbc83d-cdd1-4d6a-b527-19bab7003d4f.jpg","contentUrl":"https:\/\/macite.tg\/wp-content\/uploads\/2025\/08\/eadbc83d-cdd1-4d6a-b527-19bab7003d4f.jpg","width":509,"height":388},{"@type":"BreadcrumbList","@id":"https:\/\/macite.tg\/?p=24429#breadcrumb","itemListElement":[{"@type":"ListItem","position":1,"name":"Accueil","item":"https:\/\/macite.tg\/"},{"@type":"ListItem","position":2,"name":"ENERGIE ELECTRIQUE : Poursuite de l&rsquo;am\u00e9lioration de l&rsquo;acc\u00e8s aux populations"}]},{"@type":"WebSite","@id":"https:\/\/macite.tg\/#website","url":"https:\/\/macite.tg\/","name":"","description":"L&#039;information, la bonne!!!","potentialAction":[{"@type":"SearchAction","target":{"@type":"EntryPoint","urlTemplate":"https:\/\/macite.tg\/?s={search_term_string}"},"query-input":{"@type":"PropertyValueSpecification","valueRequired":true,"valueName":"search_term_string"}}],"inLanguage":"fr-FR"},{"@type":"Person","@id":"https:\/\/macite.tg\/#\/schema\/person\/e9f2de7e5dbbe7770a9402c7ce82f5c2","name":"Jean Pierre BAWELA","image":{"@type":"ImageObject","inLanguage":"fr-FR","@id":"https:\/\/macite.tg\/wp-content\/uploads\/2023\/09\/WhatsApp-Image-2023-09-19-at-14.44.41-122x122.jpeg","url":"https:\/\/macite.tg\/wp-content\/uploads\/2023\/09\/WhatsApp-Image-2023-09-19-at-14.44.41-122x122.jpeg","contentUrl":"https:\/\/macite.tg\/wp-content\/uploads\/2023\/09\/WhatsApp-Image-2023-09-19-at-14.44.41-122x122.jpeg","caption":"Jean Pierre BAWELA"},"url":"https:\/\/macite.tg\/?author=2"}]}},"_links":{"self":[{"href":"https:\/\/macite.tg\/index.php?rest_route=\/wp\/v2\/posts\/24429","targetHints":{"allow":["GET"]}}],"collection":[{"href":"https:\/\/macite.tg\/index.php?rest_route=\/wp\/v2\/posts"}],"about":[{"href":"https:\/\/macite.tg\/index.php?rest_route=\/wp\/v2\/types\/post"}],"author":[{"embeddable":true,"href":"https:\/\/macite.tg\/index.php?rest_route=\/wp\/v2\/users\/2"}],"replies":[{"embeddable":true,"href":"https:\/\/macite.tg\/index.php?rest_route=%2Fwp%2Fv2%2Fcomments&post=24429"}],"version-history":[{"count":0,"href":"https:\/\/macite.tg\/index.php?rest_route=\/wp\/v2\/posts\/24429\/revisions"}],"wp:featuredmedia":[{"embeddable":true,"href":"https:\/\/macite.tg\/index.php?rest_route=\/wp\/v2\/media\/24430"}],"wp:attachment":[{"href":"https:\/\/macite.tg\/index.php?rest_route=%2Fwp%2Fv2%2Fmedia&parent=24429"}],"wp:term":[{"taxonomy":"category","embeddable":true,"href":"https:\/\/macite.tg\/index.php?rest_route=%2Fwp%2Fv2%2Fcategories&post=24429"},{"taxonomy":"post_tag","embeddable":true,"href":"https:\/\/macite.tg\/index.php?rest_route=%2Fwp%2Fv2%2Ftags&post=24429"}],"curies":[{"name":"wp","href":"https:\/\/api.w.org\/{rel}","templated":true}]}}