{"id":24426,"date":"2025-08-25T13:16:33","date_gmt":"2025-08-25T13:16:33","guid":{"rendered":"https:\/\/macite.tg\/?p=24426"},"modified":"2025-08-25T13:16:43","modified_gmt":"2025-08-25T13:16:43","slug":"journee-nationale-a-lexposition-universelle-osaka-kansai-le-togo-fait-sensation","status":"publish","type":"post","link":"https:\/\/macite.tg\/?p=24426","title":{"rendered":"JOURNEE NATIONALE A L\u2019EXPOSITION UNIVERSELLE OSAKA -KANSA\u00cf\u00a0: Le Togo fait sensation"},"content":{"rendered":"\n<p class=\"wp-block-paragraph\"><\/p>\n\n\n\n<p class=\"wp-block-paragraph\"><em><strong>Le Togo a marqu\u00e9 les esprits le 21 ao\u00fbt dernier \u00e0 l\u2019Exposition Universelle d\u2019Osaka-Kansa\u00ef. A travers une c\u00e9r\u00e9monie pr\u00e9sid\u00e9e par le Ministre du commerce, de l\u2019artisanat et de la consommation locale, Mme Rose Kayi Miv\u00e9dor-Sambiani, Cheffe de la D\u00e9l\u00e9gation togolaise en pr\u00e9sence du Vice-Commissaire de l\u2019Expo Osaka-Kansa\u00ef, le pays a \u00e9t\u00e9 c\u00e9l\u00e9br\u00e9 officiellement avec une forte visibilit\u00e9 diplomatique, institutionnelle et m\u00e9diatique.<\/strong><\/em><\/p>\n\n\n\n<p class=\"wp-block-paragraph\">Pr\u00e9sent depuis le 13 avril 2025 sur le site de l\u2019Exposition sur l\u2019\u00eele de Yumeshima autour du th\u00e8me&nbsp;: <strong><em>\u00ab<\/em><\/strong><em> <strong>Concevoir la soci\u00e9t\u00e9 du futur, imaginer notre vie de demain \u00bb,<\/strong><\/em> le Togo n\u2019a pas rat\u00e9 l\u2019occasion de se mettre en sc\u00e8ne \u00e0 travers des \u00e9v\u00e8nements majeurs parmi lesquels la <strong>Journ\u00e9e nationale<\/strong>.<\/p>\n\n\n\n<figure class=\"wp-block-image size-full\"><img loading=\"lazy\" decoding=\"async\" width=\"851\" height=\"315\" src=\"https:\/\/macite.tg\/wp-content\/uploads\/2025\/08\/OTR_Bandeau-Renseignements.jpg\" alt=\"\" class=\"wp-image-24184\" srcset=\"https:\/\/macite.tg\/wp-content\/uploads\/2025\/08\/OTR_Bandeau-Renseignements.jpg 851w, https:\/\/macite.tg\/wp-content\/uploads\/2025\/08\/OTR_Bandeau-Renseignements-300x111.jpg 300w, https:\/\/macite.tg\/wp-content\/uploads\/2025\/08\/OTR_Bandeau-Renseignements-768x284.jpg 768w\" sizes=\"auto, (max-width: 851px) 100vw, 851px\" \/><\/figure>\n\n\n\n<p class=\"wp-block-paragraph\">Ainsi, apr\u00e8s la Journ\u00e9e \u00e9conomique, la Journ\u00e9e culturelle, la Journ\u00e9e nationale a offert une occasion strat\u00e9gique \u00e0 notre pays de se vendre dans toutes ses potentialit\u00e9s pour charmer le peuple japonais ainsi que les milliers de visiteurs du monde entier. En cons\u00e9quence, devant une assistance cosmopolite, la d\u00e9l\u00e9gation togolaise pr\u00e9sente \u00e0 Osaka a traduit l\u2019ambition d\u2019ouverture du Togo au monde et a fait montre de son savoir-faire artistique et culturelle exceptionnel par des artistes nationaux de renoms \u00e0 l\u2019instar de King Messan.<\/p>\n\n\n\n<p class=\"wp-block-paragraph\">Dans son allocution, Madame le Ministre du commerce, de l\u2019artisanat et de la consommation locale, a rappel\u00e9 que la pr\u00e9sence du Togo \u00e0 ce rendez-vous plan\u00e9taire est incarn\u00e9e par la volont\u00e9 du Gouvernement de b\u00e2tir des ponts entre les nations sous l\u2019impulsion du Pr\u00e9sident du Conseil, Son Excellence Faure Essozimna Gnassingb\u00e9, notamment entre le Togo et le Japon.&nbsp;<\/p>\n\n\n\n<p class=\"wp-block-paragraph\">Madame Rose Kayi Miv\u00e9dor-Sambiani a \u00e9mis le v\u0153u que toutes les activit\u00e9s d\u00e9roul\u00e9es par la d\u00e9l\u00e9gation togolaise tout au long de cette exposition militent justement en faveur du renforcement de la pr\u00e9sence du Togo sur la sc\u00e8ne internationale et de la promotion de son image de nation en pleine \u00e9volution afin d\u2019attirer des investissements.<\/p>\n\n\n<div class=\"wp-block-image\">\n<figure class=\"aligncenter size-full is-resized\"><img loading=\"lazy\" decoding=\"async\" width=\"500\" height=\"304\" src=\"https:\/\/macite.tg\/wp-content\/uploads\/2025\/08\/OTR_SAM.jpg\" alt=\"\" class=\"wp-image-24189\" style=\"width:648px;height:auto\" srcset=\"https:\/\/macite.tg\/wp-content\/uploads\/2025\/08\/OTR_SAM.jpg 500w, https:\/\/macite.tg\/wp-content\/uploads\/2025\/08\/OTR_SAM-300x182.jpg 300w\" sizes=\"auto, (max-width: 500px) 100vw, 500px\" \/><\/figure>\n<\/div>\n\n\n<p class=\"wp-block-paragraph\">Rappelons que les relations entre le Togo et le Japon datent de 1960 et concernent les domaines de la politique des grands travaux d\u2019infrastructures, la s\u00e9curit\u00e9 alimentaire, la lutte contre la pauvret\u00e9, l\u2019\u00e9laboration de la carte num\u00e9rique entre autres.<\/p>\n\n\n\n<p class=\"wp-block-paragraph\">L\u2019Exposition Universelle Osaka-Kansa\u00ef fermera ses portes le 13 octobre prochain.<\/p>\n\n\n\n<p class=\"wp-block-paragraph\"><strong>La R\u00e9daction<\/strong><\/p>\n\n\n\n<p class=\"wp-block-paragraph\"><a><strong><em>@macite.tg&nbsp;&nbsp;&nbsp;&nbsp;&nbsp;&nbsp;&nbsp;&nbsp;<\/em><\/strong><\/a><\/p>\n\n\n\n<p class=\"wp-block-paragraph\"><strong><em>E-mail&nbsp;: <\/em><\/strong><a href=\"mailto:maciteinfo@gmail.com\"><strong><em>maciteinfo@gmail.com<\/em><\/strong><\/a><strong><em>; <\/em><\/strong><a href=\"mailto:bawela1@gmail.com\"><strong><em>bawela1@gmail.com<\/em><\/strong><\/a><strong><em><\/em><\/strong><\/p>\n\n\n\n<p class=\"wp-block-paragraph\"><strong><em>Pour vos annonces, (publi)reportages, etc., joignez-nous au (00228)91515309\/<strong>79872224 <\/strong><strong><\/strong><\/em><\/strong><\/p>\n\n\n\n<p class=\"wp-block-paragraph\"><strong><em>www.macite.tg, L\u2019information, la bonne&nbsp;!<\/em><\/strong><\/p>\n\n\n\n<p class=\"wp-block-paragraph\"><\/p>\n","protected":false},"excerpt":{"rendered":"<p class=\"text-justify mb-2\" >Le Togo a marqu\u00e9 les esprits le 21 ao\u00fbt dernier \u00e0 l\u2019Exposition Universelle d\u2019Osaka-Kansa\u00ef. A travers une c\u00e9r\u00e9monie pr\u00e9sid\u00e9e par le Ministre du commerce, de l\u2019artisanat et de la consommation locale, Mme Rose Kayi Miv\u00e9dor-Sambiani, Cheffe de la D\u00e9l\u00e9gation togolaise en pr\u00e9sence du Vice-Commissaire de [&hellip;]<\/p>\n","protected":false},"author":2,"featured_media":24427,"comment_status":"open","ping_status":"open","sticky":false,"template":"","format":"standard","meta":{"footnotes":""},"categories":[20,3],"tags":[],"class_list":["post-24426","post","type-post","status-publish","format-standard","has-post-thumbnail","hentry","category-actualite","category-economie"],"yoast_head":"<!-- This site is optimized with the Yoast SEO plugin v28.4 - https:\/\/yoast.com\/product\/yoast-seo-wordpress\/ -->\n<title>JOURNEE NATIONALE A L\u2019EXPOSITION UNIVERSELLE OSAKA -KANSA\u00cf\u00a0: Le Togo fait sensation -<\/title>\n<meta name=\"robots\" content=\"index, follow, max-snippet:-1, max-image-preview:large, max-video-preview:-1\" \/>\n<link rel=\"canonical\" href=\"https:\/\/macite.tg\/?p=24426\" \/>\n<meta property=\"og:locale\" content=\"fr_FR\" \/>\n<meta property=\"og:type\" content=\"article\" \/>\n<meta property=\"og:title\" content=\"JOURNEE NATIONALE A L\u2019EXPOSITION UNIVERSELLE OSAKA -KANSA\u00cf\u00a0: Le Togo fait sensation -\" \/>\n<meta property=\"og:description\" content=\"Le Togo a marqu\u00e9 les esprits le 21 ao\u00fbt dernier \u00e0 l\u2019Exposition Universelle d\u2019Osaka-Kansa\u00ef. A travers une c\u00e9r\u00e9monie pr\u00e9sid\u00e9e par le Ministre du commerce, de l\u2019artisanat et de la consommation locale, Mme Rose Kayi Miv\u00e9dor-Sambiani, Cheffe de la D\u00e9l\u00e9gation togolaise en pr\u00e9sence du Vice-Commissaire de [&hellip;]\" \/>\n<meta property=\"og:url\" content=\"https:\/\/macite.tg\/?p=24426\" \/>\n<meta property=\"article:published_time\" content=\"2025-08-25T13:16:33+00:00\" \/>\n<meta property=\"article:modified_time\" content=\"2025-08-25T13:16:43+00:00\" \/>\n<meta property=\"og:image\" content=\"https:\/\/macite.tg\/wp-content\/uploads\/2025\/08\/EXPO.jpg\" \/>\n\t<meta property=\"og:image:width\" content=\"500\" \/>\n\t<meta property=\"og:image:height\" content=\"389\" \/>\n\t<meta property=\"og:image:type\" content=\"image\/jpeg\" \/>\n<meta name=\"author\" content=\"Jean Pierre BAWELA\" \/>\n<meta name=\"twitter:card\" content=\"summary_large_image\" \/>\n<meta name=\"twitter:label1\" content=\"\u00c9crit par\" \/>\n\t<meta name=\"twitter:data1\" content=\"Jean Pierre BAWELA\" \/>\n\t<meta name=\"twitter:label2\" content=\"Dur\u00e9e de lecture estim\u00e9e\" \/>\n\t<meta name=\"twitter:data2\" content=\"3 minutes\" \/>\n<script type=\"application\/ld+json\" class=\"yoast-schema-graph\">{\"@context\":\"https:\\\/\\\/schema.org\",\"@graph\":[{\"@type\":\"Article\",\"@id\":\"https:\\\/\\\/macite.tg\\\/?p=24426#article\",\"isPartOf\":{\"@id\":\"https:\\\/\\\/macite.tg\\\/?p=24426\"},\"author\":{\"name\":\"Jean Pierre BAWELA\",\"@id\":\"https:\\\/\\\/macite.tg\\\/#\\\/schema\\\/person\\\/e9f2de7e5dbbe7770a9402c7ce82f5c2\"},\"headline\":\"JOURNEE NATIONALE A L\u2019EXPOSITION UNIVERSELLE OSAKA -KANSA\u00cf\u00a0: Le Togo fait sensation\",\"datePublished\":\"2025-08-25T13:16:33+00:00\",\"dateModified\":\"2025-08-25T13:16:43+00:00\",\"mainEntityOfPage\":{\"@id\":\"https:\\\/\\\/macite.tg\\\/?p=24426\"},\"wordCount\":454,\"commentCount\":0,\"image\":{\"@id\":\"https:\\\/\\\/macite.tg\\\/?p=24426#primaryimage\"},\"thumbnailUrl\":\"https:\\\/\\\/macite.tg\\\/wp-content\\\/uploads\\\/2025\\\/08\\\/EXPO.jpg\",\"articleSection\":[\"ACTUALITE\",\"ECONOMIE\"],\"inLanguage\":\"fr-FR\",\"potentialAction\":[{\"@type\":\"CommentAction\",\"name\":\"Comment\",\"target\":[\"https:\\\/\\\/macite.tg\\\/?p=24426#respond\"]}]},{\"@type\":\"WebPage\",\"@id\":\"https:\\\/\\\/macite.tg\\\/?p=24426\",\"url\":\"https:\\\/\\\/macite.tg\\\/?p=24426\",\"name\":\"JOURNEE NATIONALE A L\u2019EXPOSITION UNIVERSELLE OSAKA -KANSA\u00cf\u00a0: Le Togo fait sensation -\",\"isPartOf\":{\"@id\":\"https:\\\/\\\/macite.tg\\\/#website\"},\"primaryImageOfPage\":{\"@id\":\"https:\\\/\\\/macite.tg\\\/?p=24426#primaryimage\"},\"image\":{\"@id\":\"https:\\\/\\\/macite.tg\\\/?p=24426#primaryimage\"},\"thumbnailUrl\":\"https:\\\/\\\/macite.tg\\\/wp-content\\\/uploads\\\/2025\\\/08\\\/EXPO.jpg\",\"datePublished\":\"2025-08-25T13:16:33+00:00\",\"dateModified\":\"2025-08-25T13:16:43+00:00\",\"author\":{\"@id\":\"https:\\\/\\\/macite.tg\\\/#\\\/schema\\\/person\\\/e9f2de7e5dbbe7770a9402c7ce82f5c2\"},\"breadcrumb\":{\"@id\":\"https:\\\/\\\/macite.tg\\\/?p=24426#breadcrumb\"},\"inLanguage\":\"fr-FR\",\"potentialAction\":[{\"@type\":\"ReadAction\",\"target\":[\"https:\\\/\\\/macite.tg\\\/?p=24426\"]}]},{\"@type\":\"ImageObject\",\"inLanguage\":\"fr-FR\",\"@id\":\"https:\\\/\\\/macite.tg\\\/?p=24426#primaryimage\",\"url\":\"https:\\\/\\\/macite.tg\\\/wp-content\\\/uploads\\\/2025\\\/08\\\/EXPO.jpg\",\"contentUrl\":\"https:\\\/\\\/macite.tg\\\/wp-content\\\/uploads\\\/2025\\\/08\\\/EXPO.jpg\",\"width\":500,\"height\":389},{\"@type\":\"BreadcrumbList\",\"@id\":\"https:\\\/\\\/macite.tg\\\/?p=24426#breadcrumb\",\"itemListElement\":[{\"@type\":\"ListItem\",\"position\":1,\"name\":\"Accueil\",\"item\":\"https:\\\/\\\/macite.tg\\\/\"},{\"@type\":\"ListItem\",\"position\":2,\"name\":\"JOURNEE NATIONALE A L\u2019EXPOSITION UNIVERSELLE OSAKA -KANSA\u00cf\u00a0: Le Togo fait sensation\"}]},{\"@type\":\"WebSite\",\"@id\":\"https:\\\/\\\/macite.tg\\\/#website\",\"url\":\"https:\\\/\\\/macite.tg\\\/\",\"name\":\"\",\"description\":\"L&#039;information, la bonne!!!\",\"potentialAction\":[{\"@type\":\"SearchAction\",\"target\":{\"@type\":\"EntryPoint\",\"urlTemplate\":\"https:\\\/\\\/macite.tg\\\/?s={search_term_string}\"},\"query-input\":{\"@type\":\"PropertyValueSpecification\",\"valueRequired\":true,\"valueName\":\"search_term_string\"}}],\"inLanguage\":\"fr-FR\"},{\"@type\":\"Person\",\"@id\":\"https:\\\/\\\/macite.tg\\\/#\\\/schema\\\/person\\\/e9f2de7e5dbbe7770a9402c7ce82f5c2\",\"name\":\"Jean Pierre BAWELA\",\"image\":{\"@type\":\"ImageObject\",\"inLanguage\":\"fr-FR\",\"@id\":\"https:\\\/\\\/macite.tg\\\/wp-content\\\/uploads\\\/2023\\\/09\\\/WhatsApp-Image-2023-09-19-at-14.44.41-122x122.jpeg\",\"url\":\"https:\\\/\\\/macite.tg\\\/wp-content\\\/uploads\\\/2023\\\/09\\\/WhatsApp-Image-2023-09-19-at-14.44.41-122x122.jpeg\",\"contentUrl\":\"https:\\\/\\\/macite.tg\\\/wp-content\\\/uploads\\\/2023\\\/09\\\/WhatsApp-Image-2023-09-19-at-14.44.41-122x122.jpeg\",\"caption\":\"Jean Pierre BAWELA\"},\"url\":\"https:\\\/\\\/macite.tg\\\/?author=2\"}]}<\/script>\n<!-- \/ Yoast SEO plugin. -->","yoast_head_json":{"title":"JOURNEE NATIONALE A L\u2019EXPOSITION UNIVERSELLE OSAKA -KANSA\u00cf\u00a0: Le Togo fait sensation -","robots":{"index":"index","follow":"follow","max-snippet":"max-snippet:-1","max-image-preview":"max-image-preview:large","max-video-preview":"max-video-preview:-1"},"canonical":"https:\/\/macite.tg\/?p=24426","og_locale":"fr_FR","og_type":"article","og_title":"JOURNEE NATIONALE A L\u2019EXPOSITION UNIVERSELLE OSAKA -KANSA\u00cf\u00a0: Le Togo fait sensation -","og_description":"Le Togo a marqu\u00e9 les esprits le 21 ao\u00fbt dernier \u00e0 l\u2019Exposition Universelle d\u2019Osaka-Kansa\u00ef. A travers une c\u00e9r\u00e9monie pr\u00e9sid\u00e9e par le Ministre du commerce, de l\u2019artisanat et de la consommation locale, Mme Rose Kayi Miv\u00e9dor-Sambiani, Cheffe de la D\u00e9l\u00e9gation togolaise en pr\u00e9sence du Vice-Commissaire de [&hellip;]","og_url":"https:\/\/macite.tg\/?p=24426","article_published_time":"2025-08-25T13:16:33+00:00","article_modified_time":"2025-08-25T13:16:43+00:00","og_image":[{"width":500,"height":389,"url":"https:\/\/macite.tg\/wp-content\/uploads\/2025\/08\/EXPO.jpg","type":"image\/jpeg"}],"author":"Jean Pierre BAWELA","twitter_card":"summary_large_image","twitter_misc":{"\u00c9crit par":"Jean Pierre BAWELA","Dur\u00e9e de lecture estim\u00e9e":"3 minutes"},"schema":{"@context":"https:\/\/schema.org","@graph":[{"@type":"Article","@id":"https:\/\/macite.tg\/?p=24426#article","isPartOf":{"@id":"https:\/\/macite.tg\/?p=24426"},"author":{"name":"Jean Pierre BAWELA","@id":"https:\/\/macite.tg\/#\/schema\/person\/e9f2de7e5dbbe7770a9402c7ce82f5c2"},"headline":"JOURNEE NATIONALE A L\u2019EXPOSITION UNIVERSELLE OSAKA -KANSA\u00cf\u00a0: Le Togo fait sensation","datePublished":"2025-08-25T13:16:33+00:00","dateModified":"2025-08-25T13:16:43+00:00","mainEntityOfPage":{"@id":"https:\/\/macite.tg\/?p=24426"},"wordCount":454,"commentCount":0,"image":{"@id":"https:\/\/macite.tg\/?p=24426#primaryimage"},"thumbnailUrl":"https:\/\/macite.tg\/wp-content\/uploads\/2025\/08\/EXPO.jpg","articleSection":["ACTUALITE","ECONOMIE"],"inLanguage":"fr-FR","potentialAction":[{"@type":"CommentAction","name":"Comment","target":["https:\/\/macite.tg\/?p=24426#respond"]}]},{"@type":"WebPage","@id":"https:\/\/macite.tg\/?p=24426","url":"https:\/\/macite.tg\/?p=24426","name":"JOURNEE NATIONALE A L\u2019EXPOSITION UNIVERSELLE OSAKA -KANSA\u00cf\u00a0: Le Togo fait sensation -","isPartOf":{"@id":"https:\/\/macite.tg\/#website"},"primaryImageOfPage":{"@id":"https:\/\/macite.tg\/?p=24426#primaryimage"},"image":{"@id":"https:\/\/macite.tg\/?p=24426#primaryimage"},"thumbnailUrl":"https:\/\/macite.tg\/wp-content\/uploads\/2025\/08\/EXPO.jpg","datePublished":"2025-08-25T13:16:33+00:00","dateModified":"2025-08-25T13:16:43+00:00","author":{"@id":"https:\/\/macite.tg\/#\/schema\/person\/e9f2de7e5dbbe7770a9402c7ce82f5c2"},"breadcrumb":{"@id":"https:\/\/macite.tg\/?p=24426#breadcrumb"},"inLanguage":"fr-FR","potentialAction":[{"@type":"ReadAction","target":["https:\/\/macite.tg\/?p=24426"]}]},{"@type":"ImageObject","inLanguage":"fr-FR","@id":"https:\/\/macite.tg\/?p=24426#primaryimage","url":"https:\/\/macite.tg\/wp-content\/uploads\/2025\/08\/EXPO.jpg","contentUrl":"https:\/\/macite.tg\/wp-content\/uploads\/2025\/08\/EXPO.jpg","width":500,"height":389},{"@type":"BreadcrumbList","@id":"https:\/\/macite.tg\/?p=24426#breadcrumb","itemListElement":[{"@type":"ListItem","position":1,"name":"Accueil","item":"https:\/\/macite.tg\/"},{"@type":"ListItem","position":2,"name":"JOURNEE NATIONALE A L\u2019EXPOSITION UNIVERSELLE OSAKA -KANSA\u00cf\u00a0: Le Togo fait sensation"}]},{"@type":"WebSite","@id":"https:\/\/macite.tg\/#website","url":"https:\/\/macite.tg\/","name":"","description":"L&#039;information, la bonne!!!","potentialAction":[{"@type":"SearchAction","target":{"@type":"EntryPoint","urlTemplate":"https:\/\/macite.tg\/?s={search_term_string}"},"query-input":{"@type":"PropertyValueSpecification","valueRequired":true,"valueName":"search_term_string"}}],"inLanguage":"fr-FR"},{"@type":"Person","@id":"https:\/\/macite.tg\/#\/schema\/person\/e9f2de7e5dbbe7770a9402c7ce82f5c2","name":"Jean Pierre BAWELA","image":{"@type":"ImageObject","inLanguage":"fr-FR","@id":"https:\/\/macite.tg\/wp-content\/uploads\/2023\/09\/WhatsApp-Image-2023-09-19-at-14.44.41-122x122.jpeg","url":"https:\/\/macite.tg\/wp-content\/uploads\/2023\/09\/WhatsApp-Image-2023-09-19-at-14.44.41-122x122.jpeg","contentUrl":"https:\/\/macite.tg\/wp-content\/uploads\/2023\/09\/WhatsApp-Image-2023-09-19-at-14.44.41-122x122.jpeg","caption":"Jean Pierre BAWELA"},"url":"https:\/\/macite.tg\/?author=2"}]}},"_links":{"self":[{"href":"https:\/\/macite.tg\/index.php?rest_route=\/wp\/v2\/posts\/24426","targetHints":{"allow":["GET"]}}],"collection":[{"href":"https:\/\/macite.tg\/index.php?rest_route=\/wp\/v2\/posts"}],"about":[{"href":"https:\/\/macite.tg\/index.php?rest_route=\/wp\/v2\/types\/post"}],"author":[{"embeddable":true,"href":"https:\/\/macite.tg\/index.php?rest_route=\/wp\/v2\/users\/2"}],"replies":[{"embeddable":true,"href":"https:\/\/macite.tg\/index.php?rest_route=%2Fwp%2Fv2%2Fcomments&post=24426"}],"version-history":[{"count":0,"href":"https:\/\/macite.tg\/index.php?rest_route=\/wp\/v2\/posts\/24426\/revisions"}],"wp:featuredmedia":[{"embeddable":true,"href":"https:\/\/macite.tg\/index.php?rest_route=\/wp\/v2\/media\/24427"}],"wp:attachment":[{"href":"https:\/\/macite.tg\/index.php?rest_route=%2Fwp%2Fv2%2Fmedia&parent=24426"}],"wp:term":[{"taxonomy":"category","embeddable":true,"href":"https:\/\/macite.tg\/index.php?rest_route=%2Fwp%2Fv2%2Fcategories&post=24426"},{"taxonomy":"post_tag","embeddable":true,"href":"https:\/\/macite.tg\/index.php?rest_route=%2Fwp%2Fv2%2Ftags&post=24426"}],"curies":[{"name":"wp","href":"https:\/\/api.w.org\/{rel}","templated":true}]}}