{"id":24412,"date":"2025-08-22T17:48:08","date_gmt":"2025-08-22T17:48:08","guid":{"rendered":"https:\/\/macite.tg\/?p=24412"},"modified":"2025-08-22T17:56:00","modified_gmt":"2025-08-22T17:56:00","slug":"en-marge-de-la-ticad9-faure-essozimna-gnassingbe-a-echange-avec-une-delegation-du-gavi","status":"publish","type":"post","link":"https:\/\/macite.tg\/?p=24412","title":{"rendered":"EN MARGE DE LA TICAD9\u00a0: Faure Essozimna Gnassingb\u00e9 a \u00e9chang\u00e9 avec une d\u00e9l\u00e9gation du GAVI"},"content":{"rendered":"\n<p class=\"wp-block-paragraph\"><strong><em>Le bien-\u00eatre des populations pr\u00e9occupe au plus d\u2019un au haut sommet de l\u2019Etat togolais. En marges des travaux de la neuvi\u00e8me Conf\u00e9rence internationale de Tokyo sur le d\u00e9veloppement de l\u2019Afrique (TICAD 9), le Pr\u00e9sident du Conseil, Faure Essozimna Gnassingb\u00e9, a accord\u00e9 une audience, le 21 ao\u00fbt dernier, \u00e0 Yokohama (Japon), \u00e0 une d\u00e9l\u00e9gation l\u2019Alliance mondiale pour les vaccins et la vaccination (GAVI).<\/em><\/strong><\/p>\n\n\n\n<p class=\"wp-block-paragraph\">Conduite par la Directrice ex\u00e9cutive de l\u2019Alliance, Dr Sania Nishtar, cette d\u00e9l\u00e9gation est venue \u00e9changer avec le Pr\u00e9sident du conseil sur le renforcement de la coop\u00e9ration entre le Togo et les partenaires internationaux, en mati\u00e8re de sant\u00e9 publique, avec un accent particulier sur l\u2019acc\u00e8s \u00e9quitable aux vaccins, le renforcement des syst\u00e8mes de sant\u00e9 et la pr\u00e9paration aux urgences sanitaires, entre autres.<\/p>\n\n\n<div class=\"wp-block-image\">\n<figure class=\"aligncenter size-full is-resized\"><img loading=\"lazy\" decoding=\"async\" width=\"1000\" height=\"1000\" src=\"https:\/\/macite.tg\/wp-content\/uploads\/2025\/08\/c1e94468-209f-4e37-8825-7e26f3c0d340.jpg\" alt=\"\" class=\"wp-image-24409\" style=\"width:572px;height:auto\" srcset=\"https:\/\/macite.tg\/wp-content\/uploads\/2025\/08\/c1e94468-209f-4e37-8825-7e26f3c0d340.jpg 1000w, https:\/\/macite.tg\/wp-content\/uploads\/2025\/08\/c1e94468-209f-4e37-8825-7e26f3c0d340-300x300.jpg 300w, https:\/\/macite.tg\/wp-content\/uploads\/2025\/08\/c1e94468-209f-4e37-8825-7e26f3c0d340-150x150.jpg 150w, https:\/\/macite.tg\/wp-content\/uploads\/2025\/08\/c1e94468-209f-4e37-8825-7e26f3c0d340-768x768.jpg 768w, https:\/\/macite.tg\/wp-content\/uploads\/2025\/08\/c1e94468-209f-4e37-8825-7e26f3c0d340-122x122.jpg 122w\" sizes=\"auto, (max-width: 1000px) 100vw, 1000px\" \/><\/figure>\n<\/div>\n\n\n<p class=\"wp-block-paragraph\">Tout en saluant, au cours des \u00e9changes, l\u2019engagement constant du Pr\u00e9sident Faure Gnassingb\u00e9 en faveur de la sant\u00e9 publique et son leadership reconnu sur le continent en mati\u00e8re d\u2019acc\u00e8s aux vaccins, Dr Sania Nishtar lui a exprim\u00e9 sa reconnaissance pour son leadership \u00e0 travers le r\u00f4le d\u00e9terminant qu\u2019il joue dans la mobilisation du soutien international en faveur de l\u2019Alliance mondiale pour les vaccins et la vaccination (GAVI).<\/p>\n\n\n\n<p class=\"wp-block-paragraph\"><em>\u00ab&nbsp;Le Pr\u00e9sident du Conseil Faure Essozimna Gnassingb\u00e9 est l\u2019un des plus grands d\u00e9fenseurs de GAVI, attirant l\u2019attention du monde sur notre organisation et sollicitant du soutien pour elle. Nous sommes donc venus le remercier pour son soutien. Nous avons f\u00e9licit\u00e9 Monsieur le Pr\u00e9sident pour les progr\u00e8s r\u00e9alis\u00e9s par le Togo en mati\u00e8re de vaccination. Une r\u00e9cente enqu\u00eate ind\u00e9pendante a document\u00e9 une couverture de plus de 90 % pour les vaccins de base de l\u2019enfance dans le pays, ce qui m\u00e9rite des f\u00e9licitations au gouvernement et au peuple togolais&nbsp;\u00bb<\/em>, at-elle d\u00e9clar\u00e9.<\/p>\n\n\n\n<p class=\"wp-block-paragraph\">Les \u00e9changes ont \u00e9galement port\u00e9 sur les prochaines actions de GAVI au Togo notamment dans le cadre de la vaccination contre le paludisme. Dr Sania Nishtar s\u2019est f\u00e9licit\u00e9e des orientations du Pr\u00e9sident du Conseil pour une mise en \u0153uvre optimale de ce projet et a r\u00e9affirm\u00e9 la volont\u00e9 de GAVI d\u2019accompagner le Togo dans ses efforts de consolidation d\u2019un syst\u00e8me de sant\u00e9 plus r\u00e9silient, inclusif et durable.<\/p>\n\n\n<div class=\"wp-block-image\">\n<figure class=\"aligncenter size-full\"><img decoding=\"async\" src=\"https:\/\/macite.tg\/wp-content\/uploads\/2025\/08\/Geo-ref-1.jpg\" alt=\"\" class=\"wp-image-24339\"\/><\/figure>\n<\/div>\n\n\n<p class=\"wp-block-paragraph\"><em>\u00ab&nbsp;Nous avons \u00e9galement discut\u00e9 du lancement prochain du vaccin contre le paludisme au Togo ; ce sera le 21\u1d49<\/em><em> pays en Afrique, \u00e0 introduire ce vaccin sur le continent.&nbsp; Nous avons eu un \u00e9change tr\u00e8s approfondi avec Monsieur le Pr\u00e9sident sur les modalit\u00e9s d\u2019introduction de ce vaccin. Nous avons \u00e9t\u00e9 impressionn\u00e9s par son int\u00e9r\u00eat et son engagement pour le bien-\u00eatre des enfants de son pays. J\u2019ai \u00e9t\u00e9 heureux de souligner que GAVI continuera \u00e0 \u00eatre partenaire et \u00e0 apporter son soutien&nbsp;\u00bb<\/em>, a-t-elle pr\u00e9cis\u00e9.<\/p>\n\n\n\n<p class=\"wp-block-paragraph\">Cette audience, il faut le souligner, t\u00e9moigne une fois de plus de l\u2019importance que le Pr\u00e9sident Faure Gnassingb\u00e9 accorde \u00e0 la sant\u00e9, comme levier de d\u00e9veloppement humain, de stabilit\u00e9 sociale et de coop\u00e9ration internationale.<\/p>\n\n\n\n<p class=\"wp-block-paragraph\"><strong>La R\u00e9daction<\/strong><\/p>\n\n\n\n<p class=\"wp-block-paragraph\"><a><strong><em>@macite.tg&nbsp;&nbsp;&nbsp;&nbsp;&nbsp;&nbsp;&nbsp;&nbsp;<\/em><\/strong><\/a><\/p>\n\n\n\n<p class=\"wp-block-paragraph\"><strong><em>E-mail&nbsp;: <\/em><\/strong><a href=\"mailto:maciteinfo@gmail.com\"><strong><em>maciteinfo@gmail.com<\/em><\/strong><\/a><strong><em>; <\/em><\/strong><a href=\"mailto:bawela1@gmail.com\"><strong><em>bawela1@gmail.com<\/em><\/strong><\/a><strong><em><\/em><\/strong><\/p>\n\n\n\n<p class=\"wp-block-paragraph\"><strong><em>Pour vos annonces, (publi)reportages, etc., joignez-nous au (00228)91515309\/<strong>79872224 <\/strong><strong><\/strong><\/em><\/strong><\/p>\n\n\n\n<p class=\"wp-block-paragraph\"><strong><em>www.macite.tg, L\u2019information, la bonne&nbsp;!<\/em><\/strong><\/p>\n\n\n\n<p class=\"wp-block-paragraph\"><\/p>\n","protected":false},"excerpt":{"rendered":"<p class=\"text-justify mb-2\" >Le bien-\u00eatre des populations pr\u00e9occupe au plus d\u2019un au haut sommet de l\u2019Etat togolais. En marges des travaux de la neuvi\u00e8me Conf\u00e9rence internationale de Tokyo sur le d\u00e9veloppement de l\u2019Afrique (TICAD 9), le Pr\u00e9sident du Conseil, Faure Essozimna Gnassingb\u00e9, a accord\u00e9 une audience, le 21 [&hellip;]<\/p>\n","protected":false},"author":2,"featured_media":24415,"comment_status":"open","ping_status":"open","sticky":false,"template":"","format":"standard","meta":{"footnotes":""},"categories":[20,5],"tags":[],"class_list":["post-24412","post","type-post","status-publish","format-standard","has-post-thumbnail","hentry","category-actualite","category-sante"],"yoast_head":"<!-- This site is optimized with the Yoast SEO plugin v28.4 - https:\/\/yoast.com\/product\/yoast-seo-wordpress\/ -->\n<title>EN MARGE DE LA TICAD9\u00a0: Faure Essozimna Gnassingb\u00e9 a \u00e9chang\u00e9 avec une d\u00e9l\u00e9gation du GAVI -<\/title>\n<meta name=\"robots\" content=\"index, follow, max-snippet:-1, max-image-preview:large, max-video-preview:-1\" \/>\n<link rel=\"canonical\" href=\"https:\/\/macite.tg\/?p=24412\" \/>\n<meta property=\"og:locale\" content=\"fr_FR\" \/>\n<meta property=\"og:type\" content=\"article\" \/>\n<meta property=\"og:title\" content=\"EN MARGE DE LA TICAD9\u00a0: Faure Essozimna Gnassingb\u00e9 a \u00e9chang\u00e9 avec une d\u00e9l\u00e9gation du GAVI -\" \/>\n<meta property=\"og:description\" content=\"Le bien-\u00eatre des populations pr\u00e9occupe au plus d\u2019un au haut sommet de l\u2019Etat togolais. En marges des travaux de la neuvi\u00e8me Conf\u00e9rence internationale de Tokyo sur le d\u00e9veloppement de l\u2019Afrique (TICAD 9), le Pr\u00e9sident du Conseil, Faure Essozimna Gnassingb\u00e9, a accord\u00e9 une audience, le 21 [&hellip;]\" \/>\n<meta property=\"og:url\" content=\"https:\/\/macite.tg\/?p=24412\" \/>\n<meta property=\"article:published_time\" content=\"2025-08-22T17:48:08+00:00\" \/>\n<meta property=\"article:modified_time\" content=\"2025-08-22T17:56:00+00:00\" \/>\n<meta property=\"og:image\" content=\"https:\/\/macite.tg\/wp-content\/uploads\/2025\/08\/GAVI-A.jpg\" \/>\n\t<meta property=\"og:image:width\" content=\"500\" \/>\n\t<meta property=\"og:image:height\" content=\"400\" \/>\n\t<meta property=\"og:image:type\" content=\"image\/jpeg\" \/>\n<meta name=\"author\" content=\"Jean Pierre BAWELA\" \/>\n<meta name=\"twitter:card\" content=\"summary_large_image\" \/>\n<meta name=\"twitter:label1\" content=\"\u00c9crit par\" \/>\n\t<meta name=\"twitter:data1\" content=\"Jean Pierre BAWELA\" \/>\n\t<meta name=\"twitter:label2\" content=\"Dur\u00e9e de lecture estim\u00e9e\" \/>\n\t<meta name=\"twitter:data2\" content=\"4 minutes\" \/>\n<script type=\"application\/ld+json\" class=\"yoast-schema-graph\">{\"@context\":\"https:\\\/\\\/schema.org\",\"@graph\":[{\"@type\":\"Article\",\"@id\":\"https:\\\/\\\/macite.tg\\\/?p=24412#article\",\"isPartOf\":{\"@id\":\"https:\\\/\\\/macite.tg\\\/?p=24412\"},\"author\":{\"name\":\"Jean Pierre BAWELA\",\"@id\":\"https:\\\/\\\/macite.tg\\\/#\\\/schema\\\/person\\\/e9f2de7e5dbbe7770a9402c7ce82f5c2\"},\"headline\":\"EN MARGE DE LA TICAD9\u00a0: Faure Essozimna Gnassingb\u00e9 a \u00e9chang\u00e9 avec une d\u00e9l\u00e9gation du GAVI\",\"datePublished\":\"2025-08-22T17:48:08+00:00\",\"dateModified\":\"2025-08-22T17:56:00+00:00\",\"mainEntityOfPage\":{\"@id\":\"https:\\\/\\\/macite.tg\\\/?p=24412\"},\"wordCount\":584,\"commentCount\":0,\"image\":{\"@id\":\"https:\\\/\\\/macite.tg\\\/?p=24412#primaryimage\"},\"thumbnailUrl\":\"https:\\\/\\\/macite.tg\\\/wp-content\\\/uploads\\\/2025\\\/08\\\/GAVI-A.jpg\",\"articleSection\":[\"ACTUALITE\",\"SANTE\"],\"inLanguage\":\"fr-FR\",\"potentialAction\":[{\"@type\":\"CommentAction\",\"name\":\"Comment\",\"target\":[\"https:\\\/\\\/macite.tg\\\/?p=24412#respond\"]}]},{\"@type\":\"WebPage\",\"@id\":\"https:\\\/\\\/macite.tg\\\/?p=24412\",\"url\":\"https:\\\/\\\/macite.tg\\\/?p=24412\",\"name\":\"EN MARGE DE LA TICAD9\u00a0: Faure Essozimna Gnassingb\u00e9 a \u00e9chang\u00e9 avec une d\u00e9l\u00e9gation du GAVI -\",\"isPartOf\":{\"@id\":\"https:\\\/\\\/macite.tg\\\/#website\"},\"primaryImageOfPage\":{\"@id\":\"https:\\\/\\\/macite.tg\\\/?p=24412#primaryimage\"},\"image\":{\"@id\":\"https:\\\/\\\/macite.tg\\\/?p=24412#primaryimage\"},\"thumbnailUrl\":\"https:\\\/\\\/macite.tg\\\/wp-content\\\/uploads\\\/2025\\\/08\\\/GAVI-A.jpg\",\"datePublished\":\"2025-08-22T17:48:08+00:00\",\"dateModified\":\"2025-08-22T17:56:00+00:00\",\"author\":{\"@id\":\"https:\\\/\\\/macite.tg\\\/#\\\/schema\\\/person\\\/e9f2de7e5dbbe7770a9402c7ce82f5c2\"},\"breadcrumb\":{\"@id\":\"https:\\\/\\\/macite.tg\\\/?p=24412#breadcrumb\"},\"inLanguage\":\"fr-FR\",\"potentialAction\":[{\"@type\":\"ReadAction\",\"target\":[\"https:\\\/\\\/macite.tg\\\/?p=24412\"]}]},{\"@type\":\"ImageObject\",\"inLanguage\":\"fr-FR\",\"@id\":\"https:\\\/\\\/macite.tg\\\/?p=24412#primaryimage\",\"url\":\"https:\\\/\\\/macite.tg\\\/wp-content\\\/uploads\\\/2025\\\/08\\\/GAVI-A.jpg\",\"contentUrl\":\"https:\\\/\\\/macite.tg\\\/wp-content\\\/uploads\\\/2025\\\/08\\\/GAVI-A.jpg\",\"width\":500,\"height\":400,\"caption\":\"Poign\u00e9e de mains entre Faure Gnassingb\u00e9 et la Directrice ex\u00e9cutive du GAVAI, Dr Sania Nishtar.\"},{\"@type\":\"BreadcrumbList\",\"@id\":\"https:\\\/\\\/macite.tg\\\/?p=24412#breadcrumb\",\"itemListElement\":[{\"@type\":\"ListItem\",\"position\":1,\"name\":\"Accueil\",\"item\":\"https:\\\/\\\/macite.tg\\\/\"},{\"@type\":\"ListItem\",\"position\":2,\"name\":\"EN MARGE DE LA TICAD9\u00a0: Faure Essozimna Gnassingb\u00e9 a \u00e9chang\u00e9 avec une d\u00e9l\u00e9gation du GAVI\"}]},{\"@type\":\"WebSite\",\"@id\":\"https:\\\/\\\/macite.tg\\\/#website\",\"url\":\"https:\\\/\\\/macite.tg\\\/\",\"name\":\"\",\"description\":\"L&#039;information, la bonne!!!\",\"potentialAction\":[{\"@type\":\"SearchAction\",\"target\":{\"@type\":\"EntryPoint\",\"urlTemplate\":\"https:\\\/\\\/macite.tg\\\/?s={search_term_string}\"},\"query-input\":{\"@type\":\"PropertyValueSpecification\",\"valueRequired\":true,\"valueName\":\"search_term_string\"}}],\"inLanguage\":\"fr-FR\"},{\"@type\":\"Person\",\"@id\":\"https:\\\/\\\/macite.tg\\\/#\\\/schema\\\/person\\\/e9f2de7e5dbbe7770a9402c7ce82f5c2\",\"name\":\"Jean Pierre BAWELA\",\"image\":{\"@type\":\"ImageObject\",\"inLanguage\":\"fr-FR\",\"@id\":\"https:\\\/\\\/macite.tg\\\/wp-content\\\/uploads\\\/2023\\\/09\\\/WhatsApp-Image-2023-09-19-at-14.44.41-122x122.jpeg\",\"url\":\"https:\\\/\\\/macite.tg\\\/wp-content\\\/uploads\\\/2023\\\/09\\\/WhatsApp-Image-2023-09-19-at-14.44.41-122x122.jpeg\",\"contentUrl\":\"https:\\\/\\\/macite.tg\\\/wp-content\\\/uploads\\\/2023\\\/09\\\/WhatsApp-Image-2023-09-19-at-14.44.41-122x122.jpeg\",\"caption\":\"Jean Pierre BAWELA\"},\"url\":\"https:\\\/\\\/macite.tg\\\/?author=2\"}]}<\/script>\n<!-- \/ Yoast SEO plugin. -->","yoast_head_json":{"title":"EN MARGE DE LA TICAD9\u00a0: Faure Essozimna Gnassingb\u00e9 a \u00e9chang\u00e9 avec une d\u00e9l\u00e9gation du GAVI -","robots":{"index":"index","follow":"follow","max-snippet":"max-snippet:-1","max-image-preview":"max-image-preview:large","max-video-preview":"max-video-preview:-1"},"canonical":"https:\/\/macite.tg\/?p=24412","og_locale":"fr_FR","og_type":"article","og_title":"EN MARGE DE LA TICAD9\u00a0: Faure Essozimna Gnassingb\u00e9 a \u00e9chang\u00e9 avec une d\u00e9l\u00e9gation du GAVI -","og_description":"Le bien-\u00eatre des populations pr\u00e9occupe au plus d\u2019un au haut sommet de l\u2019Etat togolais. En marges des travaux de la neuvi\u00e8me Conf\u00e9rence internationale de Tokyo sur le d\u00e9veloppement de l\u2019Afrique (TICAD 9), le Pr\u00e9sident du Conseil, Faure Essozimna Gnassingb\u00e9, a accord\u00e9 une audience, le 21 [&hellip;]","og_url":"https:\/\/macite.tg\/?p=24412","article_published_time":"2025-08-22T17:48:08+00:00","article_modified_time":"2025-08-22T17:56:00+00:00","og_image":[{"width":500,"height":400,"url":"https:\/\/macite.tg\/wp-content\/uploads\/2025\/08\/GAVI-A.jpg","type":"image\/jpeg"}],"author":"Jean Pierre BAWELA","twitter_card":"summary_large_image","twitter_misc":{"\u00c9crit par":"Jean Pierre BAWELA","Dur\u00e9e de lecture estim\u00e9e":"4 minutes"},"schema":{"@context":"https:\/\/schema.org","@graph":[{"@type":"Article","@id":"https:\/\/macite.tg\/?p=24412#article","isPartOf":{"@id":"https:\/\/macite.tg\/?p=24412"},"author":{"name":"Jean Pierre BAWELA","@id":"https:\/\/macite.tg\/#\/schema\/person\/e9f2de7e5dbbe7770a9402c7ce82f5c2"},"headline":"EN MARGE DE LA TICAD9\u00a0: Faure Essozimna Gnassingb\u00e9 a \u00e9chang\u00e9 avec une d\u00e9l\u00e9gation du GAVI","datePublished":"2025-08-22T17:48:08+00:00","dateModified":"2025-08-22T17:56:00+00:00","mainEntityOfPage":{"@id":"https:\/\/macite.tg\/?p=24412"},"wordCount":584,"commentCount":0,"image":{"@id":"https:\/\/macite.tg\/?p=24412#primaryimage"},"thumbnailUrl":"https:\/\/macite.tg\/wp-content\/uploads\/2025\/08\/GAVI-A.jpg","articleSection":["ACTUALITE","SANTE"],"inLanguage":"fr-FR","potentialAction":[{"@type":"CommentAction","name":"Comment","target":["https:\/\/macite.tg\/?p=24412#respond"]}]},{"@type":"WebPage","@id":"https:\/\/macite.tg\/?p=24412","url":"https:\/\/macite.tg\/?p=24412","name":"EN MARGE DE LA TICAD9\u00a0: Faure Essozimna Gnassingb\u00e9 a \u00e9chang\u00e9 avec une d\u00e9l\u00e9gation du GAVI -","isPartOf":{"@id":"https:\/\/macite.tg\/#website"},"primaryImageOfPage":{"@id":"https:\/\/macite.tg\/?p=24412#primaryimage"},"image":{"@id":"https:\/\/macite.tg\/?p=24412#primaryimage"},"thumbnailUrl":"https:\/\/macite.tg\/wp-content\/uploads\/2025\/08\/GAVI-A.jpg","datePublished":"2025-08-22T17:48:08+00:00","dateModified":"2025-08-22T17:56:00+00:00","author":{"@id":"https:\/\/macite.tg\/#\/schema\/person\/e9f2de7e5dbbe7770a9402c7ce82f5c2"},"breadcrumb":{"@id":"https:\/\/macite.tg\/?p=24412#breadcrumb"},"inLanguage":"fr-FR","potentialAction":[{"@type":"ReadAction","target":["https:\/\/macite.tg\/?p=24412"]}]},{"@type":"ImageObject","inLanguage":"fr-FR","@id":"https:\/\/macite.tg\/?p=24412#primaryimage","url":"https:\/\/macite.tg\/wp-content\/uploads\/2025\/08\/GAVI-A.jpg","contentUrl":"https:\/\/macite.tg\/wp-content\/uploads\/2025\/08\/GAVI-A.jpg","width":500,"height":400,"caption":"Poign\u00e9e de mains entre Faure Gnassingb\u00e9 et la Directrice ex\u00e9cutive du GAVAI, Dr Sania Nishtar."},{"@type":"BreadcrumbList","@id":"https:\/\/macite.tg\/?p=24412#breadcrumb","itemListElement":[{"@type":"ListItem","position":1,"name":"Accueil","item":"https:\/\/macite.tg\/"},{"@type":"ListItem","position":2,"name":"EN MARGE DE LA TICAD9\u00a0: Faure Essozimna Gnassingb\u00e9 a \u00e9chang\u00e9 avec une d\u00e9l\u00e9gation du GAVI"}]},{"@type":"WebSite","@id":"https:\/\/macite.tg\/#website","url":"https:\/\/macite.tg\/","name":"","description":"L&#039;information, la bonne!!!","potentialAction":[{"@type":"SearchAction","target":{"@type":"EntryPoint","urlTemplate":"https:\/\/macite.tg\/?s={search_term_string}"},"query-input":{"@type":"PropertyValueSpecification","valueRequired":true,"valueName":"search_term_string"}}],"inLanguage":"fr-FR"},{"@type":"Person","@id":"https:\/\/macite.tg\/#\/schema\/person\/e9f2de7e5dbbe7770a9402c7ce82f5c2","name":"Jean Pierre BAWELA","image":{"@type":"ImageObject","inLanguage":"fr-FR","@id":"https:\/\/macite.tg\/wp-content\/uploads\/2023\/09\/WhatsApp-Image-2023-09-19-at-14.44.41-122x122.jpeg","url":"https:\/\/macite.tg\/wp-content\/uploads\/2023\/09\/WhatsApp-Image-2023-09-19-at-14.44.41-122x122.jpeg","contentUrl":"https:\/\/macite.tg\/wp-content\/uploads\/2023\/09\/WhatsApp-Image-2023-09-19-at-14.44.41-122x122.jpeg","caption":"Jean Pierre BAWELA"},"url":"https:\/\/macite.tg\/?author=2"}]}},"_links":{"self":[{"href":"https:\/\/macite.tg\/index.php?rest_route=\/wp\/v2\/posts\/24412","targetHints":{"allow":["GET"]}}],"collection":[{"href":"https:\/\/macite.tg\/index.php?rest_route=\/wp\/v2\/posts"}],"about":[{"href":"https:\/\/macite.tg\/index.php?rest_route=\/wp\/v2\/types\/post"}],"author":[{"embeddable":true,"href":"https:\/\/macite.tg\/index.php?rest_route=\/wp\/v2\/users\/2"}],"replies":[{"embeddable":true,"href":"https:\/\/macite.tg\/index.php?rest_route=%2Fwp%2Fv2%2Fcomments&post=24412"}],"version-history":[{"count":0,"href":"https:\/\/macite.tg\/index.php?rest_route=\/wp\/v2\/posts\/24412\/revisions"}],"wp:featuredmedia":[{"embeddable":true,"href":"https:\/\/macite.tg\/index.php?rest_route=\/wp\/v2\/media\/24415"}],"wp:attachment":[{"href":"https:\/\/macite.tg\/index.php?rest_route=%2Fwp%2Fv2%2Fmedia&parent=24412"}],"wp:term":[{"taxonomy":"category","embeddable":true,"href":"https:\/\/macite.tg\/index.php?rest_route=%2Fwp%2Fv2%2Fcategories&post=24412"},{"taxonomy":"post_tag","embeddable":true,"href":"https:\/\/macite.tg\/index.php?rest_route=%2Fwp%2Fv2%2Ftags&post=24412"}],"curies":[{"name":"wp","href":"https:\/\/api.w.org\/{rel}","templated":true}]}}