{"id":24407,"date":"2025-08-22T17:25:05","date_gmt":"2025-08-22T17:25:05","guid":{"rendered":"https:\/\/macite.tg\/?p=24407"},"modified":"2025-08-22T17:25:12","modified_gmt":"2025-08-22T17:25:12","slug":"education-langlais-introduit-deja-au-cours-moyen","status":"publish","type":"post","link":"https:\/\/macite.tg\/?p=24407","title":{"rendered":"EDUCATION : L&rsquo;Anglais introduit d\u00e9j\u00e0 au cours moyen"},"content":{"rendered":"\n<p class=\"wp-block-paragraph\"><strong><em>Dans le paysage mondial actuel o\u00f9 les fronti\u00e8res linguistiques s&rsquo;effacent au rythme des \u00e9changes \u00e9conomiques et culturels, le Togo prend des d\u00e9fis. Le gouvernement \u0153uvre \u00e0 l&rsquo;introduction progressive de l&rsquo;anglais dans le curriculum de l&rsquo;\u00e9cole primaire publique. Cette d\u00e9cision, strat\u00e9gique, vise \u00e0 outiller d\u00e8s le plus jeune \u00e2ge les citoyens face aux d\u00e9fis de l&rsquo;int\u00e9gration r\u00e9gionale et de l&rsquo;insertion professionnelle.<\/em><\/strong> <\/p>\n\n\n\n<p class=\"wp-block-paragraph\">Enseign\u00e9e \u00e0 partir du coll\u00e8ge, la langue anglaise restait inaccessible aux \u00e9l\u00e8ves des premi\u00e8res ann\u00e9es de scolarit\u00e9, accentuant les in\u00e9galit\u00e9s linguistiques d\u00e8s l&rsquo;entr\u00e9e dans le syst\u00e8me secondaire. En introduisant l&rsquo;anglais d\u00e8s le primaire, le gouvernement vise \u00e0 cr\u00e9er une familiarit\u00e9 pr\u00e9coce avec la langue de Shakespeare, en s&rsquo;appuyant sur des m\u00e9thodes ludiques, interactives et adapt\u00e9es \u00e0 l&rsquo;\u00e2ge des enfants.<\/p>\n\n\n<div class=\"wp-block-image\">\n<figure class=\"aligncenter size-full is-resized\"><img loading=\"lazy\" decoding=\"async\" width=\"1000\" height=\"1000\" src=\"https:\/\/macite.tg\/wp-content\/uploads\/2025\/08\/c1e94468-209f-4e37-8825-7e26f3c0d340.jpg\" alt=\"\" class=\"wp-image-24409\" style=\"width:528px;height:auto\" srcset=\"https:\/\/macite.tg\/wp-content\/uploads\/2025\/08\/c1e94468-209f-4e37-8825-7e26f3c0d340.jpg 1000w, https:\/\/macite.tg\/wp-content\/uploads\/2025\/08\/c1e94468-209f-4e37-8825-7e26f3c0d340-300x300.jpg 300w, https:\/\/macite.tg\/wp-content\/uploads\/2025\/08\/c1e94468-209f-4e37-8825-7e26f3c0d340-150x150.jpg 150w, https:\/\/macite.tg\/wp-content\/uploads\/2025\/08\/c1e94468-209f-4e37-8825-7e26f3c0d340-768x768.jpg 768w, https:\/\/macite.tg\/wp-content\/uploads\/2025\/08\/c1e94468-209f-4e37-8825-7e26f3c0d340-122x122.jpg 122w\" sizes=\"auto, (max-width: 1000px) 100vw, 1000px\" \/><\/figure>\n<\/div>\n\n\n<p class=\"wp-block-paragraph\">Cette r\u00e9forme repose sur le constat que l&rsquo;apprentissage d&rsquo;une langue \u00e9trang\u00e8re est d&rsquo;autant plus efficace qu&rsquo;il commence t\u00f4t. Les neurosciences confirment que les enfants sont naturellement dou\u00e9s pour acqu\u00e9rir les langues dans les premi\u00e8res ann\u00e9es de leur vie, p\u00e9riode o\u00f9 leur plasticit\u00e9 c\u00e9r\u00e9brale favorise une assimilation intuitive des sons, des structures grammaticales et des vocabulaires nouveaux.<\/p>\n\n\n\n<p class=\"wp-block-paragraph\"><strong>Faire concerner toutes les \u00e9coles primaires<\/strong><\/p>\n\n\n\n<p class=\"wp-block-paragraph\">En octobre 2022, le pays rejoignait officiellement le Commonwealth, synonyme de son ouverture au monde et des opportunit\u00e9s qu&rsquo;il pr\u00e9sente \u00e0 travers le bilinguisme fonctionnel. C&rsquo;est une \u00e8re de coop\u00e9ration qui s&rsquo;est ouverte, a appr\u00e9ci\u00e9 le pr\u00e9sident du Conseil des ministres, Faure Essozimna Gnassingb\u00e9.<\/p>\n\n\n<div class=\"wp-block-image\">\n<figure class=\"aligncenter size-full\"><img loading=\"lazy\" decoding=\"async\" width=\"851\" height=\"315\" src=\"https:\/\/macite.tg\/wp-content\/uploads\/2025\/08\/OTR_Bandeau-Renseignements.jpg\" alt=\"\" class=\"wp-image-24184\" srcset=\"https:\/\/macite.tg\/wp-content\/uploads\/2025\/08\/OTR_Bandeau-Renseignements.jpg 851w, https:\/\/macite.tg\/wp-content\/uploads\/2025\/08\/OTR_Bandeau-Renseignements-300x111.jpg 300w, https:\/\/macite.tg\/wp-content\/uploads\/2025\/08\/OTR_Bandeau-Renseignements-768x284.jpg 768w\" sizes=\"auto, (max-width: 851px) 100vw, 851px\" \/><\/figure>\n<\/div>\n\n\n<p class=\"wp-block-paragraph\"><em>\u00ab&nbsp;Notre entr\u00e9e dans la famille du Commonwealth est un stimulant incroyable pour progresser ensemble et ne laisser personne de c\u00f4t\u00e9. Je souhaite que la nouvelle aube d\u00e9voile une \u00e8re de coop\u00e9ration fructueuse, de croissance \u00e9conomique, de d\u00e9veloppement durable ainsi que d&rsquo;\u00e9panouissement social et culturel pour nous tous&nbsp;\u00bb,<\/em> avait-il formul\u00e9.<\/p>\n\n\n\n<p class=\"wp-block-paragraph\">Une des suites logiques de tout cela est l&rsquo;enseignement de l&rsquo;anglais \u00e0 bient\u00f4t s\u2019\u00e9tendre \u00e0 toutes les \u00e9coles primaires. Le Togo, apr\u00e8s l&rsquo;introduction de l&rsquo;anglais au CP1 et CP2, au CE1 et CE2, va \u00e9tendre l&rsquo;enseignement de la langue aux cours moyens 1 et 2 (CM1 et CM2) et le g\u00e9n\u00e9raliser \u00e0 l&rsquo;ensemble des \u00e9tablissements pr\u00e9scolaires et primaires du pays.<\/p>\n\n\n\n<p class=\"wp-block-paragraph\"><strong>Le changement pr\u00e9vu d\u00e8s la nouvelle rentr\u00e9e<\/strong><\/p>\n\n\n\n<p class=\"wp-block-paragraph\">La d\u00e9cision, qui devrait \u00eatre effective \u00e0 partir de la rentr\u00e9e 2025-2026, va am\u00e9liorer la qualit\u00e9 de l&rsquo;enseignement de l&rsquo;anglais dans les \u00e9coles afin de solidifier les comp\u00e9tences linguistiques des jeunes g\u00e9n\u00e9rations pour am\u00e9liorer leur employabilit\u00e9 \u00e0 long terme et assurer leur ouverture au monde, font savoir les autorit\u00e9s \u00e9ducatives.<\/p>\n\n\n<div class=\"wp-block-image\">\n<figure class=\"aligncenter size-full is-resized\"><img decoding=\"async\" src=\"https:\/\/macite.tg\/wp-content\/uploads\/2025\/08\/Geo-ref-1.jpg\" alt=\"\" class=\"wp-image-24339\" style=\"width:638px;height:auto\"\/><\/figure>\n<\/div>\n\n\n<p class=\"wp-block-paragraph\">En int\u00e9grant l&rsquo;anglais \u00e0 l&rsquo;\u00e9cole primaire, le Togo affirme sa volont\u00e9 de former des citoyens ouverts sur le monde, capables de dialoguer avec leur environnement. Une r\u00e9forme linguistique, qui, au-del\u00e0 de l&rsquo;innovation p\u00e9dagogique qu&rsquo;elle constitue, traduit une ambition nationale : celle de b\u00e2tir une soci\u00e9t\u00e9 comp\u00e9tente, connect\u00e9e et pr\u00eate \u00e0 saisir les opportunit\u00e9s du XXIe si\u00e8cle. Le pari est audacieux, mais les premiers pas laissent entrevoir un avenir o\u00f9 chaque \u00e9l\u00e8ve togolais pourra dire, avec confiance : I can speak English.<\/p>\n\n\n\n<p class=\"wp-block-paragraph\"><strong>(In LE MEDIUM n\u00b0666 du 19 au 25 Ao\u00fbt 2025)<\/strong><\/p>\n\n\n\n<p class=\"wp-block-paragraph\"><strong><em>@macite.tg&nbsp;&nbsp;&nbsp;&nbsp;&nbsp;&nbsp;&nbsp;&nbsp;<\/em><\/strong><\/p>\n\n\n\n<p class=\"wp-block-paragraph\"><strong><em>E-mail&nbsp;: <\/em><\/strong><a href=\"mailto:maciteinfo@gmail.com\"><strong><em>maciteinfo@gmail.com<\/em><\/strong><\/a><strong><em>; <\/em><\/strong><a href=\"mailto:bawela1@gmail.com\"><strong><em>bawela1@gmail.com<\/em><\/strong><\/a><strong><em><\/em><\/strong><\/p>\n\n\n\n<p class=\"wp-block-paragraph\"><strong><em>Pour vos annonces, (publi)reportages, etc., joignez-nous au (00228)91515309\/<strong>79872224 <\/strong><strong><\/strong><\/em><\/strong><\/p>\n\n\n\n<p class=\"wp-block-paragraph\"><strong><em>www.macite.tg, L\u2019information, la bonne&nbsp;!<\/em><\/strong><\/p>\n\n\n\n<p class=\"wp-block-paragraph\"><\/p>\n","protected":false},"excerpt":{"rendered":"<p class=\"text-justify mb-2\" >Dans le paysage mondial actuel o\u00f9 les fronti\u00e8res linguistiques s&rsquo;effacent au rythme des \u00e9changes \u00e9conomiques et culturels, le Togo prend des d\u00e9fis. Le gouvernement \u0153uvre \u00e0 l&rsquo;introduction progressive de l&rsquo;anglais dans le curriculum de l&rsquo;\u00e9cole primaire publique. Cette d\u00e9cision, strat\u00e9gique, vise \u00e0 outiller d\u00e8s le [&hellip;]<\/p>\n","protected":false},"author":2,"featured_media":0,"comment_status":"open","ping_status":"open","sticky":false,"template":"","format":"standard","meta":{"footnotes":""},"categories":[20,4],"tags":[],"class_list":["post-24407","post","type-post","status-publish","format-standard","hentry","category-actualite","category-education"],"yoast_head":"<!-- This site is optimized with the Yoast SEO plugin v28.4 - https:\/\/yoast.com\/product\/yoast-seo-wordpress\/ -->\n<title>EDUCATION : L&#039;Anglais introduit d\u00e9j\u00e0 au cours moyen -<\/title>\n<meta name=\"robots\" content=\"index, follow, max-snippet:-1, max-image-preview:large, max-video-preview:-1\" \/>\n<link rel=\"canonical\" href=\"https:\/\/macite.tg\/?p=24407\" \/>\n<meta property=\"og:locale\" content=\"fr_FR\" \/>\n<meta property=\"og:type\" content=\"article\" \/>\n<meta property=\"og:title\" content=\"EDUCATION : L&#039;Anglais introduit d\u00e9j\u00e0 au cours moyen -\" \/>\n<meta property=\"og:description\" content=\"Dans le paysage mondial actuel o\u00f9 les fronti\u00e8res linguistiques s&rsquo;effacent au rythme des \u00e9changes \u00e9conomiques et culturels, le Togo prend des d\u00e9fis. Le gouvernement \u0153uvre \u00e0 l&rsquo;introduction progressive de l&rsquo;anglais dans le curriculum de l&rsquo;\u00e9cole primaire publique. Cette d\u00e9cision, strat\u00e9gique, vise \u00e0 outiller d\u00e8s le [&hellip;]\" \/>\n<meta property=\"og:url\" content=\"https:\/\/macite.tg\/?p=24407\" \/>\n<meta property=\"article:published_time\" content=\"2025-08-22T17:25:05+00:00\" \/>\n<meta property=\"article:modified_time\" content=\"2025-08-22T17:25:12+00:00\" \/>\n<meta property=\"og:image\" content=\"https:\/\/macite.tg\/wp-content\/uploads\/2025\/08\/c1e94468-209f-4e37-8825-7e26f3c0d340.jpg\" \/>\n<meta name=\"author\" content=\"Jean Pierre BAWELA\" \/>\n<meta name=\"twitter:card\" content=\"summary_large_image\" \/>\n<meta name=\"twitter:label1\" content=\"\u00c9crit par\" \/>\n\t<meta name=\"twitter:data1\" content=\"Jean Pierre BAWELA\" \/>\n\t<meta name=\"twitter:label2\" content=\"Dur\u00e9e de lecture estim\u00e9e\" \/>\n\t<meta name=\"twitter:data2\" content=\"4 minutes\" \/>\n<script type=\"application\/ld+json\" class=\"yoast-schema-graph\">{\"@context\":\"https:\\\/\\\/schema.org\",\"@graph\":[{\"@type\":\"Article\",\"@id\":\"https:\\\/\\\/macite.tg\\\/?p=24407#article\",\"isPartOf\":{\"@id\":\"https:\\\/\\\/macite.tg\\\/?p=24407\"},\"author\":{\"name\":\"Jean Pierre BAWELA\",\"@id\":\"https:\\\/\\\/macite.tg\\\/#\\\/schema\\\/person\\\/e9f2de7e5dbbe7770a9402c7ce82f5c2\"},\"headline\":\"EDUCATION : L&rsquo;Anglais introduit d\u00e9j\u00e0 au cours moyen\",\"datePublished\":\"2025-08-22T17:25:05+00:00\",\"dateModified\":\"2025-08-22T17:25:12+00:00\",\"mainEntityOfPage\":{\"@id\":\"https:\\\/\\\/macite.tg\\\/?p=24407\"},\"wordCount\":608,\"commentCount\":0,\"image\":{\"@id\":\"https:\\\/\\\/macite.tg\\\/?p=24407#primaryimage\"},\"thumbnailUrl\":\"https:\\\/\\\/macite.tg\\\/wp-content\\\/uploads\\\/2025\\\/08\\\/c1e94468-209f-4e37-8825-7e26f3c0d340.jpg\",\"articleSection\":[\"ACTUALITE\",\"EDUCATION\"],\"inLanguage\":\"fr-FR\",\"potentialAction\":[{\"@type\":\"CommentAction\",\"name\":\"Comment\",\"target\":[\"https:\\\/\\\/macite.tg\\\/?p=24407#respond\"]}]},{\"@type\":\"WebPage\",\"@id\":\"https:\\\/\\\/macite.tg\\\/?p=24407\",\"url\":\"https:\\\/\\\/macite.tg\\\/?p=24407\",\"name\":\"EDUCATION : L'Anglais introduit d\u00e9j\u00e0 au cours moyen -\",\"isPartOf\":{\"@id\":\"https:\\\/\\\/macite.tg\\\/#website\"},\"primaryImageOfPage\":{\"@id\":\"https:\\\/\\\/macite.tg\\\/?p=24407#primaryimage\"},\"image\":{\"@id\":\"https:\\\/\\\/macite.tg\\\/?p=24407#primaryimage\"},\"thumbnailUrl\":\"https:\\\/\\\/macite.tg\\\/wp-content\\\/uploads\\\/2025\\\/08\\\/c1e94468-209f-4e37-8825-7e26f3c0d340.jpg\",\"datePublished\":\"2025-08-22T17:25:05+00:00\",\"dateModified\":\"2025-08-22T17:25:12+00:00\",\"author\":{\"@id\":\"https:\\\/\\\/macite.tg\\\/#\\\/schema\\\/person\\\/e9f2de7e5dbbe7770a9402c7ce82f5c2\"},\"breadcrumb\":{\"@id\":\"https:\\\/\\\/macite.tg\\\/?p=24407#breadcrumb\"},\"inLanguage\":\"fr-FR\",\"potentialAction\":[{\"@type\":\"ReadAction\",\"target\":[\"https:\\\/\\\/macite.tg\\\/?p=24407\"]}]},{\"@type\":\"ImageObject\",\"inLanguage\":\"fr-FR\",\"@id\":\"https:\\\/\\\/macite.tg\\\/?p=24407#primaryimage\",\"url\":\"https:\\\/\\\/macite.tg\\\/wp-content\\\/uploads\\\/2025\\\/08\\\/c1e94468-209f-4e37-8825-7e26f3c0d340.jpg\",\"contentUrl\":\"https:\\\/\\\/macite.tg\\\/wp-content\\\/uploads\\\/2025\\\/08\\\/c1e94468-209f-4e37-8825-7e26f3c0d340.jpg\",\"width\":1000,\"height\":1000},{\"@type\":\"BreadcrumbList\",\"@id\":\"https:\\\/\\\/macite.tg\\\/?p=24407#breadcrumb\",\"itemListElement\":[{\"@type\":\"ListItem\",\"position\":1,\"name\":\"Accueil\",\"item\":\"https:\\\/\\\/macite.tg\\\/\"},{\"@type\":\"ListItem\",\"position\":2,\"name\":\"EDUCATION : L&rsquo;Anglais introduit d\u00e9j\u00e0 au cours moyen\"}]},{\"@type\":\"WebSite\",\"@id\":\"https:\\\/\\\/macite.tg\\\/#website\",\"url\":\"https:\\\/\\\/macite.tg\\\/\",\"name\":\"\",\"description\":\"L&#039;information, la bonne!!!\",\"potentialAction\":[{\"@type\":\"SearchAction\",\"target\":{\"@type\":\"EntryPoint\",\"urlTemplate\":\"https:\\\/\\\/macite.tg\\\/?s={search_term_string}\"},\"query-input\":{\"@type\":\"PropertyValueSpecification\",\"valueRequired\":true,\"valueName\":\"search_term_string\"}}],\"inLanguage\":\"fr-FR\"},{\"@type\":\"Person\",\"@id\":\"https:\\\/\\\/macite.tg\\\/#\\\/schema\\\/person\\\/e9f2de7e5dbbe7770a9402c7ce82f5c2\",\"name\":\"Jean Pierre BAWELA\",\"image\":{\"@type\":\"ImageObject\",\"inLanguage\":\"fr-FR\",\"@id\":\"https:\\\/\\\/macite.tg\\\/wp-content\\\/uploads\\\/2023\\\/09\\\/WhatsApp-Image-2023-09-19-at-14.44.41-122x122.jpeg\",\"url\":\"https:\\\/\\\/macite.tg\\\/wp-content\\\/uploads\\\/2023\\\/09\\\/WhatsApp-Image-2023-09-19-at-14.44.41-122x122.jpeg\",\"contentUrl\":\"https:\\\/\\\/macite.tg\\\/wp-content\\\/uploads\\\/2023\\\/09\\\/WhatsApp-Image-2023-09-19-at-14.44.41-122x122.jpeg\",\"caption\":\"Jean Pierre BAWELA\"},\"url\":\"https:\\\/\\\/macite.tg\\\/?author=2\"}]}<\/script>\n<!-- \/ Yoast SEO plugin. -->","yoast_head_json":{"title":"EDUCATION : L'Anglais introduit d\u00e9j\u00e0 au cours moyen -","robots":{"index":"index","follow":"follow","max-snippet":"max-snippet:-1","max-image-preview":"max-image-preview:large","max-video-preview":"max-video-preview:-1"},"canonical":"https:\/\/macite.tg\/?p=24407","og_locale":"fr_FR","og_type":"article","og_title":"EDUCATION : L'Anglais introduit d\u00e9j\u00e0 au cours moyen -","og_description":"Dans le paysage mondial actuel o\u00f9 les fronti\u00e8res linguistiques s&rsquo;effacent au rythme des \u00e9changes \u00e9conomiques et culturels, le Togo prend des d\u00e9fis. Le gouvernement \u0153uvre \u00e0 l&rsquo;introduction progressive de l&rsquo;anglais dans le curriculum de l&rsquo;\u00e9cole primaire publique. Cette d\u00e9cision, strat\u00e9gique, vise \u00e0 outiller d\u00e8s le [&hellip;]","og_url":"https:\/\/macite.tg\/?p=24407","article_published_time":"2025-08-22T17:25:05+00:00","article_modified_time":"2025-08-22T17:25:12+00:00","og_image":[{"url":"https:\/\/macite.tg\/wp-content\/uploads\/2025\/08\/c1e94468-209f-4e37-8825-7e26f3c0d340.jpg","type":"","width":"","height":""}],"author":"Jean Pierre BAWELA","twitter_card":"summary_large_image","twitter_misc":{"\u00c9crit par":"Jean Pierre BAWELA","Dur\u00e9e de lecture estim\u00e9e":"4 minutes"},"schema":{"@context":"https:\/\/schema.org","@graph":[{"@type":"Article","@id":"https:\/\/macite.tg\/?p=24407#article","isPartOf":{"@id":"https:\/\/macite.tg\/?p=24407"},"author":{"name":"Jean Pierre BAWELA","@id":"https:\/\/macite.tg\/#\/schema\/person\/e9f2de7e5dbbe7770a9402c7ce82f5c2"},"headline":"EDUCATION : L&rsquo;Anglais introduit d\u00e9j\u00e0 au cours moyen","datePublished":"2025-08-22T17:25:05+00:00","dateModified":"2025-08-22T17:25:12+00:00","mainEntityOfPage":{"@id":"https:\/\/macite.tg\/?p=24407"},"wordCount":608,"commentCount":0,"image":{"@id":"https:\/\/macite.tg\/?p=24407#primaryimage"},"thumbnailUrl":"https:\/\/macite.tg\/wp-content\/uploads\/2025\/08\/c1e94468-209f-4e37-8825-7e26f3c0d340.jpg","articleSection":["ACTUALITE","EDUCATION"],"inLanguage":"fr-FR","potentialAction":[{"@type":"CommentAction","name":"Comment","target":["https:\/\/macite.tg\/?p=24407#respond"]}]},{"@type":"WebPage","@id":"https:\/\/macite.tg\/?p=24407","url":"https:\/\/macite.tg\/?p=24407","name":"EDUCATION : L'Anglais introduit d\u00e9j\u00e0 au cours moyen -","isPartOf":{"@id":"https:\/\/macite.tg\/#website"},"primaryImageOfPage":{"@id":"https:\/\/macite.tg\/?p=24407#primaryimage"},"image":{"@id":"https:\/\/macite.tg\/?p=24407#primaryimage"},"thumbnailUrl":"https:\/\/macite.tg\/wp-content\/uploads\/2025\/08\/c1e94468-209f-4e37-8825-7e26f3c0d340.jpg","datePublished":"2025-08-22T17:25:05+00:00","dateModified":"2025-08-22T17:25:12+00:00","author":{"@id":"https:\/\/macite.tg\/#\/schema\/person\/e9f2de7e5dbbe7770a9402c7ce82f5c2"},"breadcrumb":{"@id":"https:\/\/macite.tg\/?p=24407#breadcrumb"},"inLanguage":"fr-FR","potentialAction":[{"@type":"ReadAction","target":["https:\/\/macite.tg\/?p=24407"]}]},{"@type":"ImageObject","inLanguage":"fr-FR","@id":"https:\/\/macite.tg\/?p=24407#primaryimage","url":"https:\/\/macite.tg\/wp-content\/uploads\/2025\/08\/c1e94468-209f-4e37-8825-7e26f3c0d340.jpg","contentUrl":"https:\/\/macite.tg\/wp-content\/uploads\/2025\/08\/c1e94468-209f-4e37-8825-7e26f3c0d340.jpg","width":1000,"height":1000},{"@type":"BreadcrumbList","@id":"https:\/\/macite.tg\/?p=24407#breadcrumb","itemListElement":[{"@type":"ListItem","position":1,"name":"Accueil","item":"https:\/\/macite.tg\/"},{"@type":"ListItem","position":2,"name":"EDUCATION : L&rsquo;Anglais introduit d\u00e9j\u00e0 au cours moyen"}]},{"@type":"WebSite","@id":"https:\/\/macite.tg\/#website","url":"https:\/\/macite.tg\/","name":"","description":"L&#039;information, la bonne!!!","potentialAction":[{"@type":"SearchAction","target":{"@type":"EntryPoint","urlTemplate":"https:\/\/macite.tg\/?s={search_term_string}"},"query-input":{"@type":"PropertyValueSpecification","valueRequired":true,"valueName":"search_term_string"}}],"inLanguage":"fr-FR"},{"@type":"Person","@id":"https:\/\/macite.tg\/#\/schema\/person\/e9f2de7e5dbbe7770a9402c7ce82f5c2","name":"Jean Pierre BAWELA","image":{"@type":"ImageObject","inLanguage":"fr-FR","@id":"https:\/\/macite.tg\/wp-content\/uploads\/2023\/09\/WhatsApp-Image-2023-09-19-at-14.44.41-122x122.jpeg","url":"https:\/\/macite.tg\/wp-content\/uploads\/2023\/09\/WhatsApp-Image-2023-09-19-at-14.44.41-122x122.jpeg","contentUrl":"https:\/\/macite.tg\/wp-content\/uploads\/2023\/09\/WhatsApp-Image-2023-09-19-at-14.44.41-122x122.jpeg","caption":"Jean Pierre BAWELA"},"url":"https:\/\/macite.tg\/?author=2"}]}},"_links":{"self":[{"href":"https:\/\/macite.tg\/index.php?rest_route=\/wp\/v2\/posts\/24407","targetHints":{"allow":["GET"]}}],"collection":[{"href":"https:\/\/macite.tg\/index.php?rest_route=\/wp\/v2\/posts"}],"about":[{"href":"https:\/\/macite.tg\/index.php?rest_route=\/wp\/v2\/types\/post"}],"author":[{"embeddable":true,"href":"https:\/\/macite.tg\/index.php?rest_route=\/wp\/v2\/users\/2"}],"replies":[{"embeddable":true,"href":"https:\/\/macite.tg\/index.php?rest_route=%2Fwp%2Fv2%2Fcomments&post=24407"}],"version-history":[{"count":0,"href":"https:\/\/macite.tg\/index.php?rest_route=\/wp\/v2\/posts\/24407\/revisions"}],"wp:attachment":[{"href":"https:\/\/macite.tg\/index.php?rest_route=%2Fwp%2Fv2%2Fmedia&parent=24407"}],"wp:term":[{"taxonomy":"category","embeddable":true,"href":"https:\/\/macite.tg\/index.php?rest_route=%2Fwp%2Fv2%2Fcategories&post=24407"},{"taxonomy":"post_tag","embeddable":true,"href":"https:\/\/macite.tg\/index.php?rest_route=%2Fwp%2Fv2%2Ftags&post=24407"}],"curies":[{"name":"wp","href":"https:\/\/api.w.org\/{rel}","templated":true}]}}