{"id":24394,"date":"2025-08-22T12:15:23","date_gmt":"2025-08-22T12:15:23","guid":{"rendered":"https:\/\/macite.tg\/?p=24394"},"modified":"2025-08-22T12:16:01","modified_gmt":"2025-08-22T12:16:01","slug":"ticad-9-investissement-et-transformation-de-lafrique-lindustrialisation-africaine-doit-etre-a-la-fois-co-creee-et-localisee-transformer-nos-ressources-chez-nous","status":"publish","type":"post","link":"https:\/\/macite.tg\/?p=24394","title":{"rendered":"TICAD 9\/ INVESTISSEMENT ET TRANSFORMATION DE L\u2019AFRIQUE\u00a0: \u00ab\u00a0L\u2019industrialisation africaine doit \u00eatre \u00e0 la fois co-cr\u00e9\u00e9e et localis\u00e9e. Transformer nos ressources chez nous (\u2026)\u00a0\u00bb (Faure Gnassingb\u00e9)"},"content":{"rendered":"\n<p class=\"wp-block-paragraph\"><strong><em>Hier 21 ao\u00fbt a eu lieu \u00e0 Yokohama, au Japon, la seconde pl\u00e9ni\u00e8re de haut niveau de la TICAD9, consacr\u00e9e \u00e0 la promotion du commerce et de l\u2019investissement. A cette occasion, le Pr\u00e9sident du Conseil, Faure Essozimna Gnassingb\u00e9, a r\u00e9affirm\u00e9 la n\u00e9cessit\u00e9 de faire du partenariat multilat\u00e9ral, un axe fondamental de la diplomatie \u00e9conomique des pays du continent. Une mani\u00e8re pour le pr\u00e9sident du conseil et le Togo de contribuer activement \u00e0 de nouveaux \u00e9quilibres mondiaux.<\/em><\/strong><\/p>\n\n\n\n<p class=\"wp-block-paragraph\">Avec des chefs d\u2019Etat et de gouvernement, et devant un parterre d\u2019investisseurs et d\u2019op\u00e9rateurs \u00e9conomiques, le Pr\u00e9sident du Conseil a partag\u00e9 sa vision strat\u00e9gique et ambitieuse du d\u00e9veloppement africain.&nbsp;<\/p>\n\n\n\n<p class=\"wp-block-paragraph\">Cette approche articule industrialisation enracin\u00e9e, innovation num\u00e9rique inclusive, et r\u00e9forme de l\u2019architecture financi\u00e8re mondiale, autant de piliers que le Togo place au c\u0153ur de son action diplomatique et \u00e9conomique.<\/p>\n\n\n<div class=\"wp-block-image\">\n<figure class=\"aligncenter size-full\"><img loading=\"lazy\" decoding=\"async\" width=\"851\" height=\"315\" src=\"https:\/\/macite.tg\/wp-content\/uploads\/2025\/08\/OTR_Bandeau-Renseignements.jpg\" alt=\"\" class=\"wp-image-24184\" srcset=\"https:\/\/macite.tg\/wp-content\/uploads\/2025\/08\/OTR_Bandeau-Renseignements.jpg 851w, https:\/\/macite.tg\/wp-content\/uploads\/2025\/08\/OTR_Bandeau-Renseignements-300x111.jpg 300w, https:\/\/macite.tg\/wp-content\/uploads\/2025\/08\/OTR_Bandeau-Renseignements-768x284.jpg 768w\" sizes=\"auto, (max-width: 851px) 100vw, 851px\" \/><\/figure>\n<\/div>\n\n\n<p class=\"wp-block-paragraph\"><strong><em>Une industrialisation locale, fond\u00e9e sur des partenariats durables<\/em><\/strong><\/p>\n\n\n\n<p class=\"wp-block-paragraph\">Pour relever les d\u00e9fis de la promotion du commerce et de l\u2019investissement sur le continent, le Pr\u00e9sident du Conseil a d\u2019abord soulign\u00e9 l\u2019urgence pour le continent de b\u00e2tir une industrialisation endog\u00e8ne, adapt\u00e9e aux r\u00e9alit\u00e9s locales et port\u00e9e par une dynamique de partenariat.<\/p>\n\n\n\n<p class=\"wp-block-paragraph\"><em>\u00ab L\u2019industrialisation ne saurait \u00eatre un mod\u00e8le import\u00e9. L\u2019industrialisation africaine doit \u00eatre \u00e0 la fois co-cr\u00e9\u00e9e et localis\u00e9e. Transformer nos ressources chez nous, c\u2019est cr\u00e9er des emplois, capter la valeur ajout\u00e9e et r\u00e9duire notre d\u00e9pendance.<\/em>&nbsp;\u00bb<\/p>\n\n\n\n<p class=\"wp-block-paragraph\">Prenant l\u2019exemple du Togo, le Pr\u00e9sident du Conseil a mis en lumi\u00e8re les efforts engag\u00e9s pour valoriser les ressources nationales \u00e0 travers la transformation locale, la cr\u00e9ation de cha\u00eenes de valeur r\u00e9gionales, et la mise en place de zones industrielles sp\u00e9cialis\u00e9es. Le pays, dans cette dynamique, s\u2019est r\u00e9solument tourn\u00e9 vers des partenaires strat\u00e9giques comme le Japon pour d\u00e9velopper des \u00e9cosyst\u00e8mes industriels int\u00e9gr\u00e9s et durables.<\/p>\n\n\n\n<p class=\"wp-block-paragraph\"><em>\u00ab&nbsp;L\u2019industrialisation est un projet partag\u00e9, pas un produit import\u00e9. Au Togo, nous d\u00e9veloppons des zones industrielles sp\u00e9cialis\u00e9es, int\u00e9gr\u00e9es aux cha\u00eenes r\u00e9gionales et ouvertes \u00e0 des partenariats de long terme, avec des partenaires comme le Japon. Nous voulons adapter les technologies \u00e0 nos r\u00e9alit\u00e9s, former nos talents et garantir des infrastructures fiables \u00bb.<\/em><\/p>\n\n\n<div class=\"wp-block-image\">\n<figure class=\"aligncenter size-full is-resized\"><img decoding=\"async\" src=\"https:\/\/macite.tg\/wp-content\/uploads\/2025\/08\/Geo-ref-1.jpg\" alt=\"\" class=\"wp-image-24339\" style=\"width:616px;height:auto\"\/><\/figure>\n<\/div>\n\n\n<p class=\"wp-block-paragraph\"><strong><em>Le num\u00e9rique comme vecteur de transformation et d\u2019inclusion<\/em><\/strong><\/p>\n\n\n\n<p class=\"wp-block-paragraph\">En plus de l\u2019industrialisation, le Pr\u00e9sident du Conseil a mis en relief le potentiel transformateur du num\u00e9rique, comme un levier de productivit\u00e9, d\u2019\u00e9quit\u00e9 et d\u2019inclusion. Le Togo, pionnier en mati\u00e8re de gouvernance digitale, investit dans les infrastructures souveraines, les centres de donn\u00e9es, l\u2019intelligence artificielle et l\u2019utilisation strat\u00e9gique des donn\u00e9es.<\/p>\n\n\n\n<p class=\"wp-block-paragraph\"><em>\u00ab Le num\u00e9rique ne doit pas \u00eatre r\u00e9serv\u00e9 au capital ou aux grandes entreprises. Il doit irriguer l\u2019agriculture, la logistique, les PME, les services publics. Le Togo investit dans des infrastructures souveraines, dans la donn\u00e9e et dans l\u2019intelligence artificielle, au service de solutions concr\u00e8tes \u00bb.<\/em><\/p>\n\n\n\n<p class=\"wp-block-paragraph\">Cette ambition s\u2019inscrit dans une volont\u00e9 de b\u00e2tir, avec des partenaires comme le Japon, un \u00e9cosyst\u00e8me num\u00e9rique africain s\u00e9curis\u00e9, \u00e9quitable et au service de l\u2019autonomie technologique du continent.<\/p>\n\n\n\n<p class=\"wp-block-paragraph\"><strong><em>Un appel pour une r\u00e9forme de la finance mondiale<\/em><\/strong><\/p>\n\n\n\n<p class=\"wp-block-paragraph\">Enfin, le Pr\u00e9sident du Conseil a plaid\u00e9 pour une transformation structurelle de l\u2019architecture financi\u00e8re internationale. Il a d\u00e9nonc\u00e9 des crit\u00e8res d\u2019endettement souvent inadapt\u00e9s aux \u00e9conomies africaines.<\/p>\n\n\n<div class=\"wp-block-image\">\n<figure class=\"aligncenter size-full is-resized\"><img loading=\"lazy\" decoding=\"async\" width=\"690\" height=\"170\" src=\"https:\/\/macite.tg\/wp-content\/uploads\/2025\/08\/OTR_TVM-1.jpg\" alt=\"\" class=\"wp-image-24129\" style=\"width:840px;height:auto\" srcset=\"https:\/\/macite.tg\/wp-content\/uploads\/2025\/08\/OTR_TVM-1.jpg 690w, https:\/\/macite.tg\/wp-content\/uploads\/2025\/08\/OTR_TVM-1-300x74.jpg 300w\" sizes=\"auto, (max-width: 690px) 100vw, 690px\" \/><\/figure>\n<\/div>\n\n\n<p class=\"wp-block-paragraph\"><em>\u00ab&nbsp;La finance durable est la cl\u00e9 de notre croissance souveraine et r\u00e9siliente. Nous devons pouvoir financer nos infrastructures, notre \u00e9nergie, notre capital humain, sans \u00eatre p\u00e9nalis\u00e9s par des crit\u00e8res de dette qui ne tiennent pas compte de nos r\u00e9alit\u00e9s. Nous plaidons pour une architecture financi\u00e8re plus \u00e9quitable qui distingue clairement entre dettes improductives et investissements strat\u00e9giques, avec des instruments financiers comme les obligations vertes ou les financements mixtes&nbsp;\u00bb.<\/em><\/p>\n\n\n\n<p class=\"wp-block-paragraph\">Le Pr\u00e9sident du Conseil a \u00e9galement soulign\u00e9 l\u2019importance d\u2019un acc\u00e8s \u00e9largi aux ressources pour investir dans les infrastructures, l\u2019\u00e9nergie et le capital humain, piliers essentiels d\u2019un d\u00e9veloppement durable et souverain.<\/p>\n\n\n\n<p class=\"wp-block-paragraph\"><strong><em>Une voix africaine audacieuse et unie<\/em><\/strong><\/p>\n\n\n\n<p class=\"wp-block-paragraph\">Au-del\u00e0 de l\u2019exp\u00e9rience togolaise, c\u2019est une vision panafricaine que le Pr\u00e9sident du Conseil, Faure Essozimna Gnassingb\u00e9 est venu d\u00e9fendre \u00e0 Yokohama, celle d\u2019une Afrique qui valorise ses ressources, qui construit son avenir sur ses propres termes, et qui s\u2019affirme comme un partenaire fiable, ambitieux et respectueux de ses engagements.<\/p>\n\n\n\n<p class=\"wp-block-paragraph\"><em>\u00ab Le commerce et l\u2019investissement ne doivent pas se r\u00e9sumer \u00e0 des indicateurs de croissance. Ils doivent \u00eatre des leviers de souverainet\u00e9, d\u2019inclusion pour tous les Africains \u00bb,<\/em> a-t-il conclu, appelant \u00e0 un renouvellement strat\u00e9gique de la coop\u00e9ration entre l\u2019Afrique et ses partenaires techniques et financiers.<\/p>\n\n\n\n<p class=\"wp-block-paragraph\">Le Togo confirme ainsi sa place parmi les nations africaines qui construisent activement les nouveaux \u00e9quilibres mondiaux. Dans un esprit de dialogue, d\u2019innovation et de partenariat, Lom\u00e9 entend poursuivre, avec constance, dext\u00e9rit\u00e9 et conviction, sa marche vers une souverainet\u00e9 \u00e9conomique durable et partag\u00e9e.<\/p>\n\n\n<div class=\"wp-block-image\">\n<figure class=\"aligncenter size-large is-resized\"><img loading=\"lazy\" decoding=\"async\" width=\"741\" height=\"1024\" src=\"https:\/\/macite.tg\/wp-content\/uploads\/2025\/08\/FORMATIONS-A-LA-CARTE-1-741x1024.png\" alt=\"\" class=\"wp-image-24174\" style=\"width:563px;height:auto\" srcset=\"https:\/\/macite.tg\/wp-content\/uploads\/2025\/08\/FORMATIONS-A-LA-CARTE-1-741x1024.png 741w, https:\/\/macite.tg\/wp-content\/uploads\/2025\/08\/FORMATIONS-A-LA-CARTE-1-217x300.png 217w, https:\/\/macite.tg\/wp-content\/uploads\/2025\/08\/FORMATIONS-A-LA-CARTE-1-768x1061.png 768w, https:\/\/macite.tg\/wp-content\/uploads\/2025\/08\/FORMATIONS-A-LA-CARTE-1-1112x1536.png 1112w, https:\/\/macite.tg\/wp-content\/uploads\/2025\/08\/FORMATIONS-A-LA-CARTE-1-1483x2048.png 1483w\" sizes=\"auto, (max-width: 741px) 100vw, 741px\" \/><\/figure>\n<\/div>\n\n\n<p class=\"wp-block-paragraph\">Pour rappel, la Conf\u00e9rence internationale de Tokyo sur le d\u00e9veloppement de l\u2019Afrique (TICAD) est cr\u00e9\u00e9e en 1993 \u00e0 l\u2019initiative du gouvernement japonais et ses partenaires au d\u00e9veloppement pour servir de plateforme majeure de dialogue politique et de coop\u00e9ration \u00e9conomique entre le Japon et l\u2019Afrique. Elle incarne aujourd\u2019hui un cadre privil\u00e9gi\u00e9 pour mobiliser les investissements, les technologies et la confiance, en faveur du d\u00e9veloppement durable du continent.<\/p>\n\n\n\n<p class=\"wp-block-paragraph\"><strong>La R\u00e9daction<\/strong><\/p>\n\n\n\n<p class=\"wp-block-paragraph\"><a><strong><em>@macite.tg&nbsp;&nbsp;&nbsp;&nbsp;&nbsp;&nbsp;&nbsp;&nbsp;<\/em><\/strong><\/a><\/p>\n\n\n\n<p class=\"wp-block-paragraph\"><strong><em>E-mail&nbsp;: <\/em><\/strong><a href=\"mailto:maciteinfo@gmail.com\"><strong><em>maciteinfo@gmail.com<\/em><\/strong><\/a><strong><em>; <\/em><\/strong><a href=\"mailto:bawela1@gmail.com\"><strong><em>bawela1@gmail.com<\/em><\/strong><\/a><strong><em><\/em><\/strong><\/p>\n\n\n\n<p class=\"wp-block-paragraph\"><strong><em>Pour vos annonces, (publi)reportages, etc., joignez-nous au (00228)91515309\/<strong>79872224 <\/strong><strong><\/strong><\/em><\/strong><\/p>\n\n\n\n<p class=\"wp-block-paragraph\"><strong><em>www.macite.tg, L\u2019information, la bonne&nbsp;!<\/em><\/strong><\/p>\n\n\n\n<p class=\"wp-block-paragraph\"><\/p>\n","protected":false},"excerpt":{"rendered":"<p class=\"text-justify mb-2\" >Hier 21 ao\u00fbt a eu lieu \u00e0 Yokohama, au Japon, la seconde pl\u00e9ni\u00e8re de haut niveau de la TICAD9, consacr\u00e9e \u00e0 la promotion du commerce et de l\u2019investissement. A cette occasion, le Pr\u00e9sident du Conseil, Faure Essozimna Gnassingb\u00e9, a r\u00e9affirm\u00e9 la n\u00e9cessit\u00e9 de faire du [&hellip;]<\/p>\n","protected":false},"author":2,"featured_media":24395,"comment_status":"open","ping_status":"open","sticky":false,"template":"","format":"standard","meta":{"footnotes":""},"categories":[20,15],"tags":[],"class_list":["post-24394","post","type-post","status-publish","format-standard","has-post-thumbnail","hentry","category-actualite","category-developpement"],"yoast_head":"<!-- This site is optimized with the Yoast SEO plugin v28.4 - https:\/\/yoast.com\/product\/yoast-seo-wordpress\/ -->\n<title>TICAD 9\/ INVESTISSEMENT ET TRANSFORMATION DE L\u2019AFRIQUE\u00a0: \u00ab\u00a0L\u2019industrialisation africaine doit \u00eatre \u00e0 la fois co-cr\u00e9\u00e9e et localis\u00e9e. Transformer nos ressources chez nous (\u2026)\u00a0\u00bb (Faure Gnassingb\u00e9) -<\/title>\n<meta name=\"robots\" content=\"index, follow, max-snippet:-1, max-image-preview:large, max-video-preview:-1\" \/>\n<link rel=\"canonical\" href=\"https:\/\/macite.tg\/?p=24394\" \/>\n<meta property=\"og:locale\" content=\"fr_FR\" \/>\n<meta property=\"og:type\" content=\"article\" \/>\n<meta property=\"og:title\" content=\"TICAD 9\/ INVESTISSEMENT ET TRANSFORMATION DE L\u2019AFRIQUE\u00a0: \u00ab\u00a0L\u2019industrialisation africaine doit \u00eatre \u00e0 la fois co-cr\u00e9\u00e9e et localis\u00e9e. Transformer nos ressources chez nous (\u2026)\u00a0\u00bb (Faure Gnassingb\u00e9) -\" \/>\n<meta property=\"og:description\" content=\"Hier 21 ao\u00fbt a eu lieu \u00e0 Yokohama, au Japon, la seconde pl\u00e9ni\u00e8re de haut niveau de la TICAD9, consacr\u00e9e \u00e0 la promotion du commerce et de l\u2019investissement. A cette occasion, le Pr\u00e9sident du Conseil, Faure Essozimna Gnassingb\u00e9, a r\u00e9affirm\u00e9 la n\u00e9cessit\u00e9 de faire du [&hellip;]\" \/>\n<meta property=\"og:url\" content=\"https:\/\/macite.tg\/?p=24394\" \/>\n<meta property=\"article:published_time\" content=\"2025-08-22T12:15:23+00:00\" \/>\n<meta property=\"article:modified_time\" content=\"2025-08-22T12:16:01+00:00\" \/>\n<meta property=\"og:image\" content=\"https:\/\/macite.tg\/wp-content\/uploads\/2025\/08\/d212c5cf-df52-401d-8d35-ee47f4860e2a.jpg\" \/>\n\t<meta property=\"og:image:width\" content=\"500\" \/>\n\t<meta property=\"og:image:height\" content=\"400\" \/>\n\t<meta property=\"og:image:type\" content=\"image\/jpeg\" \/>\n<meta name=\"author\" content=\"Jean Pierre BAWELA\" \/>\n<meta name=\"twitter:card\" content=\"summary_large_image\" \/>\n<meta name=\"twitter:label1\" content=\"\u00c9crit par\" \/>\n\t<meta name=\"twitter:data1\" content=\"Jean Pierre BAWELA\" \/>\n\t<meta name=\"twitter:label2\" content=\"Dur\u00e9e de lecture estim\u00e9e\" \/>\n\t<meta name=\"twitter:data2\" content=\"6 minutes\" \/>\n<script type=\"application\/ld+json\" class=\"yoast-schema-graph\">{\"@context\":\"https:\\\/\\\/schema.org\",\"@graph\":[{\"@type\":\"Article\",\"@id\":\"https:\\\/\\\/macite.tg\\\/?p=24394#article\",\"isPartOf\":{\"@id\":\"https:\\\/\\\/macite.tg\\\/?p=24394\"},\"author\":{\"name\":\"Jean Pierre BAWELA\",\"@id\":\"https:\\\/\\\/macite.tg\\\/#\\\/schema\\\/person\\\/e9f2de7e5dbbe7770a9402c7ce82f5c2\"},\"headline\":\"TICAD 9\\\/ INVESTISSEMENT ET TRANSFORMATION DE L\u2019AFRIQUE\u00a0: \u00ab\u00a0L\u2019industrialisation africaine doit \u00eatre \u00e0 la fois co-cr\u00e9\u00e9e et localis\u00e9e. Transformer nos ressources chez nous (\u2026)\u00a0\u00bb (Faure Gnassingb\u00e9)\",\"datePublished\":\"2025-08-22T12:15:23+00:00\",\"dateModified\":\"2025-08-22T12:16:01+00:00\",\"mainEntityOfPage\":{\"@id\":\"https:\\\/\\\/macite.tg\\\/?p=24394\"},\"wordCount\":1004,\"commentCount\":0,\"image\":{\"@id\":\"https:\\\/\\\/macite.tg\\\/?p=24394#primaryimage\"},\"thumbnailUrl\":\"https:\\\/\\\/macite.tg\\\/wp-content\\\/uploads\\\/2025\\\/08\\\/d212c5cf-df52-401d-8d35-ee47f4860e2a.jpg\",\"articleSection\":[\"ACTUALITE\",\"DEVELOPPEMENT\"],\"inLanguage\":\"fr-FR\",\"potentialAction\":[{\"@type\":\"CommentAction\",\"name\":\"Comment\",\"target\":[\"https:\\\/\\\/macite.tg\\\/?p=24394#respond\"]}]},{\"@type\":\"WebPage\",\"@id\":\"https:\\\/\\\/macite.tg\\\/?p=24394\",\"url\":\"https:\\\/\\\/macite.tg\\\/?p=24394\",\"name\":\"TICAD 9\\\/ INVESTISSEMENT ET TRANSFORMATION DE L\u2019AFRIQUE\u00a0: \u00ab\u00a0L\u2019industrialisation africaine doit \u00eatre \u00e0 la fois co-cr\u00e9\u00e9e et localis\u00e9e. Transformer nos ressources chez nous (\u2026)\u00a0\u00bb (Faure Gnassingb\u00e9) -\",\"isPartOf\":{\"@id\":\"https:\\\/\\\/macite.tg\\\/#website\"},\"primaryImageOfPage\":{\"@id\":\"https:\\\/\\\/macite.tg\\\/?p=24394#primaryimage\"},\"image\":{\"@id\":\"https:\\\/\\\/macite.tg\\\/?p=24394#primaryimage\"},\"thumbnailUrl\":\"https:\\\/\\\/macite.tg\\\/wp-content\\\/uploads\\\/2025\\\/08\\\/d212c5cf-df52-401d-8d35-ee47f4860e2a.jpg\",\"datePublished\":\"2025-08-22T12:15:23+00:00\",\"dateModified\":\"2025-08-22T12:16:01+00:00\",\"author\":{\"@id\":\"https:\\\/\\\/macite.tg\\\/#\\\/schema\\\/person\\\/e9f2de7e5dbbe7770a9402c7ce82f5c2\"},\"breadcrumb\":{\"@id\":\"https:\\\/\\\/macite.tg\\\/?p=24394#breadcrumb\"},\"inLanguage\":\"fr-FR\",\"potentialAction\":[{\"@type\":\"ReadAction\",\"target\":[\"https:\\\/\\\/macite.tg\\\/?p=24394\"]}]},{\"@type\":\"ImageObject\",\"inLanguage\":\"fr-FR\",\"@id\":\"https:\\\/\\\/macite.tg\\\/?p=24394#primaryimage\",\"url\":\"https:\\\/\\\/macite.tg\\\/wp-content\\\/uploads\\\/2025\\\/08\\\/d212c5cf-df52-401d-8d35-ee47f4860e2a.jpg\",\"contentUrl\":\"https:\\\/\\\/macite.tg\\\/wp-content\\\/uploads\\\/2025\\\/08\\\/d212c5cf-df52-401d-8d35-ee47f4860e2a.jpg\",\"width\":500,\"height\":400,\"caption\":\"Le PC Faure Gnassingb\u00e9\"},{\"@type\":\"BreadcrumbList\",\"@id\":\"https:\\\/\\\/macite.tg\\\/?p=24394#breadcrumb\",\"itemListElement\":[{\"@type\":\"ListItem\",\"position\":1,\"name\":\"Accueil\",\"item\":\"https:\\\/\\\/macite.tg\\\/\"},{\"@type\":\"ListItem\",\"position\":2,\"name\":\"TICAD 9\\\/ INVESTISSEMENT ET TRANSFORMATION DE L\u2019AFRIQUE\u00a0: \u00ab\u00a0L\u2019industrialisation africaine doit \u00eatre \u00e0 la fois co-cr\u00e9\u00e9e et localis\u00e9e. Transformer nos ressources chez nous (\u2026)\u00a0\u00bb (Faure Gnassingb\u00e9)\"}]},{\"@type\":\"WebSite\",\"@id\":\"https:\\\/\\\/macite.tg\\\/#website\",\"url\":\"https:\\\/\\\/macite.tg\\\/\",\"name\":\"\",\"description\":\"L&#039;information, la bonne!!!\",\"potentialAction\":[{\"@type\":\"SearchAction\",\"target\":{\"@type\":\"EntryPoint\",\"urlTemplate\":\"https:\\\/\\\/macite.tg\\\/?s={search_term_string}\"},\"query-input\":{\"@type\":\"PropertyValueSpecification\",\"valueRequired\":true,\"valueName\":\"search_term_string\"}}],\"inLanguage\":\"fr-FR\"},{\"@type\":\"Person\",\"@id\":\"https:\\\/\\\/macite.tg\\\/#\\\/schema\\\/person\\\/e9f2de7e5dbbe7770a9402c7ce82f5c2\",\"name\":\"Jean Pierre BAWELA\",\"image\":{\"@type\":\"ImageObject\",\"inLanguage\":\"fr-FR\",\"@id\":\"https:\\\/\\\/macite.tg\\\/wp-content\\\/uploads\\\/2023\\\/09\\\/WhatsApp-Image-2023-09-19-at-14.44.41-122x122.jpeg\",\"url\":\"https:\\\/\\\/macite.tg\\\/wp-content\\\/uploads\\\/2023\\\/09\\\/WhatsApp-Image-2023-09-19-at-14.44.41-122x122.jpeg\",\"contentUrl\":\"https:\\\/\\\/macite.tg\\\/wp-content\\\/uploads\\\/2023\\\/09\\\/WhatsApp-Image-2023-09-19-at-14.44.41-122x122.jpeg\",\"caption\":\"Jean Pierre BAWELA\"},\"url\":\"https:\\\/\\\/macite.tg\\\/?author=2\"}]}<\/script>\n<!-- \/ Yoast SEO plugin. -->","yoast_head_json":{"title":"TICAD 9\/ INVESTISSEMENT ET TRANSFORMATION DE L\u2019AFRIQUE\u00a0: \u00ab\u00a0L\u2019industrialisation africaine doit \u00eatre \u00e0 la fois co-cr\u00e9\u00e9e et localis\u00e9e. Transformer nos ressources chez nous (\u2026)\u00a0\u00bb (Faure Gnassingb\u00e9) -","robots":{"index":"index","follow":"follow","max-snippet":"max-snippet:-1","max-image-preview":"max-image-preview:large","max-video-preview":"max-video-preview:-1"},"canonical":"https:\/\/macite.tg\/?p=24394","og_locale":"fr_FR","og_type":"article","og_title":"TICAD 9\/ INVESTISSEMENT ET TRANSFORMATION DE L\u2019AFRIQUE\u00a0: \u00ab\u00a0L\u2019industrialisation africaine doit \u00eatre \u00e0 la fois co-cr\u00e9\u00e9e et localis\u00e9e. Transformer nos ressources chez nous (\u2026)\u00a0\u00bb (Faure Gnassingb\u00e9) -","og_description":"Hier 21 ao\u00fbt a eu lieu \u00e0 Yokohama, au Japon, la seconde pl\u00e9ni\u00e8re de haut niveau de la TICAD9, consacr\u00e9e \u00e0 la promotion du commerce et de l\u2019investissement. A cette occasion, le Pr\u00e9sident du Conseil, Faure Essozimna Gnassingb\u00e9, a r\u00e9affirm\u00e9 la n\u00e9cessit\u00e9 de faire du [&hellip;]","og_url":"https:\/\/macite.tg\/?p=24394","article_published_time":"2025-08-22T12:15:23+00:00","article_modified_time":"2025-08-22T12:16:01+00:00","og_image":[{"width":500,"height":400,"url":"https:\/\/macite.tg\/wp-content\/uploads\/2025\/08\/d212c5cf-df52-401d-8d35-ee47f4860e2a.jpg","type":"image\/jpeg"}],"author":"Jean Pierre BAWELA","twitter_card":"summary_large_image","twitter_misc":{"\u00c9crit par":"Jean Pierre BAWELA","Dur\u00e9e de lecture estim\u00e9e":"6 minutes"},"schema":{"@context":"https:\/\/schema.org","@graph":[{"@type":"Article","@id":"https:\/\/macite.tg\/?p=24394#article","isPartOf":{"@id":"https:\/\/macite.tg\/?p=24394"},"author":{"name":"Jean Pierre BAWELA","@id":"https:\/\/macite.tg\/#\/schema\/person\/e9f2de7e5dbbe7770a9402c7ce82f5c2"},"headline":"TICAD 9\/ INVESTISSEMENT ET TRANSFORMATION DE L\u2019AFRIQUE\u00a0: \u00ab\u00a0L\u2019industrialisation africaine doit \u00eatre \u00e0 la fois co-cr\u00e9\u00e9e et localis\u00e9e. Transformer nos ressources chez nous (\u2026)\u00a0\u00bb (Faure Gnassingb\u00e9)","datePublished":"2025-08-22T12:15:23+00:00","dateModified":"2025-08-22T12:16:01+00:00","mainEntityOfPage":{"@id":"https:\/\/macite.tg\/?p=24394"},"wordCount":1004,"commentCount":0,"image":{"@id":"https:\/\/macite.tg\/?p=24394#primaryimage"},"thumbnailUrl":"https:\/\/macite.tg\/wp-content\/uploads\/2025\/08\/d212c5cf-df52-401d-8d35-ee47f4860e2a.jpg","articleSection":["ACTUALITE","DEVELOPPEMENT"],"inLanguage":"fr-FR","potentialAction":[{"@type":"CommentAction","name":"Comment","target":["https:\/\/macite.tg\/?p=24394#respond"]}]},{"@type":"WebPage","@id":"https:\/\/macite.tg\/?p=24394","url":"https:\/\/macite.tg\/?p=24394","name":"TICAD 9\/ INVESTISSEMENT ET TRANSFORMATION DE L\u2019AFRIQUE\u00a0: \u00ab\u00a0L\u2019industrialisation africaine doit \u00eatre \u00e0 la fois co-cr\u00e9\u00e9e et localis\u00e9e. Transformer nos ressources chez nous (\u2026)\u00a0\u00bb (Faure Gnassingb\u00e9) -","isPartOf":{"@id":"https:\/\/macite.tg\/#website"},"primaryImageOfPage":{"@id":"https:\/\/macite.tg\/?p=24394#primaryimage"},"image":{"@id":"https:\/\/macite.tg\/?p=24394#primaryimage"},"thumbnailUrl":"https:\/\/macite.tg\/wp-content\/uploads\/2025\/08\/d212c5cf-df52-401d-8d35-ee47f4860e2a.jpg","datePublished":"2025-08-22T12:15:23+00:00","dateModified":"2025-08-22T12:16:01+00:00","author":{"@id":"https:\/\/macite.tg\/#\/schema\/person\/e9f2de7e5dbbe7770a9402c7ce82f5c2"},"breadcrumb":{"@id":"https:\/\/macite.tg\/?p=24394#breadcrumb"},"inLanguage":"fr-FR","potentialAction":[{"@type":"ReadAction","target":["https:\/\/macite.tg\/?p=24394"]}]},{"@type":"ImageObject","inLanguage":"fr-FR","@id":"https:\/\/macite.tg\/?p=24394#primaryimage","url":"https:\/\/macite.tg\/wp-content\/uploads\/2025\/08\/d212c5cf-df52-401d-8d35-ee47f4860e2a.jpg","contentUrl":"https:\/\/macite.tg\/wp-content\/uploads\/2025\/08\/d212c5cf-df52-401d-8d35-ee47f4860e2a.jpg","width":500,"height":400,"caption":"Le PC Faure Gnassingb\u00e9"},{"@type":"BreadcrumbList","@id":"https:\/\/macite.tg\/?p=24394#breadcrumb","itemListElement":[{"@type":"ListItem","position":1,"name":"Accueil","item":"https:\/\/macite.tg\/"},{"@type":"ListItem","position":2,"name":"TICAD 9\/ INVESTISSEMENT ET TRANSFORMATION DE L\u2019AFRIQUE\u00a0: \u00ab\u00a0L\u2019industrialisation africaine doit \u00eatre \u00e0 la fois co-cr\u00e9\u00e9e et localis\u00e9e. Transformer nos ressources chez nous (\u2026)\u00a0\u00bb (Faure Gnassingb\u00e9)"}]},{"@type":"WebSite","@id":"https:\/\/macite.tg\/#website","url":"https:\/\/macite.tg\/","name":"","description":"L&#039;information, la bonne!!!","potentialAction":[{"@type":"SearchAction","target":{"@type":"EntryPoint","urlTemplate":"https:\/\/macite.tg\/?s={search_term_string}"},"query-input":{"@type":"PropertyValueSpecification","valueRequired":true,"valueName":"search_term_string"}}],"inLanguage":"fr-FR"},{"@type":"Person","@id":"https:\/\/macite.tg\/#\/schema\/person\/e9f2de7e5dbbe7770a9402c7ce82f5c2","name":"Jean Pierre BAWELA","image":{"@type":"ImageObject","inLanguage":"fr-FR","@id":"https:\/\/macite.tg\/wp-content\/uploads\/2023\/09\/WhatsApp-Image-2023-09-19-at-14.44.41-122x122.jpeg","url":"https:\/\/macite.tg\/wp-content\/uploads\/2023\/09\/WhatsApp-Image-2023-09-19-at-14.44.41-122x122.jpeg","contentUrl":"https:\/\/macite.tg\/wp-content\/uploads\/2023\/09\/WhatsApp-Image-2023-09-19-at-14.44.41-122x122.jpeg","caption":"Jean Pierre BAWELA"},"url":"https:\/\/macite.tg\/?author=2"}]}},"_links":{"self":[{"href":"https:\/\/macite.tg\/index.php?rest_route=\/wp\/v2\/posts\/24394","targetHints":{"allow":["GET"]}}],"collection":[{"href":"https:\/\/macite.tg\/index.php?rest_route=\/wp\/v2\/posts"}],"about":[{"href":"https:\/\/macite.tg\/index.php?rest_route=\/wp\/v2\/types\/post"}],"author":[{"embeddable":true,"href":"https:\/\/macite.tg\/index.php?rest_route=\/wp\/v2\/users\/2"}],"replies":[{"embeddable":true,"href":"https:\/\/macite.tg\/index.php?rest_route=%2Fwp%2Fv2%2Fcomments&post=24394"}],"version-history":[{"count":0,"href":"https:\/\/macite.tg\/index.php?rest_route=\/wp\/v2\/posts\/24394\/revisions"}],"wp:featuredmedia":[{"embeddable":true,"href":"https:\/\/macite.tg\/index.php?rest_route=\/wp\/v2\/media\/24395"}],"wp:attachment":[{"href":"https:\/\/macite.tg\/index.php?rest_route=%2Fwp%2Fv2%2Fmedia&parent=24394"}],"wp:term":[{"taxonomy":"category","embeddable":true,"href":"https:\/\/macite.tg\/index.php?rest_route=%2Fwp%2Fv2%2Fcategories&post=24394"},{"taxonomy":"post_tag","embeddable":true,"href":"https:\/\/macite.tg\/index.php?rest_route=%2Fwp%2Fv2%2Ftags&post=24394"}],"curies":[{"name":"wp","href":"https:\/\/api.w.org\/{rel}","templated":true}]}}