{"id":24393,"date":"2025-08-22T12:43:47","date_gmt":"2025-08-22T12:43:47","guid":{"rendered":"https:\/\/macite.tg\/?p=24393"},"modified":"2025-08-22T12:43:58","modified_gmt":"2025-08-22T12:43:58","slug":"paix-et-stabilite-en-afrique-le-leadership-du-president-du-conseil-reconnu-par-le-leader-burundais","status":"publish","type":"post","link":"https:\/\/macite.tg\/?p=24393","title":{"rendered":"PAIX ET STABILITE EN AFRIQUE\u00a0: le leadership du Pr\u00e9sident du Conseil reconnu par le leader burundais"},"content":{"rendered":"\n<p class=\"wp-block-paragraph\"><strong><em>En marge des travaux de la neuvi\u00e8me Conf\u00e9rence internationale de Tokyo sur le d\u00e9veloppement de l\u2019Afrique (TICAD 9), dont le th\u00e8me principal est \u00ab Le d\u00e9veloppement de l\u2019Afrique gr\u00e2ce \u00e0 la coop\u00e9ration avec le Japon et l\u2019Oc\u00e9an Indien \u00bb, le Pr\u00e9sident du Conseil, Faure Essozinma Gnassingb\u00e9, a accord\u00e9 plusieurs audiences \u00e0 des dirigeants pr\u00e9sents \u00e0 ce rendez-vous de haut niveau.<\/em><\/strong><\/p>\n\n\n\n<p class=\"wp-block-paragraph\">Hier jeudi 21 ao\u00fbt, Faure Gnassingb\u00e9 a re\u00e7u, \u00e0 Yokohama le Pr\u00e9sident burundais, Evariste Ndayishimiye. Plusieurs sujets \u00e9taient au menu des \u00e9changes entre les deux personnalit\u00e9s, entre autres, les enjeux de paix et de s\u00e9curit\u00e9 en Afrique centrale et dans la r\u00e9gion des Grands Lacs.<\/p>\n\n\n<div class=\"wp-block-image\">\n<figure class=\"aligncenter size-full\"><img loading=\"lazy\" decoding=\"async\" width=\"851\" height=\"315\" src=\"https:\/\/macite.tg\/wp-content\/uploads\/2025\/08\/OTR_Bandeau-Renseignements.jpg\" alt=\"\" class=\"wp-image-24184\" srcset=\"https:\/\/macite.tg\/wp-content\/uploads\/2025\/08\/OTR_Bandeau-Renseignements.jpg 851w, https:\/\/macite.tg\/wp-content\/uploads\/2025\/08\/OTR_Bandeau-Renseignements-300x111.jpg 300w, https:\/\/macite.tg\/wp-content\/uploads\/2025\/08\/OTR_Bandeau-Renseignements-768x284.jpg 768w\" sizes=\"auto, (max-width: 851px) 100vw, 851px\" \/><\/figure>\n<\/div>\n\n\n<p class=\"wp-block-paragraph\">Sur ce dernier sujet, tout en saluant l\u2019engagement du Pr\u00e9sident du Conseil, Faure Essozimna Gnassingb\u00e9, dans les initiatives de m\u00e9diation r\u00e9gionale, le pr\u00e9sident burundais a tenu \u00e0 relever l\u2019importance d\u2019une synergie d\u2019actions dans l\u2019optique de pr\u00e9server la paix et la stabilit\u00e9 sur le continent.<\/p>\n\n\n<div class=\"wp-block-image\">\n<figure class=\"aligncenter size-full is-resized\"><img loading=\"lazy\" decoding=\"async\" width=\"500\" height=\"304\" src=\"https:\/\/macite.tg\/wp-content\/uploads\/2025\/08\/OTR_SAM.jpg\" alt=\"\" class=\"wp-image-24189\" style=\"width:632px;height:auto\" srcset=\"https:\/\/macite.tg\/wp-content\/uploads\/2025\/08\/OTR_SAM.jpg 500w, https:\/\/macite.tg\/wp-content\/uploads\/2025\/08\/OTR_SAM-300x182.jpg 300w\" sizes=\"auto, (max-width: 500px) 100vw, 500px\" \/><\/figure>\n<\/div>\n\n\n<p class=\"wp-block-paragraph\">Otons que les deux homes d\u2019Etat n\u2019ont pas manqu\u00e9, lors des discussions, de converger vers un renforcement de la coop\u00e9ration bilat\u00e9rale entre Lom\u00e9 et Bujumbura.<\/p>\n\n\n\n<p class=\"wp-block-paragraph\"><strong>JPB<\/strong><\/p>\n\n\n\n<p class=\"wp-block-paragraph\"><a><strong><em>@macite.tg&nbsp;&nbsp;&nbsp;&nbsp;&nbsp;&nbsp;&nbsp;&nbsp;<\/em><\/strong><\/a><\/p>\n\n\n\n<p class=\"wp-block-paragraph\"><strong><em>E-mail&nbsp;: <\/em><\/strong><a href=\"mailto:maciteinfo@gmail.com\"><strong><em>maciteinfo@gmail.com<\/em><\/strong><\/a><strong><em>; <\/em><\/strong><a href=\"mailto:bawela1@gmail.com\"><strong><em>bawela1@gmail.com<\/em><\/strong><\/a><strong><em><\/em><\/strong><\/p>\n\n\n\n<p class=\"wp-block-paragraph\"><strong><em>Pour vos annonces, (publi)reportages, etc., joignez-nous au (00228)91515309\/<strong>79872224 <\/strong><strong><\/strong><\/em><\/strong><\/p>\n\n\n\n<p class=\"wp-block-paragraph\"><strong><em>www.macite.tg, L\u2019information, la bonne&nbsp;!<\/em><\/strong><\/p>\n\n\n\n<p class=\"wp-block-paragraph\"><\/p>\n","protected":false},"excerpt":{"rendered":"<p class=\"text-justify mb-2\" >En marge des travaux de la neuvi\u00e8me Conf\u00e9rence internationale de Tokyo sur le d\u00e9veloppement de l\u2019Afrique (TICAD 9), dont le th\u00e8me principal est \u00ab Le d\u00e9veloppement de l\u2019Afrique gr\u00e2ce \u00e0 la coop\u00e9ration avec le Japon et l\u2019Oc\u00e9an Indien \u00bb, le Pr\u00e9sident du Conseil, Faure Essozinma [&hellip;]<\/p>\n","protected":false},"author":2,"featured_media":24397,"comment_status":"open","ping_status":"open","sticky":false,"template":"","format":"standard","meta":{"footnotes":""},"categories":[20,8],"tags":[],"class_list":["post-24393","post","type-post","status-publish","format-standard","has-post-thumbnail","hentry","category-actualite","category-diplomatie"],"yoast_head":"<!-- This site is optimized with the Yoast SEO plugin v28.4 - https:\/\/yoast.com\/product\/yoast-seo-wordpress\/ -->\n<title>PAIX ET STABILITE EN AFRIQUE\u00a0: le leadership du Pr\u00e9sident du Conseil reconnu par le leader burundais -<\/title>\n<meta name=\"robots\" content=\"index, follow, max-snippet:-1, max-image-preview:large, max-video-preview:-1\" \/>\n<link rel=\"canonical\" href=\"https:\/\/macite.tg\/?p=24393\" \/>\n<meta property=\"og:locale\" content=\"fr_FR\" \/>\n<meta property=\"og:type\" content=\"article\" \/>\n<meta property=\"og:title\" content=\"PAIX ET STABILITE EN AFRIQUE\u00a0: le leadership du Pr\u00e9sident du Conseil reconnu par le leader burundais -\" \/>\n<meta property=\"og:description\" content=\"En marge des travaux de la neuvi\u00e8me Conf\u00e9rence internationale de Tokyo sur le d\u00e9veloppement de l\u2019Afrique (TICAD 9), dont le th\u00e8me principal est \u00ab Le d\u00e9veloppement de l\u2019Afrique gr\u00e2ce \u00e0 la coop\u00e9ration avec le Japon et l\u2019Oc\u00e9an Indien \u00bb, le Pr\u00e9sident du Conseil, Faure Essozinma [&hellip;]\" \/>\n<meta property=\"og:url\" content=\"https:\/\/macite.tg\/?p=24393\" \/>\n<meta property=\"article:published_time\" content=\"2025-08-22T12:43:47+00:00\" \/>\n<meta property=\"article:modified_time\" content=\"2025-08-22T12:43:58+00:00\" \/>\n<meta property=\"og:image\" content=\"https:\/\/macite.tg\/wp-content\/uploads\/2025\/08\/Burundi.jpg\" \/>\n\t<meta property=\"og:image:width\" content=\"500\" \/>\n\t<meta property=\"og:image:height\" content=\"366\" \/>\n\t<meta property=\"og:image:type\" content=\"image\/jpeg\" \/>\n<meta name=\"author\" content=\"Jean Pierre BAWELA\" \/>\n<meta name=\"twitter:card\" content=\"summary_large_image\" \/>\n<meta name=\"twitter:label1\" content=\"\u00c9crit par\" \/>\n\t<meta name=\"twitter:data1\" content=\"Jean Pierre BAWELA\" \/>\n\t<meta name=\"twitter:label2\" content=\"Dur\u00e9e de lecture estim\u00e9e\" \/>\n\t<meta name=\"twitter:data2\" content=\"2 minutes\" \/>\n<script type=\"application\/ld+json\" class=\"yoast-schema-graph\">{\"@context\":\"https:\\\/\\\/schema.org\",\"@graph\":[{\"@type\":\"Article\",\"@id\":\"https:\\\/\\\/macite.tg\\\/?p=24393#article\",\"isPartOf\":{\"@id\":\"https:\\\/\\\/macite.tg\\\/?p=24393\"},\"author\":{\"name\":\"Jean Pierre BAWELA\",\"@id\":\"https:\\\/\\\/macite.tg\\\/#\\\/schema\\\/person\\\/e9f2de7e5dbbe7770a9402c7ce82f5c2\"},\"headline\":\"PAIX ET STABILITE EN AFRIQUE\u00a0: le leadership du Pr\u00e9sident du Conseil reconnu par le leader burundais\",\"datePublished\":\"2025-08-22T12:43:47+00:00\",\"dateModified\":\"2025-08-22T12:43:58+00:00\",\"mainEntityOfPage\":{\"@id\":\"https:\\\/\\\/macite.tg\\\/?p=24393\"},\"wordCount\":250,\"commentCount\":0,\"image\":{\"@id\":\"https:\\\/\\\/macite.tg\\\/?p=24393#primaryimage\"},\"thumbnailUrl\":\"https:\\\/\\\/macite.tg\\\/wp-content\\\/uploads\\\/2025\\\/08\\\/Burundi.jpg\",\"articleSection\":[\"ACTUALITE\",\"DIPLOMATIE\"],\"inLanguage\":\"fr-FR\",\"potentialAction\":[{\"@type\":\"CommentAction\",\"name\":\"Comment\",\"target\":[\"https:\\\/\\\/macite.tg\\\/?p=24393#respond\"]}]},{\"@type\":\"WebPage\",\"@id\":\"https:\\\/\\\/macite.tg\\\/?p=24393\",\"url\":\"https:\\\/\\\/macite.tg\\\/?p=24393\",\"name\":\"PAIX ET STABILITE EN AFRIQUE\u00a0: le leadership du Pr\u00e9sident du Conseil reconnu par le leader burundais -\",\"isPartOf\":{\"@id\":\"https:\\\/\\\/macite.tg\\\/#website\"},\"primaryImageOfPage\":{\"@id\":\"https:\\\/\\\/macite.tg\\\/?p=24393#primaryimage\"},\"image\":{\"@id\":\"https:\\\/\\\/macite.tg\\\/?p=24393#primaryimage\"},\"thumbnailUrl\":\"https:\\\/\\\/macite.tg\\\/wp-content\\\/uploads\\\/2025\\\/08\\\/Burundi.jpg\",\"datePublished\":\"2025-08-22T12:43:47+00:00\",\"dateModified\":\"2025-08-22T12:43:58+00:00\",\"author\":{\"@id\":\"https:\\\/\\\/macite.tg\\\/#\\\/schema\\\/person\\\/e9f2de7e5dbbe7770a9402c7ce82f5c2\"},\"breadcrumb\":{\"@id\":\"https:\\\/\\\/macite.tg\\\/?p=24393#breadcrumb\"},\"inLanguage\":\"fr-FR\",\"potentialAction\":[{\"@type\":\"ReadAction\",\"target\":[\"https:\\\/\\\/macite.tg\\\/?p=24393\"]}]},{\"@type\":\"ImageObject\",\"inLanguage\":\"fr-FR\",\"@id\":\"https:\\\/\\\/macite.tg\\\/?p=24393#primaryimage\",\"url\":\"https:\\\/\\\/macite.tg\\\/wp-content\\\/uploads\\\/2025\\\/08\\\/Burundi.jpg\",\"contentUrl\":\"https:\\\/\\\/macite.tg\\\/wp-content\\\/uploads\\\/2025\\\/08\\\/Burundi.jpg\",\"width\":500,\"height\":366,\"caption\":\"T\u00eate-\u00e0-tp\u00eate entrele pr\u00e9sident burundais et le PC Faure Gnassingb\u00e9 du Togo\"},{\"@type\":\"BreadcrumbList\",\"@id\":\"https:\\\/\\\/macite.tg\\\/?p=24393#breadcrumb\",\"itemListElement\":[{\"@type\":\"ListItem\",\"position\":1,\"name\":\"Accueil\",\"item\":\"https:\\\/\\\/macite.tg\\\/\"},{\"@type\":\"ListItem\",\"position\":2,\"name\":\"PAIX ET STABILITE EN AFRIQUE\u00a0: le leadership du Pr\u00e9sident du Conseil reconnu par le leader burundais\"}]},{\"@type\":\"WebSite\",\"@id\":\"https:\\\/\\\/macite.tg\\\/#website\",\"url\":\"https:\\\/\\\/macite.tg\\\/\",\"name\":\"\",\"description\":\"L&#039;information, la bonne!!!\",\"potentialAction\":[{\"@type\":\"SearchAction\",\"target\":{\"@type\":\"EntryPoint\",\"urlTemplate\":\"https:\\\/\\\/macite.tg\\\/?s={search_term_string}\"},\"query-input\":{\"@type\":\"PropertyValueSpecification\",\"valueRequired\":true,\"valueName\":\"search_term_string\"}}],\"inLanguage\":\"fr-FR\"},{\"@type\":\"Person\",\"@id\":\"https:\\\/\\\/macite.tg\\\/#\\\/schema\\\/person\\\/e9f2de7e5dbbe7770a9402c7ce82f5c2\",\"name\":\"Jean Pierre BAWELA\",\"image\":{\"@type\":\"ImageObject\",\"inLanguage\":\"fr-FR\",\"@id\":\"https:\\\/\\\/macite.tg\\\/wp-content\\\/uploads\\\/2023\\\/09\\\/WhatsApp-Image-2023-09-19-at-14.44.41-122x122.jpeg\",\"url\":\"https:\\\/\\\/macite.tg\\\/wp-content\\\/uploads\\\/2023\\\/09\\\/WhatsApp-Image-2023-09-19-at-14.44.41-122x122.jpeg\",\"contentUrl\":\"https:\\\/\\\/macite.tg\\\/wp-content\\\/uploads\\\/2023\\\/09\\\/WhatsApp-Image-2023-09-19-at-14.44.41-122x122.jpeg\",\"caption\":\"Jean Pierre BAWELA\"},\"url\":\"https:\\\/\\\/macite.tg\\\/?author=2\"}]}<\/script>\n<!-- \/ Yoast SEO plugin. -->","yoast_head_json":{"title":"PAIX ET STABILITE EN AFRIQUE\u00a0: le leadership du Pr\u00e9sident du Conseil reconnu par le leader burundais -","robots":{"index":"index","follow":"follow","max-snippet":"max-snippet:-1","max-image-preview":"max-image-preview:large","max-video-preview":"max-video-preview:-1"},"canonical":"https:\/\/macite.tg\/?p=24393","og_locale":"fr_FR","og_type":"article","og_title":"PAIX ET STABILITE EN AFRIQUE\u00a0: le leadership du Pr\u00e9sident du Conseil reconnu par le leader burundais -","og_description":"En marge des travaux de la neuvi\u00e8me Conf\u00e9rence internationale de Tokyo sur le d\u00e9veloppement de l\u2019Afrique (TICAD 9), dont le th\u00e8me principal est \u00ab Le d\u00e9veloppement de l\u2019Afrique gr\u00e2ce \u00e0 la coop\u00e9ration avec le Japon et l\u2019Oc\u00e9an Indien \u00bb, le Pr\u00e9sident du Conseil, Faure Essozinma [&hellip;]","og_url":"https:\/\/macite.tg\/?p=24393","article_published_time":"2025-08-22T12:43:47+00:00","article_modified_time":"2025-08-22T12:43:58+00:00","og_image":[{"width":500,"height":366,"url":"https:\/\/macite.tg\/wp-content\/uploads\/2025\/08\/Burundi.jpg","type":"image\/jpeg"}],"author":"Jean Pierre BAWELA","twitter_card":"summary_large_image","twitter_misc":{"\u00c9crit par":"Jean Pierre BAWELA","Dur\u00e9e de lecture estim\u00e9e":"2 minutes"},"schema":{"@context":"https:\/\/schema.org","@graph":[{"@type":"Article","@id":"https:\/\/macite.tg\/?p=24393#article","isPartOf":{"@id":"https:\/\/macite.tg\/?p=24393"},"author":{"name":"Jean Pierre BAWELA","@id":"https:\/\/macite.tg\/#\/schema\/person\/e9f2de7e5dbbe7770a9402c7ce82f5c2"},"headline":"PAIX ET STABILITE EN AFRIQUE\u00a0: le leadership du Pr\u00e9sident du Conseil reconnu par le leader burundais","datePublished":"2025-08-22T12:43:47+00:00","dateModified":"2025-08-22T12:43:58+00:00","mainEntityOfPage":{"@id":"https:\/\/macite.tg\/?p=24393"},"wordCount":250,"commentCount":0,"image":{"@id":"https:\/\/macite.tg\/?p=24393#primaryimage"},"thumbnailUrl":"https:\/\/macite.tg\/wp-content\/uploads\/2025\/08\/Burundi.jpg","articleSection":["ACTUALITE","DIPLOMATIE"],"inLanguage":"fr-FR","potentialAction":[{"@type":"CommentAction","name":"Comment","target":["https:\/\/macite.tg\/?p=24393#respond"]}]},{"@type":"WebPage","@id":"https:\/\/macite.tg\/?p=24393","url":"https:\/\/macite.tg\/?p=24393","name":"PAIX ET STABILITE EN AFRIQUE\u00a0: le leadership du Pr\u00e9sident du Conseil reconnu par le leader burundais -","isPartOf":{"@id":"https:\/\/macite.tg\/#website"},"primaryImageOfPage":{"@id":"https:\/\/macite.tg\/?p=24393#primaryimage"},"image":{"@id":"https:\/\/macite.tg\/?p=24393#primaryimage"},"thumbnailUrl":"https:\/\/macite.tg\/wp-content\/uploads\/2025\/08\/Burundi.jpg","datePublished":"2025-08-22T12:43:47+00:00","dateModified":"2025-08-22T12:43:58+00:00","author":{"@id":"https:\/\/macite.tg\/#\/schema\/person\/e9f2de7e5dbbe7770a9402c7ce82f5c2"},"breadcrumb":{"@id":"https:\/\/macite.tg\/?p=24393#breadcrumb"},"inLanguage":"fr-FR","potentialAction":[{"@type":"ReadAction","target":["https:\/\/macite.tg\/?p=24393"]}]},{"@type":"ImageObject","inLanguage":"fr-FR","@id":"https:\/\/macite.tg\/?p=24393#primaryimage","url":"https:\/\/macite.tg\/wp-content\/uploads\/2025\/08\/Burundi.jpg","contentUrl":"https:\/\/macite.tg\/wp-content\/uploads\/2025\/08\/Burundi.jpg","width":500,"height":366,"caption":"T\u00eate-\u00e0-tp\u00eate entrele pr\u00e9sident burundais et le PC Faure Gnassingb\u00e9 du Togo"},{"@type":"BreadcrumbList","@id":"https:\/\/macite.tg\/?p=24393#breadcrumb","itemListElement":[{"@type":"ListItem","position":1,"name":"Accueil","item":"https:\/\/macite.tg\/"},{"@type":"ListItem","position":2,"name":"PAIX ET STABILITE EN AFRIQUE\u00a0: le leadership du Pr\u00e9sident du Conseil reconnu par le leader burundais"}]},{"@type":"WebSite","@id":"https:\/\/macite.tg\/#website","url":"https:\/\/macite.tg\/","name":"","description":"L&#039;information, la bonne!!!","potentialAction":[{"@type":"SearchAction","target":{"@type":"EntryPoint","urlTemplate":"https:\/\/macite.tg\/?s={search_term_string}"},"query-input":{"@type":"PropertyValueSpecification","valueRequired":true,"valueName":"search_term_string"}}],"inLanguage":"fr-FR"},{"@type":"Person","@id":"https:\/\/macite.tg\/#\/schema\/person\/e9f2de7e5dbbe7770a9402c7ce82f5c2","name":"Jean Pierre BAWELA","image":{"@type":"ImageObject","inLanguage":"fr-FR","@id":"https:\/\/macite.tg\/wp-content\/uploads\/2023\/09\/WhatsApp-Image-2023-09-19-at-14.44.41-122x122.jpeg","url":"https:\/\/macite.tg\/wp-content\/uploads\/2023\/09\/WhatsApp-Image-2023-09-19-at-14.44.41-122x122.jpeg","contentUrl":"https:\/\/macite.tg\/wp-content\/uploads\/2023\/09\/WhatsApp-Image-2023-09-19-at-14.44.41-122x122.jpeg","caption":"Jean Pierre BAWELA"},"url":"https:\/\/macite.tg\/?author=2"}]}},"_links":{"self":[{"href":"https:\/\/macite.tg\/index.php?rest_route=\/wp\/v2\/posts\/24393","targetHints":{"allow":["GET"]}}],"collection":[{"href":"https:\/\/macite.tg\/index.php?rest_route=\/wp\/v2\/posts"}],"about":[{"href":"https:\/\/macite.tg\/index.php?rest_route=\/wp\/v2\/types\/post"}],"author":[{"embeddable":true,"href":"https:\/\/macite.tg\/index.php?rest_route=\/wp\/v2\/users\/2"}],"replies":[{"embeddable":true,"href":"https:\/\/macite.tg\/index.php?rest_route=%2Fwp%2Fv2%2Fcomments&post=24393"}],"version-history":[{"count":0,"href":"https:\/\/macite.tg\/index.php?rest_route=\/wp\/v2\/posts\/24393\/revisions"}],"wp:featuredmedia":[{"embeddable":true,"href":"https:\/\/macite.tg\/index.php?rest_route=\/wp\/v2\/media\/24397"}],"wp:attachment":[{"href":"https:\/\/macite.tg\/index.php?rest_route=%2Fwp%2Fv2%2Fmedia&parent=24393"}],"wp:term":[{"taxonomy":"category","embeddable":true,"href":"https:\/\/macite.tg\/index.php?rest_route=%2Fwp%2Fv2%2Fcategories&post=24393"},{"taxonomy":"post_tag","embeddable":true,"href":"https:\/\/macite.tg\/index.php?rest_route=%2Fwp%2Fv2%2Ftags&post=24393"}],"curies":[{"name":"wp","href":"https:\/\/api.w.org\/{rel}","templated":true}]}}