{"id":24386,"date":"2025-08-21T16:52:18","date_gmt":"2025-08-21T16:52:18","guid":{"rendered":"https:\/\/macite.tg\/?p=24386"},"modified":"2025-08-21T16:52:23","modified_gmt":"2025-08-21T16:52:23","slug":"maroc-fete-de-la-jeunesse-plus-de-591-personnes-beneficient-de-la-grace-royale","status":"publish","type":"post","link":"https:\/\/macite.tg\/?p=24386","title":{"rendered":"MAROC \/ FETE DE LA JEUNESSE : Plus de 591 personnes b\u00e9n\u00e9ficient de la Gr\u00e2ce Royale"},"content":{"rendered":"\n<p class=\"wp-block-paragraph\"><strong><em>A l\u2019occasion de la F\u00eate de la Jeunesse, le Roi Mohammed VI, que Dieu L\u2019assiste, a bien voulu accorder Sa gr\u00e2ce \u00e0 591 personnes condamn\u00e9es par diff\u00e9rents tribunaux du Royaume, annonce le minist\u00e8re de la Justice dans un communiqu\u00e9.<\/em><\/strong><\/p>\n\n\n\n<p class=\"wp-block-paragraph\"><em>\u00ab&nbsp;A l\u2019occasion de la F\u00eate de la Jeunesse de cette ann\u00e9e 1447H \u2013 2025G, Sa Majest\u00e9 le Roi Mohammed VI, que Dieu perp\u00e9tue Sa gloire, a bien voulu accorder Sa gr\u00e2ce \u00e0 un ensemble de personnes condamn\u00e9es par diff\u00e9rents tribunaux du Royaume. Ces personnes sont au nombre de 591 et se pr\u00e9sentent comme suit :<\/em><\/p>\n\n\n<div class=\"wp-block-image\">\n<figure class=\"aligncenter size-full is-resized\"><img loading=\"lazy\" decoding=\"async\" width=\"690\" height=\"170\" src=\"https:\/\/macite.tg\/wp-content\/uploads\/2025\/08\/OTR_TVM-1.jpg\" alt=\"\" class=\"wp-image-24129\" style=\"width:840px;height:auto\" srcset=\"https:\/\/macite.tg\/wp-content\/uploads\/2025\/08\/OTR_TVM-1.jpg 690w, https:\/\/macite.tg\/wp-content\/uploads\/2025\/08\/OTR_TVM-1-300x74.jpg 300w\" sizes=\"auto, (max-width: 690px) 100vw, 690px\" \/><\/figure>\n<\/div>\n\n\n<p class=\"wp-block-paragraph\"><strong><em>&nbsp;Les b\u00e9n\u00e9ficiaires de la Gr\u00e2ce Royale qui sont en d\u00e9tention sont au nombre de 445 d\u00e9tenus se r\u00e9partissant comme suit :<\/em><\/strong><\/p>\n\n\n\n<p class=\"wp-block-paragraph\"><em>&#8211; Gr\u00e2ce sur le reliquat de la peine d\u2019emprisonnement ou de r\u00e9clusion au profit de 03 d\u00e9tenus.<\/em><\/p>\n\n\n\n<p class=\"wp-block-paragraph\"><em>&#8211; Remise de la peine d\u2019emprisonnement ou de r\u00e9clusion au profit de 441 d\u00e9tenus.<\/em><\/p>\n\n\n\n<p class=\"wp-block-paragraph\"><em>&#8211; Commutation de la peine perp\u00e9tuelle en peine \u00e0 temps au profit de 01 d\u00e9tenu.<\/em><\/p>\n\n\n\n<p class=\"wp-block-paragraph\"><strong><em>* Les b\u00e9n\u00e9ficiaires de la Gr\u00e2ce Royale qui sont en libert\u00e9 sont au nombre de 146 personnes se r\u00e9partissant comme suit :<\/em><\/strong><\/p>\n\n\n\n<p class=\"wp-block-paragraph\"><em>&#8211; Gr\u00e2ce sur la peine d\u2019emprisonnement ou son reliquat au profit de 39 personnes.<\/em><\/p>\n\n\n\n<p class=\"wp-block-paragraph\"><em>&#8211; Gr\u00e2ce sur la peine d\u2019emprisonnement avec maintien de l\u2019amende au profit de 08 personnes.<\/em><\/p>\n\n\n\n<p class=\"wp-block-paragraph\"><em>&#8211; Gr\u00e2ce sur la pein e d\u2019amende au profit de 91 personnes.<\/em><\/p>\n\n\n\n<p class=\"wp-block-paragraph\"><em>&#8211; Gr\u00e2ce sur la peine d\u2019emprisonnement et d\u2019amende au profit de 08 personnes.<\/em><\/p>\n\n\n<div class=\"wp-block-image\">\n<figure class=\"aligncenter size-full is-resized\"><img decoding=\"async\" src=\"https:\/\/macite.tg\/wp-content\/uploads\/2025\/08\/Geo-ref-1.jpg\" alt=\"\" class=\"wp-image-24339\" style=\"width:574px;height:auto\"\/><\/figure>\n<\/div>\n\n\n<p class=\"wp-block-paragraph\"><em>Puisse Dieu garder Sa Majest\u00e9 le Roi, source de cl\u00e9mence et de mis\u00e9ricorde, perp\u00e9tuer Sa gloire et pr\u00e9server Son Altesse Royale le Prince H\u00e9ritier Moulay El Hassan, ainsi que tous les membres de l\u2019Auguste Famille Royale&nbsp;\u00bb.<\/em><\/p>\n\n\n\n<p class=\"wp-block-paragraph\"><strong>MSN<\/strong><\/p>\n\n\n\n<p class=\"wp-block-paragraph\"><a><strong><em>@macite.tg&nbsp;&nbsp;&nbsp;&nbsp;&nbsp;&nbsp;&nbsp;&nbsp;<\/em><\/strong><\/a><\/p>\n\n\n\n<p class=\"wp-block-paragraph\"><strong><em>E-mail&nbsp;: <\/em><\/strong><a href=\"mailto:maciteinfo@gmail.com\"><strong><em>maciteinfo@gmail.com<\/em><\/strong><\/a><strong><em>; <\/em><\/strong><a href=\"mailto:bawela1@gmail.com\"><strong><em>bawela1@gmail.com<\/em><\/strong><\/a><strong><em><\/em><\/strong><\/p>\n\n\n\n<p class=\"wp-block-paragraph\"><strong><em>Pour vos annonces, (publi)reportages, etc., joignez-nous au (00228)91515309\/<strong>79872224 <\/strong><strong><\/strong><\/em><\/strong><\/p>\n\n\n\n<p class=\"wp-block-paragraph\"><strong><em>www.macite.tg, L\u2019information, la bonne&nbsp;!<\/em><\/strong><\/p>\n\n\n\n<p class=\"wp-block-paragraph\"><\/p>\n","protected":false},"excerpt":{"rendered":"<p class=\"text-justify mb-2\" >A l\u2019occasion de la F\u00eate de la Jeunesse, le Roi Mohammed VI, que Dieu L\u2019assiste, a bien voulu accorder Sa gr\u00e2ce \u00e0 591 personnes condamn\u00e9es par diff\u00e9rents tribunaux du Royaume, annonce le minist\u00e8re de la Justice dans un communiqu\u00e9. \u00ab&nbsp;A l\u2019occasion de la F\u00eate de [&hellip;]<\/p>\n","protected":false},"author":2,"featured_media":24387,"comment_status":"open","ping_status":"open","sticky":false,"template":"","format":"standard","meta":{"footnotes":""},"categories":[20,26],"tags":[],"class_list":["post-24386","post","type-post","status-publish","format-standard","has-post-thumbnail","hentry","category-actualite","category-justice"],"yoast_head":"<!-- This site is optimized with the Yoast SEO plugin v28.4 - https:\/\/yoast.com\/product\/yoast-seo-wordpress\/ -->\n<title>MAROC \/ FETE DE LA JEUNESSE : Plus de 591 personnes b\u00e9n\u00e9ficient de la Gr\u00e2ce Royale -<\/title>\n<meta name=\"robots\" content=\"index, follow, max-snippet:-1, max-image-preview:large, max-video-preview:-1\" \/>\n<link rel=\"canonical\" href=\"https:\/\/macite.tg\/?p=24386\" \/>\n<meta property=\"og:locale\" content=\"fr_FR\" \/>\n<meta property=\"og:type\" content=\"article\" \/>\n<meta property=\"og:title\" content=\"MAROC \/ FETE DE LA JEUNESSE : Plus de 591 personnes b\u00e9n\u00e9ficient de la Gr\u00e2ce Royale -\" \/>\n<meta property=\"og:description\" content=\"A l\u2019occasion de la F\u00eate de la Jeunesse, le Roi Mohammed VI, que Dieu L\u2019assiste, a bien voulu accorder Sa gr\u00e2ce \u00e0 591 personnes condamn\u00e9es par diff\u00e9rents tribunaux du Royaume, annonce le minist\u00e8re de la Justice dans un communiqu\u00e9. \u00ab&nbsp;A l\u2019occasion de la F\u00eate de [&hellip;]\" \/>\n<meta property=\"og:url\" content=\"https:\/\/macite.tg\/?p=24386\" \/>\n<meta property=\"article:published_time\" content=\"2025-08-21T16:52:18+00:00\" \/>\n<meta property=\"article:modified_time\" content=\"2025-08-21T16:52:23+00:00\" \/>\n<meta property=\"og:image\" content=\"https:\/\/macite.tg\/wp-content\/uploads\/2025\/08\/SM-le-Roi-mohammed-VI.jpg\" \/>\n\t<meta property=\"og:image:width\" content=\"500\" \/>\n\t<meta property=\"og:image:height\" content=\"333\" \/>\n\t<meta property=\"og:image:type\" content=\"image\/jpeg\" \/>\n<meta name=\"author\" content=\"Jean Pierre BAWELA\" \/>\n<meta name=\"twitter:card\" content=\"summary_large_image\" \/>\n<meta name=\"twitter:label1\" content=\"\u00c9crit par\" \/>\n\t<meta name=\"twitter:data1\" content=\"Jean Pierre BAWELA\" \/>\n\t<meta name=\"twitter:label2\" content=\"Dur\u00e9e de lecture estim\u00e9e\" \/>\n\t<meta name=\"twitter:data2\" content=\"3 minutes\" \/>\n<script type=\"application\/ld+json\" class=\"yoast-schema-graph\">{\"@context\":\"https:\\\/\\\/schema.org\",\"@graph\":[{\"@type\":\"Article\",\"@id\":\"https:\\\/\\\/macite.tg\\\/?p=24386#article\",\"isPartOf\":{\"@id\":\"https:\\\/\\\/macite.tg\\\/?p=24386\"},\"author\":{\"name\":\"Jean Pierre BAWELA\",\"@id\":\"https:\\\/\\\/macite.tg\\\/#\\\/schema\\\/person\\\/e9f2de7e5dbbe7770a9402c7ce82f5c2\"},\"headline\":\"MAROC \\\/ FETE DE LA JEUNESSE : Plus de 591 personnes b\u00e9n\u00e9ficient de la Gr\u00e2ce Royale\",\"datePublished\":\"2025-08-21T16:52:18+00:00\",\"dateModified\":\"2025-08-21T16:52:23+00:00\",\"mainEntityOfPage\":{\"@id\":\"https:\\\/\\\/macite.tg\\\/?p=24386\"},\"wordCount\":358,\"commentCount\":0,\"image\":{\"@id\":\"https:\\\/\\\/macite.tg\\\/?p=24386#primaryimage\"},\"thumbnailUrl\":\"https:\\\/\\\/macite.tg\\\/wp-content\\\/uploads\\\/2025\\\/08\\\/SM-le-Roi-mohammed-VI.jpg\",\"articleSection\":[\"ACTUALITE\",\"JUSTICE\"],\"inLanguage\":\"fr-FR\",\"potentialAction\":[{\"@type\":\"CommentAction\",\"name\":\"Comment\",\"target\":[\"https:\\\/\\\/macite.tg\\\/?p=24386#respond\"]}]},{\"@type\":\"WebPage\",\"@id\":\"https:\\\/\\\/macite.tg\\\/?p=24386\",\"url\":\"https:\\\/\\\/macite.tg\\\/?p=24386\",\"name\":\"MAROC \\\/ FETE DE LA JEUNESSE : Plus de 591 personnes b\u00e9n\u00e9ficient de la Gr\u00e2ce Royale -\",\"isPartOf\":{\"@id\":\"https:\\\/\\\/macite.tg\\\/#website\"},\"primaryImageOfPage\":{\"@id\":\"https:\\\/\\\/macite.tg\\\/?p=24386#primaryimage\"},\"image\":{\"@id\":\"https:\\\/\\\/macite.tg\\\/?p=24386#primaryimage\"},\"thumbnailUrl\":\"https:\\\/\\\/macite.tg\\\/wp-content\\\/uploads\\\/2025\\\/08\\\/SM-le-Roi-mohammed-VI.jpg\",\"datePublished\":\"2025-08-21T16:52:18+00:00\",\"dateModified\":\"2025-08-21T16:52:23+00:00\",\"author\":{\"@id\":\"https:\\\/\\\/macite.tg\\\/#\\\/schema\\\/person\\\/e9f2de7e5dbbe7770a9402c7ce82f5c2\"},\"breadcrumb\":{\"@id\":\"https:\\\/\\\/macite.tg\\\/?p=24386#breadcrumb\"},\"inLanguage\":\"fr-FR\",\"potentialAction\":[{\"@type\":\"ReadAction\",\"target\":[\"https:\\\/\\\/macite.tg\\\/?p=24386\"]}]},{\"@type\":\"ImageObject\",\"inLanguage\":\"fr-FR\",\"@id\":\"https:\\\/\\\/macite.tg\\\/?p=24386#primaryimage\",\"url\":\"https:\\\/\\\/macite.tg\\\/wp-content\\\/uploads\\\/2025\\\/08\\\/SM-le-Roi-mohammed-VI.jpg\",\"contentUrl\":\"https:\\\/\\\/macite.tg\\\/wp-content\\\/uploads\\\/2025\\\/08\\\/SM-le-Roi-mohammed-VI.jpg\",\"width\":500,\"height\":333,\"caption\":\"SM le Roi Mohammed VI\"},{\"@type\":\"BreadcrumbList\",\"@id\":\"https:\\\/\\\/macite.tg\\\/?p=24386#breadcrumb\",\"itemListElement\":[{\"@type\":\"ListItem\",\"position\":1,\"name\":\"Accueil\",\"item\":\"https:\\\/\\\/macite.tg\\\/\"},{\"@type\":\"ListItem\",\"position\":2,\"name\":\"MAROC \\\/ FETE DE LA JEUNESSE : Plus de 591 personnes b\u00e9n\u00e9ficient de la Gr\u00e2ce Royale\"}]},{\"@type\":\"WebSite\",\"@id\":\"https:\\\/\\\/macite.tg\\\/#website\",\"url\":\"https:\\\/\\\/macite.tg\\\/\",\"name\":\"\",\"description\":\"L&#039;information, la bonne!!!\",\"potentialAction\":[{\"@type\":\"SearchAction\",\"target\":{\"@type\":\"EntryPoint\",\"urlTemplate\":\"https:\\\/\\\/macite.tg\\\/?s={search_term_string}\"},\"query-input\":{\"@type\":\"PropertyValueSpecification\",\"valueRequired\":true,\"valueName\":\"search_term_string\"}}],\"inLanguage\":\"fr-FR\"},{\"@type\":\"Person\",\"@id\":\"https:\\\/\\\/macite.tg\\\/#\\\/schema\\\/person\\\/e9f2de7e5dbbe7770a9402c7ce82f5c2\",\"name\":\"Jean Pierre BAWELA\",\"image\":{\"@type\":\"ImageObject\",\"inLanguage\":\"fr-FR\",\"@id\":\"https:\\\/\\\/macite.tg\\\/wp-content\\\/uploads\\\/2023\\\/09\\\/WhatsApp-Image-2023-09-19-at-14.44.41-122x122.jpeg\",\"url\":\"https:\\\/\\\/macite.tg\\\/wp-content\\\/uploads\\\/2023\\\/09\\\/WhatsApp-Image-2023-09-19-at-14.44.41-122x122.jpeg\",\"contentUrl\":\"https:\\\/\\\/macite.tg\\\/wp-content\\\/uploads\\\/2023\\\/09\\\/WhatsApp-Image-2023-09-19-at-14.44.41-122x122.jpeg\",\"caption\":\"Jean Pierre BAWELA\"},\"url\":\"https:\\\/\\\/macite.tg\\\/?author=2\"}]}<\/script>\n<!-- \/ Yoast SEO plugin. -->","yoast_head_json":{"title":"MAROC \/ FETE DE LA JEUNESSE : Plus de 591 personnes b\u00e9n\u00e9ficient de la Gr\u00e2ce Royale -","robots":{"index":"index","follow":"follow","max-snippet":"max-snippet:-1","max-image-preview":"max-image-preview:large","max-video-preview":"max-video-preview:-1"},"canonical":"https:\/\/macite.tg\/?p=24386","og_locale":"fr_FR","og_type":"article","og_title":"MAROC \/ FETE DE LA JEUNESSE : Plus de 591 personnes b\u00e9n\u00e9ficient de la Gr\u00e2ce Royale -","og_description":"A l\u2019occasion de la F\u00eate de la Jeunesse, le Roi Mohammed VI, que Dieu L\u2019assiste, a bien voulu accorder Sa gr\u00e2ce \u00e0 591 personnes condamn\u00e9es par diff\u00e9rents tribunaux du Royaume, annonce le minist\u00e8re de la Justice dans un communiqu\u00e9. \u00ab&nbsp;A l\u2019occasion de la F\u00eate de [&hellip;]","og_url":"https:\/\/macite.tg\/?p=24386","article_published_time":"2025-08-21T16:52:18+00:00","article_modified_time":"2025-08-21T16:52:23+00:00","og_image":[{"width":500,"height":333,"url":"https:\/\/macite.tg\/wp-content\/uploads\/2025\/08\/SM-le-Roi-mohammed-VI.jpg","type":"image\/jpeg"}],"author":"Jean Pierre BAWELA","twitter_card":"summary_large_image","twitter_misc":{"\u00c9crit par":"Jean Pierre BAWELA","Dur\u00e9e de lecture estim\u00e9e":"3 minutes"},"schema":{"@context":"https:\/\/schema.org","@graph":[{"@type":"Article","@id":"https:\/\/macite.tg\/?p=24386#article","isPartOf":{"@id":"https:\/\/macite.tg\/?p=24386"},"author":{"name":"Jean Pierre BAWELA","@id":"https:\/\/macite.tg\/#\/schema\/person\/e9f2de7e5dbbe7770a9402c7ce82f5c2"},"headline":"MAROC \/ FETE DE LA JEUNESSE : Plus de 591 personnes b\u00e9n\u00e9ficient de la Gr\u00e2ce Royale","datePublished":"2025-08-21T16:52:18+00:00","dateModified":"2025-08-21T16:52:23+00:00","mainEntityOfPage":{"@id":"https:\/\/macite.tg\/?p=24386"},"wordCount":358,"commentCount":0,"image":{"@id":"https:\/\/macite.tg\/?p=24386#primaryimage"},"thumbnailUrl":"https:\/\/macite.tg\/wp-content\/uploads\/2025\/08\/SM-le-Roi-mohammed-VI.jpg","articleSection":["ACTUALITE","JUSTICE"],"inLanguage":"fr-FR","potentialAction":[{"@type":"CommentAction","name":"Comment","target":["https:\/\/macite.tg\/?p=24386#respond"]}]},{"@type":"WebPage","@id":"https:\/\/macite.tg\/?p=24386","url":"https:\/\/macite.tg\/?p=24386","name":"MAROC \/ FETE DE LA JEUNESSE : Plus de 591 personnes b\u00e9n\u00e9ficient de la Gr\u00e2ce Royale -","isPartOf":{"@id":"https:\/\/macite.tg\/#website"},"primaryImageOfPage":{"@id":"https:\/\/macite.tg\/?p=24386#primaryimage"},"image":{"@id":"https:\/\/macite.tg\/?p=24386#primaryimage"},"thumbnailUrl":"https:\/\/macite.tg\/wp-content\/uploads\/2025\/08\/SM-le-Roi-mohammed-VI.jpg","datePublished":"2025-08-21T16:52:18+00:00","dateModified":"2025-08-21T16:52:23+00:00","author":{"@id":"https:\/\/macite.tg\/#\/schema\/person\/e9f2de7e5dbbe7770a9402c7ce82f5c2"},"breadcrumb":{"@id":"https:\/\/macite.tg\/?p=24386#breadcrumb"},"inLanguage":"fr-FR","potentialAction":[{"@type":"ReadAction","target":["https:\/\/macite.tg\/?p=24386"]}]},{"@type":"ImageObject","inLanguage":"fr-FR","@id":"https:\/\/macite.tg\/?p=24386#primaryimage","url":"https:\/\/macite.tg\/wp-content\/uploads\/2025\/08\/SM-le-Roi-mohammed-VI.jpg","contentUrl":"https:\/\/macite.tg\/wp-content\/uploads\/2025\/08\/SM-le-Roi-mohammed-VI.jpg","width":500,"height":333,"caption":"SM le Roi Mohammed VI"},{"@type":"BreadcrumbList","@id":"https:\/\/macite.tg\/?p=24386#breadcrumb","itemListElement":[{"@type":"ListItem","position":1,"name":"Accueil","item":"https:\/\/macite.tg\/"},{"@type":"ListItem","position":2,"name":"MAROC \/ FETE DE LA JEUNESSE : Plus de 591 personnes b\u00e9n\u00e9ficient de la Gr\u00e2ce Royale"}]},{"@type":"WebSite","@id":"https:\/\/macite.tg\/#website","url":"https:\/\/macite.tg\/","name":"","description":"L&#039;information, la bonne!!!","potentialAction":[{"@type":"SearchAction","target":{"@type":"EntryPoint","urlTemplate":"https:\/\/macite.tg\/?s={search_term_string}"},"query-input":{"@type":"PropertyValueSpecification","valueRequired":true,"valueName":"search_term_string"}}],"inLanguage":"fr-FR"},{"@type":"Person","@id":"https:\/\/macite.tg\/#\/schema\/person\/e9f2de7e5dbbe7770a9402c7ce82f5c2","name":"Jean Pierre BAWELA","image":{"@type":"ImageObject","inLanguage":"fr-FR","@id":"https:\/\/macite.tg\/wp-content\/uploads\/2023\/09\/WhatsApp-Image-2023-09-19-at-14.44.41-122x122.jpeg","url":"https:\/\/macite.tg\/wp-content\/uploads\/2023\/09\/WhatsApp-Image-2023-09-19-at-14.44.41-122x122.jpeg","contentUrl":"https:\/\/macite.tg\/wp-content\/uploads\/2023\/09\/WhatsApp-Image-2023-09-19-at-14.44.41-122x122.jpeg","caption":"Jean Pierre BAWELA"},"url":"https:\/\/macite.tg\/?author=2"}]}},"_links":{"self":[{"href":"https:\/\/macite.tg\/index.php?rest_route=\/wp\/v2\/posts\/24386","targetHints":{"allow":["GET"]}}],"collection":[{"href":"https:\/\/macite.tg\/index.php?rest_route=\/wp\/v2\/posts"}],"about":[{"href":"https:\/\/macite.tg\/index.php?rest_route=\/wp\/v2\/types\/post"}],"author":[{"embeddable":true,"href":"https:\/\/macite.tg\/index.php?rest_route=\/wp\/v2\/users\/2"}],"replies":[{"embeddable":true,"href":"https:\/\/macite.tg\/index.php?rest_route=%2Fwp%2Fv2%2Fcomments&post=24386"}],"version-history":[{"count":0,"href":"https:\/\/macite.tg\/index.php?rest_route=\/wp\/v2\/posts\/24386\/revisions"}],"wp:featuredmedia":[{"embeddable":true,"href":"https:\/\/macite.tg\/index.php?rest_route=\/wp\/v2\/media\/24387"}],"wp:attachment":[{"href":"https:\/\/macite.tg\/index.php?rest_route=%2Fwp%2Fv2%2Fmedia&parent=24386"}],"wp:term":[{"taxonomy":"category","embeddable":true,"href":"https:\/\/macite.tg\/index.php?rest_route=%2Fwp%2Fv2%2Fcategories&post=24386"},{"taxonomy":"post_tag","embeddable":true,"href":"https:\/\/macite.tg\/index.php?rest_route=%2Fwp%2Fv2%2Ftags&post=24386"}],"curies":[{"name":"wp","href":"https:\/\/api.w.org\/{rel}","templated":true}]}}