{"id":24382,"date":"2025-08-21T15:08:57","date_gmt":"2025-08-21T15:08:57","guid":{"rendered":"https:\/\/macite.tg\/?p=24382"},"modified":"2025-08-21T15:09:06","modified_gmt":"2025-08-21T15:09:06","slug":"cooperation-economique-lome-et-tokyo-desormais-liees-par-un-nouveau-partenariat-strategique","status":"publish","type":"post","link":"https:\/\/macite.tg\/?p=24382","title":{"rendered":"COOPERATION ECONOMIQUE\u00a0: Lom\u00e9 et Tokyo d\u00e9sormais li\u00e9es par un nouveau partenariat strat\u00e9gique"},"content":{"rendered":"\n<p class=\"wp-block-paragraph\"><strong><em>En marge de la neuvi\u00e8me Conf\u00e9rence internationale de Tokyo sur le d\u00e9veloppement de l\u2019Afrique (TICAD 9), qui se tient \u00e0 Yokohama au Japon, le Pr\u00e9sident du Conseil, Faure Essozimna Gnassingb\u00e9, a multipli\u00e9 les \u00e9changes avec des acteurs \u00e9conomiques japonais dans le but de renforcer la coop\u00e9ration \u00e9conomique entre le Togo et le Japon.<\/em><\/strong><\/p>\n\n\n\n<p class=\"wp-block-paragraph\">\u00c0 cette occasion, le Pr\u00e9sident du Conseil s\u2019est notamment entretenu avec M. Hayashi Nobumitsu, Gouverneur de la Banque japonaise pour la coop\u00e9ration internationale (JBIC). Les discussions ont port\u00e9 sur les perspectives de partenariat \u00e9conomique entre les deux pays, ainsi que sur les opportunit\u00e9s d\u2019investissement qu\u2019offre le Togo.<\/p>\n\n\n<div class=\"wp-block-image\">\n<figure class=\"aligncenter size-full is-resized\"><img loading=\"lazy\" decoding=\"async\" width=\"690\" height=\"170\" src=\"https:\/\/macite.tg\/wp-content\/uploads\/2025\/08\/OTR_TVM-1.jpg\" alt=\"\" class=\"wp-image-24129\" style=\"width:840px;height:auto\" srcset=\"https:\/\/macite.tg\/wp-content\/uploads\/2025\/08\/OTR_TVM-1.jpg 690w, https:\/\/macite.tg\/wp-content\/uploads\/2025\/08\/OTR_TVM-1-300x74.jpg 300w\" sizes=\"auto, (max-width: 690px) 100vw, 690px\" \/><\/figure>\n<\/div>\n\n\n<p class=\"wp-block-paragraph\"><em>\u00ab Nous sommes la Banque japonaise pour la coop\u00e9ration internationale (JBIC), une institution financi\u00e8re gouvernementale qui soutient les activit\u00e9s internationales des entreprises japonaises. Nous avons pr\u00e9sent\u00e9 au Pr\u00e9sident du Conseil des exemples de nos pr\u00eats et nos m\u00e9thodes d\u2019action, afin de montrer comment les entreprises japonaises pourraient d\u00e9velopper davantage leurs activit\u00e9s au Togo, et comment nous pourrions les accompagner \u00bb,<\/em> a indiqu\u00e9 M. Hayashi Nobumitsu.<\/p>\n\n\n\n<p class=\"wp-block-paragraph\">Ce dernier a par ailleurs salu\u00e9 la stabilit\u00e9 politique et \u00e9conomique du Togo, ainsi que sa position g\u00e9ographique strat\u00e9gique, des atouts majeurs pour les investisseurs.<\/p>\n\n\n\n<p class=\"wp-block-paragraph\"><em>\u00ab Le Togo est un pays politiquement et \u00e9conomiquement tr\u00e8s stable en Afrique de l\u2019Ouest. Il constitue \u00e9galement un centre logistique r\u00e9gional. C\u2019est donc un pays dont on peut attendre un d\u00e9veloppement important dans les ann\u00e9es \u00e0 venir \u00bb,<\/em> a-t-il affirm\u00e9.<\/p>\n\n\n<div class=\"wp-block-image\">\n<figure class=\"aligncenter size-full\"><img loading=\"lazy\" decoding=\"async\" width=\"851\" height=\"315\" src=\"https:\/\/macite.tg\/wp-content\/uploads\/2025\/08\/OTR_Bandeau-Renseignements.jpg\" alt=\"\" class=\"wp-image-24184\" srcset=\"https:\/\/macite.tg\/wp-content\/uploads\/2025\/08\/OTR_Bandeau-Renseignements.jpg 851w, https:\/\/macite.tg\/wp-content\/uploads\/2025\/08\/OTR_Bandeau-Renseignements-300x111.jpg 300w, https:\/\/macite.tg\/wp-content\/uploads\/2025\/08\/OTR_Bandeau-Renseignements-768x284.jpg 768w\" sizes=\"auto, (max-width: 851px) 100vw, 851px\" \/><\/figure>\n<\/div>\n\n\n<p class=\"wp-block-paragraph\">Le Pr\u00e9sident du Conseil a \u00e9galement eu des \u00e9changes avec M. Ohashi Tesuji, Pr\u00e9sident-directeur g\u00e9n\u00e9ral de&nbsp;<em>Komatsu Ltd<\/em>\u2013 Karube Jun, et Directeur g\u00e9n\u00e9ral Afrique du&nbsp;<em>Keidanren.<\/em><\/p>\n\n\n\n<p class=\"wp-block-paragraph\">Au c\u0153ur de cette rencontre d\u2019affaires figuraient les opportunit\u00e9s d\u2019investissement qu\u2019offre le Togo, notamment dans les secteurs de la logistique et des infrastructures, ainsi que les perspectives de renforcement du partenariat entre le Togo et le Keidanren, la f\u00e9d\u00e9ration des entreprises japonaises, en mati\u00e8re de formation des ressources humaines.<\/p>\n\n\n\n<p class=\"wp-block-paragraph\"><em>\u00ab Le Togo est en train de devenir une plateforme majeure en Afrique, non seulement pour la logistique, mais aussi comme porte d\u2019entr\u00e9e depuis l\u2019ouest vers l\u2019ensemble du continent africain, avec de nombreuses opportunit\u00e9s \u00e0 venir. Le pays d\u00e9veloppe ses activit\u00e9s mini\u00e8res et met en place d\u2019importantes infrastructures. Il souhaite \u00e9galement renforcer ses relations avec le Keidanren afin de former davantage de ressources humaines \u00bb,<\/em> a-t-il \u00e9t\u00e9 soulign\u00e9 au cours des \u00e9changes.<\/p>\n\n\n\n<p class=\"wp-block-paragraph\">Les deux parties se sont engag\u00e9es \u00e0 poursuivre des discussions approfondies en vue de d\u00e9finir le cadre de ce nouveau partenariat strat\u00e9gique.<\/p>\n\n\n<div class=\"wp-block-image\">\n<figure class=\"aligncenter size-full is-resized\"><img decoding=\"async\" src=\"https:\/\/macite.tg\/wp-content\/uploads\/2025\/08\/Geo-ref-1.jpg\" alt=\"\" class=\"wp-image-24339\" style=\"width:624px;height:auto\"\/><\/figure>\n<\/div>\n\n\n<p class=\"wp-block-paragraph\">Ces diff\u00e9rentes rencontres t\u00e9moignent de la volont\u00e9 commune du Togo et du Japon de b\u00e2tir un partenariat strat\u00e9gique, inclusif et durable, au service du d\u00e9veloppement \u00e9conomique et social.<\/p>\n\n\n\n<p class=\"wp-block-paragraph\"><strong><em>@macite.tg&nbsp;&nbsp;&nbsp;&nbsp;&nbsp;&nbsp;&nbsp;&nbsp;<\/em><\/strong><\/p>\n\n\n\n<p class=\"wp-block-paragraph\"><strong><em>E-mail&nbsp;: <\/em><\/strong><a href=\"mailto:maciteinfo@gmail.com\"><strong><em>maciteinfo@gmail.com<\/em><\/strong><\/a><strong><em>; <\/em><\/strong><a href=\"mailto:bawela1@gmail.com\"><strong><em>bawela1@gmail.com<\/em><\/strong><\/a><strong><em><\/em><\/strong><\/p>\n\n\n\n<p class=\"wp-block-paragraph\"><strong><em>Pour vos annonces, (publi)reportages, etc., joignez-nous au (00228)91515309\/<strong>79872224 <\/strong><strong><\/strong><\/em><\/strong><\/p>\n\n\n\n<p class=\"wp-block-paragraph\"><strong><em>www.macite.tg, L\u2019information, la bonne&nbsp;!<\/em><\/strong><\/p>\n\n\n\n<p class=\"wp-block-paragraph\"><\/p>\n","protected":false},"excerpt":{"rendered":"<p class=\"text-justify mb-2\" >En marge de la neuvi\u00e8me Conf\u00e9rence internationale de Tokyo sur le d\u00e9veloppement de l\u2019Afrique (TICAD 9), qui se tient \u00e0 Yokohama au Japon, le Pr\u00e9sident du Conseil, Faure Essozimna Gnassingb\u00e9, a multipli\u00e9 les \u00e9changes avec des acteurs \u00e9conomiques japonais dans le but de renforcer la [&hellip;]<\/p>\n","protected":false},"author":2,"featured_media":24383,"comment_status":"open","ping_status":"open","sticky":false,"template":"","format":"standard","meta":{"footnotes":""},"categories":[20,3],"tags":[],"class_list":["post-24382","post","type-post","status-publish","format-standard","has-post-thumbnail","hentry","category-actualite","category-economie"],"yoast_head":"<!-- This site is optimized with the Yoast SEO plugin v28.4 - https:\/\/yoast.com\/product\/yoast-seo-wordpress\/ -->\n<title>COOPERATION ECONOMIQUE\u00a0: Lom\u00e9 et Tokyo d\u00e9sormais li\u00e9es par un nouveau partenariat strat\u00e9gique -<\/title>\n<meta name=\"robots\" content=\"index, follow, max-snippet:-1, max-image-preview:large, max-video-preview:-1\" \/>\n<link rel=\"canonical\" href=\"https:\/\/macite.tg\/?p=24382\" \/>\n<meta property=\"og:locale\" content=\"fr_FR\" \/>\n<meta property=\"og:type\" content=\"article\" \/>\n<meta property=\"og:title\" content=\"COOPERATION ECONOMIQUE\u00a0: Lom\u00e9 et Tokyo d\u00e9sormais li\u00e9es par un nouveau partenariat strat\u00e9gique -\" \/>\n<meta property=\"og:description\" content=\"En marge de la neuvi\u00e8me Conf\u00e9rence internationale de Tokyo sur le d\u00e9veloppement de l\u2019Afrique (TICAD 9), qui se tient \u00e0 Yokohama au Japon, le Pr\u00e9sident du Conseil, Faure Essozimna Gnassingb\u00e9, a multipli\u00e9 les \u00e9changes avec des acteurs \u00e9conomiques japonais dans le but de renforcer la [&hellip;]\" \/>\n<meta property=\"og:url\" content=\"https:\/\/macite.tg\/?p=24382\" \/>\n<meta property=\"article:published_time\" content=\"2025-08-21T15:08:57+00:00\" \/>\n<meta property=\"article:modified_time\" content=\"2025-08-21T15:09:06+00:00\" \/>\n<meta property=\"og:image\" content=\"https:\/\/macite.tg\/wp-content\/uploads\/2025\/08\/ECONO.jpg\" \/>\n\t<meta property=\"og:image:width\" content=\"500\" \/>\n\t<meta property=\"og:image:height\" content=\"400\" \/>\n\t<meta property=\"og:image:type\" content=\"image\/jpeg\" \/>\n<meta name=\"author\" content=\"Jean Pierre BAWELA\" \/>\n<meta name=\"twitter:card\" content=\"summary_large_image\" \/>\n<meta name=\"twitter:label1\" content=\"\u00c9crit par\" \/>\n\t<meta name=\"twitter:data1\" content=\"Jean Pierre BAWELA\" \/>\n\t<meta name=\"twitter:label2\" content=\"Dur\u00e9e de lecture estim\u00e9e\" \/>\n\t<meta name=\"twitter:data2\" content=\"4 minutes\" \/>\n<script type=\"application\/ld+json\" class=\"yoast-schema-graph\">{\"@context\":\"https:\\\/\\\/schema.org\",\"@graph\":[{\"@type\":\"Article\",\"@id\":\"https:\\\/\\\/macite.tg\\\/?p=24382#article\",\"isPartOf\":{\"@id\":\"https:\\\/\\\/macite.tg\\\/?p=24382\"},\"author\":{\"name\":\"Jean Pierre BAWELA\",\"@id\":\"https:\\\/\\\/macite.tg\\\/#\\\/schema\\\/person\\\/e9f2de7e5dbbe7770a9402c7ce82f5c2\"},\"headline\":\"COOPERATION ECONOMIQUE\u00a0: Lom\u00e9 et Tokyo d\u00e9sormais li\u00e9es par un nouveau partenariat strat\u00e9gique\",\"datePublished\":\"2025-08-21T15:08:57+00:00\",\"dateModified\":\"2025-08-21T15:09:06+00:00\",\"mainEntityOfPage\":{\"@id\":\"https:\\\/\\\/macite.tg\\\/?p=24382\"},\"wordCount\":528,\"commentCount\":0,\"image\":{\"@id\":\"https:\\\/\\\/macite.tg\\\/?p=24382#primaryimage\"},\"thumbnailUrl\":\"https:\\\/\\\/macite.tg\\\/wp-content\\\/uploads\\\/2025\\\/08\\\/ECONO.jpg\",\"articleSection\":[\"ACTUALITE\",\"ECONOMIE\"],\"inLanguage\":\"fr-FR\",\"potentialAction\":[{\"@type\":\"CommentAction\",\"name\":\"Comment\",\"target\":[\"https:\\\/\\\/macite.tg\\\/?p=24382#respond\"]}]},{\"@type\":\"WebPage\",\"@id\":\"https:\\\/\\\/macite.tg\\\/?p=24382\",\"url\":\"https:\\\/\\\/macite.tg\\\/?p=24382\",\"name\":\"COOPERATION ECONOMIQUE\u00a0: Lom\u00e9 et Tokyo d\u00e9sormais li\u00e9es par un nouveau partenariat strat\u00e9gique -\",\"isPartOf\":{\"@id\":\"https:\\\/\\\/macite.tg\\\/#website\"},\"primaryImageOfPage\":{\"@id\":\"https:\\\/\\\/macite.tg\\\/?p=24382#primaryimage\"},\"image\":{\"@id\":\"https:\\\/\\\/macite.tg\\\/?p=24382#primaryimage\"},\"thumbnailUrl\":\"https:\\\/\\\/macite.tg\\\/wp-content\\\/uploads\\\/2025\\\/08\\\/ECONO.jpg\",\"datePublished\":\"2025-08-21T15:08:57+00:00\",\"dateModified\":\"2025-08-21T15:09:06+00:00\",\"author\":{\"@id\":\"https:\\\/\\\/macite.tg\\\/#\\\/schema\\\/person\\\/e9f2de7e5dbbe7770a9402c7ce82f5c2\"},\"breadcrumb\":{\"@id\":\"https:\\\/\\\/macite.tg\\\/?p=24382#breadcrumb\"},\"inLanguage\":\"fr-FR\",\"potentialAction\":[{\"@type\":\"ReadAction\",\"target\":[\"https:\\\/\\\/macite.tg\\\/?p=24382\"]}]},{\"@type\":\"ImageObject\",\"inLanguage\":\"fr-FR\",\"@id\":\"https:\\\/\\\/macite.tg\\\/?p=24382#primaryimage\",\"url\":\"https:\\\/\\\/macite.tg\\\/wp-content\\\/uploads\\\/2025\\\/08\\\/ECONO.jpg\",\"contentUrl\":\"https:\\\/\\\/macite.tg\\\/wp-content\\\/uploads\\\/2025\\\/08\\\/ECONO.jpg\",\"width\":500,\"height\":400},{\"@type\":\"BreadcrumbList\",\"@id\":\"https:\\\/\\\/macite.tg\\\/?p=24382#breadcrumb\",\"itemListElement\":[{\"@type\":\"ListItem\",\"position\":1,\"name\":\"Accueil\",\"item\":\"https:\\\/\\\/macite.tg\\\/\"},{\"@type\":\"ListItem\",\"position\":2,\"name\":\"COOPERATION ECONOMIQUE\u00a0: Lom\u00e9 et Tokyo d\u00e9sormais li\u00e9es par un nouveau partenariat strat\u00e9gique\"}]},{\"@type\":\"WebSite\",\"@id\":\"https:\\\/\\\/macite.tg\\\/#website\",\"url\":\"https:\\\/\\\/macite.tg\\\/\",\"name\":\"\",\"description\":\"L&#039;information, la bonne!!!\",\"potentialAction\":[{\"@type\":\"SearchAction\",\"target\":{\"@type\":\"EntryPoint\",\"urlTemplate\":\"https:\\\/\\\/macite.tg\\\/?s={search_term_string}\"},\"query-input\":{\"@type\":\"PropertyValueSpecification\",\"valueRequired\":true,\"valueName\":\"search_term_string\"}}],\"inLanguage\":\"fr-FR\"},{\"@type\":\"Person\",\"@id\":\"https:\\\/\\\/macite.tg\\\/#\\\/schema\\\/person\\\/e9f2de7e5dbbe7770a9402c7ce82f5c2\",\"name\":\"Jean Pierre BAWELA\",\"image\":{\"@type\":\"ImageObject\",\"inLanguage\":\"fr-FR\",\"@id\":\"https:\\\/\\\/macite.tg\\\/wp-content\\\/uploads\\\/2023\\\/09\\\/WhatsApp-Image-2023-09-19-at-14.44.41-122x122.jpeg\",\"url\":\"https:\\\/\\\/macite.tg\\\/wp-content\\\/uploads\\\/2023\\\/09\\\/WhatsApp-Image-2023-09-19-at-14.44.41-122x122.jpeg\",\"contentUrl\":\"https:\\\/\\\/macite.tg\\\/wp-content\\\/uploads\\\/2023\\\/09\\\/WhatsApp-Image-2023-09-19-at-14.44.41-122x122.jpeg\",\"caption\":\"Jean Pierre BAWELA\"},\"url\":\"https:\\\/\\\/macite.tg\\\/?author=2\"}]}<\/script>\n<!-- \/ Yoast SEO plugin. -->","yoast_head_json":{"title":"COOPERATION ECONOMIQUE\u00a0: Lom\u00e9 et Tokyo d\u00e9sormais li\u00e9es par un nouveau partenariat strat\u00e9gique -","robots":{"index":"index","follow":"follow","max-snippet":"max-snippet:-1","max-image-preview":"max-image-preview:large","max-video-preview":"max-video-preview:-1"},"canonical":"https:\/\/macite.tg\/?p=24382","og_locale":"fr_FR","og_type":"article","og_title":"COOPERATION ECONOMIQUE\u00a0: Lom\u00e9 et Tokyo d\u00e9sormais li\u00e9es par un nouveau partenariat strat\u00e9gique -","og_description":"En marge de la neuvi\u00e8me Conf\u00e9rence internationale de Tokyo sur le d\u00e9veloppement de l\u2019Afrique (TICAD 9), qui se tient \u00e0 Yokohama au Japon, le Pr\u00e9sident du Conseil, Faure Essozimna Gnassingb\u00e9, a multipli\u00e9 les \u00e9changes avec des acteurs \u00e9conomiques japonais dans le but de renforcer la [&hellip;]","og_url":"https:\/\/macite.tg\/?p=24382","article_published_time":"2025-08-21T15:08:57+00:00","article_modified_time":"2025-08-21T15:09:06+00:00","og_image":[{"width":500,"height":400,"url":"https:\/\/macite.tg\/wp-content\/uploads\/2025\/08\/ECONO.jpg","type":"image\/jpeg"}],"author":"Jean Pierre BAWELA","twitter_card":"summary_large_image","twitter_misc":{"\u00c9crit par":"Jean Pierre BAWELA","Dur\u00e9e de lecture estim\u00e9e":"4 minutes"},"schema":{"@context":"https:\/\/schema.org","@graph":[{"@type":"Article","@id":"https:\/\/macite.tg\/?p=24382#article","isPartOf":{"@id":"https:\/\/macite.tg\/?p=24382"},"author":{"name":"Jean Pierre BAWELA","@id":"https:\/\/macite.tg\/#\/schema\/person\/e9f2de7e5dbbe7770a9402c7ce82f5c2"},"headline":"COOPERATION ECONOMIQUE\u00a0: Lom\u00e9 et Tokyo d\u00e9sormais li\u00e9es par un nouveau partenariat strat\u00e9gique","datePublished":"2025-08-21T15:08:57+00:00","dateModified":"2025-08-21T15:09:06+00:00","mainEntityOfPage":{"@id":"https:\/\/macite.tg\/?p=24382"},"wordCount":528,"commentCount":0,"image":{"@id":"https:\/\/macite.tg\/?p=24382#primaryimage"},"thumbnailUrl":"https:\/\/macite.tg\/wp-content\/uploads\/2025\/08\/ECONO.jpg","articleSection":["ACTUALITE","ECONOMIE"],"inLanguage":"fr-FR","potentialAction":[{"@type":"CommentAction","name":"Comment","target":["https:\/\/macite.tg\/?p=24382#respond"]}]},{"@type":"WebPage","@id":"https:\/\/macite.tg\/?p=24382","url":"https:\/\/macite.tg\/?p=24382","name":"COOPERATION ECONOMIQUE\u00a0: Lom\u00e9 et Tokyo d\u00e9sormais li\u00e9es par un nouveau partenariat strat\u00e9gique -","isPartOf":{"@id":"https:\/\/macite.tg\/#website"},"primaryImageOfPage":{"@id":"https:\/\/macite.tg\/?p=24382#primaryimage"},"image":{"@id":"https:\/\/macite.tg\/?p=24382#primaryimage"},"thumbnailUrl":"https:\/\/macite.tg\/wp-content\/uploads\/2025\/08\/ECONO.jpg","datePublished":"2025-08-21T15:08:57+00:00","dateModified":"2025-08-21T15:09:06+00:00","author":{"@id":"https:\/\/macite.tg\/#\/schema\/person\/e9f2de7e5dbbe7770a9402c7ce82f5c2"},"breadcrumb":{"@id":"https:\/\/macite.tg\/?p=24382#breadcrumb"},"inLanguage":"fr-FR","potentialAction":[{"@type":"ReadAction","target":["https:\/\/macite.tg\/?p=24382"]}]},{"@type":"ImageObject","inLanguage":"fr-FR","@id":"https:\/\/macite.tg\/?p=24382#primaryimage","url":"https:\/\/macite.tg\/wp-content\/uploads\/2025\/08\/ECONO.jpg","contentUrl":"https:\/\/macite.tg\/wp-content\/uploads\/2025\/08\/ECONO.jpg","width":500,"height":400},{"@type":"BreadcrumbList","@id":"https:\/\/macite.tg\/?p=24382#breadcrumb","itemListElement":[{"@type":"ListItem","position":1,"name":"Accueil","item":"https:\/\/macite.tg\/"},{"@type":"ListItem","position":2,"name":"COOPERATION ECONOMIQUE\u00a0: Lom\u00e9 et Tokyo d\u00e9sormais li\u00e9es par un nouveau partenariat strat\u00e9gique"}]},{"@type":"WebSite","@id":"https:\/\/macite.tg\/#website","url":"https:\/\/macite.tg\/","name":"","description":"L&#039;information, la bonne!!!","potentialAction":[{"@type":"SearchAction","target":{"@type":"EntryPoint","urlTemplate":"https:\/\/macite.tg\/?s={search_term_string}"},"query-input":{"@type":"PropertyValueSpecification","valueRequired":true,"valueName":"search_term_string"}}],"inLanguage":"fr-FR"},{"@type":"Person","@id":"https:\/\/macite.tg\/#\/schema\/person\/e9f2de7e5dbbe7770a9402c7ce82f5c2","name":"Jean Pierre BAWELA","image":{"@type":"ImageObject","inLanguage":"fr-FR","@id":"https:\/\/macite.tg\/wp-content\/uploads\/2023\/09\/WhatsApp-Image-2023-09-19-at-14.44.41-122x122.jpeg","url":"https:\/\/macite.tg\/wp-content\/uploads\/2023\/09\/WhatsApp-Image-2023-09-19-at-14.44.41-122x122.jpeg","contentUrl":"https:\/\/macite.tg\/wp-content\/uploads\/2023\/09\/WhatsApp-Image-2023-09-19-at-14.44.41-122x122.jpeg","caption":"Jean Pierre BAWELA"},"url":"https:\/\/macite.tg\/?author=2"}]}},"_links":{"self":[{"href":"https:\/\/macite.tg\/index.php?rest_route=\/wp\/v2\/posts\/24382","targetHints":{"allow":["GET"]}}],"collection":[{"href":"https:\/\/macite.tg\/index.php?rest_route=\/wp\/v2\/posts"}],"about":[{"href":"https:\/\/macite.tg\/index.php?rest_route=\/wp\/v2\/types\/post"}],"author":[{"embeddable":true,"href":"https:\/\/macite.tg\/index.php?rest_route=\/wp\/v2\/users\/2"}],"replies":[{"embeddable":true,"href":"https:\/\/macite.tg\/index.php?rest_route=%2Fwp%2Fv2%2Fcomments&post=24382"}],"version-history":[{"count":0,"href":"https:\/\/macite.tg\/index.php?rest_route=\/wp\/v2\/posts\/24382\/revisions"}],"wp:featuredmedia":[{"embeddable":true,"href":"https:\/\/macite.tg\/index.php?rest_route=\/wp\/v2\/media\/24383"}],"wp:attachment":[{"href":"https:\/\/macite.tg\/index.php?rest_route=%2Fwp%2Fv2%2Fmedia&parent=24382"}],"wp:term":[{"taxonomy":"category","embeddable":true,"href":"https:\/\/macite.tg\/index.php?rest_route=%2Fwp%2Fv2%2Fcategories&post=24382"},{"taxonomy":"post_tag","embeddable":true,"href":"https:\/\/macite.tg\/index.php?rest_route=%2Fwp%2Fv2%2Ftags&post=24382"}],"curies":[{"name":"wp","href":"https:\/\/api.w.org\/{rel}","templated":true}]}}