{"id":24378,"date":"2025-08-21T14:57:11","date_gmt":"2025-08-21T14:57:11","guid":{"rendered":"https:\/\/macite.tg\/?p=24378"},"modified":"2025-08-21T14:57:16","modified_gmt":"2025-08-21T14:57:16","slug":"justice-internationale-quand-les-etats-unis-sen-prennent-a-des-responsables-de-la-cpi-pour","status":"publish","type":"post","link":"https:\/\/macite.tg\/?p=24378","title":{"rendered":"JUSTICE INTERNATIONALE\u00a0: Quand les Etats-Unis s\u2019en prennent \u00e0 des responsables de la CPI pour\u2026"},"content":{"rendered":"\n<p class=\"wp-block-paragraph\"><strong><em>Le Secr\u00e9taire d\u2019\u00c9tat am\u00e9ricain, Marco Rubio, a annonc\u00e9, hier mercredi 20 ao\u00fbt, de nouvelles sanctions visant plusieurs responsables associ\u00e9s \u00e0 la Cour p\u00e9nale internationale (<\/em><\/strong><em><a href=\"https:\/\/www.senenews.com\/actualites\/cpi-et-manif-meurtrieres-au-senegal-juan-branco-met-diomaye-sonko-et-el-malick-face-a-leurs-responsabilites_555706.html\"><strong>CPI<\/strong><\/a><\/em><strong><em>), selon un communiqu\u00e9 partag\u00e9 par l\u2019avocat fran\u00e7ais Juan Branco, exploit\u00e9 par le confr\u00e8re de SeneNews.<\/em><\/strong><\/p>\n\n\n\n<p class=\"wp-block-paragraph\">Sont concern\u00e9s Kimberly Prost (Canada), Nicolas Guillou (France), Nazhat Shameem Khan (Fidji) et Mame Mandiaye Niang (S\u00e9n\u00e9gal). Ces mesures sont prises en vertu du d\u00e9cret pr\u00e9sidentiel 14203 sign\u00e9 par l\u2019ancien pr\u00e9sident Donald Trump, intitul\u00e9 <em>\u00ab Imposing Sanctions on the International Criminal Court \u00bb.<\/em><\/p>\n\n\n<div class=\"wp-block-image\">\n<figure class=\"aligncenter size-full is-resized\"><img loading=\"lazy\" decoding=\"async\" width=\"690\" height=\"170\" src=\"https:\/\/macite.tg\/wp-content\/uploads\/2025\/08\/OTR_TVM-1.jpg\" alt=\"\" class=\"wp-image-24129\" style=\"width:840px;height:auto\" srcset=\"https:\/\/macite.tg\/wp-content\/uploads\/2025\/08\/OTR_TVM-1.jpg 690w, https:\/\/macite.tg\/wp-content\/uploads\/2025\/08\/OTR_TVM-1-300x74.jpg 300w\" sizes=\"auto, (max-width: 690px) 100vw, 690px\" \/><\/figure>\n<\/div>\n\n\n<p class=\"wp-block-paragraph\">Selon Washington, ces personnes sont directement impliqu\u00e9es dans les efforts de la CPI pour enqu\u00eater, arr\u00eater, d\u00e9tenir ou poursuivre des ressortissants am\u00e9ricains ou isra\u00e9liens, sans le consentement des \u00c9tats concern\u00e9s.<\/p>\n\n\n\n<p class=\"wp-block-paragraph\">Le communiqu\u00e9 du D\u00e9partement d\u2019\u00c9tat accuse la Cour de <em>\u00ab politisation, abus de pouvoir, m\u00e9pris de la souverainet\u00e9 nationale et empi\u00e9tement judiciaire ill\u00e9gitime \u00bb,<\/em> estimant qu\u2019elle constitue une menace pour la s\u00e9curit\u00e9 nationale des \u00c9tats-Unis et pour son alli\u00e9 Isra\u00ebl.<\/p>\n\n\n\n<p class=\"wp-block-paragraph\">Le gouvernement am\u00e9ricain r\u00e9affirme sa volont\u00e9 de prendre \u00ab toutes les mesures n\u00e9cessaires \u00bb pour prot\u00e9ger ses troupes, sa souverainet\u00e9 et ses alli\u00e9s face aux actions de la CPI.<\/p>\n\n\n\n<p class=\"wp-block-paragraph\"><strong>Mame Mandiaye Niang et Nicolas Guillou directement vis\u00e9s<\/strong><\/p>\n\n\n\n<p class=\"wp-block-paragraph\">Le procureur s\u00e9n\u00e9galais de la CPI, Mame Mandiaye Niang, qui a succ\u00e9d\u00e9 au procureur Karim Khan, ainsi que le juge fran\u00e7ais Nicolas Guillou, figurent parmi les personnalit\u00e9s sanctionn\u00e9es par les \u00c9tats-Unis <em>\u00ab en raison de leur r\u00f4le dans la proc\u00e9dure engag\u00e9e contre les dirigeants isra\u00e9liens \u00bb.<\/em><\/p>\n\n\n<div class=\"wp-block-image\">\n<figure class=\"aligncenter size-full is-resized\"><img decoding=\"async\" src=\"https:\/\/macite.tg\/wp-content\/uploads\/2025\/08\/Geo-ref-1.jpg\" alt=\"\" class=\"wp-image-24339\" style=\"width:684px;height:auto\"\/><\/figure>\n<\/div>\n\n\n<p class=\"wp-block-paragraph\"><strong>La r\u00e9action de Juan Branco<\/strong><\/p>\n\n\n\n<p class=\"wp-block-paragraph\">L\u2019avocat franco-espagnol Juan Branco, qui a partag\u00e9 le communiqu\u00e9, a appel\u00e9 les autorit\u00e9s des pays concern\u00e9s \u00e0 r\u00e9agir et \u00e0 prot\u00e9ger leurs ressortissants. <em>\u00ab Je pense en particulier aux autorit\u00e9s s\u00e9n\u00e9galaises, qui pr\u00e9sident le Comit\u00e9 pour les droits inali\u00e9nables de la Palestine \u00bb,<\/em> a-t-il d\u00e9clar\u00e9.<\/p>\n\n\n\n<p class=\"wp-block-paragraph\">Selon lui, ces sanctions constituent une menace plus large : <em>\u00ab Les avocats des victimes, dont je suis, seront les prochains vis\u00e9s \u00bb<\/em>, a-t-il averti.<\/p>\n\n\n<div class=\"wp-block-image\">\n<figure class=\"aligncenter size-full\"><img loading=\"lazy\" decoding=\"async\" width=\"564\" height=\"696\" src=\"https:\/\/macite.tg\/wp-content\/uploads\/2025\/08\/image-83.png\" alt=\"\" class=\"wp-image-24379\" srcset=\"https:\/\/macite.tg\/wp-content\/uploads\/2025\/08\/image-83.png 564w, https:\/\/macite.tg\/wp-content\/uploads\/2025\/08\/image-83-243x300.png 243w\" sizes=\"auto, (max-width: 564px) 100vw, 564px\" \/><\/figure>\n<\/div>\n\n\n<p class=\"wp-block-paragraph\"><strong>SeneNews<\/strong><\/p>\n\n\n\n<p class=\"wp-block-paragraph\"><a><strong><em>@macite.tg&nbsp;&nbsp;&nbsp;&nbsp;&nbsp;&nbsp;&nbsp;&nbsp;<\/em><\/strong><\/a><\/p>\n\n\n\n<p class=\"wp-block-paragraph\"><strong><em>E-mail&nbsp;: <\/em><\/strong><a href=\"mailto:maciteinfo@gmail.com\"><strong><em>maciteinfo@gmail.com<\/em><\/strong><\/a><strong><em>; <\/em><\/strong><a href=\"mailto:bawela1@gmail.com\"><strong><em>bawela1@gmail.com<\/em><\/strong><\/a><strong><em><\/em><\/strong><\/p>\n\n\n\n<p class=\"wp-block-paragraph\"><strong><em>Pour vos annonces, (publi)reportages, etc., joignez-nous au (00228)91515309\/<strong>79872224 <\/strong><strong><\/strong><\/em><\/strong><\/p>\n\n\n\n<p class=\"wp-block-paragraph\"><strong><em>www.macite.tg, L\u2019information, la bonne&nbsp;!<\/em><\/strong><\/p>\n","protected":false},"excerpt":{"rendered":"<p class=\"text-justify mb-2\" >Le Secr\u00e9taire d\u2019\u00c9tat am\u00e9ricain, Marco Rubio, a annonc\u00e9, hier mercredi 20 ao\u00fbt, de nouvelles sanctions visant plusieurs responsables associ\u00e9s \u00e0 la Cour p\u00e9nale internationale (CPI), selon un communiqu\u00e9 partag\u00e9 par l\u2019avocat fran\u00e7ais Juan Branco, exploit\u00e9 par le confr\u00e8re de SeneNews. Sont concern\u00e9s Kimberly Prost (Canada), [&hellip;]<\/p>\n","protected":false},"author":2,"featured_media":24380,"comment_status":"open","ping_status":"open","sticky":false,"template":"","format":"standard","meta":{"footnotes":""},"categories":[20,26],"tags":[],"class_list":["post-24378","post","type-post","status-publish","format-standard","has-post-thumbnail","hentry","category-actualite","category-justice"],"yoast_head":"<!-- This site is optimized with the Yoast SEO plugin v28.4 - https:\/\/yoast.com\/product\/yoast-seo-wordpress\/ -->\n<title>JUSTICE INTERNATIONALE\u00a0: Quand les Etats-Unis s\u2019en prennent \u00e0 des responsables de la CPI pour\u2026 -<\/title>\n<meta name=\"robots\" content=\"index, follow, max-snippet:-1, max-image-preview:large, max-video-preview:-1\" \/>\n<link rel=\"canonical\" href=\"https:\/\/macite.tg\/?p=24378\" \/>\n<meta property=\"og:locale\" content=\"fr_FR\" \/>\n<meta property=\"og:type\" content=\"article\" \/>\n<meta property=\"og:title\" content=\"JUSTICE INTERNATIONALE\u00a0: Quand les Etats-Unis s\u2019en prennent \u00e0 des responsables de la CPI pour\u2026 -\" \/>\n<meta property=\"og:description\" content=\"Le Secr\u00e9taire d\u2019\u00c9tat am\u00e9ricain, Marco Rubio, a annonc\u00e9, hier mercredi 20 ao\u00fbt, de nouvelles sanctions visant plusieurs responsables associ\u00e9s \u00e0 la Cour p\u00e9nale internationale (CPI), selon un communiqu\u00e9 partag\u00e9 par l\u2019avocat fran\u00e7ais Juan Branco, exploit\u00e9 par le confr\u00e8re de SeneNews. Sont concern\u00e9s Kimberly Prost (Canada), [&hellip;]\" \/>\n<meta property=\"og:url\" content=\"https:\/\/macite.tg\/?p=24378\" \/>\n<meta property=\"article:published_time\" content=\"2025-08-21T14:57:11+00:00\" \/>\n<meta property=\"article:modified_time\" content=\"2025-08-21T14:57:16+00:00\" \/>\n<meta property=\"og:image\" content=\"https:\/\/macite.tg\/wp-content\/uploads\/2025\/08\/image-84.png\" \/>\n\t<meta property=\"og:image:width\" content=\"291\" \/>\n\t<meta property=\"og:image:height\" content=\"219\" \/>\n\t<meta property=\"og:image:type\" content=\"image\/png\" \/>\n<meta name=\"author\" content=\"Jean Pierre BAWELA\" \/>\n<meta name=\"twitter:card\" content=\"summary_large_image\" \/>\n<meta name=\"twitter:label1\" content=\"\u00c9crit par\" \/>\n\t<meta name=\"twitter:data1\" content=\"Jean Pierre BAWELA\" \/>\n\t<meta name=\"twitter:label2\" content=\"Dur\u00e9e de lecture estim\u00e9e\" \/>\n\t<meta name=\"twitter:data2\" content=\"3 minutes\" \/>\n<script type=\"application\/ld+json\" class=\"yoast-schema-graph\">{\"@context\":\"https:\\\/\\\/schema.org\",\"@graph\":[{\"@type\":\"Article\",\"@id\":\"https:\\\/\\\/macite.tg\\\/?p=24378#article\",\"isPartOf\":{\"@id\":\"https:\\\/\\\/macite.tg\\\/?p=24378\"},\"author\":{\"name\":\"Jean Pierre BAWELA\",\"@id\":\"https:\\\/\\\/macite.tg\\\/#\\\/schema\\\/person\\\/e9f2de7e5dbbe7770a9402c7ce82f5c2\"},\"headline\":\"JUSTICE INTERNATIONALE\u00a0: Quand les Etats-Unis s\u2019en prennent \u00e0 des responsables de la CPI pour\u2026\",\"datePublished\":\"2025-08-21T14:57:11+00:00\",\"dateModified\":\"2025-08-21T14:57:16+00:00\",\"mainEntityOfPage\":{\"@id\":\"https:\\\/\\\/macite.tg\\\/?p=24378\"},\"wordCount\":402,\"commentCount\":0,\"image\":{\"@id\":\"https:\\\/\\\/macite.tg\\\/?p=24378#primaryimage\"},\"thumbnailUrl\":\"https:\\\/\\\/macite.tg\\\/wp-content\\\/uploads\\\/2025\\\/08\\\/image-84.png\",\"articleSection\":[\"ACTUALITE\",\"JUSTICE\"],\"inLanguage\":\"fr-FR\",\"potentialAction\":[{\"@type\":\"CommentAction\",\"name\":\"Comment\",\"target\":[\"https:\\\/\\\/macite.tg\\\/?p=24378#respond\"]}]},{\"@type\":\"WebPage\",\"@id\":\"https:\\\/\\\/macite.tg\\\/?p=24378\",\"url\":\"https:\\\/\\\/macite.tg\\\/?p=24378\",\"name\":\"JUSTICE INTERNATIONALE\u00a0: Quand les Etats-Unis s\u2019en prennent \u00e0 des responsables de la CPI pour\u2026 -\",\"isPartOf\":{\"@id\":\"https:\\\/\\\/macite.tg\\\/#website\"},\"primaryImageOfPage\":{\"@id\":\"https:\\\/\\\/macite.tg\\\/?p=24378#primaryimage\"},\"image\":{\"@id\":\"https:\\\/\\\/macite.tg\\\/?p=24378#primaryimage\"},\"thumbnailUrl\":\"https:\\\/\\\/macite.tg\\\/wp-content\\\/uploads\\\/2025\\\/08\\\/image-84.png\",\"datePublished\":\"2025-08-21T14:57:11+00:00\",\"dateModified\":\"2025-08-21T14:57:16+00:00\",\"author\":{\"@id\":\"https:\\\/\\\/macite.tg\\\/#\\\/schema\\\/person\\\/e9f2de7e5dbbe7770a9402c7ce82f5c2\"},\"breadcrumb\":{\"@id\":\"https:\\\/\\\/macite.tg\\\/?p=24378#breadcrumb\"},\"inLanguage\":\"fr-FR\",\"potentialAction\":[{\"@type\":\"ReadAction\",\"target\":[\"https:\\\/\\\/macite.tg\\\/?p=24378\"]}]},{\"@type\":\"ImageObject\",\"inLanguage\":\"fr-FR\",\"@id\":\"https:\\\/\\\/macite.tg\\\/?p=24378#primaryimage\",\"url\":\"https:\\\/\\\/macite.tg\\\/wp-content\\\/uploads\\\/2025\\\/08\\\/image-84.png\",\"contentUrl\":\"https:\\\/\\\/macite.tg\\\/wp-content\\\/uploads\\\/2025\\\/08\\\/image-84.png\",\"width\":291,\"height\":219},{\"@type\":\"BreadcrumbList\",\"@id\":\"https:\\\/\\\/macite.tg\\\/?p=24378#breadcrumb\",\"itemListElement\":[{\"@type\":\"ListItem\",\"position\":1,\"name\":\"Accueil\",\"item\":\"https:\\\/\\\/macite.tg\\\/\"},{\"@type\":\"ListItem\",\"position\":2,\"name\":\"JUSTICE INTERNATIONALE\u00a0: Quand les Etats-Unis s\u2019en prennent \u00e0 des responsables de la CPI pour\u2026\"}]},{\"@type\":\"WebSite\",\"@id\":\"https:\\\/\\\/macite.tg\\\/#website\",\"url\":\"https:\\\/\\\/macite.tg\\\/\",\"name\":\"\",\"description\":\"L&#039;information, la bonne!!!\",\"potentialAction\":[{\"@type\":\"SearchAction\",\"target\":{\"@type\":\"EntryPoint\",\"urlTemplate\":\"https:\\\/\\\/macite.tg\\\/?s={search_term_string}\"},\"query-input\":{\"@type\":\"PropertyValueSpecification\",\"valueRequired\":true,\"valueName\":\"search_term_string\"}}],\"inLanguage\":\"fr-FR\"},{\"@type\":\"Person\",\"@id\":\"https:\\\/\\\/macite.tg\\\/#\\\/schema\\\/person\\\/e9f2de7e5dbbe7770a9402c7ce82f5c2\",\"name\":\"Jean Pierre BAWELA\",\"image\":{\"@type\":\"ImageObject\",\"inLanguage\":\"fr-FR\",\"@id\":\"https:\\\/\\\/macite.tg\\\/wp-content\\\/uploads\\\/2023\\\/09\\\/WhatsApp-Image-2023-09-19-at-14.44.41-122x122.jpeg\",\"url\":\"https:\\\/\\\/macite.tg\\\/wp-content\\\/uploads\\\/2023\\\/09\\\/WhatsApp-Image-2023-09-19-at-14.44.41-122x122.jpeg\",\"contentUrl\":\"https:\\\/\\\/macite.tg\\\/wp-content\\\/uploads\\\/2023\\\/09\\\/WhatsApp-Image-2023-09-19-at-14.44.41-122x122.jpeg\",\"caption\":\"Jean Pierre BAWELA\"},\"url\":\"https:\\\/\\\/macite.tg\\\/?author=2\"}]}<\/script>\n<!-- \/ Yoast SEO plugin. -->","yoast_head_json":{"title":"JUSTICE INTERNATIONALE\u00a0: Quand les Etats-Unis s\u2019en prennent \u00e0 des responsables de la CPI pour\u2026 -","robots":{"index":"index","follow":"follow","max-snippet":"max-snippet:-1","max-image-preview":"max-image-preview:large","max-video-preview":"max-video-preview:-1"},"canonical":"https:\/\/macite.tg\/?p=24378","og_locale":"fr_FR","og_type":"article","og_title":"JUSTICE INTERNATIONALE\u00a0: Quand les Etats-Unis s\u2019en prennent \u00e0 des responsables de la CPI pour\u2026 -","og_description":"Le Secr\u00e9taire d\u2019\u00c9tat am\u00e9ricain, Marco Rubio, a annonc\u00e9, hier mercredi 20 ao\u00fbt, de nouvelles sanctions visant plusieurs responsables associ\u00e9s \u00e0 la Cour p\u00e9nale internationale (CPI), selon un communiqu\u00e9 partag\u00e9 par l\u2019avocat fran\u00e7ais Juan Branco, exploit\u00e9 par le confr\u00e8re de SeneNews. Sont concern\u00e9s Kimberly Prost (Canada), [&hellip;]","og_url":"https:\/\/macite.tg\/?p=24378","article_published_time":"2025-08-21T14:57:11+00:00","article_modified_time":"2025-08-21T14:57:16+00:00","og_image":[{"width":291,"height":219,"url":"https:\/\/macite.tg\/wp-content\/uploads\/2025\/08\/image-84.png","type":"image\/png"}],"author":"Jean Pierre BAWELA","twitter_card":"summary_large_image","twitter_misc":{"\u00c9crit par":"Jean Pierre BAWELA","Dur\u00e9e de lecture estim\u00e9e":"3 minutes"},"schema":{"@context":"https:\/\/schema.org","@graph":[{"@type":"Article","@id":"https:\/\/macite.tg\/?p=24378#article","isPartOf":{"@id":"https:\/\/macite.tg\/?p=24378"},"author":{"name":"Jean Pierre BAWELA","@id":"https:\/\/macite.tg\/#\/schema\/person\/e9f2de7e5dbbe7770a9402c7ce82f5c2"},"headline":"JUSTICE INTERNATIONALE\u00a0: Quand les Etats-Unis s\u2019en prennent \u00e0 des responsables de la CPI pour\u2026","datePublished":"2025-08-21T14:57:11+00:00","dateModified":"2025-08-21T14:57:16+00:00","mainEntityOfPage":{"@id":"https:\/\/macite.tg\/?p=24378"},"wordCount":402,"commentCount":0,"image":{"@id":"https:\/\/macite.tg\/?p=24378#primaryimage"},"thumbnailUrl":"https:\/\/macite.tg\/wp-content\/uploads\/2025\/08\/image-84.png","articleSection":["ACTUALITE","JUSTICE"],"inLanguage":"fr-FR","potentialAction":[{"@type":"CommentAction","name":"Comment","target":["https:\/\/macite.tg\/?p=24378#respond"]}]},{"@type":"WebPage","@id":"https:\/\/macite.tg\/?p=24378","url":"https:\/\/macite.tg\/?p=24378","name":"JUSTICE INTERNATIONALE\u00a0: Quand les Etats-Unis s\u2019en prennent \u00e0 des responsables de la CPI pour\u2026 -","isPartOf":{"@id":"https:\/\/macite.tg\/#website"},"primaryImageOfPage":{"@id":"https:\/\/macite.tg\/?p=24378#primaryimage"},"image":{"@id":"https:\/\/macite.tg\/?p=24378#primaryimage"},"thumbnailUrl":"https:\/\/macite.tg\/wp-content\/uploads\/2025\/08\/image-84.png","datePublished":"2025-08-21T14:57:11+00:00","dateModified":"2025-08-21T14:57:16+00:00","author":{"@id":"https:\/\/macite.tg\/#\/schema\/person\/e9f2de7e5dbbe7770a9402c7ce82f5c2"},"breadcrumb":{"@id":"https:\/\/macite.tg\/?p=24378#breadcrumb"},"inLanguage":"fr-FR","potentialAction":[{"@type":"ReadAction","target":["https:\/\/macite.tg\/?p=24378"]}]},{"@type":"ImageObject","inLanguage":"fr-FR","@id":"https:\/\/macite.tg\/?p=24378#primaryimage","url":"https:\/\/macite.tg\/wp-content\/uploads\/2025\/08\/image-84.png","contentUrl":"https:\/\/macite.tg\/wp-content\/uploads\/2025\/08\/image-84.png","width":291,"height":219},{"@type":"BreadcrumbList","@id":"https:\/\/macite.tg\/?p=24378#breadcrumb","itemListElement":[{"@type":"ListItem","position":1,"name":"Accueil","item":"https:\/\/macite.tg\/"},{"@type":"ListItem","position":2,"name":"JUSTICE INTERNATIONALE\u00a0: Quand les Etats-Unis s\u2019en prennent \u00e0 des responsables de la CPI pour\u2026"}]},{"@type":"WebSite","@id":"https:\/\/macite.tg\/#website","url":"https:\/\/macite.tg\/","name":"","description":"L&#039;information, la bonne!!!","potentialAction":[{"@type":"SearchAction","target":{"@type":"EntryPoint","urlTemplate":"https:\/\/macite.tg\/?s={search_term_string}"},"query-input":{"@type":"PropertyValueSpecification","valueRequired":true,"valueName":"search_term_string"}}],"inLanguage":"fr-FR"},{"@type":"Person","@id":"https:\/\/macite.tg\/#\/schema\/person\/e9f2de7e5dbbe7770a9402c7ce82f5c2","name":"Jean Pierre BAWELA","image":{"@type":"ImageObject","inLanguage":"fr-FR","@id":"https:\/\/macite.tg\/wp-content\/uploads\/2023\/09\/WhatsApp-Image-2023-09-19-at-14.44.41-122x122.jpeg","url":"https:\/\/macite.tg\/wp-content\/uploads\/2023\/09\/WhatsApp-Image-2023-09-19-at-14.44.41-122x122.jpeg","contentUrl":"https:\/\/macite.tg\/wp-content\/uploads\/2023\/09\/WhatsApp-Image-2023-09-19-at-14.44.41-122x122.jpeg","caption":"Jean Pierre BAWELA"},"url":"https:\/\/macite.tg\/?author=2"}]}},"_links":{"self":[{"href":"https:\/\/macite.tg\/index.php?rest_route=\/wp\/v2\/posts\/24378","targetHints":{"allow":["GET"]}}],"collection":[{"href":"https:\/\/macite.tg\/index.php?rest_route=\/wp\/v2\/posts"}],"about":[{"href":"https:\/\/macite.tg\/index.php?rest_route=\/wp\/v2\/types\/post"}],"author":[{"embeddable":true,"href":"https:\/\/macite.tg\/index.php?rest_route=\/wp\/v2\/users\/2"}],"replies":[{"embeddable":true,"href":"https:\/\/macite.tg\/index.php?rest_route=%2Fwp%2Fv2%2Fcomments&post=24378"}],"version-history":[{"count":0,"href":"https:\/\/macite.tg\/index.php?rest_route=\/wp\/v2\/posts\/24378\/revisions"}],"wp:featuredmedia":[{"embeddable":true,"href":"https:\/\/macite.tg\/index.php?rest_route=\/wp\/v2\/media\/24380"}],"wp:attachment":[{"href":"https:\/\/macite.tg\/index.php?rest_route=%2Fwp%2Fv2%2Fmedia&parent=24378"}],"wp:term":[{"taxonomy":"category","embeddable":true,"href":"https:\/\/macite.tg\/index.php?rest_route=%2Fwp%2Fv2%2Fcategories&post=24378"},{"taxonomy":"post_tag","embeddable":true,"href":"https:\/\/macite.tg\/index.php?rest_route=%2Fwp%2Fv2%2Ftags&post=24378"}],"curies":[{"name":"wp","href":"https:\/\/api.w.org\/{rel}","templated":true}]}}