{"id":24371,"date":"2025-08-21T10:31:50","date_gmt":"2025-08-21T10:31:50","guid":{"rendered":"https:\/\/macite.tg\/?p=24371"},"modified":"2025-08-21T10:32:12","modified_gmt":"2025-08-21T10:32:12","slug":"exposition-universelle-2025-au-japon-le-togo-tout-feu-tout-flamme-a-osaka","status":"publish","type":"post","link":"https:\/\/macite.tg\/?p=24371","title":{"rendered":"EXPOSITION UNIVERSELLE 2025 AU JAPON\u00a0: Le Togo, tout feu tout flamme \u00e0 Osaka"},"content":{"rendered":"\n<p class=\"wp-block-paragraph\"><strong><em>Dans le cadre de sa participation \u00e0 l\u2019exposition universelle 2025 \u00e0 Osaka, au Japon, le Togo a tenu, le mardi 19 ao\u00fbt dernier, une journ\u00e9e \u00e9conomique avec plusieurs activit\u00e9s au menu. Cette journ\u00e9e, plac\u00e9e sous la houlette de la Chambre du commerce et d\u2019industrie du Togo (CCI-Togo), a \u00e9t\u00e9 pr\u00e9sid\u00e9e par la ministre du Commerce, de l\u2019artisanat et de la consommation locale, Rose Kayi Mivedor-Sambiani.<\/em><\/strong><\/p>\n\n\n\n<p class=\"wp-block-paragraph\">La journ\u00e9e a rassembl\u00e9 environ 150 participants issus de divers milieux \u00e9conomiques dans les locaux de la chambre de commerce et d \u2018industrie d\u2019Osaka. Elle a \u00e9t\u00e9 marqu\u00e9e par une pr\u00e9sentation <em>\u00ab&nbsp;Invest in Togo&nbsp;\u00bb <\/em>de l\u2019\u00e9quipe de l\u2019Agence de promotion des investissements et de la zone franche (API-ZF), suivi d\u2019un panel qui a mis en avant le dynamisme du secteur priv\u00e9 togolais, les r\u00e9formes structurelles engag\u00e9es ces derni\u00e8res ann\u00e9es et surtout les atouts du climat des affaires togolais, reconnu comme l&rsquo;un des plus attractifs d&rsquo;Afrique de l&rsquo;Ouest. L\u2019objectif est d\u2019inviter les investisseurs et visiteurs pr\u00e9sents \u00e0 ce rendez-vous plan\u00e9taire \u00e0 venir investir au Togo.<\/p>\n\n\n<div class=\"wp-block-image\">\n<figure class=\"aligncenter size-full\"><img loading=\"lazy\" decoding=\"async\" width=\"851\" height=\"315\" src=\"https:\/\/macite.tg\/wp-content\/uploads\/2025\/08\/OTR_Bandeau-Renseignements.jpg\" alt=\"\" class=\"wp-image-24184\" srcset=\"https:\/\/macite.tg\/wp-content\/uploads\/2025\/08\/OTR_Bandeau-Renseignements.jpg 851w, https:\/\/macite.tg\/wp-content\/uploads\/2025\/08\/OTR_Bandeau-Renseignements-300x111.jpg 300w, https:\/\/macite.tg\/wp-content\/uploads\/2025\/08\/OTR_Bandeau-Renseignements-768x284.jpg 768w\" sizes=\"auto, (max-width: 851px) 100vw, 851px\" \/><\/figure>\n<\/div>\n\n\n<p class=\"wp-block-paragraph\">La ministre du Commerce, de l\u2019Artisanat et de la Consommation locale, Rose Kayi Mivedor-Sambiani, a, au cours de cette rencontre, r\u00e9affirm\u00e9 la volont\u00e9 du gouvernement togolais de faire du secteur priv\u00e9 le moteur d\u2019une croissance inclusive.<\/p>\n\n\n\n<p class=\"wp-block-paragraph\">La Journ\u00e9e \u00e9conomique du Togo s\u2019est ainsi positionn\u00e9e comme un temps fort de promotion et de diplomatie \u00e9conomique, mais aussi d\u2019\u00e9changes entre les entrepreneurs togolais, japonais et internationaux, en vue de nouer des partenariats solides et durables dans des secteurs porteurs.<\/p>\n\n\n\n<p class=\"wp-block-paragraph\">Ceci s\u2019est d\u2019ailleurs concr\u00e9tis\u00e9 par la signature d\u2019un protocole d\u2019accord entre la CCI-Osaka et la CCI-Togo, marquant une nouvelle \u00e9tape de coop\u00e9ration \u00e9conomique entre le Togo et le Japon. Cet accord vise \u00e0 stimuler les \u00e9changes commerciaux, faciliter les transferts de technologies et accompagner les PME des deux pays dans leur d\u00e9veloppement \u00e0 l\u2019international.<\/p>\n\n\n<div class=\"wp-block-image\">\n<figure class=\"aligncenter size-full is-resized\"><img decoding=\"async\" src=\"https:\/\/macite.tg\/wp-content\/uploads\/2025\/08\/Geo-ref-1.jpg\" alt=\"\" class=\"wp-image-24339\" style=\"width:580px;height:auto\"\/><\/figure>\n<\/div>\n\n\n<p class=\"wp-block-paragraph\">La journ\u00e9e s\u2019est achev\u00e9e par un cocktail, dans une ambiance conviviale, symbole des liens d\u2019amiti\u00e9 et de coop\u00e9ration que le Togo entend renforcer avec ses partenaires internationaux.<\/p>\n\n\n\n<p class=\"wp-block-paragraph\"><strong>La R\u00e9daction<\/strong><\/p>\n\n\n\n<p class=\"wp-block-paragraph\"><a><strong><em>@macite.tg&nbsp;&nbsp;&nbsp;&nbsp;&nbsp;&nbsp;&nbsp;&nbsp;<\/em><\/strong><\/a><\/p>\n\n\n\n<p class=\"wp-block-paragraph\"><strong><em>E-mail&nbsp;: <\/em><\/strong><a href=\"mailto:maciteinfo@gmail.com\"><strong><em>maciteinfo@gmail.com<\/em><\/strong><\/a><strong><em>; <\/em><\/strong><a href=\"mailto:bawela1@gmail.com\"><strong><em>bawela1@gmail.com<\/em><\/strong><\/a><strong><em><\/em><\/strong><\/p>\n\n\n\n<p class=\"wp-block-paragraph\"><strong><em>Pour vos annonces, (publi)reportages, etc., joignez-nous au (00228)91515309\/<strong>79872224 <\/strong><strong><\/strong><\/em><\/strong><\/p>\n\n\n\n<p class=\"wp-block-paragraph\"><strong><em>www.macite.tg, L\u2019information, la bonne&nbsp;!<\/em><\/strong><\/p>\n\n\n\n<p class=\"wp-block-paragraph\"><\/p>\n","protected":false},"excerpt":{"rendered":"<p class=\"text-justify mb-2\" >Dans le cadre de sa participation \u00e0 l\u2019exposition universelle 2025 \u00e0 Osaka, au Japon, le Togo a tenu, le mardi 19 ao\u00fbt dernier, une journ\u00e9e \u00e9conomique avec plusieurs activit\u00e9s au menu. Cette journ\u00e9e, plac\u00e9e sous la houlette de la Chambre du commerce et d\u2019industrie du [&hellip;]<\/p>\n","protected":false},"author":2,"featured_media":24372,"comment_status":"open","ping_status":"open","sticky":false,"template":"","format":"standard","meta":{"footnotes":""},"categories":[20,3],"tags":[],"class_list":["post-24371","post","type-post","status-publish","format-standard","has-post-thumbnail","hentry","category-actualite","category-economie"],"yoast_head":"<!-- This site is optimized with the Yoast SEO plugin v28.4 - https:\/\/yoast.com\/product\/yoast-seo-wordpress\/ -->\n<title>EXPOSITION UNIVERSELLE 2025 AU JAPON\u00a0: Le Togo, tout feu tout flamme \u00e0 Osaka -<\/title>\n<meta name=\"robots\" content=\"index, follow, max-snippet:-1, max-image-preview:large, max-video-preview:-1\" \/>\n<link rel=\"canonical\" href=\"https:\/\/macite.tg\/?p=24371\" \/>\n<meta property=\"og:locale\" content=\"fr_FR\" \/>\n<meta property=\"og:type\" content=\"article\" \/>\n<meta property=\"og:title\" content=\"EXPOSITION UNIVERSELLE 2025 AU JAPON\u00a0: Le Togo, tout feu tout flamme \u00e0 Osaka -\" \/>\n<meta property=\"og:description\" content=\"Dans le cadre de sa participation \u00e0 l\u2019exposition universelle 2025 \u00e0 Osaka, au Japon, le Togo a tenu, le mardi 19 ao\u00fbt dernier, une journ\u00e9e \u00e9conomique avec plusieurs activit\u00e9s au menu. Cette journ\u00e9e, plac\u00e9e sous la houlette de la Chambre du commerce et d\u2019industrie du [&hellip;]\" \/>\n<meta property=\"og:url\" content=\"https:\/\/macite.tg\/?p=24371\" \/>\n<meta property=\"article:published_time\" content=\"2025-08-21T10:31:50+00:00\" \/>\n<meta property=\"article:modified_time\" content=\"2025-08-21T10:32:12+00:00\" \/>\n<meta property=\"og:image\" content=\"https:\/\/macite.tg\/wp-content\/uploads\/2025\/08\/OSAKA-TOGO.jpg\" \/>\n\t<meta property=\"og:image:width\" content=\"500\" \/>\n\t<meta property=\"og:image:height\" content=\"216\" \/>\n\t<meta property=\"og:image:type\" content=\"image\/jpeg\" \/>\n<meta name=\"author\" content=\"Jean Pierre BAWELA\" \/>\n<meta name=\"twitter:card\" content=\"summary_large_image\" \/>\n<meta name=\"twitter:label1\" content=\"\u00c9crit par\" \/>\n\t<meta name=\"twitter:data1\" content=\"Jean Pierre BAWELA\" \/>\n\t<meta name=\"twitter:label2\" content=\"Dur\u00e9e de lecture estim\u00e9e\" \/>\n\t<meta name=\"twitter:data2\" content=\"3 minutes\" \/>\n<script type=\"application\/ld+json\" class=\"yoast-schema-graph\">{\"@context\":\"https:\\\/\\\/schema.org\",\"@graph\":[{\"@type\":\"Article\",\"@id\":\"https:\\\/\\\/macite.tg\\\/?p=24371#article\",\"isPartOf\":{\"@id\":\"https:\\\/\\\/macite.tg\\\/?p=24371\"},\"author\":{\"name\":\"Jean Pierre BAWELA\",\"@id\":\"https:\\\/\\\/macite.tg\\\/#\\\/schema\\\/person\\\/e9f2de7e5dbbe7770a9402c7ce82f5c2\"},\"headline\":\"EXPOSITION UNIVERSELLE 2025 AU JAPON\u00a0: Le Togo, tout feu tout flamme \u00e0 Osaka\",\"datePublished\":\"2025-08-21T10:31:50+00:00\",\"dateModified\":\"2025-08-21T10:32:12+00:00\",\"mainEntityOfPage\":{\"@id\":\"https:\\\/\\\/macite.tg\\\/?p=24371\"},\"wordCount\":416,\"commentCount\":0,\"image\":{\"@id\":\"https:\\\/\\\/macite.tg\\\/?p=24371#primaryimage\"},\"thumbnailUrl\":\"https:\\\/\\\/macite.tg\\\/wp-content\\\/uploads\\\/2025\\\/08\\\/OSAKA-TOGO.jpg\",\"articleSection\":[\"ACTUALITE\",\"ECONOMIE\"],\"inLanguage\":\"fr-FR\",\"potentialAction\":[{\"@type\":\"CommentAction\",\"name\":\"Comment\",\"target\":[\"https:\\\/\\\/macite.tg\\\/?p=24371#respond\"]}]},{\"@type\":\"WebPage\",\"@id\":\"https:\\\/\\\/macite.tg\\\/?p=24371\",\"url\":\"https:\\\/\\\/macite.tg\\\/?p=24371\",\"name\":\"EXPOSITION UNIVERSELLE 2025 AU JAPON\u00a0: Le Togo, tout feu tout flamme \u00e0 Osaka -\",\"isPartOf\":{\"@id\":\"https:\\\/\\\/macite.tg\\\/#website\"},\"primaryImageOfPage\":{\"@id\":\"https:\\\/\\\/macite.tg\\\/?p=24371#primaryimage\"},\"image\":{\"@id\":\"https:\\\/\\\/macite.tg\\\/?p=24371#primaryimage\"},\"thumbnailUrl\":\"https:\\\/\\\/macite.tg\\\/wp-content\\\/uploads\\\/2025\\\/08\\\/OSAKA-TOGO.jpg\",\"datePublished\":\"2025-08-21T10:31:50+00:00\",\"dateModified\":\"2025-08-21T10:32:12+00:00\",\"author\":{\"@id\":\"https:\\\/\\\/macite.tg\\\/#\\\/schema\\\/person\\\/e9f2de7e5dbbe7770a9402c7ce82f5c2\"},\"breadcrumb\":{\"@id\":\"https:\\\/\\\/macite.tg\\\/?p=24371#breadcrumb\"},\"inLanguage\":\"fr-FR\",\"potentialAction\":[{\"@type\":\"ReadAction\",\"target\":[\"https:\\\/\\\/macite.tg\\\/?p=24371\"]}]},{\"@type\":\"ImageObject\",\"inLanguage\":\"fr-FR\",\"@id\":\"https:\\\/\\\/macite.tg\\\/?p=24371#primaryimage\",\"url\":\"https:\\\/\\\/macite.tg\\\/wp-content\\\/uploads\\\/2025\\\/08\\\/OSAKA-TOGO.jpg\",\"contentUrl\":\"https:\\\/\\\/macite.tg\\\/wp-content\\\/uploads\\\/2025\\\/08\\\/OSAKA-TOGO.jpg\",\"width\":500,\"height\":216},{\"@type\":\"BreadcrumbList\",\"@id\":\"https:\\\/\\\/macite.tg\\\/?p=24371#breadcrumb\",\"itemListElement\":[{\"@type\":\"ListItem\",\"position\":1,\"name\":\"Accueil\",\"item\":\"https:\\\/\\\/macite.tg\\\/\"},{\"@type\":\"ListItem\",\"position\":2,\"name\":\"EXPOSITION UNIVERSELLE 2025 AU JAPON\u00a0: Le Togo, tout feu tout flamme \u00e0 Osaka\"}]},{\"@type\":\"WebSite\",\"@id\":\"https:\\\/\\\/macite.tg\\\/#website\",\"url\":\"https:\\\/\\\/macite.tg\\\/\",\"name\":\"\",\"description\":\"L&#039;information, la bonne!!!\",\"potentialAction\":[{\"@type\":\"SearchAction\",\"target\":{\"@type\":\"EntryPoint\",\"urlTemplate\":\"https:\\\/\\\/macite.tg\\\/?s={search_term_string}\"},\"query-input\":{\"@type\":\"PropertyValueSpecification\",\"valueRequired\":true,\"valueName\":\"search_term_string\"}}],\"inLanguage\":\"fr-FR\"},{\"@type\":\"Person\",\"@id\":\"https:\\\/\\\/macite.tg\\\/#\\\/schema\\\/person\\\/e9f2de7e5dbbe7770a9402c7ce82f5c2\",\"name\":\"Jean Pierre BAWELA\",\"image\":{\"@type\":\"ImageObject\",\"inLanguage\":\"fr-FR\",\"@id\":\"https:\\\/\\\/macite.tg\\\/wp-content\\\/uploads\\\/2023\\\/09\\\/WhatsApp-Image-2023-09-19-at-14.44.41-122x122.jpeg\",\"url\":\"https:\\\/\\\/macite.tg\\\/wp-content\\\/uploads\\\/2023\\\/09\\\/WhatsApp-Image-2023-09-19-at-14.44.41-122x122.jpeg\",\"contentUrl\":\"https:\\\/\\\/macite.tg\\\/wp-content\\\/uploads\\\/2023\\\/09\\\/WhatsApp-Image-2023-09-19-at-14.44.41-122x122.jpeg\",\"caption\":\"Jean Pierre BAWELA\"},\"url\":\"https:\\\/\\\/macite.tg\\\/?author=2\"}]}<\/script>\n<!-- \/ Yoast SEO plugin. -->","yoast_head_json":{"title":"EXPOSITION UNIVERSELLE 2025 AU JAPON\u00a0: Le Togo, tout feu tout flamme \u00e0 Osaka -","robots":{"index":"index","follow":"follow","max-snippet":"max-snippet:-1","max-image-preview":"max-image-preview:large","max-video-preview":"max-video-preview:-1"},"canonical":"https:\/\/macite.tg\/?p=24371","og_locale":"fr_FR","og_type":"article","og_title":"EXPOSITION UNIVERSELLE 2025 AU JAPON\u00a0: Le Togo, tout feu tout flamme \u00e0 Osaka -","og_description":"Dans le cadre de sa participation \u00e0 l\u2019exposition universelle 2025 \u00e0 Osaka, au Japon, le Togo a tenu, le mardi 19 ao\u00fbt dernier, une journ\u00e9e \u00e9conomique avec plusieurs activit\u00e9s au menu. Cette journ\u00e9e, plac\u00e9e sous la houlette de la Chambre du commerce et d\u2019industrie du [&hellip;]","og_url":"https:\/\/macite.tg\/?p=24371","article_published_time":"2025-08-21T10:31:50+00:00","article_modified_time":"2025-08-21T10:32:12+00:00","og_image":[{"width":500,"height":216,"url":"https:\/\/macite.tg\/wp-content\/uploads\/2025\/08\/OSAKA-TOGO.jpg","type":"image\/jpeg"}],"author":"Jean Pierre BAWELA","twitter_card":"summary_large_image","twitter_misc":{"\u00c9crit par":"Jean Pierre BAWELA","Dur\u00e9e de lecture estim\u00e9e":"3 minutes"},"schema":{"@context":"https:\/\/schema.org","@graph":[{"@type":"Article","@id":"https:\/\/macite.tg\/?p=24371#article","isPartOf":{"@id":"https:\/\/macite.tg\/?p=24371"},"author":{"name":"Jean Pierre BAWELA","@id":"https:\/\/macite.tg\/#\/schema\/person\/e9f2de7e5dbbe7770a9402c7ce82f5c2"},"headline":"EXPOSITION UNIVERSELLE 2025 AU JAPON\u00a0: Le Togo, tout feu tout flamme \u00e0 Osaka","datePublished":"2025-08-21T10:31:50+00:00","dateModified":"2025-08-21T10:32:12+00:00","mainEntityOfPage":{"@id":"https:\/\/macite.tg\/?p=24371"},"wordCount":416,"commentCount":0,"image":{"@id":"https:\/\/macite.tg\/?p=24371#primaryimage"},"thumbnailUrl":"https:\/\/macite.tg\/wp-content\/uploads\/2025\/08\/OSAKA-TOGO.jpg","articleSection":["ACTUALITE","ECONOMIE"],"inLanguage":"fr-FR","potentialAction":[{"@type":"CommentAction","name":"Comment","target":["https:\/\/macite.tg\/?p=24371#respond"]}]},{"@type":"WebPage","@id":"https:\/\/macite.tg\/?p=24371","url":"https:\/\/macite.tg\/?p=24371","name":"EXPOSITION UNIVERSELLE 2025 AU JAPON\u00a0: Le Togo, tout feu tout flamme \u00e0 Osaka -","isPartOf":{"@id":"https:\/\/macite.tg\/#website"},"primaryImageOfPage":{"@id":"https:\/\/macite.tg\/?p=24371#primaryimage"},"image":{"@id":"https:\/\/macite.tg\/?p=24371#primaryimage"},"thumbnailUrl":"https:\/\/macite.tg\/wp-content\/uploads\/2025\/08\/OSAKA-TOGO.jpg","datePublished":"2025-08-21T10:31:50+00:00","dateModified":"2025-08-21T10:32:12+00:00","author":{"@id":"https:\/\/macite.tg\/#\/schema\/person\/e9f2de7e5dbbe7770a9402c7ce82f5c2"},"breadcrumb":{"@id":"https:\/\/macite.tg\/?p=24371#breadcrumb"},"inLanguage":"fr-FR","potentialAction":[{"@type":"ReadAction","target":["https:\/\/macite.tg\/?p=24371"]}]},{"@type":"ImageObject","inLanguage":"fr-FR","@id":"https:\/\/macite.tg\/?p=24371#primaryimage","url":"https:\/\/macite.tg\/wp-content\/uploads\/2025\/08\/OSAKA-TOGO.jpg","contentUrl":"https:\/\/macite.tg\/wp-content\/uploads\/2025\/08\/OSAKA-TOGO.jpg","width":500,"height":216},{"@type":"BreadcrumbList","@id":"https:\/\/macite.tg\/?p=24371#breadcrumb","itemListElement":[{"@type":"ListItem","position":1,"name":"Accueil","item":"https:\/\/macite.tg\/"},{"@type":"ListItem","position":2,"name":"EXPOSITION UNIVERSELLE 2025 AU JAPON\u00a0: Le Togo, tout feu tout flamme \u00e0 Osaka"}]},{"@type":"WebSite","@id":"https:\/\/macite.tg\/#website","url":"https:\/\/macite.tg\/","name":"","description":"L&#039;information, la bonne!!!","potentialAction":[{"@type":"SearchAction","target":{"@type":"EntryPoint","urlTemplate":"https:\/\/macite.tg\/?s={search_term_string}"},"query-input":{"@type":"PropertyValueSpecification","valueRequired":true,"valueName":"search_term_string"}}],"inLanguage":"fr-FR"},{"@type":"Person","@id":"https:\/\/macite.tg\/#\/schema\/person\/e9f2de7e5dbbe7770a9402c7ce82f5c2","name":"Jean Pierre BAWELA","image":{"@type":"ImageObject","inLanguage":"fr-FR","@id":"https:\/\/macite.tg\/wp-content\/uploads\/2023\/09\/WhatsApp-Image-2023-09-19-at-14.44.41-122x122.jpeg","url":"https:\/\/macite.tg\/wp-content\/uploads\/2023\/09\/WhatsApp-Image-2023-09-19-at-14.44.41-122x122.jpeg","contentUrl":"https:\/\/macite.tg\/wp-content\/uploads\/2023\/09\/WhatsApp-Image-2023-09-19-at-14.44.41-122x122.jpeg","caption":"Jean Pierre BAWELA"},"url":"https:\/\/macite.tg\/?author=2"}]}},"_links":{"self":[{"href":"https:\/\/macite.tg\/index.php?rest_route=\/wp\/v2\/posts\/24371","targetHints":{"allow":["GET"]}}],"collection":[{"href":"https:\/\/macite.tg\/index.php?rest_route=\/wp\/v2\/posts"}],"about":[{"href":"https:\/\/macite.tg\/index.php?rest_route=\/wp\/v2\/types\/post"}],"author":[{"embeddable":true,"href":"https:\/\/macite.tg\/index.php?rest_route=\/wp\/v2\/users\/2"}],"replies":[{"embeddable":true,"href":"https:\/\/macite.tg\/index.php?rest_route=%2Fwp%2Fv2%2Fcomments&post=24371"}],"version-history":[{"count":0,"href":"https:\/\/macite.tg\/index.php?rest_route=\/wp\/v2\/posts\/24371\/revisions"}],"wp:featuredmedia":[{"embeddable":true,"href":"https:\/\/macite.tg\/index.php?rest_route=\/wp\/v2\/media\/24372"}],"wp:attachment":[{"href":"https:\/\/macite.tg\/index.php?rest_route=%2Fwp%2Fv2%2Fmedia&parent=24371"}],"wp:term":[{"taxonomy":"category","embeddable":true,"href":"https:\/\/macite.tg\/index.php?rest_route=%2Fwp%2Fv2%2Fcategories&post=24371"},{"taxonomy":"post_tag","embeddable":true,"href":"https:\/\/macite.tg\/index.php?rest_route=%2Fwp%2Fv2%2Ftags&post=24371"}],"curies":[{"name":"wp","href":"https:\/\/api.w.org\/{rel}","templated":true}]}}