{"id":2436,"date":"2022-12-10T16:20:32","date_gmt":"2022-12-10T16:20:32","guid":{"rendered":"https:\/\/macite.info\/?p=2436"},"modified":"2022-12-10T16:22:41","modified_gmt":"2022-12-10T16:22:41","slug":"mondial-qatar-2022-voici-le-pays-qui-va-remporter-la-coupe-selon-arsene-wenger","status":"publish","type":"post","link":"https:\/\/macite.tg\/?p=2436","title":{"rendered":"MONDIAL QATAR 2022\u00a0: Voici le pays qui va remporter la coupe, selon Ars\u00e8ne Wenger"},"content":{"rendered":"\n<p class=\"wp-block-paragraph\"><strong><em>Ars\u00e8ne Wenger, l\u2019ancien entraineur l\u00e9gendaire d\u2019Arsenal, a confirm\u00e9 son favori pour le vainqueur de la Coupe du monde 2022. Le responsable du d\u00e9veloppement du football \u00e0 la FIFA estime que l\u2019Equipe de France a les capacit\u00e9s pour aller au bout de la comp\u00e9tition<\/em><\/strong>.<\/p>\n\n\n\n<p class=\"wp-block-paragraph\"><em>\u00ab Depuis six mois, je dis que la France peut conserver son titre malgr\u00e9 les forfaits. [\u2026] C\u2019est un groupe jeune, qui a faim, qui ne se sent pas au bout de l\u2019aventure comme la Belgique par exemple \u00bb<\/em>, a comment\u00e9 l\u2019Alsacien de 76 ans lors d\u2019une interview accord\u00e9e au journal l\u2019Equipe.<\/p>\n\n\n<div class=\"wp-block-image\">\n<figure class=\"aligncenter size-full is-resized\"><img loading=\"lazy\" decoding=\"async\" src=\"https:\/\/macite.tg\/wp-content\/uploads\/2022\/12\/image-7.png\" alt=\"\" class=\"wp-image-2429\" width=\"708\" height=\"294\" srcset=\"https:\/\/macite.tg\/wp-content\/uploads\/2022\/12\/image-7.png 1024w, https:\/\/macite.tg\/wp-content\/uploads\/2022\/12\/image-7-300x125.png 300w, https:\/\/macite.tg\/wp-content\/uploads\/2022\/12\/image-7-768x320.png 768w\" sizes=\"auto, (max-width: 708px) 100vw, 708px\" \/><\/figure>\n<\/div>\n\n\n<p class=\"wp-block-paragraph\">Pour que ce pronostic se concr\u00e9tise, le pays d\u2019Ars\u00e8ne Wenger devra d\u2019abord battre en quart de finale l\u2019Angleterre, qui semble plus que jamais motiv\u00e9 et outill\u00e9 pour aller chercher la deuxi\u00e8me \u00e9toile apr\u00e8s la premi\u00e8re grappill\u00e9e en 1966.<\/p>\n\n\n\n<p class=\"wp-block-paragraph\">Rendez-vous samedi donc \u00e0 partir de 15 heures GMT \u00e0 Al Bayt Stadium.<\/p>\n\n\n\n<p class=\"wp-block-paragraph\"><strong><em>@macite.info<\/em><\/strong><\/p>\n\n\n\n<p class=\"wp-block-paragraph\"><strong><em>E-mail\u00a0: <\/em><\/strong><a href=\"mailto:maciteinfo@gmail.com\"><strong><em>maciteinfo@gmail.com<\/em><\/strong><\/a><strong><em>; <\/em><\/strong><a href=\"mailto:bawela1@gmail.com\"><strong><em>bawela1<\/em><\/strong><\/a>@bawela<\/p>\n\n\n\n<p class=\"wp-block-paragraph\"><strong><em>Pour vos annonces, (publi)reportages, etc., joignez nous au (00228) 91515309\/<\/em>79872224<\/strong><\/p>\n\n\n\n<p class=\"wp-block-paragraph\"><a href=\"http:\/\/www.macite.info\"><strong><em>www.macite.info<\/em><\/strong><\/a><em>,<strong> L\u2019information, la bonne\u00a0!<\/strong><\/em><\/p>\n","protected":false},"excerpt":{"rendered":"<p class=\"text-justify mb-2\" >Ars\u00e8ne Wenger, l\u2019ancien entraineur l\u00e9gendaire d\u2019Arsenal, a confirm\u00e9 son favori pour le vainqueur de la Coupe du monde 2022. Le responsable du d\u00e9veloppement du football \u00e0 la FIFA estime que l\u2019Equipe de France a les capacit\u00e9s pour aller au bout de la comp\u00e9tition. \u00ab Depuis [&hellip;]<\/p>\n","protected":false},"author":2,"featured_media":2438,"comment_status":"open","ping_status":"open","sticky":false,"template":"","format":"standard","meta":{"footnotes":""},"categories":[7],"tags":[],"class_list":["post-2436","post","type-post","status-publish","format-standard","has-post-thumbnail","hentry","category-sports"],"yoast_head":"<!-- This site is optimized with the Yoast SEO plugin v28.4 - https:\/\/yoast.com\/product\/yoast-seo-wordpress\/ -->\n<title>MONDIAL QATAR 2022\u00a0: Voici le pays qui va remporter la coupe, selon Ars\u00e8ne Wenger -<\/title>\n<meta name=\"robots\" content=\"index, follow, max-snippet:-1, max-image-preview:large, max-video-preview:-1\" \/>\n<link rel=\"canonical\" href=\"https:\/\/macite.tg\/?p=2436\" \/>\n<meta property=\"og:locale\" content=\"fr_FR\" \/>\n<meta property=\"og:type\" content=\"article\" \/>\n<meta property=\"og:title\" content=\"MONDIAL QATAR 2022\u00a0: Voici le pays qui va remporter la coupe, selon Ars\u00e8ne Wenger -\" \/>\n<meta property=\"og:description\" content=\"Ars\u00e8ne Wenger, l\u2019ancien entraineur l\u00e9gendaire d\u2019Arsenal, a confirm\u00e9 son favori pour le vainqueur de la Coupe du monde 2022. Le responsable du d\u00e9veloppement du football \u00e0 la FIFA estime que l\u2019Equipe de France a les capacit\u00e9s pour aller au bout de la comp\u00e9tition. \u00ab Depuis [&hellip;]\" \/>\n<meta property=\"og:url\" content=\"https:\/\/macite.tg\/?p=2436\" \/>\n<meta property=\"article:published_time\" content=\"2022-12-10T16:20:32+00:00\" \/>\n<meta property=\"article:modified_time\" content=\"2022-12-10T16:22:41+00:00\" \/>\n<meta property=\"og:image\" content=\"https:\/\/macite.tg\/wp-content\/uploads\/2022\/12\/image-8.png\" \/>\n\t<meta property=\"og:image:width\" content=\"604\" \/>\n\t<meta property=\"og:image:height\" content=\"318\" \/>\n\t<meta property=\"og:image:type\" content=\"image\/png\" \/>\n<meta name=\"author\" content=\"Jean Pierre BAWELA\" \/>\n<meta name=\"twitter:card\" content=\"summary_large_image\" \/>\n<meta name=\"twitter:label1\" content=\"\u00c9crit par\" \/>\n\t<meta name=\"twitter:data1\" content=\"Jean Pierre BAWELA\" \/>\n\t<meta name=\"twitter:label2\" content=\"Dur\u00e9e de lecture estim\u00e9e\" \/>\n\t<meta name=\"twitter:data2\" content=\"1 minute\" \/>\n<script type=\"application\/ld+json\" class=\"yoast-schema-graph\">{\"@context\":\"https:\\\/\\\/schema.org\",\"@graph\":[{\"@type\":\"Article\",\"@id\":\"https:\\\/\\\/macite.tg\\\/?p=2436#article\",\"isPartOf\":{\"@id\":\"https:\\\/\\\/macite.tg\\\/?p=2436\"},\"author\":{\"name\":\"Jean Pierre BAWELA\",\"@id\":\"https:\\\/\\\/macite.tg\\\/#\\\/schema\\\/person\\\/e9f2de7e5dbbe7770a9402c7ce82f5c2\"},\"headline\":\"MONDIAL QATAR 2022\u00a0: Voici le pays qui va remporter la coupe, selon Ars\u00e8ne Wenger\",\"datePublished\":\"2022-12-10T16:20:32+00:00\",\"dateModified\":\"2022-12-10T16:22:41+00:00\",\"mainEntityOfPage\":{\"@id\":\"https:\\\/\\\/macite.tg\\\/?p=2436\"},\"wordCount\":197,\"commentCount\":0,\"image\":{\"@id\":\"https:\\\/\\\/macite.tg\\\/?p=2436#primaryimage\"},\"thumbnailUrl\":\"https:\\\/\\\/macite.tg\\\/wp-content\\\/uploads\\\/2022\\\/12\\\/image-8.png\",\"articleSection\":[\"SPORTS\"],\"inLanguage\":\"fr-FR\",\"potentialAction\":[{\"@type\":\"CommentAction\",\"name\":\"Comment\",\"target\":[\"https:\\\/\\\/macite.tg\\\/?p=2436#respond\"]}]},{\"@type\":\"WebPage\",\"@id\":\"https:\\\/\\\/macite.tg\\\/?p=2436\",\"url\":\"https:\\\/\\\/macite.tg\\\/?p=2436\",\"name\":\"MONDIAL QATAR 2022\u00a0: Voici le pays qui va remporter la coupe, selon Ars\u00e8ne Wenger -\",\"isPartOf\":{\"@id\":\"https:\\\/\\\/macite.tg\\\/#website\"},\"primaryImageOfPage\":{\"@id\":\"https:\\\/\\\/macite.tg\\\/?p=2436#primaryimage\"},\"image\":{\"@id\":\"https:\\\/\\\/macite.tg\\\/?p=2436#primaryimage\"},\"thumbnailUrl\":\"https:\\\/\\\/macite.tg\\\/wp-content\\\/uploads\\\/2022\\\/12\\\/image-8.png\",\"datePublished\":\"2022-12-10T16:20:32+00:00\",\"dateModified\":\"2022-12-10T16:22:41+00:00\",\"author\":{\"@id\":\"https:\\\/\\\/macite.tg\\\/#\\\/schema\\\/person\\\/e9f2de7e5dbbe7770a9402c7ce82f5c2\"},\"breadcrumb\":{\"@id\":\"https:\\\/\\\/macite.tg\\\/?p=2436#breadcrumb\"},\"inLanguage\":\"fr-FR\",\"potentialAction\":[{\"@type\":\"ReadAction\",\"target\":[\"https:\\\/\\\/macite.tg\\\/?p=2436\"]}]},{\"@type\":\"ImageObject\",\"inLanguage\":\"fr-FR\",\"@id\":\"https:\\\/\\\/macite.tg\\\/?p=2436#primaryimage\",\"url\":\"https:\\\/\\\/macite.tg\\\/wp-content\\\/uploads\\\/2022\\\/12\\\/image-8.png\",\"contentUrl\":\"https:\\\/\\\/macite.tg\\\/wp-content\\\/uploads\\\/2022\\\/12\\\/image-8.png\",\"width\":604,\"height\":318},{\"@type\":\"BreadcrumbList\",\"@id\":\"https:\\\/\\\/macite.tg\\\/?p=2436#breadcrumb\",\"itemListElement\":[{\"@type\":\"ListItem\",\"position\":1,\"name\":\"Accueil\",\"item\":\"https:\\\/\\\/macite.tg\\\/\"},{\"@type\":\"ListItem\",\"position\":2,\"name\":\"MONDIAL QATAR 2022\u00a0: Voici le pays qui va remporter la coupe, selon Ars\u00e8ne Wenger\"}]},{\"@type\":\"WebSite\",\"@id\":\"https:\\\/\\\/macite.tg\\\/#website\",\"url\":\"https:\\\/\\\/macite.tg\\\/\",\"name\":\"\",\"description\":\"L&#039;information, la bonne!!!\",\"potentialAction\":[{\"@type\":\"SearchAction\",\"target\":{\"@type\":\"EntryPoint\",\"urlTemplate\":\"https:\\\/\\\/macite.tg\\\/?s={search_term_string}\"},\"query-input\":{\"@type\":\"PropertyValueSpecification\",\"valueRequired\":true,\"valueName\":\"search_term_string\"}}],\"inLanguage\":\"fr-FR\"},{\"@type\":\"Person\",\"@id\":\"https:\\\/\\\/macite.tg\\\/#\\\/schema\\\/person\\\/e9f2de7e5dbbe7770a9402c7ce82f5c2\",\"name\":\"Jean Pierre BAWELA\",\"image\":{\"@type\":\"ImageObject\",\"inLanguage\":\"fr-FR\",\"@id\":\"https:\\\/\\\/macite.tg\\\/wp-content\\\/uploads\\\/2023\\\/09\\\/WhatsApp-Image-2023-09-19-at-14.44.41-122x122.jpeg\",\"url\":\"https:\\\/\\\/macite.tg\\\/wp-content\\\/uploads\\\/2023\\\/09\\\/WhatsApp-Image-2023-09-19-at-14.44.41-122x122.jpeg\",\"contentUrl\":\"https:\\\/\\\/macite.tg\\\/wp-content\\\/uploads\\\/2023\\\/09\\\/WhatsApp-Image-2023-09-19-at-14.44.41-122x122.jpeg\",\"caption\":\"Jean Pierre BAWELA\"},\"url\":\"https:\\\/\\\/macite.tg\\\/?author=2\"}]}<\/script>\n<!-- \/ Yoast SEO plugin. -->","yoast_head_json":{"title":"MONDIAL QATAR 2022\u00a0: Voici le pays qui va remporter la coupe, selon Ars\u00e8ne Wenger -","robots":{"index":"index","follow":"follow","max-snippet":"max-snippet:-1","max-image-preview":"max-image-preview:large","max-video-preview":"max-video-preview:-1"},"canonical":"https:\/\/macite.tg\/?p=2436","og_locale":"fr_FR","og_type":"article","og_title":"MONDIAL QATAR 2022\u00a0: Voici le pays qui va remporter la coupe, selon Ars\u00e8ne Wenger -","og_description":"Ars\u00e8ne Wenger, l\u2019ancien entraineur l\u00e9gendaire d\u2019Arsenal, a confirm\u00e9 son favori pour le vainqueur de la Coupe du monde 2022. Le responsable du d\u00e9veloppement du football \u00e0 la FIFA estime que l\u2019Equipe de France a les capacit\u00e9s pour aller au bout de la comp\u00e9tition. \u00ab Depuis [&hellip;]","og_url":"https:\/\/macite.tg\/?p=2436","article_published_time":"2022-12-10T16:20:32+00:00","article_modified_time":"2022-12-10T16:22:41+00:00","og_image":[{"width":604,"height":318,"url":"https:\/\/macite.tg\/wp-content\/uploads\/2022\/12\/image-8.png","type":"image\/png"}],"author":"Jean Pierre BAWELA","twitter_card":"summary_large_image","twitter_misc":{"\u00c9crit par":"Jean Pierre BAWELA","Dur\u00e9e de lecture estim\u00e9e":"1 minute"},"schema":{"@context":"https:\/\/schema.org","@graph":[{"@type":"Article","@id":"https:\/\/macite.tg\/?p=2436#article","isPartOf":{"@id":"https:\/\/macite.tg\/?p=2436"},"author":{"name":"Jean Pierre BAWELA","@id":"https:\/\/macite.tg\/#\/schema\/person\/e9f2de7e5dbbe7770a9402c7ce82f5c2"},"headline":"MONDIAL QATAR 2022\u00a0: Voici le pays qui va remporter la coupe, selon Ars\u00e8ne Wenger","datePublished":"2022-12-10T16:20:32+00:00","dateModified":"2022-12-10T16:22:41+00:00","mainEntityOfPage":{"@id":"https:\/\/macite.tg\/?p=2436"},"wordCount":197,"commentCount":0,"image":{"@id":"https:\/\/macite.tg\/?p=2436#primaryimage"},"thumbnailUrl":"https:\/\/macite.tg\/wp-content\/uploads\/2022\/12\/image-8.png","articleSection":["SPORTS"],"inLanguage":"fr-FR","potentialAction":[{"@type":"CommentAction","name":"Comment","target":["https:\/\/macite.tg\/?p=2436#respond"]}]},{"@type":"WebPage","@id":"https:\/\/macite.tg\/?p=2436","url":"https:\/\/macite.tg\/?p=2436","name":"MONDIAL QATAR 2022\u00a0: Voici le pays qui va remporter la coupe, selon Ars\u00e8ne Wenger -","isPartOf":{"@id":"https:\/\/macite.tg\/#website"},"primaryImageOfPage":{"@id":"https:\/\/macite.tg\/?p=2436#primaryimage"},"image":{"@id":"https:\/\/macite.tg\/?p=2436#primaryimage"},"thumbnailUrl":"https:\/\/macite.tg\/wp-content\/uploads\/2022\/12\/image-8.png","datePublished":"2022-12-10T16:20:32+00:00","dateModified":"2022-12-10T16:22:41+00:00","author":{"@id":"https:\/\/macite.tg\/#\/schema\/person\/e9f2de7e5dbbe7770a9402c7ce82f5c2"},"breadcrumb":{"@id":"https:\/\/macite.tg\/?p=2436#breadcrumb"},"inLanguage":"fr-FR","potentialAction":[{"@type":"ReadAction","target":["https:\/\/macite.tg\/?p=2436"]}]},{"@type":"ImageObject","inLanguage":"fr-FR","@id":"https:\/\/macite.tg\/?p=2436#primaryimage","url":"https:\/\/macite.tg\/wp-content\/uploads\/2022\/12\/image-8.png","contentUrl":"https:\/\/macite.tg\/wp-content\/uploads\/2022\/12\/image-8.png","width":604,"height":318},{"@type":"BreadcrumbList","@id":"https:\/\/macite.tg\/?p=2436#breadcrumb","itemListElement":[{"@type":"ListItem","position":1,"name":"Accueil","item":"https:\/\/macite.tg\/"},{"@type":"ListItem","position":2,"name":"MONDIAL QATAR 2022\u00a0: Voici le pays qui va remporter la coupe, selon Ars\u00e8ne Wenger"}]},{"@type":"WebSite","@id":"https:\/\/macite.tg\/#website","url":"https:\/\/macite.tg\/","name":"","description":"L&#039;information, la bonne!!!","potentialAction":[{"@type":"SearchAction","target":{"@type":"EntryPoint","urlTemplate":"https:\/\/macite.tg\/?s={search_term_string}"},"query-input":{"@type":"PropertyValueSpecification","valueRequired":true,"valueName":"search_term_string"}}],"inLanguage":"fr-FR"},{"@type":"Person","@id":"https:\/\/macite.tg\/#\/schema\/person\/e9f2de7e5dbbe7770a9402c7ce82f5c2","name":"Jean Pierre BAWELA","image":{"@type":"ImageObject","inLanguage":"fr-FR","@id":"https:\/\/macite.tg\/wp-content\/uploads\/2023\/09\/WhatsApp-Image-2023-09-19-at-14.44.41-122x122.jpeg","url":"https:\/\/macite.tg\/wp-content\/uploads\/2023\/09\/WhatsApp-Image-2023-09-19-at-14.44.41-122x122.jpeg","contentUrl":"https:\/\/macite.tg\/wp-content\/uploads\/2023\/09\/WhatsApp-Image-2023-09-19-at-14.44.41-122x122.jpeg","caption":"Jean Pierre BAWELA"},"url":"https:\/\/macite.tg\/?author=2"}]}},"_links":{"self":[{"href":"https:\/\/macite.tg\/index.php?rest_route=\/wp\/v2\/posts\/2436","targetHints":{"allow":["GET"]}}],"collection":[{"href":"https:\/\/macite.tg\/index.php?rest_route=\/wp\/v2\/posts"}],"about":[{"href":"https:\/\/macite.tg\/index.php?rest_route=\/wp\/v2\/types\/post"}],"author":[{"embeddable":true,"href":"https:\/\/macite.tg\/index.php?rest_route=\/wp\/v2\/users\/2"}],"replies":[{"embeddable":true,"href":"https:\/\/macite.tg\/index.php?rest_route=%2Fwp%2Fv2%2Fcomments&post=2436"}],"version-history":[{"count":0,"href":"https:\/\/macite.tg\/index.php?rest_route=\/wp\/v2\/posts\/2436\/revisions"}],"wp:featuredmedia":[{"embeddable":true,"href":"https:\/\/macite.tg\/index.php?rest_route=\/wp\/v2\/media\/2438"}],"wp:attachment":[{"href":"https:\/\/macite.tg\/index.php?rest_route=%2Fwp%2Fv2%2Fmedia&parent=2436"}],"wp:term":[{"taxonomy":"category","embeddable":true,"href":"https:\/\/macite.tg\/index.php?rest_route=%2Fwp%2Fv2%2Fcategories&post=2436"},{"taxonomy":"post_tag","embeddable":true,"href":"https:\/\/macite.tg\/index.php?rest_route=%2Fwp%2Fv2%2Ftags&post=2436"}],"curies":[{"name":"wp","href":"https:\/\/api.w.org\/{rel}","templated":true}]}}