{"id":2435,"date":"2022-12-10T16:53:56","date_gmt":"2022-12-10T16:53:56","guid":{"rendered":"https:\/\/macite.info\/?p=2435"},"modified":"2022-12-10T16:53:56","modified_gmt":"2022-12-10T16:53:56","slug":"financement-des-communes-lallemagne-accorde-un-nouveau-financement-de","status":"publish","type":"post","link":"https:\/\/macite.tg\/?p=2435","title":{"rendered":"FINANCEMENT DES COMMUNES\u00a0: L\u2019Allemagne accorde un nouveau financement de"},"content":{"rendered":"\n<p class=\"wp-block-paragraph\"><\/p>\n\n\n\n<p class=\"wp-block-paragraph\"><strong><em>Dans le cadre du Programme d\u2019appui au financement des communes (PAFC), l\u2019ex\u00e9cutif togolais et la coop\u00e9ration allemande ont sign\u00e9, le jeudi 08 d\u00e9cembre dernier, un contrat de financement et d\u2019ex\u00e9cution, au b\u00e9n\u00e9fice de 69 communes du Togo.<\/em><\/strong><\/p>\n\n\n\n<p class=\"wp-block-paragraph\">R\u00e9parties dans les r\u00e9gions de la Kara, Centrale et des Plateaux, ce contrat sign\u00e9 devra permettre \u00e0 ces communes de b\u00e9n\u00e9ficier de l\u2019aide de l\u2019Etat pour la r\u00e9alisation de leurs projets prioritaires, mais aussi pour le renforcement de leurs capacit\u00e9s en maitrise d\u2019ouvrage.<\/p>\n\n\n\n<p class=\"wp-block-paragraph\">Le contrat sign\u00e9 d\u2019une valeur de 13 milliards de FCFA (environ 20 millions d\u2019euros), devra permettre aux communes de se doter d\u2019infrastructures de base, comme des centres de sant\u00e9, des \u00e9coles, des sites marchands, des \u00e9quipements d\u2019acc\u00e8s \u00e0 l\u2019eau, entre autres.&nbsp;<\/p>\n\n\n<div class=\"wp-block-image\">\n<figure class=\"aligncenter size-full is-resized\"><img loading=\"lazy\" decoding=\"async\" src=\"https:\/\/macite.tg\/wp-content\/uploads\/2022\/12\/image-7.png\" alt=\"\" class=\"wp-image-2429\" width=\"763\" height=\"317\" srcset=\"https:\/\/macite.tg\/wp-content\/uploads\/2022\/12\/image-7.png 1024w, https:\/\/macite.tg\/wp-content\/uploads\/2022\/12\/image-7-300x125.png 300w, https:\/\/macite.tg\/wp-content\/uploads\/2022\/12\/image-7-768x320.png 768w\" sizes=\"auto, (max-width: 763px) 100vw, 763px\" \/><\/figure>\n<\/div>\n\n\n<p class=\"wp-block-paragraph\">Pour le ministre togolais de l\u2019Administration territoriale, Payadowa Boukpessi, \u00ab&nbsp;<em>tout sera mis en \u0153uvre pour un accompagnement efficace de l\u2019ex\u00e9cution de cette convention, afin que les objectifs assign\u00e9s au secteur de la d\u00e9centralisation par le Pr\u00e9sident de la R\u00e9publique, \u00e0 savoir le renforcement du d\u00e9veloppement local et le rapprochement des services publics de l\u2019administration et des administr\u00e9s, puissent conna\u00eetre un succ\u00e8s r\u00e9el, au profit des vaillantes populations \u00e0 la base&nbsp;\u00bb.<\/em><\/p>\n\n\n\n<p class=\"wp-block-paragraph\">Et au diplomate allemand de souligner que \u00ab&nbsp;<em>cette contribution vient renforcer l\u2019engagement financier de l\u2019Allemagne aux c\u00f4t\u00e9s du Togo, dans le cadre de la d\u00e9centralisation&nbsp;\u00bb.<\/em><\/p>\n\n\n\n<p class=\"wp-block-paragraph\">Notons que c\u2019est le ministre de l\u2019\u00e9conomie et des finances Sani Yaya et l\u2019ambassadeur d\u2019Allemagne au Togo Matthias Veltin qui ont, officiellement paraph\u00e9 ledit document.<\/p>\n\n\n\n<p class=\"wp-block-paragraph\">Rappelons que depuis 2019, les collectivit\u00e9s locales ont b\u00e9n\u00e9fici\u00e9, dans le cadre de la mise en \u0153uvre du Programme d\u2019appui \u00e0 la d\u00e9centralisation (PAD), de plus de 16 milliards de FCFA du gouvernement togolais via Berlin.<\/p>\n\n\n\n<p class=\"wp-block-paragraph\"><strong>JPB<\/strong><\/p>\n\n\n\n<p class=\"wp-block-paragraph\"><strong><em>@macite.info<\/em><\/strong><\/p>\n\n\n\n<p class=\"wp-block-paragraph\"><strong><em>E-mail&nbsp;: <\/em><\/strong><a href=\"mailto:maciteinfo@gmail.com\"><strong>maciteinfo@gmail.com<\/strong><\/a><strong><em>; <\/em><\/strong><a href=\"mailto:bawela1@gmail.com\"><strong>bawela1@gmail.com<\/strong><\/a><\/p>\n\n\n\n<p class=\"wp-block-paragraph\"><strong><em>Pour vos annonces, (publi)reportages, etc., joignez nous au (00228) 91515309\/<strong>79872224<\/strong><\/em><\/strong><em><\/em><\/p>\n\n\n\n<p class=\"wp-block-paragraph\"><a href=\"http:\/\/www.macite.info\"><strong>www.macite.info<\/strong><\/a><strong><em>, L\u2019information, la bonne\u00a0!<\/em><\/strong><\/p>\n","protected":false},"excerpt":{"rendered":"<p class=\"text-justify mb-2\" >Dans le cadre du Programme d\u2019appui au financement des communes (PAFC), l\u2019ex\u00e9cutif togolais et la coop\u00e9ration allemande ont sign\u00e9, le jeudi 08 d\u00e9cembre dernier, un contrat de financement et d\u2019ex\u00e9cution, au b\u00e9n\u00e9fice de 69 communes du Togo. R\u00e9parties dans les r\u00e9gions de la Kara, Centrale [&hellip;]<\/p>\n","protected":false},"author":2,"featured_media":2441,"comment_status":"open","ping_status":"open","sticky":false,"template":"","format":"standard","meta":{"footnotes":""},"categories":[1],"tags":[],"class_list":["post-2435","post","type-post","status-publish","format-standard","has-post-thumbnail","hentry","category-politique"],"yoast_head":"<!-- This site is optimized with the Yoast SEO plugin v28.4 - https:\/\/yoast.com\/product\/yoast-seo-wordpress\/ -->\n<title>FINANCEMENT DES COMMUNES\u00a0: L\u2019Allemagne accorde un nouveau financement de -<\/title>\n<meta name=\"robots\" content=\"index, follow, max-snippet:-1, max-image-preview:large, max-video-preview:-1\" \/>\n<link rel=\"canonical\" href=\"https:\/\/macite.tg\/?p=2435\" \/>\n<meta property=\"og:locale\" content=\"fr_FR\" \/>\n<meta property=\"og:type\" content=\"article\" \/>\n<meta property=\"og:title\" content=\"FINANCEMENT DES COMMUNES\u00a0: L\u2019Allemagne accorde un nouveau financement de -\" \/>\n<meta property=\"og:description\" content=\"Dans le cadre du Programme d\u2019appui au financement des communes (PAFC), l\u2019ex\u00e9cutif togolais et la coop\u00e9ration allemande ont sign\u00e9, le jeudi 08 d\u00e9cembre dernier, un contrat de financement et d\u2019ex\u00e9cution, au b\u00e9n\u00e9fice de 69 communes du Togo. R\u00e9parties dans les r\u00e9gions de la Kara, Centrale [&hellip;]\" \/>\n<meta property=\"og:url\" content=\"https:\/\/macite.tg\/?p=2435\" \/>\n<meta property=\"article:published_time\" content=\"2022-12-10T16:53:56+00:00\" \/>\n<meta property=\"og:image\" content=\"https:\/\/macite.tg\/wp-content\/uploads\/2022\/12\/image-9.png\" \/>\n\t<meta property=\"og:image:width\" content=\"394\" \/>\n\t<meta property=\"og:image:height\" content=\"265\" \/>\n\t<meta property=\"og:image:type\" content=\"image\/png\" \/>\n<meta name=\"author\" content=\"Jean Pierre BAWELA\" \/>\n<meta name=\"twitter:card\" content=\"summary_large_image\" \/>\n<meta name=\"twitter:label1\" content=\"\u00c9crit par\" \/>\n\t<meta name=\"twitter:data1\" content=\"Jean Pierre BAWELA\" \/>\n\t<meta name=\"twitter:label2\" content=\"Dur\u00e9e de lecture estim\u00e9e\" \/>\n\t<meta name=\"twitter:data2\" content=\"2 minutes\" \/>\n<script type=\"application\/ld+json\" class=\"yoast-schema-graph\">{\"@context\":\"https:\\\/\\\/schema.org\",\"@graph\":[{\"@type\":\"Article\",\"@id\":\"https:\\\/\\\/macite.tg\\\/?p=2435#article\",\"isPartOf\":{\"@id\":\"https:\\\/\\\/macite.tg\\\/?p=2435\"},\"author\":{\"name\":\"Jean Pierre BAWELA\",\"@id\":\"https:\\\/\\\/macite.tg\\\/#\\\/schema\\\/person\\\/e9f2de7e5dbbe7770a9402c7ce82f5c2\"},\"headline\":\"FINANCEMENT DES COMMUNES\u00a0: L\u2019Allemagne accorde un nouveau financement de\",\"datePublished\":\"2022-12-10T16:53:56+00:00\",\"mainEntityOfPage\":{\"@id\":\"https:\\\/\\\/macite.tg\\\/?p=2435\"},\"wordCount\":359,\"commentCount\":0,\"image\":{\"@id\":\"https:\\\/\\\/macite.tg\\\/?p=2435#primaryimage\"},\"thumbnailUrl\":\"https:\\\/\\\/macite.tg\\\/wp-content\\\/uploads\\\/2022\\\/12\\\/image-9.png\",\"articleSection\":[\"POLITIQUE\"],\"inLanguage\":\"fr-FR\",\"potentialAction\":[{\"@type\":\"CommentAction\",\"name\":\"Comment\",\"target\":[\"https:\\\/\\\/macite.tg\\\/?p=2435#respond\"]}]},{\"@type\":\"WebPage\",\"@id\":\"https:\\\/\\\/macite.tg\\\/?p=2435\",\"url\":\"https:\\\/\\\/macite.tg\\\/?p=2435\",\"name\":\"FINANCEMENT DES COMMUNES\u00a0: L\u2019Allemagne accorde un nouveau financement de -\",\"isPartOf\":{\"@id\":\"https:\\\/\\\/macite.tg\\\/#website\"},\"primaryImageOfPage\":{\"@id\":\"https:\\\/\\\/macite.tg\\\/?p=2435#primaryimage\"},\"image\":{\"@id\":\"https:\\\/\\\/macite.tg\\\/?p=2435#primaryimage\"},\"thumbnailUrl\":\"https:\\\/\\\/macite.tg\\\/wp-content\\\/uploads\\\/2022\\\/12\\\/image-9.png\",\"datePublished\":\"2022-12-10T16:53:56+00:00\",\"author\":{\"@id\":\"https:\\\/\\\/macite.tg\\\/#\\\/schema\\\/person\\\/e9f2de7e5dbbe7770a9402c7ce82f5c2\"},\"breadcrumb\":{\"@id\":\"https:\\\/\\\/macite.tg\\\/?p=2435#breadcrumb\"},\"inLanguage\":\"fr-FR\",\"potentialAction\":[{\"@type\":\"ReadAction\",\"target\":[\"https:\\\/\\\/macite.tg\\\/?p=2435\"]}]},{\"@type\":\"ImageObject\",\"inLanguage\":\"fr-FR\",\"@id\":\"https:\\\/\\\/macite.tg\\\/?p=2435#primaryimage\",\"url\":\"https:\\\/\\\/macite.tg\\\/wp-content\\\/uploads\\\/2022\\\/12\\\/image-9.png\",\"contentUrl\":\"https:\\\/\\\/macite.tg\\\/wp-content\\\/uploads\\\/2022\\\/12\\\/image-9.png\",\"width\":394,\"height\":265},{\"@type\":\"BreadcrumbList\",\"@id\":\"https:\\\/\\\/macite.tg\\\/?p=2435#breadcrumb\",\"itemListElement\":[{\"@type\":\"ListItem\",\"position\":1,\"name\":\"Accueil\",\"item\":\"https:\\\/\\\/macite.tg\\\/\"},{\"@type\":\"ListItem\",\"position\":2,\"name\":\"FINANCEMENT DES COMMUNES\u00a0: L\u2019Allemagne accorde un nouveau financement de\"}]},{\"@type\":\"WebSite\",\"@id\":\"https:\\\/\\\/macite.tg\\\/#website\",\"url\":\"https:\\\/\\\/macite.tg\\\/\",\"name\":\"\",\"description\":\"L&#039;information, la bonne!!!\",\"potentialAction\":[{\"@type\":\"SearchAction\",\"target\":{\"@type\":\"EntryPoint\",\"urlTemplate\":\"https:\\\/\\\/macite.tg\\\/?s={search_term_string}\"},\"query-input\":{\"@type\":\"PropertyValueSpecification\",\"valueRequired\":true,\"valueName\":\"search_term_string\"}}],\"inLanguage\":\"fr-FR\"},{\"@type\":\"Person\",\"@id\":\"https:\\\/\\\/macite.tg\\\/#\\\/schema\\\/person\\\/e9f2de7e5dbbe7770a9402c7ce82f5c2\",\"name\":\"Jean Pierre BAWELA\",\"image\":{\"@type\":\"ImageObject\",\"inLanguage\":\"fr-FR\",\"@id\":\"https:\\\/\\\/macite.tg\\\/wp-content\\\/uploads\\\/2023\\\/09\\\/WhatsApp-Image-2023-09-19-at-14.44.41-122x122.jpeg\",\"url\":\"https:\\\/\\\/macite.tg\\\/wp-content\\\/uploads\\\/2023\\\/09\\\/WhatsApp-Image-2023-09-19-at-14.44.41-122x122.jpeg\",\"contentUrl\":\"https:\\\/\\\/macite.tg\\\/wp-content\\\/uploads\\\/2023\\\/09\\\/WhatsApp-Image-2023-09-19-at-14.44.41-122x122.jpeg\",\"caption\":\"Jean Pierre BAWELA\"},\"url\":\"https:\\\/\\\/macite.tg\\\/?author=2\"}]}<\/script>\n<!-- \/ Yoast SEO plugin. -->","yoast_head_json":{"title":"FINANCEMENT DES COMMUNES\u00a0: L\u2019Allemagne accorde un nouveau financement de -","robots":{"index":"index","follow":"follow","max-snippet":"max-snippet:-1","max-image-preview":"max-image-preview:large","max-video-preview":"max-video-preview:-1"},"canonical":"https:\/\/macite.tg\/?p=2435","og_locale":"fr_FR","og_type":"article","og_title":"FINANCEMENT DES COMMUNES\u00a0: L\u2019Allemagne accorde un nouveau financement de -","og_description":"Dans le cadre du Programme d\u2019appui au financement des communes (PAFC), l\u2019ex\u00e9cutif togolais et la coop\u00e9ration allemande ont sign\u00e9, le jeudi 08 d\u00e9cembre dernier, un contrat de financement et d\u2019ex\u00e9cution, au b\u00e9n\u00e9fice de 69 communes du Togo. R\u00e9parties dans les r\u00e9gions de la Kara, Centrale [&hellip;]","og_url":"https:\/\/macite.tg\/?p=2435","article_published_time":"2022-12-10T16:53:56+00:00","og_image":[{"width":394,"height":265,"url":"https:\/\/macite.tg\/wp-content\/uploads\/2022\/12\/image-9.png","type":"image\/png"}],"author":"Jean Pierre BAWELA","twitter_card":"summary_large_image","twitter_misc":{"\u00c9crit par":"Jean Pierre BAWELA","Dur\u00e9e de lecture estim\u00e9e":"2 minutes"},"schema":{"@context":"https:\/\/schema.org","@graph":[{"@type":"Article","@id":"https:\/\/macite.tg\/?p=2435#article","isPartOf":{"@id":"https:\/\/macite.tg\/?p=2435"},"author":{"name":"Jean Pierre BAWELA","@id":"https:\/\/macite.tg\/#\/schema\/person\/e9f2de7e5dbbe7770a9402c7ce82f5c2"},"headline":"FINANCEMENT DES COMMUNES\u00a0: L\u2019Allemagne accorde un nouveau financement de","datePublished":"2022-12-10T16:53:56+00:00","mainEntityOfPage":{"@id":"https:\/\/macite.tg\/?p=2435"},"wordCount":359,"commentCount":0,"image":{"@id":"https:\/\/macite.tg\/?p=2435#primaryimage"},"thumbnailUrl":"https:\/\/macite.tg\/wp-content\/uploads\/2022\/12\/image-9.png","articleSection":["POLITIQUE"],"inLanguage":"fr-FR","potentialAction":[{"@type":"CommentAction","name":"Comment","target":["https:\/\/macite.tg\/?p=2435#respond"]}]},{"@type":"WebPage","@id":"https:\/\/macite.tg\/?p=2435","url":"https:\/\/macite.tg\/?p=2435","name":"FINANCEMENT DES COMMUNES\u00a0: L\u2019Allemagne accorde un nouveau financement de -","isPartOf":{"@id":"https:\/\/macite.tg\/#website"},"primaryImageOfPage":{"@id":"https:\/\/macite.tg\/?p=2435#primaryimage"},"image":{"@id":"https:\/\/macite.tg\/?p=2435#primaryimage"},"thumbnailUrl":"https:\/\/macite.tg\/wp-content\/uploads\/2022\/12\/image-9.png","datePublished":"2022-12-10T16:53:56+00:00","author":{"@id":"https:\/\/macite.tg\/#\/schema\/person\/e9f2de7e5dbbe7770a9402c7ce82f5c2"},"breadcrumb":{"@id":"https:\/\/macite.tg\/?p=2435#breadcrumb"},"inLanguage":"fr-FR","potentialAction":[{"@type":"ReadAction","target":["https:\/\/macite.tg\/?p=2435"]}]},{"@type":"ImageObject","inLanguage":"fr-FR","@id":"https:\/\/macite.tg\/?p=2435#primaryimage","url":"https:\/\/macite.tg\/wp-content\/uploads\/2022\/12\/image-9.png","contentUrl":"https:\/\/macite.tg\/wp-content\/uploads\/2022\/12\/image-9.png","width":394,"height":265},{"@type":"BreadcrumbList","@id":"https:\/\/macite.tg\/?p=2435#breadcrumb","itemListElement":[{"@type":"ListItem","position":1,"name":"Accueil","item":"https:\/\/macite.tg\/"},{"@type":"ListItem","position":2,"name":"FINANCEMENT DES COMMUNES\u00a0: L\u2019Allemagne accorde un nouveau financement de"}]},{"@type":"WebSite","@id":"https:\/\/macite.tg\/#website","url":"https:\/\/macite.tg\/","name":"","description":"L&#039;information, la bonne!!!","potentialAction":[{"@type":"SearchAction","target":{"@type":"EntryPoint","urlTemplate":"https:\/\/macite.tg\/?s={search_term_string}"},"query-input":{"@type":"PropertyValueSpecification","valueRequired":true,"valueName":"search_term_string"}}],"inLanguage":"fr-FR"},{"@type":"Person","@id":"https:\/\/macite.tg\/#\/schema\/person\/e9f2de7e5dbbe7770a9402c7ce82f5c2","name":"Jean Pierre BAWELA","image":{"@type":"ImageObject","inLanguage":"fr-FR","@id":"https:\/\/macite.tg\/wp-content\/uploads\/2023\/09\/WhatsApp-Image-2023-09-19-at-14.44.41-122x122.jpeg","url":"https:\/\/macite.tg\/wp-content\/uploads\/2023\/09\/WhatsApp-Image-2023-09-19-at-14.44.41-122x122.jpeg","contentUrl":"https:\/\/macite.tg\/wp-content\/uploads\/2023\/09\/WhatsApp-Image-2023-09-19-at-14.44.41-122x122.jpeg","caption":"Jean Pierre BAWELA"},"url":"https:\/\/macite.tg\/?author=2"}]}},"_links":{"self":[{"href":"https:\/\/macite.tg\/index.php?rest_route=\/wp\/v2\/posts\/2435","targetHints":{"allow":["GET"]}}],"collection":[{"href":"https:\/\/macite.tg\/index.php?rest_route=\/wp\/v2\/posts"}],"about":[{"href":"https:\/\/macite.tg\/index.php?rest_route=\/wp\/v2\/types\/post"}],"author":[{"embeddable":true,"href":"https:\/\/macite.tg\/index.php?rest_route=\/wp\/v2\/users\/2"}],"replies":[{"embeddable":true,"href":"https:\/\/macite.tg\/index.php?rest_route=%2Fwp%2Fv2%2Fcomments&post=2435"}],"version-history":[{"count":0,"href":"https:\/\/macite.tg\/index.php?rest_route=\/wp\/v2\/posts\/2435\/revisions"}],"wp:featuredmedia":[{"embeddable":true,"href":"https:\/\/macite.tg\/index.php?rest_route=\/wp\/v2\/media\/2441"}],"wp:attachment":[{"href":"https:\/\/macite.tg\/index.php?rest_route=%2Fwp%2Fv2%2Fmedia&parent=2435"}],"wp:term":[{"taxonomy":"category","embeddable":true,"href":"https:\/\/macite.tg\/index.php?rest_route=%2Fwp%2Fv2%2Fcategories&post=2435"},{"taxonomy":"post_tag","embeddable":true,"href":"https:\/\/macite.tg\/index.php?rest_route=%2Fwp%2Fv2%2Ftags&post=2435"}],"curies":[{"name":"wp","href":"https:\/\/api.w.org\/{rel}","templated":true}]}}