{"id":24315,"date":"2025-08-18T12:16:35","date_gmt":"2025-08-18T12:16:35","guid":{"rendered":"https:\/\/macite.tg\/?p=24315"},"modified":"2025-08-19T12:19:37","modified_gmt":"2025-08-19T12:19:37","slug":"otr-foire-mon-beau-village-un-engagement-renouvele-envers-les-personnes-en-situation-de-handicap","status":"publish","type":"post","link":"https:\/\/macite.tg\/?p=24315","title":{"rendered":"OTR\/ FOIRE MON BEAU VILLAGE : Un engagement renouvel\u00e9 envers les personnes en situation de handicap"},"content":{"rendered":"\n<p class=\"wp-block-paragraph\"><strong><em>Du 06 au 12 ao\u00fbt dernier, s\u2019est d\u00e9roul\u00e9 sur le site de la du Centre Togolais des Expositions et Foires (CETEF), la seconde \u00e9dition de la Foire&nbsp;Mon Beau Village. Une belle occasion s\u2019inscrit dans la&nbsp;strat\u00e9gie de Responsabilit\u00e9 Sociale des Entreprises de l\u2019OTR (RSE-Solidarit\u00e9) notamment dans son Axe 2, \u0152uvres sociales et solidaires, est relative \u00e0 la contribution de l\u2019OTR \u00e0 l\u2019insertion professionnelle des personnes en situation de handicap (Engagement Handi-job).<\/em><\/strong><\/p>\n\n\n\n<p class=\"wp-block-paragraph\">Ouverte officiellement le 06 ao\u00fbt dernier, sur le site du Centre Togolais des Expositions et Foires (CETEF), en pr\u00e9sence des repr\u00e9sentants de l\u2019Office Togolais des recettes (OTR), la \u2018\u2019Foire Mon Beau Village\u2019\u2019, port\u00e9e par sa strat\u00e9gie RSE (Axe 2 : \u0152uvres sociales et solidaires), traduit l\u2019engagement de l\u2019Office \u00e0 promouvoir l\u2019inclusion et \u00e0 soutenir les couches les plus vuln\u00e9rables.<\/p>\n\n\n<div class=\"wp-block-image\">\n<figure class=\"aligncenter size-full is-resized\"><img loading=\"lazy\" decoding=\"async\" width=\"690\" height=\"170\" src=\"https:\/\/macite.tg\/wp-content\/uploads\/2025\/08\/OTR_TVM-1.jpg\" alt=\"\" class=\"wp-image-24129\" style=\"width:840px;height:auto\" srcset=\"https:\/\/macite.tg\/wp-content\/uploads\/2025\/08\/OTR_TVM-1.jpg 690w, https:\/\/macite.tg\/wp-content\/uploads\/2025\/08\/OTR_TVM-1-300x74.jpg 300w\" sizes=\"auto, (max-width: 690px) 100vw, 690px\" \/><\/figure>\n<\/div>\n\n\n<p class=\"wp-block-paragraph\">Ainsi, du 06 au 12 ao\u00fbt dernier au CETEF, il a \u00e9t\u00e9 question au cours de cette activit\u00e9, non seulement de promouvoir le potentiel des personnes en situation de handicap, mais \u00e9galement d\u2019am\u00e9liorer la perception de l\u2019opinion vis-\u00e0-vis de ces personnes.<\/p>\n\n\n\n<p class=\"wp-block-paragraph\">Deuxi\u00e8me du genre, ce rendez-vous d\u00e9note de l\u2019engagement du fisc \u00e0 promouvoir une soci\u00e9t\u00e9 inclusive, et \u00e0 marquer sa pr\u00e9sence continue aupr\u00e8s des couches les plus vuln\u00e9rables, dans l\u2019optique que personne ne soit laiss\u00e9e de c\u00f4t\u00e9.<\/p>\n\n\n<div class=\"wp-block-image\">\n<figure class=\"aligncenter size-full is-resized\"><img loading=\"lazy\" decoding=\"async\" width=\"500\" height=\"304\" src=\"https:\/\/macite.tg\/wp-content\/uploads\/2025\/08\/OTR_SAM.jpg\" alt=\"\" class=\"wp-image-24189\" style=\"width:762px;height:auto\" srcset=\"https:\/\/macite.tg\/wp-content\/uploads\/2025\/08\/OTR_SAM.jpg 500w, https:\/\/macite.tg\/wp-content\/uploads\/2025\/08\/OTR_SAM-300x182.jpg 300w\" sizes=\"auto, (max-width: 500px) 100vw, 500px\" \/><\/figure>\n<\/div>\n\n\n<p class=\"wp-block-paragraph\">Rendez-vous est pris pour l\u2019acte 3 de cet \u00e9v\u00e9nement singulier qui s\u2019inscrit d\u00e9j\u00e0 dans les habitudes.<\/p>\n\n\n\n<p class=\"wp-block-paragraph\"><strong>La R\u00e9daction<\/strong><\/p>\n\n\n\n<p class=\"wp-block-paragraph\"><a><strong><em>@macite.tg&nbsp;&nbsp;&nbsp;&nbsp;&nbsp;&nbsp;&nbsp;&nbsp;<\/em><\/strong><\/a><\/p>\n\n\n\n<p class=\"wp-block-paragraph\"><strong><em>E-mail&nbsp;: <\/em><\/strong><a href=\"mailto:maciteinfo@gmail.com\"><strong><em>maciteinfo@gmail.com<\/em><\/strong><\/a><strong><em>; <\/em><\/strong><a href=\"mailto:bawela1@gmail.com\"><strong><em>bawela1@gmail.com<\/em><\/strong><\/a><strong><em><\/em><\/strong><\/p>\n\n\n\n<p class=\"wp-block-paragraph\"><strong><em>Pour vos annonces, (publi)reportages, etc., joignez-nous au (00228)91515309\/<strong>79872224 <\/strong><strong><\/strong><\/em><\/strong><\/p>\n\n\n\n<p class=\"wp-block-paragraph\"><strong><em>www.macite.tg, L\u2019information, la bonne&nbsp;!<\/em><\/strong><\/p>\n\n\n\n<p class=\"wp-block-paragraph\"><\/p>\n","protected":false},"excerpt":{"rendered":"<p class=\"text-justify mb-2\" >Du 06 au 12 ao\u00fbt dernier, s\u2019est d\u00e9roul\u00e9 sur le site de la du Centre Togolais des Expositions et Foires (CETEF), la seconde \u00e9dition de la Foire&nbsp;Mon Beau Village. Une belle occasion s\u2019inscrit dans la&nbsp;strat\u00e9gie de Responsabilit\u00e9 Sociale des Entreprises de l\u2019OTR (RSE-Solidarit\u00e9) notamment dans [&hellip;]<\/p>\n","protected":false},"author":2,"featured_media":24316,"comment_status":"open","ping_status":"open","sticky":false,"template":"","format":"standard","meta":{"footnotes":""},"categories":[20,25],"tags":[],"class_list":["post-24315","post","type-post","status-publish","format-standard","has-post-thumbnail","hentry","category-actualite","category-entrepreneuriat"],"yoast_head":"<!-- This site is optimized with the Yoast SEO plugin v28.4 - https:\/\/yoast.com\/product\/yoast-seo-wordpress\/ -->\n<title>OTR\/ FOIRE MON BEAU VILLAGE : Un engagement renouvel\u00e9 envers les personnes en situation de handicap -<\/title>\n<meta name=\"robots\" content=\"index, follow, max-snippet:-1, max-image-preview:large, max-video-preview:-1\" \/>\n<link rel=\"canonical\" href=\"https:\/\/macite.tg\/?p=24315\" \/>\n<meta property=\"og:locale\" content=\"fr_FR\" \/>\n<meta property=\"og:type\" content=\"article\" \/>\n<meta property=\"og:title\" content=\"OTR\/ FOIRE MON BEAU VILLAGE : Un engagement renouvel\u00e9 envers les personnes en situation de handicap -\" \/>\n<meta property=\"og:description\" content=\"Du 06 au 12 ao\u00fbt dernier, s\u2019est d\u00e9roul\u00e9 sur le site de la du Centre Togolais des Expositions et Foires (CETEF), la seconde \u00e9dition de la Foire&nbsp;Mon Beau Village. Une belle occasion s\u2019inscrit dans la&nbsp;strat\u00e9gie de Responsabilit\u00e9 Sociale des Entreprises de l\u2019OTR (RSE-Solidarit\u00e9) notamment dans [&hellip;]\" \/>\n<meta property=\"og:url\" content=\"https:\/\/macite.tg\/?p=24315\" \/>\n<meta property=\"article:published_time\" content=\"2025-08-18T12:16:35+00:00\" \/>\n<meta property=\"article:modified_time\" content=\"2025-08-19T12:19:37+00:00\" \/>\n<meta property=\"og:image\" content=\"https:\/\/macite.tg\/wp-content\/uploads\/2025\/08\/HANDI-FOIRE.jpg\" \/>\n\t<meta property=\"og:image:width\" content=\"500\" \/>\n\t<meta property=\"og:image:height\" content=\"194\" \/>\n\t<meta property=\"og:image:type\" content=\"image\/jpeg\" \/>\n<meta name=\"author\" content=\"Jean Pierre BAWELA\" \/>\n<meta name=\"twitter:card\" content=\"summary_large_image\" \/>\n<meta name=\"twitter:label1\" content=\"\u00c9crit par\" \/>\n\t<meta name=\"twitter:data1\" content=\"Jean Pierre BAWELA\" \/>\n\t<meta name=\"twitter:label2\" content=\"Dur\u00e9e de lecture estim\u00e9e\" \/>\n\t<meta name=\"twitter:data2\" content=\"2 minutes\" \/>\n<script type=\"application\/ld+json\" class=\"yoast-schema-graph\">{\"@context\":\"https:\\\/\\\/schema.org\",\"@graph\":[{\"@type\":\"Article\",\"@id\":\"https:\\\/\\\/macite.tg\\\/?p=24315#article\",\"isPartOf\":{\"@id\":\"https:\\\/\\\/macite.tg\\\/?p=24315\"},\"author\":{\"name\":\"Jean Pierre BAWELA\",\"@id\":\"https:\\\/\\\/macite.tg\\\/#\\\/schema\\\/person\\\/e9f2de7e5dbbe7770a9402c7ce82f5c2\"},\"headline\":\"OTR\\\/ FOIRE MON BEAU VILLAGE : Un engagement renouvel\u00e9 envers les personnes en situation de handicap\",\"datePublished\":\"2025-08-18T12:16:35+00:00\",\"dateModified\":\"2025-08-19T12:19:37+00:00\",\"mainEntityOfPage\":{\"@id\":\"https:\\\/\\\/macite.tg\\\/?p=24315\"},\"wordCount\":300,\"commentCount\":0,\"image\":{\"@id\":\"https:\\\/\\\/macite.tg\\\/?p=24315#primaryimage\"},\"thumbnailUrl\":\"https:\\\/\\\/macite.tg\\\/wp-content\\\/uploads\\\/2025\\\/08\\\/HANDI-FOIRE.jpg\",\"articleSection\":[\"ACTUALITE\",\"ENTREPRENEURIAT\"],\"inLanguage\":\"fr-FR\",\"potentialAction\":[{\"@type\":\"CommentAction\",\"name\":\"Comment\",\"target\":[\"https:\\\/\\\/macite.tg\\\/?p=24315#respond\"]}]},{\"@type\":\"WebPage\",\"@id\":\"https:\\\/\\\/macite.tg\\\/?p=24315\",\"url\":\"https:\\\/\\\/macite.tg\\\/?p=24315\",\"name\":\"OTR\\\/ FOIRE MON BEAU VILLAGE : Un engagement renouvel\u00e9 envers les personnes en situation de handicap -\",\"isPartOf\":{\"@id\":\"https:\\\/\\\/macite.tg\\\/#website\"},\"primaryImageOfPage\":{\"@id\":\"https:\\\/\\\/macite.tg\\\/?p=24315#primaryimage\"},\"image\":{\"@id\":\"https:\\\/\\\/macite.tg\\\/?p=24315#primaryimage\"},\"thumbnailUrl\":\"https:\\\/\\\/macite.tg\\\/wp-content\\\/uploads\\\/2025\\\/08\\\/HANDI-FOIRE.jpg\",\"datePublished\":\"2025-08-18T12:16:35+00:00\",\"dateModified\":\"2025-08-19T12:19:37+00:00\",\"author\":{\"@id\":\"https:\\\/\\\/macite.tg\\\/#\\\/schema\\\/person\\\/e9f2de7e5dbbe7770a9402c7ce82f5c2\"},\"breadcrumb\":{\"@id\":\"https:\\\/\\\/macite.tg\\\/?p=24315#breadcrumb\"},\"inLanguage\":\"fr-FR\",\"potentialAction\":[{\"@type\":\"ReadAction\",\"target\":[\"https:\\\/\\\/macite.tg\\\/?p=24315\"]}]},{\"@type\":\"ImageObject\",\"inLanguage\":\"fr-FR\",\"@id\":\"https:\\\/\\\/macite.tg\\\/?p=24315#primaryimage\",\"url\":\"https:\\\/\\\/macite.tg\\\/wp-content\\\/uploads\\\/2025\\\/08\\\/HANDI-FOIRE.jpg\",\"contentUrl\":\"https:\\\/\\\/macite.tg\\\/wp-content\\\/uploads\\\/2025\\\/08\\\/HANDI-FOIRE.jpg\",\"width\":500,\"height\":194},{\"@type\":\"BreadcrumbList\",\"@id\":\"https:\\\/\\\/macite.tg\\\/?p=24315#breadcrumb\",\"itemListElement\":[{\"@type\":\"ListItem\",\"position\":1,\"name\":\"Accueil\",\"item\":\"https:\\\/\\\/macite.tg\\\/\"},{\"@type\":\"ListItem\",\"position\":2,\"name\":\"OTR\\\/ FOIRE MON BEAU VILLAGE : Un engagement renouvel\u00e9 envers les personnes en situation de handicap\"}]},{\"@type\":\"WebSite\",\"@id\":\"https:\\\/\\\/macite.tg\\\/#website\",\"url\":\"https:\\\/\\\/macite.tg\\\/\",\"name\":\"\",\"description\":\"L&#039;information, la bonne!!!\",\"potentialAction\":[{\"@type\":\"SearchAction\",\"target\":{\"@type\":\"EntryPoint\",\"urlTemplate\":\"https:\\\/\\\/macite.tg\\\/?s={search_term_string}\"},\"query-input\":{\"@type\":\"PropertyValueSpecification\",\"valueRequired\":true,\"valueName\":\"search_term_string\"}}],\"inLanguage\":\"fr-FR\"},{\"@type\":\"Person\",\"@id\":\"https:\\\/\\\/macite.tg\\\/#\\\/schema\\\/person\\\/e9f2de7e5dbbe7770a9402c7ce82f5c2\",\"name\":\"Jean Pierre BAWELA\",\"image\":{\"@type\":\"ImageObject\",\"inLanguage\":\"fr-FR\",\"@id\":\"https:\\\/\\\/macite.tg\\\/wp-content\\\/uploads\\\/2023\\\/09\\\/WhatsApp-Image-2023-09-19-at-14.44.41-122x122.jpeg\",\"url\":\"https:\\\/\\\/macite.tg\\\/wp-content\\\/uploads\\\/2023\\\/09\\\/WhatsApp-Image-2023-09-19-at-14.44.41-122x122.jpeg\",\"contentUrl\":\"https:\\\/\\\/macite.tg\\\/wp-content\\\/uploads\\\/2023\\\/09\\\/WhatsApp-Image-2023-09-19-at-14.44.41-122x122.jpeg\",\"caption\":\"Jean Pierre BAWELA\"},\"url\":\"https:\\\/\\\/macite.tg\\\/?author=2\"}]}<\/script>\n<!-- \/ Yoast SEO plugin. -->","yoast_head_json":{"title":"OTR\/ FOIRE MON BEAU VILLAGE : Un engagement renouvel\u00e9 envers les personnes en situation de handicap -","robots":{"index":"index","follow":"follow","max-snippet":"max-snippet:-1","max-image-preview":"max-image-preview:large","max-video-preview":"max-video-preview:-1"},"canonical":"https:\/\/macite.tg\/?p=24315","og_locale":"fr_FR","og_type":"article","og_title":"OTR\/ FOIRE MON BEAU VILLAGE : Un engagement renouvel\u00e9 envers les personnes en situation de handicap -","og_description":"Du 06 au 12 ao\u00fbt dernier, s\u2019est d\u00e9roul\u00e9 sur le site de la du Centre Togolais des Expositions et Foires (CETEF), la seconde \u00e9dition de la Foire&nbsp;Mon Beau Village. Une belle occasion s\u2019inscrit dans la&nbsp;strat\u00e9gie de Responsabilit\u00e9 Sociale des Entreprises de l\u2019OTR (RSE-Solidarit\u00e9) notamment dans [&hellip;]","og_url":"https:\/\/macite.tg\/?p=24315","article_published_time":"2025-08-18T12:16:35+00:00","article_modified_time":"2025-08-19T12:19:37+00:00","og_image":[{"width":500,"height":194,"url":"https:\/\/macite.tg\/wp-content\/uploads\/2025\/08\/HANDI-FOIRE.jpg","type":"image\/jpeg"}],"author":"Jean Pierre BAWELA","twitter_card":"summary_large_image","twitter_misc":{"\u00c9crit par":"Jean Pierre BAWELA","Dur\u00e9e de lecture estim\u00e9e":"2 minutes"},"schema":{"@context":"https:\/\/schema.org","@graph":[{"@type":"Article","@id":"https:\/\/macite.tg\/?p=24315#article","isPartOf":{"@id":"https:\/\/macite.tg\/?p=24315"},"author":{"name":"Jean Pierre BAWELA","@id":"https:\/\/macite.tg\/#\/schema\/person\/e9f2de7e5dbbe7770a9402c7ce82f5c2"},"headline":"OTR\/ FOIRE MON BEAU VILLAGE : Un engagement renouvel\u00e9 envers les personnes en situation de handicap","datePublished":"2025-08-18T12:16:35+00:00","dateModified":"2025-08-19T12:19:37+00:00","mainEntityOfPage":{"@id":"https:\/\/macite.tg\/?p=24315"},"wordCount":300,"commentCount":0,"image":{"@id":"https:\/\/macite.tg\/?p=24315#primaryimage"},"thumbnailUrl":"https:\/\/macite.tg\/wp-content\/uploads\/2025\/08\/HANDI-FOIRE.jpg","articleSection":["ACTUALITE","ENTREPRENEURIAT"],"inLanguage":"fr-FR","potentialAction":[{"@type":"CommentAction","name":"Comment","target":["https:\/\/macite.tg\/?p=24315#respond"]}]},{"@type":"WebPage","@id":"https:\/\/macite.tg\/?p=24315","url":"https:\/\/macite.tg\/?p=24315","name":"OTR\/ FOIRE MON BEAU VILLAGE : Un engagement renouvel\u00e9 envers les personnes en situation de handicap -","isPartOf":{"@id":"https:\/\/macite.tg\/#website"},"primaryImageOfPage":{"@id":"https:\/\/macite.tg\/?p=24315#primaryimage"},"image":{"@id":"https:\/\/macite.tg\/?p=24315#primaryimage"},"thumbnailUrl":"https:\/\/macite.tg\/wp-content\/uploads\/2025\/08\/HANDI-FOIRE.jpg","datePublished":"2025-08-18T12:16:35+00:00","dateModified":"2025-08-19T12:19:37+00:00","author":{"@id":"https:\/\/macite.tg\/#\/schema\/person\/e9f2de7e5dbbe7770a9402c7ce82f5c2"},"breadcrumb":{"@id":"https:\/\/macite.tg\/?p=24315#breadcrumb"},"inLanguage":"fr-FR","potentialAction":[{"@type":"ReadAction","target":["https:\/\/macite.tg\/?p=24315"]}]},{"@type":"ImageObject","inLanguage":"fr-FR","@id":"https:\/\/macite.tg\/?p=24315#primaryimage","url":"https:\/\/macite.tg\/wp-content\/uploads\/2025\/08\/HANDI-FOIRE.jpg","contentUrl":"https:\/\/macite.tg\/wp-content\/uploads\/2025\/08\/HANDI-FOIRE.jpg","width":500,"height":194},{"@type":"BreadcrumbList","@id":"https:\/\/macite.tg\/?p=24315#breadcrumb","itemListElement":[{"@type":"ListItem","position":1,"name":"Accueil","item":"https:\/\/macite.tg\/"},{"@type":"ListItem","position":2,"name":"OTR\/ FOIRE MON BEAU VILLAGE : Un engagement renouvel\u00e9 envers les personnes en situation de handicap"}]},{"@type":"WebSite","@id":"https:\/\/macite.tg\/#website","url":"https:\/\/macite.tg\/","name":"","description":"L&#039;information, la bonne!!!","potentialAction":[{"@type":"SearchAction","target":{"@type":"EntryPoint","urlTemplate":"https:\/\/macite.tg\/?s={search_term_string}"},"query-input":{"@type":"PropertyValueSpecification","valueRequired":true,"valueName":"search_term_string"}}],"inLanguage":"fr-FR"},{"@type":"Person","@id":"https:\/\/macite.tg\/#\/schema\/person\/e9f2de7e5dbbe7770a9402c7ce82f5c2","name":"Jean Pierre BAWELA","image":{"@type":"ImageObject","inLanguage":"fr-FR","@id":"https:\/\/macite.tg\/wp-content\/uploads\/2023\/09\/WhatsApp-Image-2023-09-19-at-14.44.41-122x122.jpeg","url":"https:\/\/macite.tg\/wp-content\/uploads\/2023\/09\/WhatsApp-Image-2023-09-19-at-14.44.41-122x122.jpeg","contentUrl":"https:\/\/macite.tg\/wp-content\/uploads\/2023\/09\/WhatsApp-Image-2023-09-19-at-14.44.41-122x122.jpeg","caption":"Jean Pierre BAWELA"},"url":"https:\/\/macite.tg\/?author=2"}]}},"_links":{"self":[{"href":"https:\/\/macite.tg\/index.php?rest_route=\/wp\/v2\/posts\/24315","targetHints":{"allow":["GET"]}}],"collection":[{"href":"https:\/\/macite.tg\/index.php?rest_route=\/wp\/v2\/posts"}],"about":[{"href":"https:\/\/macite.tg\/index.php?rest_route=\/wp\/v2\/types\/post"}],"author":[{"embeddable":true,"href":"https:\/\/macite.tg\/index.php?rest_route=\/wp\/v2\/users\/2"}],"replies":[{"embeddable":true,"href":"https:\/\/macite.tg\/index.php?rest_route=%2Fwp%2Fv2%2Fcomments&post=24315"}],"version-history":[{"count":0,"href":"https:\/\/macite.tg\/index.php?rest_route=\/wp\/v2\/posts\/24315\/revisions"}],"wp:featuredmedia":[{"embeddable":true,"href":"https:\/\/macite.tg\/index.php?rest_route=\/wp\/v2\/media\/24316"}],"wp:attachment":[{"href":"https:\/\/macite.tg\/index.php?rest_route=%2Fwp%2Fv2%2Fmedia&parent=24315"}],"wp:term":[{"taxonomy":"category","embeddable":true,"href":"https:\/\/macite.tg\/index.php?rest_route=%2Fwp%2Fv2%2Fcategories&post=24315"},{"taxonomy":"post_tag","embeddable":true,"href":"https:\/\/macite.tg\/index.php?rest_route=%2Fwp%2Fv2%2Ftags&post=24315"}],"curies":[{"name":"wp","href":"https:\/\/api.w.org\/{rel}","templated":true}]}}