{"id":24269,"date":"2025-08-18T14:28:51","date_gmt":"2025-08-18T14:28:51","guid":{"rendered":"https:\/\/macite.tg\/?p=24269"},"modified":"2025-08-18T14:28:55","modified_gmt":"2025-08-18T14:28:55","slug":"vacances-actives-en-entreprises-2025-plus-de-1-200-jeunes-a-la-decouverte-du-monde-du-travail","status":"publish","type":"post","link":"https:\/\/macite.tg\/?p=24269","title":{"rendered":"VACANCES ACTIVES EN ENTREPRISES 2025 : Plus de 1.200 jeunes \u00e0 la d\u00e9couverte du monde du travail"},"content":{"rendered":"\n<p class=\"wp-block-paragraph\"><strong><em>Le gouvernement a officiellement lanc\u00e9 le samedi 16 ao\u00fbt \u00e0 Lom\u00e9 et simultan\u00e9ment dans plusieurs villes de l\u2019int\u00e9rieur, le projet \u2018Vacances actives en entreprise 2025\u2019. L\u2019initiative, port\u00e9e par le minist\u00e8re de la R\u00e9forme du service public, du travail et du dialogue social, met en collaboration l\u2019Agence nationale pour l\u2019emploi (ANPE) et le secteur priv\u00e9.\u00a0<\/em><\/strong><\/p>\n\n\n\n<p class=\"wp-block-paragraph\">Objectif, offrir aux \u00e9tudiants togolais, une premi\u00e8re exp\u00e9rience professionnelle \u00e0 travers des stages d\u2019impr\u00e9gnation, afin de les occuper durant les vacances, et de d\u00e9velopper leurs comp\u00e9tences pratiques et relationnelles. En tout, plus de 1200 jeunes issus des diff\u00e9rentes r\u00e9gions du pays et s\u00e9lectionn\u00e9s \u00e0 l\u2019issue d\u2019un appel \u00e0 candidatures et d\u2019un rigoureux processus, seront progressivement plac\u00e9s \u00e0 partir de ce lundi 18 ao\u00fbt dans les entreprises parapubliques et priv\u00e9es du pays.&nbsp;<\/p>\n\n\n<div class=\"wp-block-image\">\n<figure class=\"aligncenter size-full\"><img loading=\"lazy\" decoding=\"async\" width=\"851\" height=\"315\" src=\"https:\/\/macite.tg\/wp-content\/uploads\/2025\/08\/OTR_Bandeau-Renseignements.jpg\" alt=\"\" class=\"wp-image-24184\" srcset=\"https:\/\/macite.tg\/wp-content\/uploads\/2025\/08\/OTR_Bandeau-Renseignements.jpg 851w, https:\/\/macite.tg\/wp-content\/uploads\/2025\/08\/OTR_Bandeau-Renseignements-300x111.jpg 300w, https:\/\/macite.tg\/wp-content\/uploads\/2025\/08\/OTR_Bandeau-Renseignements-768x284.jpg 768w\" sizes=\"auto, (max-width: 851px) 100vw, 851px\" \/><\/figure>\n<\/div>\n\n\n<p class=\"wp-block-paragraph\">S\u2019il vient en compl\u00e9ment aux mesures actives d\u00e9j\u00e0 existantes, \u00e0 l\u2019instar du programme AIDE et du programme national de volontariat, le nouveau projet s\u2019inscrit pleinement dans la vision gouvernementale de promotion de l\u2019employabilit\u00e9 et de l\u2019insertion professionnelle, a rappel\u00e9 le ministre en charge du secteur de l\u2019emploi&nbsp;: \u201c<em>Nous avons le souci de r\u00e9pondre aux besoins de notre jeunesse, et de faire en sorte que pendant leur formation, ils aient la possibilit\u00e9 de d\u00e9couvrir le monde du travail, les exigences professionnelles qui y sont requises. Le monde du travail est rude et il nous faut adapter et outiller notre jeunesse, et s\u2019assurer qu\u2019\u00e0 la fin de leurs \u00e9tudes et formations, ils puissent \u00eatre rapidement mis \u00e0 contribution en \u00e9tant op\u00e9rationnels<\/em>\u201d, a expliqu\u00e9 Gilbert Bawara, en donnant le coup d\u2019envoi du projet.&nbsp;<\/p>\n\n\n\n<p class=\"wp-block-paragraph\">\u201c<em>C\u2019est vrai qu\u2019ils viennent pour apprendre, mais ces jeunes apporteront \u00e9galement un nouveau souffle aux entreprises, avec leurs id\u00e9es et leurs concepts, pour am\u00e9liorer ce qui existe d\u00e9j\u00e0. C\u2019est une initiative qui couronne parfaitement l\u2019harmonie entre le public et le priv\u00e9<\/em>\u201d, et une opportunit\u00e9 pour notre jeunesse, pour mieux se pr\u00e9parer, a pour sa part salu\u00e9 le vice-pr\u00e9sident du Conseil national du patronat (CNP), Thierry Awesso.<\/p>\n\n\n\n<figure class=\"wp-block-image size-full is-resized\"><img loading=\"lazy\" decoding=\"async\" width=\"690\" height=\"170\" src=\"https:\/\/macite.tg\/wp-content\/uploads\/2025\/08\/OTR_TVM-1.jpg\" alt=\"\" class=\"wp-image-24129\" style=\"width:840px;height:auto\" srcset=\"https:\/\/macite.tg\/wp-content\/uploads\/2025\/08\/OTR_TVM-1.jpg 690w, https:\/\/macite.tg\/wp-content\/uploads\/2025\/08\/OTR_TVM-1-300x74.jpg 300w\" sizes=\"auto, (max-width: 690px) 100vw, 690px\" \/><\/figure>\n\n\n\n<p class=\"wp-block-paragraph\">En marge de leur d\u00e9ploiement, les postulants ont \u00e9t\u00e9 form\u00e9s en soft skills et en notions de citoyennet\u00e9 et de civisme. Par ailleurs, ils b\u00e9n\u00e9ficieront d\u2019une indemnit\u00e9 forfaitaire et d\u2019une d\u00e9claration \u00e0 la Caisse nationale de s\u00e9curit\u00e9 sociale (CNSS), au titre des risques professionnels.<\/p>\n\n\n\n<p class=\"wp-block-paragraph\">Source&nbsp;: @Republiquetogolaise.com<\/p>\n\n\n\n<p class=\"wp-block-paragraph\"><strong><em>@macite.tg&nbsp;&nbsp;&nbsp;&nbsp;&nbsp;&nbsp;&nbsp;&nbsp;<\/em><\/strong><\/p>\n\n\n\n<p class=\"wp-block-paragraph\"><strong><em>E-mail&nbsp;: <\/em><\/strong><a href=\"mailto:maciteinfo@gmail.com\"><strong><em>maciteinfo@gmail.com<\/em><\/strong><\/a><strong><em>; <\/em><\/strong><a href=\"mailto:bawela1@gmail.com\"><strong><em>bawela1@gmail.com<\/em><\/strong><\/a><strong><em><\/em><\/strong><\/p>\n\n\n\n<p class=\"wp-block-paragraph\"><strong><em>Pour vos annonces, (publi)reportages, etc., joignez-nous au (00228)91515309\/<strong>79872224 <\/strong><strong><\/strong><\/em><\/strong><\/p>\n\n\n\n<p class=\"wp-block-paragraph\"><strong><em>www.macite.tg, L\u2019information, la bonne&nbsp;!<\/em><\/strong><\/p>\n\n\n\n<p class=\"wp-block-paragraph\"><\/p>\n","protected":false},"excerpt":{"rendered":"<p class=\"text-justify mb-2\" >Le gouvernement a officiellement lanc\u00e9 le samedi 16 ao\u00fbt \u00e0 Lom\u00e9 et simultan\u00e9ment dans plusieurs villes de l\u2019int\u00e9rieur, le projet \u2018Vacances actives en entreprise 2025\u2019. L\u2019initiative, port\u00e9e par le minist\u00e8re de la R\u00e9forme du service public, du travail et du dialogue social, met en collaboration [&hellip;]<\/p>\n","protected":false},"author":2,"featured_media":24270,"comment_status":"open","ping_status":"open","sticky":false,"template":"","format":"standard","meta":{"footnotes":""},"categories":[20,43],"tags":[],"class_list":["post-24269","post","type-post","status-publish","format-standard","has-post-thumbnail","hentry","category-actualite","category-emploi"],"yoast_head":"<!-- This site is optimized with the Yoast SEO plugin v28.4 - https:\/\/yoast.com\/product\/yoast-seo-wordpress\/ -->\n<title>VACANCES ACTIVES EN ENTREPRISES 2025 : Plus de 1.200 jeunes \u00e0 la d\u00e9couverte du monde du travail -<\/title>\n<meta name=\"robots\" content=\"index, follow, max-snippet:-1, max-image-preview:large, max-video-preview:-1\" \/>\n<link rel=\"canonical\" href=\"https:\/\/macite.tg\/?p=24269\" \/>\n<meta property=\"og:locale\" content=\"fr_FR\" \/>\n<meta property=\"og:type\" content=\"article\" \/>\n<meta property=\"og:title\" content=\"VACANCES ACTIVES EN ENTREPRISES 2025 : Plus de 1.200 jeunes \u00e0 la d\u00e9couverte du monde du travail -\" \/>\n<meta property=\"og:description\" content=\"Le gouvernement a officiellement lanc\u00e9 le samedi 16 ao\u00fbt \u00e0 Lom\u00e9 et simultan\u00e9ment dans plusieurs villes de l\u2019int\u00e9rieur, le projet \u2018Vacances actives en entreprise 2025\u2019. L\u2019initiative, port\u00e9e par le minist\u00e8re de la R\u00e9forme du service public, du travail et du dialogue social, met en collaboration [&hellip;]\" \/>\n<meta property=\"og:url\" content=\"https:\/\/macite.tg\/?p=24269\" \/>\n<meta property=\"article:published_time\" content=\"2025-08-18T14:28:51+00:00\" \/>\n<meta property=\"article:modified_time\" content=\"2025-08-18T14:28:55+00:00\" \/>\n<meta property=\"og:image\" content=\"https:\/\/macite.tg\/wp-content\/uploads\/2025\/08\/EMPLOI.jpg\" \/>\n\t<meta property=\"og:image:width\" content=\"500\" \/>\n\t<meta property=\"og:image:height\" content=\"500\" \/>\n\t<meta property=\"og:image:type\" content=\"image\/jpeg\" \/>\n<meta name=\"author\" content=\"Jean Pierre BAWELA\" \/>\n<meta name=\"twitter:card\" content=\"summary_large_image\" \/>\n<meta name=\"twitter:label1\" content=\"\u00c9crit par\" \/>\n\t<meta name=\"twitter:data1\" content=\"Jean Pierre BAWELA\" \/>\n\t<meta name=\"twitter:label2\" content=\"Dur\u00e9e de lecture estim\u00e9e\" \/>\n\t<meta name=\"twitter:data2\" content=\"3 minutes\" \/>\n<script type=\"application\/ld+json\" class=\"yoast-schema-graph\">{\"@context\":\"https:\\\/\\\/schema.org\",\"@graph\":[{\"@type\":\"Article\",\"@id\":\"https:\\\/\\\/macite.tg\\\/?p=24269#article\",\"isPartOf\":{\"@id\":\"https:\\\/\\\/macite.tg\\\/?p=24269\"},\"author\":{\"name\":\"Jean Pierre BAWELA\",\"@id\":\"https:\\\/\\\/macite.tg\\\/#\\\/schema\\\/person\\\/e9f2de7e5dbbe7770a9402c7ce82f5c2\"},\"headline\":\"VACANCES ACTIVES EN ENTREPRISES 2025 : Plus de 1.200 jeunes \u00e0 la d\u00e9couverte du monde du travail\",\"datePublished\":\"2025-08-18T14:28:51+00:00\",\"dateModified\":\"2025-08-18T14:28:55+00:00\",\"mainEntityOfPage\":{\"@id\":\"https:\\\/\\\/macite.tg\\\/?p=24269\"},\"wordCount\":464,\"commentCount\":0,\"image\":{\"@id\":\"https:\\\/\\\/macite.tg\\\/?p=24269#primaryimage\"},\"thumbnailUrl\":\"https:\\\/\\\/macite.tg\\\/wp-content\\\/uploads\\\/2025\\\/08\\\/EMPLOI.jpg\",\"articleSection\":[\"ACTUALITE\",\"EMPLOI\"],\"inLanguage\":\"fr-FR\",\"potentialAction\":[{\"@type\":\"CommentAction\",\"name\":\"Comment\",\"target\":[\"https:\\\/\\\/macite.tg\\\/?p=24269#respond\"]}]},{\"@type\":\"WebPage\",\"@id\":\"https:\\\/\\\/macite.tg\\\/?p=24269\",\"url\":\"https:\\\/\\\/macite.tg\\\/?p=24269\",\"name\":\"VACANCES ACTIVES EN ENTREPRISES 2025 : Plus de 1.200 jeunes \u00e0 la d\u00e9couverte du monde du travail -\",\"isPartOf\":{\"@id\":\"https:\\\/\\\/macite.tg\\\/#website\"},\"primaryImageOfPage\":{\"@id\":\"https:\\\/\\\/macite.tg\\\/?p=24269#primaryimage\"},\"image\":{\"@id\":\"https:\\\/\\\/macite.tg\\\/?p=24269#primaryimage\"},\"thumbnailUrl\":\"https:\\\/\\\/macite.tg\\\/wp-content\\\/uploads\\\/2025\\\/08\\\/EMPLOI.jpg\",\"datePublished\":\"2025-08-18T14:28:51+00:00\",\"dateModified\":\"2025-08-18T14:28:55+00:00\",\"author\":{\"@id\":\"https:\\\/\\\/macite.tg\\\/#\\\/schema\\\/person\\\/e9f2de7e5dbbe7770a9402c7ce82f5c2\"},\"breadcrumb\":{\"@id\":\"https:\\\/\\\/macite.tg\\\/?p=24269#breadcrumb\"},\"inLanguage\":\"fr-FR\",\"potentialAction\":[{\"@type\":\"ReadAction\",\"target\":[\"https:\\\/\\\/macite.tg\\\/?p=24269\"]}]},{\"@type\":\"ImageObject\",\"inLanguage\":\"fr-FR\",\"@id\":\"https:\\\/\\\/macite.tg\\\/?p=24269#primaryimage\",\"url\":\"https:\\\/\\\/macite.tg\\\/wp-content\\\/uploads\\\/2025\\\/08\\\/EMPLOI.jpg\",\"contentUrl\":\"https:\\\/\\\/macite.tg\\\/wp-content\\\/uploads\\\/2025\\\/08\\\/EMPLOI.jpg\",\"width\":500,\"height\":500},{\"@type\":\"BreadcrumbList\",\"@id\":\"https:\\\/\\\/macite.tg\\\/?p=24269#breadcrumb\",\"itemListElement\":[{\"@type\":\"ListItem\",\"position\":1,\"name\":\"Accueil\",\"item\":\"https:\\\/\\\/macite.tg\\\/\"},{\"@type\":\"ListItem\",\"position\":2,\"name\":\"VACANCES ACTIVES EN ENTREPRISES 2025 : Plus de 1.200 jeunes \u00e0 la d\u00e9couverte du monde du travail\"}]},{\"@type\":\"WebSite\",\"@id\":\"https:\\\/\\\/macite.tg\\\/#website\",\"url\":\"https:\\\/\\\/macite.tg\\\/\",\"name\":\"\",\"description\":\"L&#039;information, la bonne!!!\",\"potentialAction\":[{\"@type\":\"SearchAction\",\"target\":{\"@type\":\"EntryPoint\",\"urlTemplate\":\"https:\\\/\\\/macite.tg\\\/?s={search_term_string}\"},\"query-input\":{\"@type\":\"PropertyValueSpecification\",\"valueRequired\":true,\"valueName\":\"search_term_string\"}}],\"inLanguage\":\"fr-FR\"},{\"@type\":\"Person\",\"@id\":\"https:\\\/\\\/macite.tg\\\/#\\\/schema\\\/person\\\/e9f2de7e5dbbe7770a9402c7ce82f5c2\",\"name\":\"Jean Pierre BAWELA\",\"image\":{\"@type\":\"ImageObject\",\"inLanguage\":\"fr-FR\",\"@id\":\"https:\\\/\\\/macite.tg\\\/wp-content\\\/uploads\\\/2023\\\/09\\\/WhatsApp-Image-2023-09-19-at-14.44.41-122x122.jpeg\",\"url\":\"https:\\\/\\\/macite.tg\\\/wp-content\\\/uploads\\\/2023\\\/09\\\/WhatsApp-Image-2023-09-19-at-14.44.41-122x122.jpeg\",\"contentUrl\":\"https:\\\/\\\/macite.tg\\\/wp-content\\\/uploads\\\/2023\\\/09\\\/WhatsApp-Image-2023-09-19-at-14.44.41-122x122.jpeg\",\"caption\":\"Jean Pierre BAWELA\"},\"url\":\"https:\\\/\\\/macite.tg\\\/?author=2\"}]}<\/script>\n<!-- \/ Yoast SEO plugin. -->","yoast_head_json":{"title":"VACANCES ACTIVES EN ENTREPRISES 2025 : Plus de 1.200 jeunes \u00e0 la d\u00e9couverte du monde du travail -","robots":{"index":"index","follow":"follow","max-snippet":"max-snippet:-1","max-image-preview":"max-image-preview:large","max-video-preview":"max-video-preview:-1"},"canonical":"https:\/\/macite.tg\/?p=24269","og_locale":"fr_FR","og_type":"article","og_title":"VACANCES ACTIVES EN ENTREPRISES 2025 : Plus de 1.200 jeunes \u00e0 la d\u00e9couverte du monde du travail -","og_description":"Le gouvernement a officiellement lanc\u00e9 le samedi 16 ao\u00fbt \u00e0 Lom\u00e9 et simultan\u00e9ment dans plusieurs villes de l\u2019int\u00e9rieur, le projet \u2018Vacances actives en entreprise 2025\u2019. L\u2019initiative, port\u00e9e par le minist\u00e8re de la R\u00e9forme du service public, du travail et du dialogue social, met en collaboration [&hellip;]","og_url":"https:\/\/macite.tg\/?p=24269","article_published_time":"2025-08-18T14:28:51+00:00","article_modified_time":"2025-08-18T14:28:55+00:00","og_image":[{"width":500,"height":500,"url":"https:\/\/macite.tg\/wp-content\/uploads\/2025\/08\/EMPLOI.jpg","type":"image\/jpeg"}],"author":"Jean Pierre BAWELA","twitter_card":"summary_large_image","twitter_misc":{"\u00c9crit par":"Jean Pierre BAWELA","Dur\u00e9e de lecture estim\u00e9e":"3 minutes"},"schema":{"@context":"https:\/\/schema.org","@graph":[{"@type":"Article","@id":"https:\/\/macite.tg\/?p=24269#article","isPartOf":{"@id":"https:\/\/macite.tg\/?p=24269"},"author":{"name":"Jean Pierre BAWELA","@id":"https:\/\/macite.tg\/#\/schema\/person\/e9f2de7e5dbbe7770a9402c7ce82f5c2"},"headline":"VACANCES ACTIVES EN ENTREPRISES 2025 : Plus de 1.200 jeunes \u00e0 la d\u00e9couverte du monde du travail","datePublished":"2025-08-18T14:28:51+00:00","dateModified":"2025-08-18T14:28:55+00:00","mainEntityOfPage":{"@id":"https:\/\/macite.tg\/?p=24269"},"wordCount":464,"commentCount":0,"image":{"@id":"https:\/\/macite.tg\/?p=24269#primaryimage"},"thumbnailUrl":"https:\/\/macite.tg\/wp-content\/uploads\/2025\/08\/EMPLOI.jpg","articleSection":["ACTUALITE","EMPLOI"],"inLanguage":"fr-FR","potentialAction":[{"@type":"CommentAction","name":"Comment","target":["https:\/\/macite.tg\/?p=24269#respond"]}]},{"@type":"WebPage","@id":"https:\/\/macite.tg\/?p=24269","url":"https:\/\/macite.tg\/?p=24269","name":"VACANCES ACTIVES EN ENTREPRISES 2025 : Plus de 1.200 jeunes \u00e0 la d\u00e9couverte du monde du travail -","isPartOf":{"@id":"https:\/\/macite.tg\/#website"},"primaryImageOfPage":{"@id":"https:\/\/macite.tg\/?p=24269#primaryimage"},"image":{"@id":"https:\/\/macite.tg\/?p=24269#primaryimage"},"thumbnailUrl":"https:\/\/macite.tg\/wp-content\/uploads\/2025\/08\/EMPLOI.jpg","datePublished":"2025-08-18T14:28:51+00:00","dateModified":"2025-08-18T14:28:55+00:00","author":{"@id":"https:\/\/macite.tg\/#\/schema\/person\/e9f2de7e5dbbe7770a9402c7ce82f5c2"},"breadcrumb":{"@id":"https:\/\/macite.tg\/?p=24269#breadcrumb"},"inLanguage":"fr-FR","potentialAction":[{"@type":"ReadAction","target":["https:\/\/macite.tg\/?p=24269"]}]},{"@type":"ImageObject","inLanguage":"fr-FR","@id":"https:\/\/macite.tg\/?p=24269#primaryimage","url":"https:\/\/macite.tg\/wp-content\/uploads\/2025\/08\/EMPLOI.jpg","contentUrl":"https:\/\/macite.tg\/wp-content\/uploads\/2025\/08\/EMPLOI.jpg","width":500,"height":500},{"@type":"BreadcrumbList","@id":"https:\/\/macite.tg\/?p=24269#breadcrumb","itemListElement":[{"@type":"ListItem","position":1,"name":"Accueil","item":"https:\/\/macite.tg\/"},{"@type":"ListItem","position":2,"name":"VACANCES ACTIVES EN ENTREPRISES 2025 : Plus de 1.200 jeunes \u00e0 la d\u00e9couverte du monde du travail"}]},{"@type":"WebSite","@id":"https:\/\/macite.tg\/#website","url":"https:\/\/macite.tg\/","name":"","description":"L&#039;information, la bonne!!!","potentialAction":[{"@type":"SearchAction","target":{"@type":"EntryPoint","urlTemplate":"https:\/\/macite.tg\/?s={search_term_string}"},"query-input":{"@type":"PropertyValueSpecification","valueRequired":true,"valueName":"search_term_string"}}],"inLanguage":"fr-FR"},{"@type":"Person","@id":"https:\/\/macite.tg\/#\/schema\/person\/e9f2de7e5dbbe7770a9402c7ce82f5c2","name":"Jean Pierre BAWELA","image":{"@type":"ImageObject","inLanguage":"fr-FR","@id":"https:\/\/macite.tg\/wp-content\/uploads\/2023\/09\/WhatsApp-Image-2023-09-19-at-14.44.41-122x122.jpeg","url":"https:\/\/macite.tg\/wp-content\/uploads\/2023\/09\/WhatsApp-Image-2023-09-19-at-14.44.41-122x122.jpeg","contentUrl":"https:\/\/macite.tg\/wp-content\/uploads\/2023\/09\/WhatsApp-Image-2023-09-19-at-14.44.41-122x122.jpeg","caption":"Jean Pierre BAWELA"},"url":"https:\/\/macite.tg\/?author=2"}]}},"_links":{"self":[{"href":"https:\/\/macite.tg\/index.php?rest_route=\/wp\/v2\/posts\/24269","targetHints":{"allow":["GET"]}}],"collection":[{"href":"https:\/\/macite.tg\/index.php?rest_route=\/wp\/v2\/posts"}],"about":[{"href":"https:\/\/macite.tg\/index.php?rest_route=\/wp\/v2\/types\/post"}],"author":[{"embeddable":true,"href":"https:\/\/macite.tg\/index.php?rest_route=\/wp\/v2\/users\/2"}],"replies":[{"embeddable":true,"href":"https:\/\/macite.tg\/index.php?rest_route=%2Fwp%2Fv2%2Fcomments&post=24269"}],"version-history":[{"count":0,"href":"https:\/\/macite.tg\/index.php?rest_route=\/wp\/v2\/posts\/24269\/revisions"}],"wp:featuredmedia":[{"embeddable":true,"href":"https:\/\/macite.tg\/index.php?rest_route=\/wp\/v2\/media\/24270"}],"wp:attachment":[{"href":"https:\/\/macite.tg\/index.php?rest_route=%2Fwp%2Fv2%2Fmedia&parent=24269"}],"wp:term":[{"taxonomy":"category","embeddable":true,"href":"https:\/\/macite.tg\/index.php?rest_route=%2Fwp%2Fv2%2Fcategories&post=24269"},{"taxonomy":"post_tag","embeddable":true,"href":"https:\/\/macite.tg\/index.php?rest_route=%2Fwp%2Fv2%2Ftags&post=24269"}],"curies":[{"name":"wp","href":"https:\/\/api.w.org\/{rel}","templated":true}]}}