{"id":24262,"date":"2025-08-18T12:22:38","date_gmt":"2025-08-18T12:22:38","guid":{"rendered":"https:\/\/macite.tg\/?p=24262"},"modified":"2025-08-18T12:35:41","modified_gmt":"2025-08-18T12:35:41","slug":"en-visite-au-maroc-jacob-zuma-apporte-son-soutien-ferme-a-la-marocanite-du-sahara-en-opposition-a-la-diplomatie-isolee-de-pretoria","status":"publish","type":"post","link":"https:\/\/macite.tg\/?p=24262","title":{"rendered":"EN VISITE AU MAROC\u00a0: Jacob Zuma apporte son soutien ferme \u00e0 la marocanit\u00e9 du Sahara, en opposition \u00e0 la diplomatie isol\u00e9e de Pretoria"},"content":{"rendered":"\n<p class=\"wp-block-paragraph\"><strong><em>En visite au Royaume du Maroc, l\u2019ancien pr\u00e9sident sud-africain, Jacob Zuma, a publiquement exprim\u00e9 son soutien au projet d\u2019Autonomie pr\u00e9sent\u00e9 par le Maroc sur le Sahara. Une prise de position qui n\u2019a pas \u00e9t\u00e9 du go\u00fbt de Pretoria, qui a aussit\u00f4t r\u00e9agi, exposant du coup les lignes de fracture interne sur un dossier dans lequel l\u2019Afrique du Sud, sous la houlette de Cyril Ramaphosa, semble de plus en plus isol\u00e9.<\/em><\/strong><\/p>\n\n\n\n<p class=\"wp-block-paragraph\">En visite officielle au Maroc, l\u2019ancien pr\u00e9sident sud-africain, Jacob Zuma, a pris le contre-pied de Pretoria dans le dossier sur la marocanit\u00e9 du Sahara. En effet, Jacob Zuma a publiquement a port\u00e9 son soutien \u00e0 la souverainet\u00e9 marocaine sur le Sahara. Il va plus loin en pr\u00e9sentant le Plan d\u2019autonomie du Maroc comme une <em>\u00ab&nbsp;solution pragmatique et r\u00e9aliste&nbsp;\u00bb,<\/em> cr\u00e9ant ainsi une fissure dans ce qui \u00e9tait jusqu\u2019\u00e0 pr\u00e9sent une position diplomatique consid\u00e9r\u00e9e comme unifi\u00e9e. La r\u00e9action de Pretoria ne s\u2019est pas faite attendre.<\/p>\n\n\n<div class=\"wp-block-image\">\n<figure class=\"aligncenter size-full\"><img loading=\"lazy\" decoding=\"async\" width=\"851\" height=\"315\" src=\"https:\/\/macite.tg\/wp-content\/uploads\/2025\/08\/OTR_Bandeau-Renseignements.jpg\" alt=\"\" class=\"wp-image-24184\" srcset=\"https:\/\/macite.tg\/wp-content\/uploads\/2025\/08\/OTR_Bandeau-Renseignements.jpg 851w, https:\/\/macite.tg\/wp-content\/uploads\/2025\/08\/OTR_Bandeau-Renseignements-300x111.jpg 300w, https:\/\/macite.tg\/wp-content\/uploads\/2025\/08\/OTR_Bandeau-Renseignements-768x284.jpg 768w\" sizes=\"auto, (max-width: 851px) 100vw, 851px\" \/><\/figure>\n<\/div>\n\n\n<p class=\"wp-block-paragraph\">Par la voix du minist\u00e8re sud-africain des Relations internationales et de la Coop\u00e9ration (DIRCO), Pretoria s\u2019est indign\u00e9 du d\u00e9ploiement du drapeau national sud-africain lors de cette visite, en dit long sur le malaise croissant dans les cercles officiels sud-africains. Le DIRCO a, dans un bref communiqu\u00e9 publi\u00e9 sur son site, d\u00e9nonc\u00e9 d\u00e9noncer la pr\u00e9sence du drapeau sud-africain lors de la visite de Zuma, parlant d\u2019un <em>\u00ab abus de symbole national \u00bb<\/em>.<\/p>\n\n\n\n<p class=\"wp-block-paragraph\">Cette sortie, plus formelle que politique, peine \u00e0 masquer une g\u00eane plus fondamentale, celle d\u2019un gouvernement confront\u00e9 \u00e0 la dissidence symbolique d\u2019un ancien chef d\u2019Etat, figure historique de la lutte anti-apartheid, et d\u00e9sormais porte-voix d\u2019une vision alternative sur la question du Sahara.<\/p>\n\n\n\n<p class=\"wp-block-paragraph\">Cette dissidence de l\u2019ancien pr\u00e9sident Jacob Zuma, met en lumi\u00e8re une r\u00e9alit\u00e9 politique souvent mise sous \u00e9teignoir \u00e0 Pretoria. La ligne diplomatique de Pretoria sur la question du Sahara ne fait pas l\u2019objet d\u2019un consensus absolu.<\/p>\n\n\n\n<p class=\"wp-block-paragraph\">La posture adopt\u00e9e par Jacob Zuma, en sa qualit\u00e9 de chef du parti MK et parlementaire en exercice ne fait que d\u00e9montrer que d\u2019autres voix au sein de la soci\u00e9t\u00e9 sud-africaine, qu\u2019elles soient politiques, intellectuelles ou sociales, peuvent adopter des positions r\u00e9fl\u00e9chies et souveraines, qui diff\u00e8rent de la posture officielle vis-\u00e0-vis du Maroc.<\/p>\n\n\n<div class=\"wp-block-image\">\n<figure class=\"aligncenter size-full is-resized\"><img loading=\"lazy\" decoding=\"async\" width=\"690\" height=\"170\" src=\"https:\/\/macite.tg\/wp-content\/uploads\/2025\/08\/OTR_TVM-1.jpg\" alt=\"\" class=\"wp-image-24129\" style=\"width:840px;height:auto\" srcset=\"https:\/\/macite.tg\/wp-content\/uploads\/2025\/08\/OTR_TVM-1.jpg 690w, https:\/\/macite.tg\/wp-content\/uploads\/2025\/08\/OTR_TVM-1-300x74.jpg 300w\" sizes=\"auto, (max-width: 690px) 100vw, 690px\" \/><\/figure>\n<\/div>\n\n\n<p class=\"wp-block-paragraph\">Pour la partie marocaine, la visite de l\u2019ancien pr\u00e9sident sud-africain s\u2019est d\u00e9roul\u00e9e dans un <em>\u00ab&nbsp;cadre parfaitement officiel et transparent&nbsp;\u00bb. C<\/em>ette visite a bel et bien \u00e9t\u00e9 pr\u00e9par\u00e9e en coordination avec l\u2019ambassade du Maroc \u00e0 Pretoria, et a b\u00e9n\u00e9fici\u00e9 de la pleine coop\u00e9ration de l\u2019ambassade d\u2019Afrique du Sud \u00e0 Rabat, indiquent des sources diplomatiques. C\u2019est d\u2019ailleurs l\u2019ambassade d\u2019Afrique du Sud \u00e0 Rabat qui, dans une note verbale, a sollicit\u00e9 un traitement protocolaire pour l\u2019ancien pr\u00e9sident sud-africain.<\/p>\n\n\n\n<p class=\"wp-block-paragraph\">De ce fait, la critique soudaine de Pretoria sur la pr\u00e9sence du drapeau sud-africain para\u00eet comme un contre-pied malhabile, voire contradictoire.<\/p>\n\n\n\n<p class=\"wp-block-paragraph\">Selon des m\u00eames sources, le drapeau sud-africain n\u2019a \u00e9t\u00e9 utilis\u00e9 qu\u2019\u00e0 la demande expresse de Zuma, ceci en signe de respect. Il ne s\u2019agissait en aucun cas de le restaurer dans ses fonctions de pr\u00e9sident, mais de reconna\u00eetre la stature de celui qui fut l\u2019une des grandes voix de l\u2019Afrique contemporaine.<\/p>\n\n\n\n<p class=\"wp-block-paragraph\">Ainsi, en en s\u2019attaquant \u00e0 la visite de Jacob Zuma, Pretoria donne l\u2019image d\u2019un pouvoir crisp\u00e9 face \u00e0 la diversit\u00e9 politique interne, alors m\u00eame que le pluralisme est un pilier de la d\u00e9mocratie sud-africaine. Bien que nouveau sur l\u2019\u00e9chiquier \u00e9lectoral, le parti MK est un prolongement historique de la lutte pour la libert\u00e9, et est m\u00eame repr\u00e9sent\u00e9 au Parlement. Son audience aupr\u00e8s de l\u2019opinion publique ne cesse monter en puissance.<\/p>\n\n\n\n<p class=\"wp-block-paragraph\">L\u2019annonce par le parti MK d\u2019une conf\u00e9rence de presse pour r\u00e9pondre au communiqu\u00e9 du DIRCO, est d\u2019ailleurs la preuve que la d\u00e9claration de l\u2019ancien pr\u00e9sident Zuma \u00e0 Rabat <em>\u00ab n\u2019est ni improvis\u00e9e, ni marginale&nbsp;\u00bb.<\/em> Elle est bien l\u2019expression r\u00e9fl\u00e9chie d\u2019une vision alternative sur un sujet d\u2019int\u00e9r\u00eat continental.<\/p>\n\n\n<div class=\"wp-block-image\">\n<figure class=\"aligncenter size-full\"><img loading=\"lazy\" decoding=\"async\" width=\"851\" height=\"315\" src=\"https:\/\/macite.tg\/wp-content\/uploads\/2025\/08\/OTR_Ferer-pour-batir-1.jpg\" alt=\"\" class=\"wp-image-24078\" srcset=\"https:\/\/macite.tg\/wp-content\/uploads\/2025\/08\/OTR_Ferer-pour-batir-1.jpg 851w, https:\/\/macite.tg\/wp-content\/uploads\/2025\/08\/OTR_Ferer-pour-batir-1-300x111.jpg 300w, https:\/\/macite.tg\/wp-content\/uploads\/2025\/08\/OTR_Ferer-pour-batir-1-768x284.jpg 768w\" sizes=\"auto, (max-width: 851px) 100vw, 851px\" \/><\/figure>\n<\/div>\n\n\n<p class=\"wp-block-paragraph\">Loin de s\u2019immiscer dans les d\u00e9bats inters \u00e0 l\u2019Afrique du Sud, Rabat, partenaire africain de bonne foi, observe avec respect cette diversit\u00e9 d\u2019opinions en Afrique du Sud. Fid\u00e8le \u00e0 une tradition d\u2019ouverture diplomatique fond\u00e9e sur la souverainet\u00e9, la transparence et la coh\u00e9rence, le Royaume du Maroc re\u00e7oit la visite de repr\u00e9sentants africains, arabes, europ\u00e9ens, asiatiques ou am\u00e9ricains dans un<em>&nbsp;\u00ab&nbsp;esprit d\u2019\u00e9change et de respect mutuel&nbsp;\u00bb.<\/em><\/p>\n\n\n\n<p class=\"wp-block-paragraph\">On se souvient qu\u2019en octobre 2024, une d\u00e9l\u00e9gation officielle de l\u2019ANC, conduite par Obed Bapela, avait \u00e9t\u00e9 re\u00e7ue au minist\u00e8re marocain des Affaires \u00e9trang\u00e8res, confirmant l\u2019ouverture du Maroc \u00e0 toutes les sensibilit\u00e9s politiques sud-africaines.<\/p>\n\n\n\n<p class=\"wp-block-paragraph\">Pr\u00e9cisons aussi que le minist\u00e8re sud-africain s\u2019est repli\u00e9 sur une critique protocolaire autour du drapeau. Et pourtant, l\u2019usage de symboles nationaux dans des contextes non gouvernementaux (sport, culture, soci\u00e9t\u00e9 civile\u2026) est accept\u00e9 universellement. C\u2019est dire que Rabat l\u2019a fait dans les r\u00e8gles.<\/p>\n\n\n\n<p class=\"wp-block-paragraph\">Il convient de rappeler que certains repr\u00e9sentants sud-africains ont, par le pass\u00e9, utilis\u00e9 le drapeau national dans des forums internationaux visant directement la souverainet\u00e9 marocaine, sans provoquer de protestation officielle \u00e0 Pretoria.<\/p>\n\n\n<div class=\"wp-block-image\">\n<figure class=\"aligncenter size-large is-resized\"><img loading=\"lazy\" decoding=\"async\" width=\"741\" height=\"1024\" src=\"https:\/\/macite.tg\/wp-content\/uploads\/2025\/08\/FORMATIONS-A-LA-CARTE-1-741x1024.png\" alt=\"\" class=\"wp-image-24174\" style=\"width:571px;height:auto\" srcset=\"https:\/\/macite.tg\/wp-content\/uploads\/2025\/08\/FORMATIONS-A-LA-CARTE-1-741x1024.png 741w, https:\/\/macite.tg\/wp-content\/uploads\/2025\/08\/FORMATIONS-A-LA-CARTE-1-217x300.png 217w, https:\/\/macite.tg\/wp-content\/uploads\/2025\/08\/FORMATIONS-A-LA-CARTE-1-768x1061.png 768w, https:\/\/macite.tg\/wp-content\/uploads\/2025\/08\/FORMATIONS-A-LA-CARTE-1-1112x1536.png 1112w, https:\/\/macite.tg\/wp-content\/uploads\/2025\/08\/FORMATIONS-A-LA-CARTE-1-1483x2048.png 1483w\" sizes=\"auto, (max-width: 741px) 100vw, 741px\" \/><\/figure>\n<\/div>\n\n\n<p class=\"wp-block-paragraph\">La position du Royaume du Maroc sur la question du Sahara s\u2019appuie sur l\u2019histoire, le droit international et un soutien croissant de la communaut\u00e9 internationale. A ce jour, plus des deux tiers des pays africains ont publiquement apport\u00e9 leur soutien \u00e0 la souverainet\u00e9 marocaine sur le Sahara ou adoptent une approche constructive. Le Royaume s\u2019inscrit d\u2019ailleurs dans une dynamique continentale, qui privil\u00e9gie la stabilit\u00e9, la souverainet\u00e9 et le r\u00e9alisme.<\/p>\n\n\n\n<p class=\"wp-block-paragraph\">Aussi, Rabat r\u00e9affirme son respect profond pour le peuple sud-africain et sa disponibilit\u00e9 constante \u00e0 un dialogue sinc\u00e8re avec Pretoria, un dialogue affranchi des r\u00e9flexes id\u00e9ologiques de la guerre froide.<\/p>\n\n\n\n<p class=\"wp-block-paragraph\"><strong>MC<\/strong><\/p>\n\n\n\n<p class=\"wp-block-paragraph\"><a><strong><em>@macite.tg&nbsp;&nbsp;&nbsp;&nbsp;&nbsp;&nbsp;&nbsp;&nbsp;<\/em><\/strong><\/a><\/p>\n\n\n\n<p class=\"wp-block-paragraph\"><strong><em>E-mail&nbsp;: <\/em><\/strong><a href=\"mailto:maciteinfo@gmail.com\"><strong><em>maciteinfo@gmail.com<\/em><\/strong><\/a><strong><em>; <\/em><\/strong><a href=\"mailto:bawela1@gmail.com\"><strong><em>bawela1@gmail.com<\/em><\/strong><\/a><strong><em><\/em><\/strong><\/p>\n\n\n\n<p class=\"wp-block-paragraph\"><strong><em>Pour vos annonces, (publi)reportages, etc., joignez-nous au (00228)91515309\/<strong>79872224 <\/strong><strong><\/strong><\/em><\/strong><\/p>\n\n\n\n<p class=\"wp-block-paragraph\"><strong><em>www.macite.tg, L\u2019information, la bonne&nbsp;!<\/em><\/strong><\/p>\n\n\n\n<p class=\"wp-block-paragraph\"><\/p>\n","protected":false},"excerpt":{"rendered":"<p class=\"text-justify mb-2\" >En visite au Royaume du Maroc, l\u2019ancien pr\u00e9sident sud-africain, Jacob Zuma, a publiquement exprim\u00e9 son soutien au projet d\u2019Autonomie pr\u00e9sent\u00e9 par le Maroc sur le Sahara. Une prise de position qui n\u2019a pas \u00e9t\u00e9 du go\u00fbt de Pretoria, qui a aussit\u00f4t r\u00e9agi, exposant du coup [&hellip;]<\/p>\n","protected":false},"author":2,"featured_media":24263,"comment_status":"open","ping_status":"open","sticky":false,"template":"","format":"standard","meta":{"footnotes":""},"categories":[20,8],"tags":[],"class_list":["post-24262","post","type-post","status-publish","format-standard","has-post-thumbnail","hentry","category-actualite","category-diplomatie"],"yoast_head":"<!-- This site is optimized with the Yoast SEO plugin v28.4 - https:\/\/yoast.com\/product\/yoast-seo-wordpress\/ -->\n<title>EN VISITE AU MAROC\u00a0: Jacob Zuma apporte son soutien ferme \u00e0 la marocanit\u00e9 du Sahara, en opposition \u00e0 la diplomatie isol\u00e9e de Pretoria -<\/title>\n<meta name=\"robots\" content=\"index, follow, max-snippet:-1, max-image-preview:large, max-video-preview:-1\" \/>\n<link rel=\"canonical\" href=\"https:\/\/macite.tg\/?p=24262\" \/>\n<meta property=\"og:locale\" content=\"fr_FR\" \/>\n<meta property=\"og:type\" content=\"article\" \/>\n<meta property=\"og:title\" content=\"EN VISITE AU MAROC\u00a0: Jacob Zuma apporte son soutien ferme \u00e0 la marocanit\u00e9 du Sahara, en opposition \u00e0 la diplomatie isol\u00e9e de Pretoria -\" \/>\n<meta property=\"og:description\" content=\"En visite au Royaume du Maroc, l\u2019ancien pr\u00e9sident sud-africain, Jacob Zuma, a publiquement exprim\u00e9 son soutien au projet d\u2019Autonomie pr\u00e9sent\u00e9 par le Maroc sur le Sahara. Une prise de position qui n\u2019a pas \u00e9t\u00e9 du go\u00fbt de Pretoria, qui a aussit\u00f4t r\u00e9agi, exposant du coup [&hellip;]\" \/>\n<meta property=\"og:url\" content=\"https:\/\/macite.tg\/?p=24262\" \/>\n<meta property=\"article:published_time\" content=\"2025-08-18T12:22:38+00:00\" \/>\n<meta property=\"article:modified_time\" content=\"2025-08-18T12:35:41+00:00\" \/>\n<meta property=\"og:image\" content=\"https:\/\/macite.tg\/wp-content\/uploads\/2025\/08\/ZOUMA-AU-MAROC.jpg\" \/>\n\t<meta property=\"og:image:width\" content=\"500\" \/>\n\t<meta property=\"og:image:height\" content=\"333\" \/>\n\t<meta property=\"og:image:type\" content=\"image\/jpeg\" \/>\n<meta name=\"author\" content=\"Jean Pierre BAWELA\" \/>\n<meta name=\"twitter:card\" content=\"summary_large_image\" \/>\n<meta name=\"twitter:label1\" content=\"\u00c9crit par\" \/>\n\t<meta name=\"twitter:data1\" content=\"Jean Pierre BAWELA\" \/>\n\t<meta name=\"twitter:label2\" content=\"Dur\u00e9e de lecture estim\u00e9e\" \/>\n\t<meta name=\"twitter:data2\" content=\"6 minutes\" \/>\n<script type=\"application\/ld+json\" class=\"yoast-schema-graph\">{\"@context\":\"https:\\\/\\\/schema.org\",\"@graph\":[{\"@type\":\"Article\",\"@id\":\"https:\\\/\\\/macite.tg\\\/?p=24262#article\",\"isPartOf\":{\"@id\":\"https:\\\/\\\/macite.tg\\\/?p=24262\"},\"author\":{\"name\":\"Jean Pierre BAWELA\",\"@id\":\"https:\\\/\\\/macite.tg\\\/#\\\/schema\\\/person\\\/e9f2de7e5dbbe7770a9402c7ce82f5c2\"},\"headline\":\"EN VISITE AU MAROC\u00a0: Jacob Zuma apporte son soutien ferme \u00e0 la marocanit\u00e9 du Sahara, en opposition \u00e0 la diplomatie isol\u00e9e de Pretoria\",\"datePublished\":\"2025-08-18T12:22:38+00:00\",\"dateModified\":\"2025-08-18T12:35:41+00:00\",\"mainEntityOfPage\":{\"@id\":\"https:\\\/\\\/macite.tg\\\/?p=24262\"},\"wordCount\":1082,\"commentCount\":0,\"image\":{\"@id\":\"https:\\\/\\\/macite.tg\\\/?p=24262#primaryimage\"},\"thumbnailUrl\":\"https:\\\/\\\/macite.tg\\\/wp-content\\\/uploads\\\/2025\\\/08\\\/ZOUMA-AU-MAROC.jpg\",\"articleSection\":[\"ACTUALITE\",\"DIPLOMATIE\"],\"inLanguage\":\"fr-FR\",\"potentialAction\":[{\"@type\":\"CommentAction\",\"name\":\"Comment\",\"target\":[\"https:\\\/\\\/macite.tg\\\/?p=24262#respond\"]}]},{\"@type\":\"WebPage\",\"@id\":\"https:\\\/\\\/macite.tg\\\/?p=24262\",\"url\":\"https:\\\/\\\/macite.tg\\\/?p=24262\",\"name\":\"EN VISITE AU MAROC\u00a0: Jacob Zuma apporte son soutien ferme \u00e0 la marocanit\u00e9 du Sahara, en opposition \u00e0 la diplomatie isol\u00e9e de Pretoria -\",\"isPartOf\":{\"@id\":\"https:\\\/\\\/macite.tg\\\/#website\"},\"primaryImageOfPage\":{\"@id\":\"https:\\\/\\\/macite.tg\\\/?p=24262#primaryimage\"},\"image\":{\"@id\":\"https:\\\/\\\/macite.tg\\\/?p=24262#primaryimage\"},\"thumbnailUrl\":\"https:\\\/\\\/macite.tg\\\/wp-content\\\/uploads\\\/2025\\\/08\\\/ZOUMA-AU-MAROC.jpg\",\"datePublished\":\"2025-08-18T12:22:38+00:00\",\"dateModified\":\"2025-08-18T12:35:41+00:00\",\"author\":{\"@id\":\"https:\\\/\\\/macite.tg\\\/#\\\/schema\\\/person\\\/e9f2de7e5dbbe7770a9402c7ce82f5c2\"},\"breadcrumb\":{\"@id\":\"https:\\\/\\\/macite.tg\\\/?p=24262#breadcrumb\"},\"inLanguage\":\"fr-FR\",\"potentialAction\":[{\"@type\":\"ReadAction\",\"target\":[\"https:\\\/\\\/macite.tg\\\/?p=24262\"]}]},{\"@type\":\"ImageObject\",\"inLanguage\":\"fr-FR\",\"@id\":\"https:\\\/\\\/macite.tg\\\/?p=24262#primaryimage\",\"url\":\"https:\\\/\\\/macite.tg\\\/wp-content\\\/uploads\\\/2025\\\/08\\\/ZOUMA-AU-MAROC.jpg\",\"contentUrl\":\"https:\\\/\\\/macite.tg\\\/wp-content\\\/uploads\\\/2025\\\/08\\\/ZOUMA-AU-MAROC.jpg\",\"width\":500,\"height\":333,\"caption\":\"L'ex pr\u00e9sident Jacob Zuma et le ministre Nasser Bourita\"},{\"@type\":\"BreadcrumbList\",\"@id\":\"https:\\\/\\\/macite.tg\\\/?p=24262#breadcrumb\",\"itemListElement\":[{\"@type\":\"ListItem\",\"position\":1,\"name\":\"Accueil\",\"item\":\"https:\\\/\\\/macite.tg\\\/\"},{\"@type\":\"ListItem\",\"position\":2,\"name\":\"EN VISITE AU MAROC\u00a0: Jacob Zuma apporte son soutien ferme \u00e0 la marocanit\u00e9 du Sahara, en opposition \u00e0 la diplomatie isol\u00e9e de Pretoria\"}]},{\"@type\":\"WebSite\",\"@id\":\"https:\\\/\\\/macite.tg\\\/#website\",\"url\":\"https:\\\/\\\/macite.tg\\\/\",\"name\":\"\",\"description\":\"L&#039;information, la bonne!!!\",\"potentialAction\":[{\"@type\":\"SearchAction\",\"target\":{\"@type\":\"EntryPoint\",\"urlTemplate\":\"https:\\\/\\\/macite.tg\\\/?s={search_term_string}\"},\"query-input\":{\"@type\":\"PropertyValueSpecification\",\"valueRequired\":true,\"valueName\":\"search_term_string\"}}],\"inLanguage\":\"fr-FR\"},{\"@type\":\"Person\",\"@id\":\"https:\\\/\\\/macite.tg\\\/#\\\/schema\\\/person\\\/e9f2de7e5dbbe7770a9402c7ce82f5c2\",\"name\":\"Jean Pierre BAWELA\",\"image\":{\"@type\":\"ImageObject\",\"inLanguage\":\"fr-FR\",\"@id\":\"https:\\\/\\\/macite.tg\\\/wp-content\\\/uploads\\\/2023\\\/09\\\/WhatsApp-Image-2023-09-19-at-14.44.41-122x122.jpeg\",\"url\":\"https:\\\/\\\/macite.tg\\\/wp-content\\\/uploads\\\/2023\\\/09\\\/WhatsApp-Image-2023-09-19-at-14.44.41-122x122.jpeg\",\"contentUrl\":\"https:\\\/\\\/macite.tg\\\/wp-content\\\/uploads\\\/2023\\\/09\\\/WhatsApp-Image-2023-09-19-at-14.44.41-122x122.jpeg\",\"caption\":\"Jean Pierre BAWELA\"},\"url\":\"https:\\\/\\\/macite.tg\\\/?author=2\"}]}<\/script>\n<!-- \/ Yoast SEO plugin. -->","yoast_head_json":{"title":"EN VISITE AU MAROC\u00a0: Jacob Zuma apporte son soutien ferme \u00e0 la marocanit\u00e9 du Sahara, en opposition \u00e0 la diplomatie isol\u00e9e de Pretoria -","robots":{"index":"index","follow":"follow","max-snippet":"max-snippet:-1","max-image-preview":"max-image-preview:large","max-video-preview":"max-video-preview:-1"},"canonical":"https:\/\/macite.tg\/?p=24262","og_locale":"fr_FR","og_type":"article","og_title":"EN VISITE AU MAROC\u00a0: Jacob Zuma apporte son soutien ferme \u00e0 la marocanit\u00e9 du Sahara, en opposition \u00e0 la diplomatie isol\u00e9e de Pretoria -","og_description":"En visite au Royaume du Maroc, l\u2019ancien pr\u00e9sident sud-africain, Jacob Zuma, a publiquement exprim\u00e9 son soutien au projet d\u2019Autonomie pr\u00e9sent\u00e9 par le Maroc sur le Sahara. Une prise de position qui n\u2019a pas \u00e9t\u00e9 du go\u00fbt de Pretoria, qui a aussit\u00f4t r\u00e9agi, exposant du coup [&hellip;]","og_url":"https:\/\/macite.tg\/?p=24262","article_published_time":"2025-08-18T12:22:38+00:00","article_modified_time":"2025-08-18T12:35:41+00:00","og_image":[{"width":500,"height":333,"url":"https:\/\/macite.tg\/wp-content\/uploads\/2025\/08\/ZOUMA-AU-MAROC.jpg","type":"image\/jpeg"}],"author":"Jean Pierre BAWELA","twitter_card":"summary_large_image","twitter_misc":{"\u00c9crit par":"Jean Pierre BAWELA","Dur\u00e9e de lecture estim\u00e9e":"6 minutes"},"schema":{"@context":"https:\/\/schema.org","@graph":[{"@type":"Article","@id":"https:\/\/macite.tg\/?p=24262#article","isPartOf":{"@id":"https:\/\/macite.tg\/?p=24262"},"author":{"name":"Jean Pierre BAWELA","@id":"https:\/\/macite.tg\/#\/schema\/person\/e9f2de7e5dbbe7770a9402c7ce82f5c2"},"headline":"EN VISITE AU MAROC\u00a0: Jacob Zuma apporte son soutien ferme \u00e0 la marocanit\u00e9 du Sahara, en opposition \u00e0 la diplomatie isol\u00e9e de Pretoria","datePublished":"2025-08-18T12:22:38+00:00","dateModified":"2025-08-18T12:35:41+00:00","mainEntityOfPage":{"@id":"https:\/\/macite.tg\/?p=24262"},"wordCount":1082,"commentCount":0,"image":{"@id":"https:\/\/macite.tg\/?p=24262#primaryimage"},"thumbnailUrl":"https:\/\/macite.tg\/wp-content\/uploads\/2025\/08\/ZOUMA-AU-MAROC.jpg","articleSection":["ACTUALITE","DIPLOMATIE"],"inLanguage":"fr-FR","potentialAction":[{"@type":"CommentAction","name":"Comment","target":["https:\/\/macite.tg\/?p=24262#respond"]}]},{"@type":"WebPage","@id":"https:\/\/macite.tg\/?p=24262","url":"https:\/\/macite.tg\/?p=24262","name":"EN VISITE AU MAROC\u00a0: Jacob Zuma apporte son soutien ferme \u00e0 la marocanit\u00e9 du Sahara, en opposition \u00e0 la diplomatie isol\u00e9e de Pretoria -","isPartOf":{"@id":"https:\/\/macite.tg\/#website"},"primaryImageOfPage":{"@id":"https:\/\/macite.tg\/?p=24262#primaryimage"},"image":{"@id":"https:\/\/macite.tg\/?p=24262#primaryimage"},"thumbnailUrl":"https:\/\/macite.tg\/wp-content\/uploads\/2025\/08\/ZOUMA-AU-MAROC.jpg","datePublished":"2025-08-18T12:22:38+00:00","dateModified":"2025-08-18T12:35:41+00:00","author":{"@id":"https:\/\/macite.tg\/#\/schema\/person\/e9f2de7e5dbbe7770a9402c7ce82f5c2"},"breadcrumb":{"@id":"https:\/\/macite.tg\/?p=24262#breadcrumb"},"inLanguage":"fr-FR","potentialAction":[{"@type":"ReadAction","target":["https:\/\/macite.tg\/?p=24262"]}]},{"@type":"ImageObject","inLanguage":"fr-FR","@id":"https:\/\/macite.tg\/?p=24262#primaryimage","url":"https:\/\/macite.tg\/wp-content\/uploads\/2025\/08\/ZOUMA-AU-MAROC.jpg","contentUrl":"https:\/\/macite.tg\/wp-content\/uploads\/2025\/08\/ZOUMA-AU-MAROC.jpg","width":500,"height":333,"caption":"L'ex pr\u00e9sident Jacob Zuma et le ministre Nasser Bourita"},{"@type":"BreadcrumbList","@id":"https:\/\/macite.tg\/?p=24262#breadcrumb","itemListElement":[{"@type":"ListItem","position":1,"name":"Accueil","item":"https:\/\/macite.tg\/"},{"@type":"ListItem","position":2,"name":"EN VISITE AU MAROC\u00a0: Jacob Zuma apporte son soutien ferme \u00e0 la marocanit\u00e9 du Sahara, en opposition \u00e0 la diplomatie isol\u00e9e de Pretoria"}]},{"@type":"WebSite","@id":"https:\/\/macite.tg\/#website","url":"https:\/\/macite.tg\/","name":"","description":"L&#039;information, la bonne!!!","potentialAction":[{"@type":"SearchAction","target":{"@type":"EntryPoint","urlTemplate":"https:\/\/macite.tg\/?s={search_term_string}"},"query-input":{"@type":"PropertyValueSpecification","valueRequired":true,"valueName":"search_term_string"}}],"inLanguage":"fr-FR"},{"@type":"Person","@id":"https:\/\/macite.tg\/#\/schema\/person\/e9f2de7e5dbbe7770a9402c7ce82f5c2","name":"Jean Pierre BAWELA","image":{"@type":"ImageObject","inLanguage":"fr-FR","@id":"https:\/\/macite.tg\/wp-content\/uploads\/2023\/09\/WhatsApp-Image-2023-09-19-at-14.44.41-122x122.jpeg","url":"https:\/\/macite.tg\/wp-content\/uploads\/2023\/09\/WhatsApp-Image-2023-09-19-at-14.44.41-122x122.jpeg","contentUrl":"https:\/\/macite.tg\/wp-content\/uploads\/2023\/09\/WhatsApp-Image-2023-09-19-at-14.44.41-122x122.jpeg","caption":"Jean Pierre BAWELA"},"url":"https:\/\/macite.tg\/?author=2"}]}},"_links":{"self":[{"href":"https:\/\/macite.tg\/index.php?rest_route=\/wp\/v2\/posts\/24262","targetHints":{"allow":["GET"]}}],"collection":[{"href":"https:\/\/macite.tg\/index.php?rest_route=\/wp\/v2\/posts"}],"about":[{"href":"https:\/\/macite.tg\/index.php?rest_route=\/wp\/v2\/types\/post"}],"author":[{"embeddable":true,"href":"https:\/\/macite.tg\/index.php?rest_route=\/wp\/v2\/users\/2"}],"replies":[{"embeddable":true,"href":"https:\/\/macite.tg\/index.php?rest_route=%2Fwp%2Fv2%2Fcomments&post=24262"}],"version-history":[{"count":0,"href":"https:\/\/macite.tg\/index.php?rest_route=\/wp\/v2\/posts\/24262\/revisions"}],"wp:featuredmedia":[{"embeddable":true,"href":"https:\/\/macite.tg\/index.php?rest_route=\/wp\/v2\/media\/24263"}],"wp:attachment":[{"href":"https:\/\/macite.tg\/index.php?rest_route=%2Fwp%2Fv2%2Fmedia&parent=24262"}],"wp:term":[{"taxonomy":"category","embeddable":true,"href":"https:\/\/macite.tg\/index.php?rest_route=%2Fwp%2Fv2%2Fcategories&post=24262"},{"taxonomy":"post_tag","embeddable":true,"href":"https:\/\/macite.tg\/index.php?rest_route=%2Fwp%2Fv2%2Ftags&post=24262"}],"curies":[{"name":"wp","href":"https:\/\/api.w.org\/{rel}","templated":true}]}}