{"id":24258,"date":"2025-08-18T11:49:22","date_gmt":"2025-08-18T11:49:22","guid":{"rendered":"https:\/\/macite.tg\/?p=24258"},"modified":"2025-08-18T11:49:28","modified_gmt":"2025-08-18T11:49:28","slug":"presidentielle-2025-en-cote-divoire-lue-repond-a-la-societe-civile-ivoirienne","status":"publish","type":"post","link":"https:\/\/macite.tg\/?p=24258","title":{"rendered":"PRESIDENTIELLE 2025 EN COTE D\u2019IVOIRE : L\u2019UE r\u00e9pond \u00e0 la soci\u00e9t\u00e9 civile ivoirienne"},"content":{"rendered":"\n<p class=\"wp-block-paragraph\"><strong><em>L&rsquo;Union europ\u00e9enne (UE) assure suivre avec \u00ab toute l&rsquo;attention requise \u00bb l&rsquo;\u00e9volution de la situation politique \u00e0 l&rsquo;approche de la pr\u00e9sidentielle pr\u00e9vue pour octobre 2025. Elle dit plaider \u00ab syst\u00e9matiquement en faveur d&rsquo;\u00e9lections pacifiques, transparentes, inclusives et cr\u00e9dibles \u00bb, aussi bien dans ses communications publiques que dans ses \u00e9changes bilat\u00e9raux.<\/em><\/strong><\/p>\n\n\n\n<p class=\"wp-block-paragraph\">Bruxelles rappelle que la d\u00e9fense de la d\u00e9mocratie et des droits fondamentaux reste au c\u0153ur de sa mission, tout en veillant \u00e0 respecter <em>\u00ab la souverainet\u00e9 des \u00c9tats et le principe de non-ing\u00e9rence \u00bb. <\/em>L&rsquo;UE pr\u00e9cise toutefois qu&rsquo;elle se tient aux c\u00f4t\u00e9s des institutions nationales et de la soci\u00e9t\u00e9 civile lorsqu&rsquo;il s&rsquo;agit de pr\u00e9server ou de renforcer les acquis d\u00e9mocratiques.<\/p>\n\n\n<div class=\"wp-block-image\">\n<figure class=\"aligncenter size-full\"><img loading=\"lazy\" decoding=\"async\" width=\"851\" height=\"315\" src=\"https:\/\/macite.tg\/wp-content\/uploads\/2025\/08\/OTR_Bandeau-Renseignements.jpg\" alt=\"\" class=\"wp-image-24184\" srcset=\"https:\/\/macite.tg\/wp-content\/uploads\/2025\/08\/OTR_Bandeau-Renseignements.jpg 851w, https:\/\/macite.tg\/wp-content\/uploads\/2025\/08\/OTR_Bandeau-Renseignements-300x111.jpg 300w, https:\/\/macite.tg\/wp-content\/uploads\/2025\/08\/OTR_Bandeau-Renseignements-768x284.jpg 768w\" sizes=\"auto, (max-width: 851px) 100vw, 851px\" \/><\/figure>\n<\/div>\n\n\n<p class=\"wp-block-paragraph\">Depuis trois ans, la d\u00e9l\u00e9gation europ\u00e9enne \u00e0 Abidjan a multipli\u00e9 les dialogues avec les acteurs politiques et sociaux, avec le PDCI-RDA, le CAP-CI et la PEC-CI. Des responsables de l&rsquo;opposition ont \u00e9galement \u00e9t\u00e9 re\u00e7us \u00e0 Bruxelles, signe d&rsquo;un int\u00e9r\u00eat constant pour l&rsquo;\u00e9quilibre du jeu d\u00e9mocratique ivoirien.<\/p>\n\n\n\n<p class=\"wp-block-paragraph\">S&rsquo;agissant de l&rsquo;appui \u00e9lectoral, l&rsquo;UE indique avoir lanc\u00e9 un <em>\u00ab programme \u00e9lections \u00bb<\/em> dot\u00e9 de 8 millions d&rsquo;euros. Ce financement, pr\u00e9cise-t-elle, ne vise pas l&rsquo;organisation technique du scrutin et c&rsquo;est une demande qui n&rsquo;a d&rsquo;ailleurs pas \u00e9t\u00e9 formul\u00e9e par les autorit\u00e9s ivoiriennes mais soutient les autres aspects du cycle \u00e9lectoral. En particulier, ce programme met l&rsquo;accent sur la participation citoyenne et l&rsquo;implication des jeunes et des femmes dans la consolidation d\u00e9mocratique.<\/p>\n\n\n<div class=\"wp-block-image\">\n<figure class=\"aligncenter size-full is-resized\"><img loading=\"lazy\" decoding=\"async\" width=\"500\" height=\"304\" src=\"https:\/\/macite.tg\/wp-content\/uploads\/2025\/08\/OTR_SAM.jpg\" alt=\"\" class=\"wp-image-24189\" style=\"width:710px;height:auto\" srcset=\"https:\/\/macite.tg\/wp-content\/uploads\/2025\/08\/OTR_SAM.jpg 500w, https:\/\/macite.tg\/wp-content\/uploads\/2025\/08\/OTR_SAM-300x182.jpg 300w\" sizes=\"auto, (max-width: 500px) 100vw, 500px\" \/><\/figure>\n<\/div>\n\n\n<p class=\"wp-block-paragraph\">\u00c0 travers cette correspondance adress\u00e9e \u00e0 M. Ebrin Yao R\u00e9mi, pr\u00e9sident du conseil d&rsquo;administration de la PEC-CI, et au Dr Boga Sako Gervais, pr\u00e9sident d&rsquo;honneur de la FIDHOP, l&rsquo;Union europ\u00e9enne r\u00e9affirme sa volont\u00e9 d&rsquo;accompagner la C\u00f4te d&rsquo;Ivoire dans un processus \u00e9lectoral apais\u00e9, gage de stabilit\u00e9 et de l\u00e9gitimit\u00e9 d\u00e9mocratique.<\/p>\n\n\n\n<p class=\"wp-block-paragraph\"><strong>Siondenin Yacouba Soro&nbsp;<\/strong><\/p>\n\n\n\n<p class=\"wp-block-paragraph\"><a><strong><em>@macite.tg&nbsp;&nbsp;&nbsp;&nbsp;&nbsp;&nbsp;&nbsp;&nbsp;<\/em><\/strong><\/a><\/p>\n\n\n\n<p class=\"wp-block-paragraph\"><strong><em>E-mail&nbsp;: <\/em><\/strong><a href=\"mailto:maciteinfo@gmail.com\"><strong><em>maciteinfo@gmail.com<\/em><\/strong><\/a><strong><em>; <\/em><\/strong><a href=\"mailto:bawela1@gmail.com\"><strong><em>bawela1@gmail.com<\/em><\/strong><\/a><strong><em><\/em><\/strong><\/p>\n\n\n\n<p class=\"wp-block-paragraph\"><strong><em>Pour vos annonces, (publi)reportages, etc., joignez-nous au (00228)91515309\/<strong>79872224 <\/strong><strong><\/strong><\/em><\/strong><\/p>\n\n\n\n<p class=\"wp-block-paragraph\"><strong><em>www.macite.tg, L\u2019information, la bonne&nbsp;!<\/em><\/strong><\/p>\n\n\n\n<p class=\"wp-block-paragraph\"><\/p>\n","protected":false},"excerpt":{"rendered":"<p class=\"text-justify mb-2\" >L&rsquo;Union europ\u00e9enne (UE) assure suivre avec \u00ab toute l&rsquo;attention requise \u00bb l&rsquo;\u00e9volution de la situation politique \u00e0 l&rsquo;approche de la pr\u00e9sidentielle pr\u00e9vue pour octobre 2025. Elle dit plaider \u00ab syst\u00e9matiquement en faveur d&rsquo;\u00e9lections pacifiques, transparentes, inclusives et cr\u00e9dibles \u00bb, aussi bien dans ses communications publiques [&hellip;]<\/p>\n","protected":false},"author":2,"featured_media":24260,"comment_status":"open","ping_status":"open","sticky":false,"template":"","format":"standard","meta":{"footnotes":""},"categories":[20,1],"tags":[],"class_list":["post-24258","post","type-post","status-publish","format-standard","has-post-thumbnail","hentry","category-actualite","category-politique"],"yoast_head":"<!-- This site is optimized with the Yoast SEO plugin v28.4 - https:\/\/yoast.com\/product\/yoast-seo-wordpress\/ -->\n<title>PRESIDENTIELLE 2025 EN COTE D\u2019IVOIRE : L\u2019UE r\u00e9pond \u00e0 la soci\u00e9t\u00e9 civile ivoirienne -<\/title>\n<meta name=\"robots\" content=\"index, follow, max-snippet:-1, max-image-preview:large, max-video-preview:-1\" \/>\n<link rel=\"canonical\" href=\"https:\/\/macite.tg\/?p=24258\" \/>\n<meta property=\"og:locale\" content=\"fr_FR\" \/>\n<meta property=\"og:type\" content=\"article\" \/>\n<meta property=\"og:title\" content=\"PRESIDENTIELLE 2025 EN COTE D\u2019IVOIRE : L\u2019UE r\u00e9pond \u00e0 la soci\u00e9t\u00e9 civile ivoirienne -\" \/>\n<meta property=\"og:description\" content=\"L&rsquo;Union europ\u00e9enne (UE) assure suivre avec \u00ab toute l&rsquo;attention requise \u00bb l&rsquo;\u00e9volution de la situation politique \u00e0 l&rsquo;approche de la pr\u00e9sidentielle pr\u00e9vue pour octobre 2025. Elle dit plaider \u00ab syst\u00e9matiquement en faveur d&rsquo;\u00e9lections pacifiques, transparentes, inclusives et cr\u00e9dibles \u00bb, aussi bien dans ses communications publiques [&hellip;]\" \/>\n<meta property=\"og:url\" content=\"https:\/\/macite.tg\/?p=24258\" \/>\n<meta property=\"article:published_time\" content=\"2025-08-18T11:49:22+00:00\" \/>\n<meta property=\"article:modified_time\" content=\"2025-08-18T11:49:28+00:00\" \/>\n<meta property=\"og:image\" content=\"https:\/\/macite.tg\/wp-content\/uploads\/2025\/08\/image-68.png\" \/>\n\t<meta property=\"og:image:width\" content=\"474\" \/>\n\t<meta property=\"og:image:height\" content=\"266\" \/>\n\t<meta property=\"og:image:type\" content=\"image\/png\" \/>\n<meta name=\"author\" content=\"Jean Pierre BAWELA\" \/>\n<meta name=\"twitter:card\" content=\"summary_large_image\" \/>\n<meta name=\"twitter:label1\" content=\"\u00c9crit par\" \/>\n\t<meta name=\"twitter:data1\" content=\"Jean Pierre BAWELA\" \/>\n\t<meta name=\"twitter:label2\" content=\"Dur\u00e9e de lecture estim\u00e9e\" \/>\n\t<meta name=\"twitter:data2\" content=\"3 minutes\" \/>\n<script type=\"application\/ld+json\" class=\"yoast-schema-graph\">{\"@context\":\"https:\\\/\\\/schema.org\",\"@graph\":[{\"@type\":\"Article\",\"@id\":\"https:\\\/\\\/macite.tg\\\/?p=24258#article\",\"isPartOf\":{\"@id\":\"https:\\\/\\\/macite.tg\\\/?p=24258\"},\"author\":{\"name\":\"Jean Pierre BAWELA\",\"@id\":\"https:\\\/\\\/macite.tg\\\/#\\\/schema\\\/person\\\/e9f2de7e5dbbe7770a9402c7ce82f5c2\"},\"headline\":\"PRESIDENTIELLE 2025 EN COTE D\u2019IVOIRE : L\u2019UE r\u00e9pond \u00e0 la soci\u00e9t\u00e9 civile ivoirienne\",\"datePublished\":\"2025-08-18T11:49:22+00:00\",\"dateModified\":\"2025-08-18T11:49:28+00:00\",\"mainEntityOfPage\":{\"@id\":\"https:\\\/\\\/macite.tg\\\/?p=24258\"},\"wordCount\":375,\"commentCount\":0,\"image\":{\"@id\":\"https:\\\/\\\/macite.tg\\\/?p=24258#primaryimage\"},\"thumbnailUrl\":\"https:\\\/\\\/macite.tg\\\/wp-content\\\/uploads\\\/2025\\\/08\\\/image-68.png\",\"articleSection\":[\"ACTUALITE\",\"POLITIQUE\"],\"inLanguage\":\"fr-FR\",\"potentialAction\":[{\"@type\":\"CommentAction\",\"name\":\"Comment\",\"target\":[\"https:\\\/\\\/macite.tg\\\/?p=24258#respond\"]}]},{\"@type\":\"WebPage\",\"@id\":\"https:\\\/\\\/macite.tg\\\/?p=24258\",\"url\":\"https:\\\/\\\/macite.tg\\\/?p=24258\",\"name\":\"PRESIDENTIELLE 2025 EN COTE D\u2019IVOIRE : L\u2019UE r\u00e9pond \u00e0 la soci\u00e9t\u00e9 civile ivoirienne -\",\"isPartOf\":{\"@id\":\"https:\\\/\\\/macite.tg\\\/#website\"},\"primaryImageOfPage\":{\"@id\":\"https:\\\/\\\/macite.tg\\\/?p=24258#primaryimage\"},\"image\":{\"@id\":\"https:\\\/\\\/macite.tg\\\/?p=24258#primaryimage\"},\"thumbnailUrl\":\"https:\\\/\\\/macite.tg\\\/wp-content\\\/uploads\\\/2025\\\/08\\\/image-68.png\",\"datePublished\":\"2025-08-18T11:49:22+00:00\",\"dateModified\":\"2025-08-18T11:49:28+00:00\",\"author\":{\"@id\":\"https:\\\/\\\/macite.tg\\\/#\\\/schema\\\/person\\\/e9f2de7e5dbbe7770a9402c7ce82f5c2\"},\"breadcrumb\":{\"@id\":\"https:\\\/\\\/macite.tg\\\/?p=24258#breadcrumb\"},\"inLanguage\":\"fr-FR\",\"potentialAction\":[{\"@type\":\"ReadAction\",\"target\":[\"https:\\\/\\\/macite.tg\\\/?p=24258\"]}]},{\"@type\":\"ImageObject\",\"inLanguage\":\"fr-FR\",\"@id\":\"https:\\\/\\\/macite.tg\\\/?p=24258#primaryimage\",\"url\":\"https:\\\/\\\/macite.tg\\\/wp-content\\\/uploads\\\/2025\\\/08\\\/image-68.png\",\"contentUrl\":\"https:\\\/\\\/macite.tg\\\/wp-content\\\/uploads\\\/2025\\\/08\\\/image-68.png\",\"width\":474,\"height\":266},{\"@type\":\"BreadcrumbList\",\"@id\":\"https:\\\/\\\/macite.tg\\\/?p=24258#breadcrumb\",\"itemListElement\":[{\"@type\":\"ListItem\",\"position\":1,\"name\":\"Accueil\",\"item\":\"https:\\\/\\\/macite.tg\\\/\"},{\"@type\":\"ListItem\",\"position\":2,\"name\":\"PRESIDENTIELLE 2025 EN COTE D\u2019IVOIRE : L\u2019UE r\u00e9pond \u00e0 la soci\u00e9t\u00e9 civile ivoirienne\"}]},{\"@type\":\"WebSite\",\"@id\":\"https:\\\/\\\/macite.tg\\\/#website\",\"url\":\"https:\\\/\\\/macite.tg\\\/\",\"name\":\"\",\"description\":\"L&#039;information, la bonne!!!\",\"potentialAction\":[{\"@type\":\"SearchAction\",\"target\":{\"@type\":\"EntryPoint\",\"urlTemplate\":\"https:\\\/\\\/macite.tg\\\/?s={search_term_string}\"},\"query-input\":{\"@type\":\"PropertyValueSpecification\",\"valueRequired\":true,\"valueName\":\"search_term_string\"}}],\"inLanguage\":\"fr-FR\"},{\"@type\":\"Person\",\"@id\":\"https:\\\/\\\/macite.tg\\\/#\\\/schema\\\/person\\\/e9f2de7e5dbbe7770a9402c7ce82f5c2\",\"name\":\"Jean Pierre BAWELA\",\"image\":{\"@type\":\"ImageObject\",\"inLanguage\":\"fr-FR\",\"@id\":\"https:\\\/\\\/macite.tg\\\/wp-content\\\/uploads\\\/2023\\\/09\\\/WhatsApp-Image-2023-09-19-at-14.44.41-122x122.jpeg\",\"url\":\"https:\\\/\\\/macite.tg\\\/wp-content\\\/uploads\\\/2023\\\/09\\\/WhatsApp-Image-2023-09-19-at-14.44.41-122x122.jpeg\",\"contentUrl\":\"https:\\\/\\\/macite.tg\\\/wp-content\\\/uploads\\\/2023\\\/09\\\/WhatsApp-Image-2023-09-19-at-14.44.41-122x122.jpeg\",\"caption\":\"Jean Pierre BAWELA\"},\"url\":\"https:\\\/\\\/macite.tg\\\/?author=2\"}]}<\/script>\n<!-- \/ Yoast SEO plugin. -->","yoast_head_json":{"title":"PRESIDENTIELLE 2025 EN COTE D\u2019IVOIRE : L\u2019UE r\u00e9pond \u00e0 la soci\u00e9t\u00e9 civile ivoirienne -","robots":{"index":"index","follow":"follow","max-snippet":"max-snippet:-1","max-image-preview":"max-image-preview:large","max-video-preview":"max-video-preview:-1"},"canonical":"https:\/\/macite.tg\/?p=24258","og_locale":"fr_FR","og_type":"article","og_title":"PRESIDENTIELLE 2025 EN COTE D\u2019IVOIRE : L\u2019UE r\u00e9pond \u00e0 la soci\u00e9t\u00e9 civile ivoirienne -","og_description":"L&rsquo;Union europ\u00e9enne (UE) assure suivre avec \u00ab toute l&rsquo;attention requise \u00bb l&rsquo;\u00e9volution de la situation politique \u00e0 l&rsquo;approche de la pr\u00e9sidentielle pr\u00e9vue pour octobre 2025. Elle dit plaider \u00ab syst\u00e9matiquement en faveur d&rsquo;\u00e9lections pacifiques, transparentes, inclusives et cr\u00e9dibles \u00bb, aussi bien dans ses communications publiques [&hellip;]","og_url":"https:\/\/macite.tg\/?p=24258","article_published_time":"2025-08-18T11:49:22+00:00","article_modified_time":"2025-08-18T11:49:28+00:00","og_image":[{"width":474,"height":266,"url":"https:\/\/macite.tg\/wp-content\/uploads\/2025\/08\/image-68.png","type":"image\/png"}],"author":"Jean Pierre BAWELA","twitter_card":"summary_large_image","twitter_misc":{"\u00c9crit par":"Jean Pierre BAWELA","Dur\u00e9e de lecture estim\u00e9e":"3 minutes"},"schema":{"@context":"https:\/\/schema.org","@graph":[{"@type":"Article","@id":"https:\/\/macite.tg\/?p=24258#article","isPartOf":{"@id":"https:\/\/macite.tg\/?p=24258"},"author":{"name":"Jean Pierre BAWELA","@id":"https:\/\/macite.tg\/#\/schema\/person\/e9f2de7e5dbbe7770a9402c7ce82f5c2"},"headline":"PRESIDENTIELLE 2025 EN COTE D\u2019IVOIRE : L\u2019UE r\u00e9pond \u00e0 la soci\u00e9t\u00e9 civile ivoirienne","datePublished":"2025-08-18T11:49:22+00:00","dateModified":"2025-08-18T11:49:28+00:00","mainEntityOfPage":{"@id":"https:\/\/macite.tg\/?p=24258"},"wordCount":375,"commentCount":0,"image":{"@id":"https:\/\/macite.tg\/?p=24258#primaryimage"},"thumbnailUrl":"https:\/\/macite.tg\/wp-content\/uploads\/2025\/08\/image-68.png","articleSection":["ACTUALITE","POLITIQUE"],"inLanguage":"fr-FR","potentialAction":[{"@type":"CommentAction","name":"Comment","target":["https:\/\/macite.tg\/?p=24258#respond"]}]},{"@type":"WebPage","@id":"https:\/\/macite.tg\/?p=24258","url":"https:\/\/macite.tg\/?p=24258","name":"PRESIDENTIELLE 2025 EN COTE D\u2019IVOIRE : L\u2019UE r\u00e9pond \u00e0 la soci\u00e9t\u00e9 civile ivoirienne -","isPartOf":{"@id":"https:\/\/macite.tg\/#website"},"primaryImageOfPage":{"@id":"https:\/\/macite.tg\/?p=24258#primaryimage"},"image":{"@id":"https:\/\/macite.tg\/?p=24258#primaryimage"},"thumbnailUrl":"https:\/\/macite.tg\/wp-content\/uploads\/2025\/08\/image-68.png","datePublished":"2025-08-18T11:49:22+00:00","dateModified":"2025-08-18T11:49:28+00:00","author":{"@id":"https:\/\/macite.tg\/#\/schema\/person\/e9f2de7e5dbbe7770a9402c7ce82f5c2"},"breadcrumb":{"@id":"https:\/\/macite.tg\/?p=24258#breadcrumb"},"inLanguage":"fr-FR","potentialAction":[{"@type":"ReadAction","target":["https:\/\/macite.tg\/?p=24258"]}]},{"@type":"ImageObject","inLanguage":"fr-FR","@id":"https:\/\/macite.tg\/?p=24258#primaryimage","url":"https:\/\/macite.tg\/wp-content\/uploads\/2025\/08\/image-68.png","contentUrl":"https:\/\/macite.tg\/wp-content\/uploads\/2025\/08\/image-68.png","width":474,"height":266},{"@type":"BreadcrumbList","@id":"https:\/\/macite.tg\/?p=24258#breadcrumb","itemListElement":[{"@type":"ListItem","position":1,"name":"Accueil","item":"https:\/\/macite.tg\/"},{"@type":"ListItem","position":2,"name":"PRESIDENTIELLE 2025 EN COTE D\u2019IVOIRE : L\u2019UE r\u00e9pond \u00e0 la soci\u00e9t\u00e9 civile ivoirienne"}]},{"@type":"WebSite","@id":"https:\/\/macite.tg\/#website","url":"https:\/\/macite.tg\/","name":"","description":"L&#039;information, la bonne!!!","potentialAction":[{"@type":"SearchAction","target":{"@type":"EntryPoint","urlTemplate":"https:\/\/macite.tg\/?s={search_term_string}"},"query-input":{"@type":"PropertyValueSpecification","valueRequired":true,"valueName":"search_term_string"}}],"inLanguage":"fr-FR"},{"@type":"Person","@id":"https:\/\/macite.tg\/#\/schema\/person\/e9f2de7e5dbbe7770a9402c7ce82f5c2","name":"Jean Pierre BAWELA","image":{"@type":"ImageObject","inLanguage":"fr-FR","@id":"https:\/\/macite.tg\/wp-content\/uploads\/2023\/09\/WhatsApp-Image-2023-09-19-at-14.44.41-122x122.jpeg","url":"https:\/\/macite.tg\/wp-content\/uploads\/2023\/09\/WhatsApp-Image-2023-09-19-at-14.44.41-122x122.jpeg","contentUrl":"https:\/\/macite.tg\/wp-content\/uploads\/2023\/09\/WhatsApp-Image-2023-09-19-at-14.44.41-122x122.jpeg","caption":"Jean Pierre BAWELA"},"url":"https:\/\/macite.tg\/?author=2"}]}},"_links":{"self":[{"href":"https:\/\/macite.tg\/index.php?rest_route=\/wp\/v2\/posts\/24258","targetHints":{"allow":["GET"]}}],"collection":[{"href":"https:\/\/macite.tg\/index.php?rest_route=\/wp\/v2\/posts"}],"about":[{"href":"https:\/\/macite.tg\/index.php?rest_route=\/wp\/v2\/types\/post"}],"author":[{"embeddable":true,"href":"https:\/\/macite.tg\/index.php?rest_route=\/wp\/v2\/users\/2"}],"replies":[{"embeddable":true,"href":"https:\/\/macite.tg\/index.php?rest_route=%2Fwp%2Fv2%2Fcomments&post=24258"}],"version-history":[{"count":0,"href":"https:\/\/macite.tg\/index.php?rest_route=\/wp\/v2\/posts\/24258\/revisions"}],"wp:featuredmedia":[{"embeddable":true,"href":"https:\/\/macite.tg\/index.php?rest_route=\/wp\/v2\/media\/24260"}],"wp:attachment":[{"href":"https:\/\/macite.tg\/index.php?rest_route=%2Fwp%2Fv2%2Fmedia&parent=24258"}],"wp:term":[{"taxonomy":"category","embeddable":true,"href":"https:\/\/macite.tg\/index.php?rest_route=%2Fwp%2Fv2%2Fcategories&post=24258"},{"taxonomy":"post_tag","embeddable":true,"href":"https:\/\/macite.tg\/index.php?rest_route=%2Fwp%2Fv2%2Ftags&post=24258"}],"curies":[{"name":"wp","href":"https:\/\/api.w.org\/{rel}","templated":true}]}}