{"id":24202,"date":"2025-08-13T12:21:29","date_gmt":"2025-08-13T12:21:29","guid":{"rendered":"https:\/\/macite.tg\/?p=24202"},"modified":"2025-08-13T12:21:39","modified_gmt":"2025-08-13T12:21:39","slug":"togo-sante-bucco-dentaire-dr-lawson-daniel-officiellement-installe-a-la-tete-de-loncdt-pour-assurer-le-rayonnement-continu-de-la-profession","status":"publish","type":"post","link":"https:\/\/macite.tg\/?p=24202","title":{"rendered":"TOGO \/ SANTE BUCCO-DENTAIRE : Dr LAWSON Daniel officiellement install\u00e9 \u00e0 la t\u00eate de l\u2019ONCDT pour assurer le rayonnement continu de la profession"},"content":{"rendered":"\n<p class=\"wp-block-paragraph\"><strong><em>L\u2019Ordre National des Chirurgiens-Dentistes du Togo (ONCDT) a un nouveau Conseil, pr\u00e9sid\u00e9 par Dr Daniel Lawson. Ce Conseil a \u00e9t\u00e9 officiellement install\u00e9 hier 12 ao\u00fbt, lors d\u2019une c\u00e9r\u00e9monie solennelle emprunte d\u2019\u00e9motions. Une page vient de se tourn\u00e9e, celle de Dr Georges Tokofa\u00ef, qui aurait pass\u00e9 11 ans de \u2018\u2019bons et loyaux services\u2019\u2019 \u00e0 la t\u00eate de cet Ordre, qui veille \u00e0 la bonne sant\u00e9 bucco-dentaire des concitoyens et concitoyennes. Et une nouvelle s\u2019ouvre, celle de l\u2019\u00e9quipe dirig\u00e9e par Dr Lawson Daniel qui, tout en garantissant les acquis, se projette dans une dynamique nouvelle, celle d\u2019am\u00e9liorer ces acquis mais aussi d\u2019assurer un meilleur rayonnement de l\u2019ONCDT.<\/em><\/strong><\/p>\n\n\n\n<p class=\"wp-block-paragraph\">Apr\u00e8s onze ann\u00e9es pass\u00e9es \u00e0 la t\u00eate de l\u2019Ordre National des Chirurgiens-Dentistes du Togo (ONCDT), l\u2019heure \u00e9tait, pour Dr Georges Tokofa\u00ef et son \u00e9quipe, de passer la main \u00e0 un nouveau, dirig\u00e9 par Dr Daniel Lawson. La nouvelle \u00e9quipe, \u00e9lue en mai dernier, prend ainsi officielle fonction ce 12 ao\u00fbt 2025, \u00e0 l\u2019issue d\u2019une c\u00e9r\u00e9monie d\u2019investiture.<\/p>\n\n\n<div class=\"wp-block-image\">\n<figure class=\"aligncenter size-full is-resized\"><img loading=\"lazy\" decoding=\"async\" width=\"500\" height=\"333\" src=\"https:\/\/macite.tg\/wp-content\/uploads\/2025\/08\/BUREAU.jpg\" alt=\"\" class=\"wp-image-24204\" style=\"width:839px;height:auto\" srcset=\"https:\/\/macite.tg\/wp-content\/uploads\/2025\/08\/BUREAU.jpg 500w, https:\/\/macite.tg\/wp-content\/uploads\/2025\/08\/BUREAU-300x200.jpg 300w, https:\/\/macite.tg\/wp-content\/uploads\/2025\/08\/BUREAU-112x75.jpg 112w, https:\/\/macite.tg\/wp-content\/uploads\/2025\/08\/BUREAU-425x283.jpg 425w, https:\/\/macite.tg\/wp-content\/uploads\/2025\/08\/BUREAU-430x287.jpg 430w\" sizes=\"auto, (max-width: 500px) 100vw, 500px\" \/><figcaption class=\"wp-element-caption\"><strong><em>Les nouveaux membres du bureau du Conseil de l&rsquo;ONCDT<\/em><\/strong><\/figcaption><\/figure>\n<\/div>\n\n\n<p class=\"wp-block-paragraph\">Apr\u00e8s avoir adress\u00e9 un <em>\u00ab&nbsp;merci tout particulier&nbsp;\u00bb<\/em> au ministre de l\u2019Acc\u00e8s aux soins et de la couverture sanitaire, Jean-Marie Tessi, qui n\u2019a cess\u00e9 de soutenir constamment la profession des chirurgiens-dentistes, le pr\u00e9sident sortant a t\u00e9moign\u00e9 sa reconnaissance au ministre de la Sant\u00e9 <em>\u00ab&nbsp;pour toutes les facilit\u00e9s et appui multiforme et son d\u00e9vouement pour promouvoir les int\u00e9r\u00eats de la profession et \u00e0 am\u00e9liorer la sant\u00e9 bucco-dentaire de nos populations&nbsp;\u00bb.<\/em><\/p>\n\n\n\n<p class=\"wp-block-paragraph\">Dr Georges Tokofa\u00ef a, pour finir, souhait\u00e9 au nouveau pr\u00e9sident et \u00e0 l\u2019ensemble des membres du nouveau Conseil, \u00ab<em>&nbsp;un tr\u00e8s fructueux mandat, pour le rayonnement continu&nbsp;\u00bb<\/em> de l\u2019ONCDT.<\/p>\n\n\n\n<p class=\"wp-block-paragraph\">Invitant son <em>\u00ab&nbsp;cher ami et promotionnel&nbsp;\u00bb<\/em> Dr Tokofa\u00ef, <em>\u00ab&nbsp;\u00e0 \u00eatre fier de l\u2019excellent travail abattu, qui sert de solide base et d\u2019inspiration aux r\u00e9flexions, qui vont orienter les futures activit\u00e9s (\u2026) de l\u2019Ordrec\u00bb,<\/em> le nouveau pr\u00e9sident du Conseil se dit <em>\u00ab&nbsp;honor\u00e9 de la confiance qui lui a \u00e9t\u00e9 faite de pr\u00e9sider aux destin\u00e9es de l\u2019ONCDT&nbsp;\u00bb <\/em>pour les quatre prochaines ann\u00e9es. Une <em>\u00ab&nbsp;confiance qui, pour lui, est re\u00e7u pas comme un privil\u00e8ge, mais tel un appel \u00e0 servir, \u00e0 rassembler, \u00e0 construire, et \u00e0 porter haut les valeurs de notre (ndlr) ordre qui sont&nbsp;: l\u2019\u00e9thique, l\u2019excellence, la solidarit\u00e9 et l\u2019engagement au service de la sant\u00e9 publique&nbsp;\u00bb.<\/em><\/p>\n\n\n\n<p class=\"wp-block-paragraph\"><em>\u00ab&nbsp;Engag\u00e9e et profond\u00e9ment attach\u00e9e \u00e0 l\u2019avenir de la profession&nbsp;\u00bb<\/em> mais aussi <em>\u00ab&nbsp;unie et d\u00e9termin\u00e9e \u00e0 agir dans la transparence et la concertation&nbsp;\u00bb, <\/em>la nouvelle \u00e9quipe place son mandat sous le signe de la <em>\u00ab&nbsp;visibilit\u00e9, de la r\u00e9gulation et de la valorisation de la chirurgie dentaire au Togo&nbsp;\u00bb<\/em>.<\/p>\n\n\n\n<figure class=\"wp-block-image size-full\"><img loading=\"lazy\" decoding=\"async\" width=\"851\" height=\"315\" src=\"https:\/\/macite.tg\/wp-content\/uploads\/2025\/08\/OTR_Bandeau-Renseignements.jpg\" alt=\"\" class=\"wp-image-24184\" srcset=\"https:\/\/macite.tg\/wp-content\/uploads\/2025\/08\/OTR_Bandeau-Renseignements.jpg 851w, https:\/\/macite.tg\/wp-content\/uploads\/2025\/08\/OTR_Bandeau-Renseignements-300x111.jpg 300w, https:\/\/macite.tg\/wp-content\/uploads\/2025\/08\/OTR_Bandeau-Renseignements-768x284.jpg 768w\" sizes=\"auto, (max-width: 851px) 100vw, 851px\" \/><\/figure>\n\n\n\n<p class=\"wp-block-paragraph\">A cette fin, Dr Lawson mise sur un <em>\u00ab&nbsp;plan d\u2019actions en cinq axes majeurs, \u00e0 savoir&nbsp;:<\/em><\/p>\n\n\n\n<p class=\"wp-block-paragraph\"><em>&#8211; Renforcer la visibilit\u00e9 et l\u2019image de l\u2019Ordre, \u00e0 travers&nbsp;: des campagnes de sensibilisation sur la sant\u00e9 bucco-dentaire, une participation active aux \u00e9v\u00e9nements sanitaires nationaux, l\u2019organisation de la Journ\u00e9e nationale de la sant\u00e9 bucco-dentaire<\/em><\/p>\n\n\n\n<p class=\"wp-block-paragraph\"><em>&#8211; Pr\u00e9server la r\u00e9gulation et l\u2019\u00e9thique dans l\u2019Ordre par la mise \u00e0 jour du fichier national des praticiens, la lutte contre l\u2019exercice ill\u00e9gal de la profession, le renforcement de l\u2019\u00e9thique et de la d\u00e9ontologie par des ateliers de formation&nbsp;;<\/em><\/p>\n\n\n\n<p class=\"wp-block-paragraph\"><em>&#8211; Assurer le d\u00e9veloppement professionnel continue de la sant\u00e9 bucco-dentaire, ceci gr\u00e2ce \u00e0 l\u2019organisation des s\u00e9minaires, conf\u00e9rence et formation certifiantes au profit des membres de l\u2019Ords, des partenariats avec des institutions nationales et internationales de formation&nbsp;;<\/em><\/p>\n\n\n\n<p class=\"wp-block-paragraph\"><em>&#8211; Perp\u00e9tuer le dialogue et la coop\u00e9ration permanente avec les autorit\u00e9s sanitaires, par la cr\u00e9ation d\u2019un Cadre de concertation permanente avec le minist\u00e8re de la Sant\u00e9 et de l\u2019hygi\u00e8ne publique, et celui en charge de l\u2019Acc\u00e8s aux soins et de la couverture sanitaire&nbsp;;<\/em><\/p>\n\n\n\n<p class=\"wp-block-paragraph\"><em>&#8211; Mettre en \u0153uvre un cadre de soutien et de solidarit\u00e9 entre praticiens, par la mise en place d\u2019un Fonds de solidarit\u00e9 pour les confr\u00e8res en difficult\u00e9, et \u00e0 l\u2019accompagnement des jeunes confr\u00e8res pour leur insertion professionnelle.&nbsp;\u00bb<\/em><\/p>\n\n\n\n<p class=\"wp-block-paragraph\">Pour la repr\u00e9sentante du ministre en charge de la Sant\u00e9, Mme <em>\u00ab&nbsp;ces axes pr\u00e9sent\u00e9s avec clart\u00e9 et conviction (\u2026) t\u00e9moignent de la volont\u00e9, du sens de devoir et de l\u2019engagement de ce nouveau bureau envers la sant\u00e9 bucco-dentaire de nos compatriotes&nbsp;\u00bb.<\/em> Ces priorit\u00e9s <em>\u00ab&nbsp;rejoignent parfaitement les orientations strat\u00e9giques du minist\u00e8re de la Sant\u00e9 en mati\u00e8re de renforcement du syst\u00e8me de sant\u00e9 de la promotion de pr\u00e9vention&nbsp;\u00bb, <\/em>attelle soulign\u00e9e, relevant que <em>\u00ab&nbsp;une population en bonne sant\u00e9, commence par une bouche en bonne sant\u00e9&nbsp;\u00bb.<\/em><\/p>\n\n\n\n<p class=\"wp-block-paragraph\">Notons qu\u2019au cours de la c\u00e9r\u00e9monie d\u2019investiture, les membres du bureau sortant ont eu droit, chacun, \u00e0 un \u2018\u2019Certificat d\u2019appr\u00e9ciation\u2019\u2019 en t\u00e9moignage de la gratitude et l\u2019appr\u00e9ciation du nouveau bureau pour chacun d\u2019eux, pour service rendu. Le d\u00e9funt maire de Golfe 2, Dr James Amaglo, a eu \u00e9galement droit \u00e0 un Certificat \u00e0 titre posthume.<\/p>\n\n\n<div class=\"wp-block-image\">\n<figure class=\"aligncenter size-full is-resized\"><img loading=\"lazy\" decoding=\"async\" width=\"500\" height=\"304\" src=\"https:\/\/macite.tg\/wp-content\/uploads\/2025\/08\/OTR_SAM.jpg\" alt=\"\" class=\"wp-image-24189\" style=\"width:666px;height:auto\" srcset=\"https:\/\/macite.tg\/wp-content\/uploads\/2025\/08\/OTR_SAM.jpg 500w, https:\/\/macite.tg\/wp-content\/uploads\/2025\/08\/OTR_SAM-300x182.jpg 300w\" sizes=\"auto, (max-width: 500px) 100vw, 500px\" \/><\/figure>\n<\/div>\n\n\n<p class=\"wp-block-paragraph\"><strong>Voici la composition de ce nouveau bureau du Conseil de l\u2019ONCDT :<\/strong><\/p>\n\n\n\n<p class=\"wp-block-paragraph\">Pr\u00e9sident national&nbsp;: Dr Lawson Daniel<\/p>\n\n\n\n<p class=\"wp-block-paragraph\">Vice-Pr\u00e9sidente&nbsp;: Dr Denanyoh Amavi L\u00e9na<\/p>\n\n\n\n<p class=\"wp-block-paragraph\">Secr\u00e9taire G\u00e9n\u00e9ral&nbsp;: Dr Baglo Folly Emmanuel<\/p>\n\n\n\n<p class=\"wp-block-paragraph\">Secr\u00e9taire G\u00e9n\u00e9rale Adjointe&nbsp;: Dr Hemou Pidem<\/p>\n\n\n\n<p class=\"wp-block-paragraph\">Tr\u00e9sori\u00e8re G\u00e9n\u00e9rale&nbsp;: Dr Dagbovie Yawoa Corine<\/p>\n\n\n\n<p class=\"wp-block-paragraph\">Tr\u00e9sorier G\u00e9n\u00e9ral Adjoint&nbsp;: Dr Akpuvi Michael<\/p>\n\n\n\n<p class=\"wp-block-paragraph\"><strong>Au bureau du Conseil est enjoint trois Conseillers que sont :<\/strong><\/p>\n\n\n\n<p class=\"wp-block-paragraph\">Dr Fagbegnon Sikavi Odette, Dr Aedjo Afiwa Genevi\u00e8ve, et le Colonel Dr K\u00e9bina Balakiyem Eric.<\/p>\n\n\n\n<p class=\"wp-block-paragraph\"><strong>JPB<\/strong><\/p>\n\n\n\n<p class=\"wp-block-paragraph\"><a><strong><em>@macite.tg&nbsp;&nbsp;&nbsp;&nbsp;&nbsp;&nbsp;&nbsp;&nbsp;<\/em><\/strong><\/a><\/p>\n\n\n\n<p class=\"wp-block-paragraph\"><strong><em>E-mail&nbsp;: <\/em><\/strong><a href=\"mailto:maciteinfo@gmail.com\"><strong><em>maciteinfo@gmail.com<\/em><\/strong><\/a><strong><em>; <\/em><\/strong><a href=\"mailto:bawela1@gmail.com\"><strong><em>bawela1@gmail.com<\/em><\/strong><\/a><strong><em><\/em><\/strong><\/p>\n\n\n\n<p class=\"wp-block-paragraph\"><strong><em>Pour vos annonces, (publi)reportages, etc., joignez-nous au (00228)91515309\/<strong>79872224 <\/strong><strong><\/strong><\/em><\/strong><\/p>\n\n\n\n<p class=\"wp-block-paragraph\"><strong><em>www.macite.tg, L\u2019information, la bonne&nbsp;!<\/em><\/strong><\/p>\n\n\n\n<p class=\"wp-block-paragraph\"><\/p>\n","protected":false},"excerpt":{"rendered":"<p class=\"text-justify mb-2\" >L\u2019Ordre National des Chirurgiens-Dentistes du Togo (ONCDT) a un nouveau Conseil, pr\u00e9sid\u00e9 par Dr Daniel Lawson. Ce Conseil a \u00e9t\u00e9 officiellement install\u00e9 hier 12 ao\u00fbt, lors d\u2019une c\u00e9r\u00e9monie solennelle emprunte d\u2019\u00e9motions. Une page vient de se tourn\u00e9e, celle de Dr Georges Tokofa\u00ef, qui aurait pass\u00e9 [&hellip;]<\/p>\n","protected":false},"author":2,"featured_media":24205,"comment_status":"open","ping_status":"open","sticky":false,"template":"","format":"standard","meta":{"footnotes":""},"categories":[20,5],"tags":[],"class_list":["post-24202","post","type-post","status-publish","format-standard","has-post-thumbnail","hentry","category-actualite","category-sante"],"yoast_head":"<!-- This site is optimized with the Yoast SEO plugin v28.4 - https:\/\/yoast.com\/product\/yoast-seo-wordpress\/ -->\n<title>TOGO \/ SANTE BUCCO-DENTAIRE : Dr LAWSON Daniel officiellement install\u00e9 \u00e0 la t\u00eate de l\u2019ONCDT pour assurer le rayonnement continu de la profession -<\/title>\n<meta name=\"robots\" content=\"index, follow, max-snippet:-1, max-image-preview:large, max-video-preview:-1\" \/>\n<link rel=\"canonical\" href=\"https:\/\/macite.tg\/?p=24202\" \/>\n<meta property=\"og:locale\" content=\"fr_FR\" \/>\n<meta property=\"og:type\" content=\"article\" \/>\n<meta property=\"og:title\" content=\"TOGO \/ SANTE BUCCO-DENTAIRE : Dr LAWSON Daniel officiellement install\u00e9 \u00e0 la t\u00eate de l\u2019ONCDT pour assurer le rayonnement continu de la profession -\" \/>\n<meta property=\"og:description\" content=\"L\u2019Ordre National des Chirurgiens-Dentistes du Togo (ONCDT) a un nouveau Conseil, pr\u00e9sid\u00e9 par Dr Daniel Lawson. Ce Conseil a \u00e9t\u00e9 officiellement install\u00e9 hier 12 ao\u00fbt, lors d\u2019une c\u00e9r\u00e9monie solennelle emprunte d\u2019\u00e9motions. Une page vient de se tourn\u00e9e, celle de Dr Georges Tokofa\u00ef, qui aurait pass\u00e9 [&hellip;]\" \/>\n<meta property=\"og:url\" content=\"https:\/\/macite.tg\/?p=24202\" \/>\n<meta property=\"article:published_time\" content=\"2025-08-13T12:21:29+00:00\" \/>\n<meta property=\"article:modified_time\" content=\"2025-08-13T12:21:39+00:00\" \/>\n<meta property=\"og:image\" content=\"https:\/\/macite.tg\/wp-content\/uploads\/2025\/08\/Ceremonie-dinvestiture.jpg\" \/>\n\t<meta property=\"og:image:width\" content=\"500\" \/>\n\t<meta property=\"og:image:height\" content=\"218\" \/>\n\t<meta property=\"og:image:type\" content=\"image\/jpeg\" \/>\n<meta name=\"author\" content=\"Jean Pierre BAWELA\" \/>\n<meta name=\"twitter:card\" content=\"summary_large_image\" \/>\n<meta name=\"twitter:label1\" content=\"\u00c9crit par\" \/>\n\t<meta name=\"twitter:data1\" content=\"Jean Pierre BAWELA\" \/>\n\t<meta name=\"twitter:label2\" content=\"Dur\u00e9e de lecture estim\u00e9e\" \/>\n\t<meta name=\"twitter:data2\" content=\"6 minutes\" \/>\n<script type=\"application\/ld+json\" class=\"yoast-schema-graph\">{\"@context\":\"https:\\\/\\\/schema.org\",\"@graph\":[{\"@type\":\"Article\",\"@id\":\"https:\\\/\\\/macite.tg\\\/?p=24202#article\",\"isPartOf\":{\"@id\":\"https:\\\/\\\/macite.tg\\\/?p=24202\"},\"author\":{\"name\":\"Jean Pierre BAWELA\",\"@id\":\"https:\\\/\\\/macite.tg\\\/#\\\/schema\\\/person\\\/e9f2de7e5dbbe7770a9402c7ce82f5c2\"},\"headline\":\"TOGO \\\/ SANTE BUCCO-DENTAIRE : Dr LAWSON Daniel officiellement install\u00e9 \u00e0 la t\u00eate de l\u2019ONCDT pour assurer le rayonnement continu de la profession\",\"datePublished\":\"2025-08-13T12:21:29+00:00\",\"dateModified\":\"2025-08-13T12:21:39+00:00\",\"mainEntityOfPage\":{\"@id\":\"https:\\\/\\\/macite.tg\\\/?p=24202\"},\"wordCount\":1039,\"commentCount\":0,\"image\":{\"@id\":\"https:\\\/\\\/macite.tg\\\/?p=24202#primaryimage\"},\"thumbnailUrl\":\"https:\\\/\\\/macite.tg\\\/wp-content\\\/uploads\\\/2025\\\/08\\\/Ceremonie-dinvestiture.jpg\",\"articleSection\":[\"ACTUALITE\",\"SANTE\"],\"inLanguage\":\"fr-FR\",\"potentialAction\":[{\"@type\":\"CommentAction\",\"name\":\"Comment\",\"target\":[\"https:\\\/\\\/macite.tg\\\/?p=24202#respond\"]}]},{\"@type\":\"WebPage\",\"@id\":\"https:\\\/\\\/macite.tg\\\/?p=24202\",\"url\":\"https:\\\/\\\/macite.tg\\\/?p=24202\",\"name\":\"TOGO \\\/ SANTE BUCCO-DENTAIRE : Dr LAWSON Daniel officiellement install\u00e9 \u00e0 la t\u00eate de l\u2019ONCDT pour assurer le rayonnement continu de la profession -\",\"isPartOf\":{\"@id\":\"https:\\\/\\\/macite.tg\\\/#website\"},\"primaryImageOfPage\":{\"@id\":\"https:\\\/\\\/macite.tg\\\/?p=24202#primaryimage\"},\"image\":{\"@id\":\"https:\\\/\\\/macite.tg\\\/?p=24202#primaryimage\"},\"thumbnailUrl\":\"https:\\\/\\\/macite.tg\\\/wp-content\\\/uploads\\\/2025\\\/08\\\/Ceremonie-dinvestiture.jpg\",\"datePublished\":\"2025-08-13T12:21:29+00:00\",\"dateModified\":\"2025-08-13T12:21:39+00:00\",\"author\":{\"@id\":\"https:\\\/\\\/macite.tg\\\/#\\\/schema\\\/person\\\/e9f2de7e5dbbe7770a9402c7ce82f5c2\"},\"breadcrumb\":{\"@id\":\"https:\\\/\\\/macite.tg\\\/?p=24202#breadcrumb\"},\"inLanguage\":\"fr-FR\",\"potentialAction\":[{\"@type\":\"ReadAction\",\"target\":[\"https:\\\/\\\/macite.tg\\\/?p=24202\"]}]},{\"@type\":\"ImageObject\",\"inLanguage\":\"fr-FR\",\"@id\":\"https:\\\/\\\/macite.tg\\\/?p=24202#primaryimage\",\"url\":\"https:\\\/\\\/macite.tg\\\/wp-content\\\/uploads\\\/2025\\\/08\\\/Ceremonie-dinvestiture.jpg\",\"contentUrl\":\"https:\\\/\\\/macite.tg\\\/wp-content\\\/uploads\\\/2025\\\/08\\\/Ceremonie-dinvestiture.jpg\",\"width\":500,\"height\":218,\"caption\":\"quelques temps forts de la c\u00e9r\u00e9monie d'investiture du nouveau bureau du conseil de l'ONCDT\"},{\"@type\":\"BreadcrumbList\",\"@id\":\"https:\\\/\\\/macite.tg\\\/?p=24202#breadcrumb\",\"itemListElement\":[{\"@type\":\"ListItem\",\"position\":1,\"name\":\"Accueil\",\"item\":\"https:\\\/\\\/macite.tg\\\/\"},{\"@type\":\"ListItem\",\"position\":2,\"name\":\"TOGO \\\/ SANTE BUCCO-DENTAIRE : Dr LAWSON Daniel officiellement install\u00e9 \u00e0 la t\u00eate de l\u2019ONCDT pour assurer le rayonnement continu de la profession\"}]},{\"@type\":\"WebSite\",\"@id\":\"https:\\\/\\\/macite.tg\\\/#website\",\"url\":\"https:\\\/\\\/macite.tg\\\/\",\"name\":\"\",\"description\":\"L&#039;information, la bonne!!!\",\"potentialAction\":[{\"@type\":\"SearchAction\",\"target\":{\"@type\":\"EntryPoint\",\"urlTemplate\":\"https:\\\/\\\/macite.tg\\\/?s={search_term_string}\"},\"query-input\":{\"@type\":\"PropertyValueSpecification\",\"valueRequired\":true,\"valueName\":\"search_term_string\"}}],\"inLanguage\":\"fr-FR\"},{\"@type\":\"Person\",\"@id\":\"https:\\\/\\\/macite.tg\\\/#\\\/schema\\\/person\\\/e9f2de7e5dbbe7770a9402c7ce82f5c2\",\"name\":\"Jean Pierre BAWELA\",\"image\":{\"@type\":\"ImageObject\",\"inLanguage\":\"fr-FR\",\"@id\":\"https:\\\/\\\/macite.tg\\\/wp-content\\\/uploads\\\/2023\\\/09\\\/WhatsApp-Image-2023-09-19-at-14.44.41-122x122.jpeg\",\"url\":\"https:\\\/\\\/macite.tg\\\/wp-content\\\/uploads\\\/2023\\\/09\\\/WhatsApp-Image-2023-09-19-at-14.44.41-122x122.jpeg\",\"contentUrl\":\"https:\\\/\\\/macite.tg\\\/wp-content\\\/uploads\\\/2023\\\/09\\\/WhatsApp-Image-2023-09-19-at-14.44.41-122x122.jpeg\",\"caption\":\"Jean Pierre BAWELA\"},\"url\":\"https:\\\/\\\/macite.tg\\\/?author=2\"}]}<\/script>\n<!-- \/ Yoast SEO plugin. -->","yoast_head_json":{"title":"TOGO \/ SANTE BUCCO-DENTAIRE : Dr LAWSON Daniel officiellement install\u00e9 \u00e0 la t\u00eate de l\u2019ONCDT pour assurer le rayonnement continu de la profession -","robots":{"index":"index","follow":"follow","max-snippet":"max-snippet:-1","max-image-preview":"max-image-preview:large","max-video-preview":"max-video-preview:-1"},"canonical":"https:\/\/macite.tg\/?p=24202","og_locale":"fr_FR","og_type":"article","og_title":"TOGO \/ SANTE BUCCO-DENTAIRE : Dr LAWSON Daniel officiellement install\u00e9 \u00e0 la t\u00eate de l\u2019ONCDT pour assurer le rayonnement continu de la profession -","og_description":"L\u2019Ordre National des Chirurgiens-Dentistes du Togo (ONCDT) a un nouveau Conseil, pr\u00e9sid\u00e9 par Dr Daniel Lawson. Ce Conseil a \u00e9t\u00e9 officiellement install\u00e9 hier 12 ao\u00fbt, lors d\u2019une c\u00e9r\u00e9monie solennelle emprunte d\u2019\u00e9motions. Une page vient de se tourn\u00e9e, celle de Dr Georges Tokofa\u00ef, qui aurait pass\u00e9 [&hellip;]","og_url":"https:\/\/macite.tg\/?p=24202","article_published_time":"2025-08-13T12:21:29+00:00","article_modified_time":"2025-08-13T12:21:39+00:00","og_image":[{"width":500,"height":218,"url":"https:\/\/macite.tg\/wp-content\/uploads\/2025\/08\/Ceremonie-dinvestiture.jpg","type":"image\/jpeg"}],"author":"Jean Pierre BAWELA","twitter_card":"summary_large_image","twitter_misc":{"\u00c9crit par":"Jean Pierre BAWELA","Dur\u00e9e de lecture estim\u00e9e":"6 minutes"},"schema":{"@context":"https:\/\/schema.org","@graph":[{"@type":"Article","@id":"https:\/\/macite.tg\/?p=24202#article","isPartOf":{"@id":"https:\/\/macite.tg\/?p=24202"},"author":{"name":"Jean Pierre BAWELA","@id":"https:\/\/macite.tg\/#\/schema\/person\/e9f2de7e5dbbe7770a9402c7ce82f5c2"},"headline":"TOGO \/ SANTE BUCCO-DENTAIRE : Dr LAWSON Daniel officiellement install\u00e9 \u00e0 la t\u00eate de l\u2019ONCDT pour assurer le rayonnement continu de la profession","datePublished":"2025-08-13T12:21:29+00:00","dateModified":"2025-08-13T12:21:39+00:00","mainEntityOfPage":{"@id":"https:\/\/macite.tg\/?p=24202"},"wordCount":1039,"commentCount":0,"image":{"@id":"https:\/\/macite.tg\/?p=24202#primaryimage"},"thumbnailUrl":"https:\/\/macite.tg\/wp-content\/uploads\/2025\/08\/Ceremonie-dinvestiture.jpg","articleSection":["ACTUALITE","SANTE"],"inLanguage":"fr-FR","potentialAction":[{"@type":"CommentAction","name":"Comment","target":["https:\/\/macite.tg\/?p=24202#respond"]}]},{"@type":"WebPage","@id":"https:\/\/macite.tg\/?p=24202","url":"https:\/\/macite.tg\/?p=24202","name":"TOGO \/ SANTE BUCCO-DENTAIRE : Dr LAWSON Daniel officiellement install\u00e9 \u00e0 la t\u00eate de l\u2019ONCDT pour assurer le rayonnement continu de la profession -","isPartOf":{"@id":"https:\/\/macite.tg\/#website"},"primaryImageOfPage":{"@id":"https:\/\/macite.tg\/?p=24202#primaryimage"},"image":{"@id":"https:\/\/macite.tg\/?p=24202#primaryimage"},"thumbnailUrl":"https:\/\/macite.tg\/wp-content\/uploads\/2025\/08\/Ceremonie-dinvestiture.jpg","datePublished":"2025-08-13T12:21:29+00:00","dateModified":"2025-08-13T12:21:39+00:00","author":{"@id":"https:\/\/macite.tg\/#\/schema\/person\/e9f2de7e5dbbe7770a9402c7ce82f5c2"},"breadcrumb":{"@id":"https:\/\/macite.tg\/?p=24202#breadcrumb"},"inLanguage":"fr-FR","potentialAction":[{"@type":"ReadAction","target":["https:\/\/macite.tg\/?p=24202"]}]},{"@type":"ImageObject","inLanguage":"fr-FR","@id":"https:\/\/macite.tg\/?p=24202#primaryimage","url":"https:\/\/macite.tg\/wp-content\/uploads\/2025\/08\/Ceremonie-dinvestiture.jpg","contentUrl":"https:\/\/macite.tg\/wp-content\/uploads\/2025\/08\/Ceremonie-dinvestiture.jpg","width":500,"height":218,"caption":"quelques temps forts de la c\u00e9r\u00e9monie d'investiture du nouveau bureau du conseil de l'ONCDT"},{"@type":"BreadcrumbList","@id":"https:\/\/macite.tg\/?p=24202#breadcrumb","itemListElement":[{"@type":"ListItem","position":1,"name":"Accueil","item":"https:\/\/macite.tg\/"},{"@type":"ListItem","position":2,"name":"TOGO \/ SANTE BUCCO-DENTAIRE : Dr LAWSON Daniel officiellement install\u00e9 \u00e0 la t\u00eate de l\u2019ONCDT pour assurer le rayonnement continu de la profession"}]},{"@type":"WebSite","@id":"https:\/\/macite.tg\/#website","url":"https:\/\/macite.tg\/","name":"","description":"L&#039;information, la bonne!!!","potentialAction":[{"@type":"SearchAction","target":{"@type":"EntryPoint","urlTemplate":"https:\/\/macite.tg\/?s={search_term_string}"},"query-input":{"@type":"PropertyValueSpecification","valueRequired":true,"valueName":"search_term_string"}}],"inLanguage":"fr-FR"},{"@type":"Person","@id":"https:\/\/macite.tg\/#\/schema\/person\/e9f2de7e5dbbe7770a9402c7ce82f5c2","name":"Jean Pierre BAWELA","image":{"@type":"ImageObject","inLanguage":"fr-FR","@id":"https:\/\/macite.tg\/wp-content\/uploads\/2023\/09\/WhatsApp-Image-2023-09-19-at-14.44.41-122x122.jpeg","url":"https:\/\/macite.tg\/wp-content\/uploads\/2023\/09\/WhatsApp-Image-2023-09-19-at-14.44.41-122x122.jpeg","contentUrl":"https:\/\/macite.tg\/wp-content\/uploads\/2023\/09\/WhatsApp-Image-2023-09-19-at-14.44.41-122x122.jpeg","caption":"Jean Pierre BAWELA"},"url":"https:\/\/macite.tg\/?author=2"}]}},"_links":{"self":[{"href":"https:\/\/macite.tg\/index.php?rest_route=\/wp\/v2\/posts\/24202","targetHints":{"allow":["GET"]}}],"collection":[{"href":"https:\/\/macite.tg\/index.php?rest_route=\/wp\/v2\/posts"}],"about":[{"href":"https:\/\/macite.tg\/index.php?rest_route=\/wp\/v2\/types\/post"}],"author":[{"embeddable":true,"href":"https:\/\/macite.tg\/index.php?rest_route=\/wp\/v2\/users\/2"}],"replies":[{"embeddable":true,"href":"https:\/\/macite.tg\/index.php?rest_route=%2Fwp%2Fv2%2Fcomments&post=24202"}],"version-history":[{"count":0,"href":"https:\/\/macite.tg\/index.php?rest_route=\/wp\/v2\/posts\/24202\/revisions"}],"wp:featuredmedia":[{"embeddable":true,"href":"https:\/\/macite.tg\/index.php?rest_route=\/wp\/v2\/media\/24205"}],"wp:attachment":[{"href":"https:\/\/macite.tg\/index.php?rest_route=%2Fwp%2Fv2%2Fmedia&parent=24202"}],"wp:term":[{"taxonomy":"category","embeddable":true,"href":"https:\/\/macite.tg\/index.php?rest_route=%2Fwp%2Fv2%2Fcategories&post=24202"},{"taxonomy":"post_tag","embeddable":true,"href":"https:\/\/macite.tg\/index.php?rest_route=%2Fwp%2Fv2%2Ftags&post=24202"}],"curies":[{"name":"wp","href":"https:\/\/api.w.org\/{rel}","templated":true}]}}