{"id":24187,"date":"2025-08-12T17:32:57","date_gmt":"2025-08-12T17:32:57","guid":{"rendered":"https:\/\/macite.tg\/?p=24187"},"modified":"2025-08-12T17:33:02","modified_gmt":"2025-08-12T17:33:02","slug":"presidentielle-paul-biya-mort-lente-du-cameroun-larcheveque-de-douala-samuel-kleda-jette-le-pave-dans-la-mare","status":"publish","type":"post","link":"https:\/\/macite.tg\/?p=24187","title":{"rendered":"PRESIDENTIELLE \u2013 PAUL BIYA- \u00ab MORT LENTE \u00bb DU CAMEROUN : L\u2019archev\u00eaque de Douala, Samuel Kleda, jette le pav\u00e9 dans la mare"},"content":{"rendered":"\n<p class=\"wp-block-paragraph\"><strong><em>\u00c0 l\u2019approche de l\u2019\u00e9lection pr\u00e9sidentielle camerounaise, l\u2019archev\u00eaque de Douala appelle \u00e0 l\u2019alternance, dans un pays qu\u2019il dit \u00ab malade \u00bb et o\u00f9 les dirigeants \u00ab s\u2019ent\u00eatent \u00e0 conduire la gestion de l\u2019\u00c9tat \u00bb.<\/em><\/strong><\/p>\n\n\n\n<p class=\"wp-block-paragraph\">\u00c0 deux mois de la prochaine pr\u00e9sidentielle, l\u2019archev\u00eaque m\u00e9tropolitain de Douala a jet\u00e9 un nouveau pav\u00e9 dans la mare du Cameroun. Samuel Kleda a interpell\u00e9 les autorit\u00e9s, ce 10 ao\u00fbt, via une lettre pastorale sur <em>\u00ab le climat social \u00e0 l\u2019approche du scrutin \u00bb.<\/em><\/p>\n\n\n\n<p class=\"wp-block-paragraph\">L\u2019attente des fid\u00e8les et des opposants \u00e9tait grande, le pr\u00e9lat ayant d\u00e9j\u00e0 signifi\u00e9 sur RFI \u00e0 No\u00ebl qu\u2019une nouvelle candidature du pr\u00e9sident Paul Biya\u00a0n\u2019\u00e9tait <em>\u00ab\u00a0pas r\u00e9aliste \u00bb.<\/em><\/p>\n\n\n<div class=\"wp-block-image\">\n<figure class=\"aligncenter size-full\"><img loading=\"lazy\" decoding=\"async\" width=\"851\" height=\"315\" src=\"https:\/\/macite.tg\/wp-content\/uploads\/2025\/08\/OTR_Bandeau-Renseignements.jpg\" alt=\"\" class=\"wp-image-24184\" srcset=\"https:\/\/macite.tg\/wp-content\/uploads\/2025\/08\/OTR_Bandeau-Renseignements.jpg 851w, https:\/\/macite.tg\/wp-content\/uploads\/2025\/08\/OTR_Bandeau-Renseignements-300x111.jpg 300w, https:\/\/macite.tg\/wp-content\/uploads\/2025\/08\/OTR_Bandeau-Renseignements-768x284.jpg 768w\" sizes=\"auto, (max-width: 851px) 100vw, 851px\" \/><\/figure>\n<\/div>\n\n\n<p class=\"wp-block-paragraph\">Depuis, le chef de l\u2019\u00c9tat s\u2019est d\u00e9clar\u00e9 candidat, faisant fi des critiques et des oppositions. Mais Samuel Kleda ne d\u00e9sarme pas.<\/p>\n\n\n\n<p class=\"wp-block-paragraph\"><strong>\u00ab&nbsp;Malaise \u00bb et&nbsp;\u00ab&nbsp;mort lente&nbsp;\u00bb<\/strong><\/p>\n\n\n\n<p class=\"wp-block-paragraph\">La lettre pastorale du 10 ao\u00fbt est cruelle. <em>\u00ab Notre pays est malade \u00bb,<\/em> affirme l\u2019archev\u00eaque. Ce dernier d\u00e9crit un <em>\u00ab malaise qui ronge \u00bb<\/em> le Cameroun, prenant <em>\u00ab sa source dans des actes anti-\u00e9vang\u00e9liques institu\u00e9s \u00bb<\/em>, comme la <em>\u00ab mauvaise gouvernance \u00bb<\/em> et la <em>\u00ab corruption \u00bb<\/em> qui alimentent une <em>\u00ab pauvret\u00e9 g\u00e9n\u00e9ralis\u00e9e \u00bb.<\/em><\/p>\n\n\n\n<p class=\"wp-block-paragraph\">Il \u00e9voque plus pr\u00e9cis\u00e9ment le <em>\u00ab d\u00e9labrement du r\u00e9seau routier \u00bb<\/em> et un <em>\u00ab acc\u00e8s difficile \u00e0 l\u2019eau et l&rsquo;\u00e9lectricit\u00e9\u00bb<\/em>, domaines dont la responsabilit\u00e9 incombe clairement aux plus hauts responsables politiques. Or, aucune alternance politique nationale n\u2019a eu lieu depuis l\u2019arriv\u00e9e au pouvoir de Paul Biya, en 1982.<\/p>\n\n\n<div class=\"wp-block-image\">\n<figure class=\"aligncenter size-full is-resized\"><img loading=\"lazy\" decoding=\"async\" width=\"690\" height=\"170\" src=\"https:\/\/macite.tg\/wp-content\/uploads\/2025\/08\/OTR_TVM-1.jpg\" alt=\"\" class=\"wp-image-24129\" style=\"width:840px;height:auto\" srcset=\"https:\/\/macite.tg\/wp-content\/uploads\/2025\/08\/OTR_TVM-1.jpg 690w, https:\/\/macite.tg\/wp-content\/uploads\/2025\/08\/OTR_TVM-1-300x74.jpg 300w\" sizes=\"auto, (max-width: 690px) 100vw, 690px\" \/><\/figure>\n<\/div>\n\n\n<p class=\"wp-block-paragraph\">Et l\u2019index accusateur du pr\u00e9lat de pointer plus explicitement <em>\u00ab les dirigeants \u00bb<\/em> qui <em>\u00ab semblent ne plus savoir quoi faire \u00bb, <\/em>ayant cess\u00e9 de placer le citoyen <em>\u00ab au c\u0153ur des pr\u00e9occupations \u00bb,<\/em> au profit du clan, de l\u2019ethnie ou du lobby. En d\u00e9crivant un <em>\u00ab inqui\u00e9tant [\u2026] ent\u00eatement \u00e0 conduire la gestion de l\u2019\u00c9tat \u00bb,<\/em> l\u2019archev\u00eaque appelle explicitement \u00e0 une alternance qui, seule selon lui, pourrait contrecarrer <em>\u00ab la mort lente du Cameroun \u00bb.<\/em><\/p>\n\n\n\n<p class=\"wp-block-paragraph\"><strong>\u00ab&nbsp;Suspicion&nbsp;\u00bb et \u00ab&nbsp;controverse&nbsp;\u00bb<\/strong><\/p>\n\n\n\n<p class=\"wp-block-paragraph\">Au-del\u00e0 de l\u2019opportunit\u00e9 de telle ou telle candidature, la lettre pastorale s\u2019en prend \u00e0 la transparence m\u00eame du processus \u00e9lectoral. Elle d\u00e9crit <em>\u00ab des \u00e9lections dont les r\u00e9sultats sont connus d&rsquo;avance, d\u00e9cid\u00e9s par une poign\u00e9e d\u2019individus\u00a0\u00bb<\/em>.<\/p>\n\n\n\n<p class=\"wp-block-paragraph\">Elle affirme que <em>\u00ab la d\u00e9mocratie [\u2026] est entach\u00e9e par la violence institutionnelle, les intimidations, l\u2019absence de transparence, de v\u00e9rit\u00e9 et de justice\u00a0\u00bb<\/em> et que la validation des candidats\u00a0est <em>\u00ab entour\u00e9e de suspicion et de controverse \u00bb.<\/em> Une allusion au rejet du dossier de l\u2019opposant Maurice Kamto. <\/p>\n\n\n\n<p class=\"wp-block-paragraph\">Apr\u00e8s avoir \u00e9voqu\u00e9 le <em>\u00ab\u00a0bourbier\u00a0\u00bb<\/em> de la crise anglophone\u00a0et la situation s\u00e9curitaire instable dans la r\u00e9gion de l\u2019Extr\u00eame-Nord, l\u2019archev\u00eaque sert tout de m\u00eame \u00e0 ses lecteurs la substantifique moelle du message pastoral : l\u2019espoir. Son texte invite les citoyens \u00e0 ne pas se d\u00e9courager et \u00e0 explorer \u2013 nouvelle invite \u00e0 l\u2019alternance politique <em>\u2013 \u00ab\u00a0de nouvelles voies pour sauver le pays \u00bb.<\/em><\/p>\n\n\n<div class=\"wp-block-image\">\n<figure class=\"aligncenter size-full is-resized\"><img loading=\"lazy\" decoding=\"async\" width=\"500\" height=\"304\" src=\"https:\/\/macite.tg\/wp-content\/uploads\/2025\/08\/OTR_SAM.jpg\" alt=\"\" class=\"wp-image-24189\" style=\"width:802px;height:auto\" srcset=\"https:\/\/macite.tg\/wp-content\/uploads\/2025\/08\/OTR_SAM.jpg 500w, https:\/\/macite.tg\/wp-content\/uploads\/2025\/08\/OTR_SAM-300x182.jpg 300w\" sizes=\"auto, (max-width: 500px) 100vw, 500px\" \/><\/figure>\n<\/div>\n\n\n<p class=\"wp-block-paragraph\">Signe d\u2019une v\u00e9ritable d\u00e9fiance de l\u2019\u00c9glise catholique envers Paul Biya ? Ce dernier a accord\u00e9 le 15 juillet, deux jours apr\u00e8s sa d\u00e9claration de candidature, une de ses rares entrevues publiques \u00e0 Jos\u00e9 Avelino Bettencourt, le nonce apostolique au Cameroun.<\/p>\n\n\n\n<p class=\"wp-block-paragraph\"><strong>MSN<\/strong><\/p>\n\n\n\n<p class=\"wp-block-paragraph\"><strong><em>@macite.tg&nbsp;&nbsp;&nbsp;&nbsp;&nbsp;&nbsp;&nbsp;&nbsp;<\/em><\/strong><\/p>\n\n\n\n<p class=\"wp-block-paragraph\"><strong><em>E-mail&nbsp;: <\/em><\/strong><a href=\"mailto:maciteinfo@gmail.com\"><strong><em>maciteinfo@gmail.com<\/em><\/strong><\/a><strong><em>; <\/em><\/strong><a href=\"mailto:bawela1@gmail.com\"><strong><em>bawela1@gmail.com<\/em><\/strong><\/a><strong><em><\/em><\/strong><\/p>\n\n\n\n<p class=\"wp-block-paragraph\"><strong><em>Pour vos annonces, (publi)reportages, etc., joignez-nous au (00228)91515309\/<strong>79872224 <\/strong><strong><\/strong><\/em><\/strong><\/p>\n\n\n\n<p class=\"wp-block-paragraph\"><strong><em>www.macite.tg, L\u2019information, la bonne&nbsp;!<\/em><\/strong><\/p>\n\n\n\n<p class=\"wp-block-paragraph\"><\/p>\n","protected":false},"excerpt":{"rendered":"<p class=\"text-justify mb-2\" >\u00c0 l\u2019approche de l\u2019\u00e9lection pr\u00e9sidentielle camerounaise, l\u2019archev\u00eaque de Douala appelle \u00e0 l\u2019alternance, dans un pays qu\u2019il dit \u00ab malade \u00bb et o\u00f9 les dirigeants \u00ab s\u2019ent\u00eatent \u00e0 conduire la gestion de l\u2019\u00c9tat \u00bb. \u00c0 deux mois de la prochaine pr\u00e9sidentielle, l\u2019archev\u00eaque m\u00e9tropolitain de Douala a [&hellip;]<\/p>\n","protected":false},"author":2,"featured_media":24190,"comment_status":"open","ping_status":"open","sticky":false,"template":"","format":"standard","meta":{"footnotes":""},"categories":[20,1],"tags":[],"class_list":["post-24187","post","type-post","status-publish","format-standard","has-post-thumbnail","hentry","category-actualite","category-politique"],"yoast_head":"<!-- This site is optimized with the Yoast SEO plugin v28.4 - https:\/\/yoast.com\/product\/yoast-seo-wordpress\/ -->\n<title>PRESIDENTIELLE \u2013 PAUL BIYA- \u00ab MORT LENTE \u00bb DU CAMEROUN : L\u2019archev\u00eaque de Douala, Samuel Kleda, jette le pav\u00e9 dans la mare -<\/title>\n<meta name=\"robots\" content=\"index, follow, max-snippet:-1, max-image-preview:large, max-video-preview:-1\" \/>\n<link rel=\"canonical\" href=\"https:\/\/macite.tg\/?p=24187\" \/>\n<meta property=\"og:locale\" content=\"fr_FR\" \/>\n<meta property=\"og:type\" content=\"article\" \/>\n<meta property=\"og:title\" content=\"PRESIDENTIELLE \u2013 PAUL BIYA- \u00ab MORT LENTE \u00bb DU CAMEROUN : L\u2019archev\u00eaque de Douala, Samuel Kleda, jette le pav\u00e9 dans la mare -\" \/>\n<meta property=\"og:description\" content=\"\u00c0 l\u2019approche de l\u2019\u00e9lection pr\u00e9sidentielle camerounaise, l\u2019archev\u00eaque de Douala appelle \u00e0 l\u2019alternance, dans un pays qu\u2019il dit \u00ab malade \u00bb et o\u00f9 les dirigeants \u00ab s\u2019ent\u00eatent \u00e0 conduire la gestion de l\u2019\u00c9tat \u00bb. \u00c0 deux mois de la prochaine pr\u00e9sidentielle, l\u2019archev\u00eaque m\u00e9tropolitain de Douala a [&hellip;]\" \/>\n<meta property=\"og:url\" content=\"https:\/\/macite.tg\/?p=24187\" \/>\n<meta property=\"article:published_time\" content=\"2025-08-12T17:32:57+00:00\" \/>\n<meta property=\"article:modified_time\" content=\"2025-08-12T17:33:02+00:00\" \/>\n<meta property=\"og:image\" content=\"https:\/\/macite.tg\/wp-content\/uploads\/2025\/08\/image-58.png\" \/>\n\t<meta property=\"og:image:width\" content=\"534\" \/>\n\t<meta property=\"og:image:height\" content=\"267\" \/>\n\t<meta property=\"og:image:type\" content=\"image\/png\" \/>\n<meta name=\"author\" content=\"Jean Pierre BAWELA\" \/>\n<meta name=\"twitter:card\" content=\"summary_large_image\" \/>\n<meta name=\"twitter:label1\" content=\"\u00c9crit par\" \/>\n\t<meta name=\"twitter:data1\" content=\"Jean Pierre BAWELA\" \/>\n\t<meta name=\"twitter:label2\" content=\"Dur\u00e9e de lecture estim\u00e9e\" \/>\n\t<meta name=\"twitter:data2\" content=\"4 minutes\" \/>\n<script type=\"application\/ld+json\" class=\"yoast-schema-graph\">{\"@context\":\"https:\\\/\\\/schema.org\",\"@graph\":[{\"@type\":\"Article\",\"@id\":\"https:\\\/\\\/macite.tg\\\/?p=24187#article\",\"isPartOf\":{\"@id\":\"https:\\\/\\\/macite.tg\\\/?p=24187\"},\"author\":{\"name\":\"Jean Pierre BAWELA\",\"@id\":\"https:\\\/\\\/macite.tg\\\/#\\\/schema\\\/person\\\/e9f2de7e5dbbe7770a9402c7ce82f5c2\"},\"headline\":\"PRESIDENTIELLE \u2013 PAUL BIYA- \u00ab MORT LENTE \u00bb DU CAMEROUN : L\u2019archev\u00eaque de Douala, Samuel Kleda, jette le pav\u00e9 dans la mare\",\"datePublished\":\"2025-08-12T17:32:57+00:00\",\"dateModified\":\"2025-08-12T17:33:02+00:00\",\"mainEntityOfPage\":{\"@id\":\"https:\\\/\\\/macite.tg\\\/?p=24187\"},\"wordCount\":594,\"commentCount\":0,\"image\":{\"@id\":\"https:\\\/\\\/macite.tg\\\/?p=24187#primaryimage\"},\"thumbnailUrl\":\"https:\\\/\\\/macite.tg\\\/wp-content\\\/uploads\\\/2025\\\/08\\\/image-58.png\",\"articleSection\":[\"ACTUALITE\",\"POLITIQUE\"],\"inLanguage\":\"fr-FR\",\"potentialAction\":[{\"@type\":\"CommentAction\",\"name\":\"Comment\",\"target\":[\"https:\\\/\\\/macite.tg\\\/?p=24187#respond\"]}]},{\"@type\":\"WebPage\",\"@id\":\"https:\\\/\\\/macite.tg\\\/?p=24187\",\"url\":\"https:\\\/\\\/macite.tg\\\/?p=24187\",\"name\":\"PRESIDENTIELLE \u2013 PAUL BIYA- \u00ab MORT LENTE \u00bb DU CAMEROUN : L\u2019archev\u00eaque de Douala, Samuel Kleda, jette le pav\u00e9 dans la mare -\",\"isPartOf\":{\"@id\":\"https:\\\/\\\/macite.tg\\\/#website\"},\"primaryImageOfPage\":{\"@id\":\"https:\\\/\\\/macite.tg\\\/?p=24187#primaryimage\"},\"image\":{\"@id\":\"https:\\\/\\\/macite.tg\\\/?p=24187#primaryimage\"},\"thumbnailUrl\":\"https:\\\/\\\/macite.tg\\\/wp-content\\\/uploads\\\/2025\\\/08\\\/image-58.png\",\"datePublished\":\"2025-08-12T17:32:57+00:00\",\"dateModified\":\"2025-08-12T17:33:02+00:00\",\"author\":{\"@id\":\"https:\\\/\\\/macite.tg\\\/#\\\/schema\\\/person\\\/e9f2de7e5dbbe7770a9402c7ce82f5c2\"},\"breadcrumb\":{\"@id\":\"https:\\\/\\\/macite.tg\\\/?p=24187#breadcrumb\"},\"inLanguage\":\"fr-FR\",\"potentialAction\":[{\"@type\":\"ReadAction\",\"target\":[\"https:\\\/\\\/macite.tg\\\/?p=24187\"]}]},{\"@type\":\"ImageObject\",\"inLanguage\":\"fr-FR\",\"@id\":\"https:\\\/\\\/macite.tg\\\/?p=24187#primaryimage\",\"url\":\"https:\\\/\\\/macite.tg\\\/wp-content\\\/uploads\\\/2025\\\/08\\\/image-58.png\",\"contentUrl\":\"https:\\\/\\\/macite.tg\\\/wp-content\\\/uploads\\\/2025\\\/08\\\/image-58.png\",\"width\":534,\"height\":267},{\"@type\":\"BreadcrumbList\",\"@id\":\"https:\\\/\\\/macite.tg\\\/?p=24187#breadcrumb\",\"itemListElement\":[{\"@type\":\"ListItem\",\"position\":1,\"name\":\"Accueil\",\"item\":\"https:\\\/\\\/macite.tg\\\/\"},{\"@type\":\"ListItem\",\"position\":2,\"name\":\"PRESIDENTIELLE \u2013 PAUL BIYA- \u00ab MORT LENTE \u00bb DU CAMEROUN : L\u2019archev\u00eaque de Douala, Samuel Kleda, jette le pav\u00e9 dans la mare\"}]},{\"@type\":\"WebSite\",\"@id\":\"https:\\\/\\\/macite.tg\\\/#website\",\"url\":\"https:\\\/\\\/macite.tg\\\/\",\"name\":\"\",\"description\":\"L&#039;information, la bonne!!!\",\"potentialAction\":[{\"@type\":\"SearchAction\",\"target\":{\"@type\":\"EntryPoint\",\"urlTemplate\":\"https:\\\/\\\/macite.tg\\\/?s={search_term_string}\"},\"query-input\":{\"@type\":\"PropertyValueSpecification\",\"valueRequired\":true,\"valueName\":\"search_term_string\"}}],\"inLanguage\":\"fr-FR\"},{\"@type\":\"Person\",\"@id\":\"https:\\\/\\\/macite.tg\\\/#\\\/schema\\\/person\\\/e9f2de7e5dbbe7770a9402c7ce82f5c2\",\"name\":\"Jean Pierre BAWELA\",\"image\":{\"@type\":\"ImageObject\",\"inLanguage\":\"fr-FR\",\"@id\":\"https:\\\/\\\/macite.tg\\\/wp-content\\\/uploads\\\/2023\\\/09\\\/WhatsApp-Image-2023-09-19-at-14.44.41-122x122.jpeg\",\"url\":\"https:\\\/\\\/macite.tg\\\/wp-content\\\/uploads\\\/2023\\\/09\\\/WhatsApp-Image-2023-09-19-at-14.44.41-122x122.jpeg\",\"contentUrl\":\"https:\\\/\\\/macite.tg\\\/wp-content\\\/uploads\\\/2023\\\/09\\\/WhatsApp-Image-2023-09-19-at-14.44.41-122x122.jpeg\",\"caption\":\"Jean Pierre BAWELA\"},\"url\":\"https:\\\/\\\/macite.tg\\\/?author=2\"}]}<\/script>\n<!-- \/ Yoast SEO plugin. -->","yoast_head_json":{"title":"PRESIDENTIELLE \u2013 PAUL BIYA- \u00ab MORT LENTE \u00bb DU CAMEROUN : L\u2019archev\u00eaque de Douala, Samuel Kleda, jette le pav\u00e9 dans la mare -","robots":{"index":"index","follow":"follow","max-snippet":"max-snippet:-1","max-image-preview":"max-image-preview:large","max-video-preview":"max-video-preview:-1"},"canonical":"https:\/\/macite.tg\/?p=24187","og_locale":"fr_FR","og_type":"article","og_title":"PRESIDENTIELLE \u2013 PAUL BIYA- \u00ab MORT LENTE \u00bb DU CAMEROUN : L\u2019archev\u00eaque de Douala, Samuel Kleda, jette le pav\u00e9 dans la mare -","og_description":"\u00c0 l\u2019approche de l\u2019\u00e9lection pr\u00e9sidentielle camerounaise, l\u2019archev\u00eaque de Douala appelle \u00e0 l\u2019alternance, dans un pays qu\u2019il dit \u00ab malade \u00bb et o\u00f9 les dirigeants \u00ab s\u2019ent\u00eatent \u00e0 conduire la gestion de l\u2019\u00c9tat \u00bb. \u00c0 deux mois de la prochaine pr\u00e9sidentielle, l\u2019archev\u00eaque m\u00e9tropolitain de Douala a [&hellip;]","og_url":"https:\/\/macite.tg\/?p=24187","article_published_time":"2025-08-12T17:32:57+00:00","article_modified_time":"2025-08-12T17:33:02+00:00","og_image":[{"width":534,"height":267,"url":"https:\/\/macite.tg\/wp-content\/uploads\/2025\/08\/image-58.png","type":"image\/png"}],"author":"Jean Pierre BAWELA","twitter_card":"summary_large_image","twitter_misc":{"\u00c9crit par":"Jean Pierre BAWELA","Dur\u00e9e de lecture estim\u00e9e":"4 minutes"},"schema":{"@context":"https:\/\/schema.org","@graph":[{"@type":"Article","@id":"https:\/\/macite.tg\/?p=24187#article","isPartOf":{"@id":"https:\/\/macite.tg\/?p=24187"},"author":{"name":"Jean Pierre BAWELA","@id":"https:\/\/macite.tg\/#\/schema\/person\/e9f2de7e5dbbe7770a9402c7ce82f5c2"},"headline":"PRESIDENTIELLE \u2013 PAUL BIYA- \u00ab MORT LENTE \u00bb DU CAMEROUN : L\u2019archev\u00eaque de Douala, Samuel Kleda, jette le pav\u00e9 dans la mare","datePublished":"2025-08-12T17:32:57+00:00","dateModified":"2025-08-12T17:33:02+00:00","mainEntityOfPage":{"@id":"https:\/\/macite.tg\/?p=24187"},"wordCount":594,"commentCount":0,"image":{"@id":"https:\/\/macite.tg\/?p=24187#primaryimage"},"thumbnailUrl":"https:\/\/macite.tg\/wp-content\/uploads\/2025\/08\/image-58.png","articleSection":["ACTUALITE","POLITIQUE"],"inLanguage":"fr-FR","potentialAction":[{"@type":"CommentAction","name":"Comment","target":["https:\/\/macite.tg\/?p=24187#respond"]}]},{"@type":"WebPage","@id":"https:\/\/macite.tg\/?p=24187","url":"https:\/\/macite.tg\/?p=24187","name":"PRESIDENTIELLE \u2013 PAUL BIYA- \u00ab MORT LENTE \u00bb DU CAMEROUN : L\u2019archev\u00eaque de Douala, Samuel Kleda, jette le pav\u00e9 dans la mare -","isPartOf":{"@id":"https:\/\/macite.tg\/#website"},"primaryImageOfPage":{"@id":"https:\/\/macite.tg\/?p=24187#primaryimage"},"image":{"@id":"https:\/\/macite.tg\/?p=24187#primaryimage"},"thumbnailUrl":"https:\/\/macite.tg\/wp-content\/uploads\/2025\/08\/image-58.png","datePublished":"2025-08-12T17:32:57+00:00","dateModified":"2025-08-12T17:33:02+00:00","author":{"@id":"https:\/\/macite.tg\/#\/schema\/person\/e9f2de7e5dbbe7770a9402c7ce82f5c2"},"breadcrumb":{"@id":"https:\/\/macite.tg\/?p=24187#breadcrumb"},"inLanguage":"fr-FR","potentialAction":[{"@type":"ReadAction","target":["https:\/\/macite.tg\/?p=24187"]}]},{"@type":"ImageObject","inLanguage":"fr-FR","@id":"https:\/\/macite.tg\/?p=24187#primaryimage","url":"https:\/\/macite.tg\/wp-content\/uploads\/2025\/08\/image-58.png","contentUrl":"https:\/\/macite.tg\/wp-content\/uploads\/2025\/08\/image-58.png","width":534,"height":267},{"@type":"BreadcrumbList","@id":"https:\/\/macite.tg\/?p=24187#breadcrumb","itemListElement":[{"@type":"ListItem","position":1,"name":"Accueil","item":"https:\/\/macite.tg\/"},{"@type":"ListItem","position":2,"name":"PRESIDENTIELLE \u2013 PAUL BIYA- \u00ab MORT LENTE \u00bb DU CAMEROUN : L\u2019archev\u00eaque de Douala, Samuel Kleda, jette le pav\u00e9 dans la mare"}]},{"@type":"WebSite","@id":"https:\/\/macite.tg\/#website","url":"https:\/\/macite.tg\/","name":"","description":"L&#039;information, la bonne!!!","potentialAction":[{"@type":"SearchAction","target":{"@type":"EntryPoint","urlTemplate":"https:\/\/macite.tg\/?s={search_term_string}"},"query-input":{"@type":"PropertyValueSpecification","valueRequired":true,"valueName":"search_term_string"}}],"inLanguage":"fr-FR"},{"@type":"Person","@id":"https:\/\/macite.tg\/#\/schema\/person\/e9f2de7e5dbbe7770a9402c7ce82f5c2","name":"Jean Pierre BAWELA","image":{"@type":"ImageObject","inLanguage":"fr-FR","@id":"https:\/\/macite.tg\/wp-content\/uploads\/2023\/09\/WhatsApp-Image-2023-09-19-at-14.44.41-122x122.jpeg","url":"https:\/\/macite.tg\/wp-content\/uploads\/2023\/09\/WhatsApp-Image-2023-09-19-at-14.44.41-122x122.jpeg","contentUrl":"https:\/\/macite.tg\/wp-content\/uploads\/2023\/09\/WhatsApp-Image-2023-09-19-at-14.44.41-122x122.jpeg","caption":"Jean Pierre BAWELA"},"url":"https:\/\/macite.tg\/?author=2"}]}},"_links":{"self":[{"href":"https:\/\/macite.tg\/index.php?rest_route=\/wp\/v2\/posts\/24187","targetHints":{"allow":["GET"]}}],"collection":[{"href":"https:\/\/macite.tg\/index.php?rest_route=\/wp\/v2\/posts"}],"about":[{"href":"https:\/\/macite.tg\/index.php?rest_route=\/wp\/v2\/types\/post"}],"author":[{"embeddable":true,"href":"https:\/\/macite.tg\/index.php?rest_route=\/wp\/v2\/users\/2"}],"replies":[{"embeddable":true,"href":"https:\/\/macite.tg\/index.php?rest_route=%2Fwp%2Fv2%2Fcomments&post=24187"}],"version-history":[{"count":0,"href":"https:\/\/macite.tg\/index.php?rest_route=\/wp\/v2\/posts\/24187\/revisions"}],"wp:featuredmedia":[{"embeddable":true,"href":"https:\/\/macite.tg\/index.php?rest_route=\/wp\/v2\/media\/24190"}],"wp:attachment":[{"href":"https:\/\/macite.tg\/index.php?rest_route=%2Fwp%2Fv2%2Fmedia&parent=24187"}],"wp:term":[{"taxonomy":"category","embeddable":true,"href":"https:\/\/macite.tg\/index.php?rest_route=%2Fwp%2Fv2%2Fcategories&post=24187"},{"taxonomy":"post_tag","embeddable":true,"href":"https:\/\/macite.tg\/index.php?rest_route=%2Fwp%2Fv2%2Ftags&post=24187"}],"curies":[{"name":"wp","href":"https:\/\/api.w.org\/{rel}","templated":true}]}}