{"id":24183,"date":"2025-08-12T16:58:48","date_gmt":"2025-08-12T16:58:48","guid":{"rendered":"https:\/\/macite.tg\/?p=24183"},"modified":"2025-08-12T16:58:57","modified_gmt":"2025-08-12T16:58:57","slug":"insolite-cet-homme-de-dieu-predit-sa-propre-mort","status":"publish","type":"post","link":"https:\/\/macite.tg\/?p=24183","title":{"rendered":"INSOLITE\u00a0: Cet \u2018\u2019homme de Dieu\u2019\u2019 pr\u00e9dit sa propre mort&#8230;"},"content":{"rendered":"\n<p class=\"wp-block-paragraph\"><strong><em>Le surveillant g\u00e9n\u00e9ral de l\u2019\u00c9glise chr\u00e9tienne rachet\u00e9e de Dieu (RCCG), le pasteur Enoch Adejare Adeboye, a de nouveau parl\u00e9 de la vision qu\u2019il a eue concernant sa mort.<\/em><\/strong><\/p>\n\n\n\n<p class=\"wp-block-paragraph\">Selon Adeboye, quand le moment viendra, il s\u2019\u00e9teindra paisiblement, un dimanche, apr\u00e8s avoir assist\u00e9 \u00e0 la messe et savour\u00e9 son plat pr\u00e9f\u00e9r\u00e9, l\u2019igname pil\u00e9e.<\/p>\n\n\n<div class=\"wp-block-image\">\n<figure class=\"aligncenter size-full is-resized\"><img loading=\"lazy\" decoding=\"async\" width=\"690\" height=\"170\" src=\"https:\/\/macite.tg\/wp-content\/uploads\/2025\/08\/OTR_TVM-1.jpg\" alt=\"\" class=\"wp-image-24129\" style=\"width:790px;height:auto\" srcset=\"https:\/\/macite.tg\/wp-content\/uploads\/2025\/08\/OTR_TVM-1.jpg 690w, https:\/\/macite.tg\/wp-content\/uploads\/2025\/08\/OTR_TVM-1-300x74.jpg 300w\" sizes=\"auto, (max-width: 690px) 100vw, 690px\" \/><\/figure>\n<\/div>\n\n\n<p class=\"wp-block-paragraph\">Lors de son discours au quatri\u00e8me jour du congr\u00e8s international de l\u2019\u00c9glise sur le th\u00e8me <em>\u00ab\u00a0Les vainqueurs\u00a0\u00bb,<\/em> ce pasteur respect\u00e9 a rappel\u00e9 que la mort ne survient pas toujours \u00e0 la suite d\u2019une longue maladie. Il avait d\u00e9j\u00e0 partag\u00e9 cette m\u00eame vision il y a deux ans.<\/p>\n\n\n\n<p class=\"wp-block-paragraph\"><em> Je mourrai un dimanche apr\u00e8s avoir assist\u00e9 au service, je mangerai mon igname pil\u00e9e bien-aim\u00e9e, puis je m\u2019en irai sans aucune maladie \u00bb,<\/em> a d\u00e9clar\u00e9 le pasteur Adeboye, affirmant que son d\u00e9part serait soudain et sans douleur.<\/p>\n\n\n<div class=\"wp-block-image\">\n<figure class=\"aligncenter size-full\"><img loading=\"lazy\" decoding=\"async\" width=\"851\" height=\"315\" src=\"https:\/\/macite.tg\/wp-content\/uploads\/2025\/08\/OTR_Bandeau-Renseignements.jpg\" alt=\"\" class=\"wp-image-24184\" srcset=\"https:\/\/macite.tg\/wp-content\/uploads\/2025\/08\/OTR_Bandeau-Renseignements.jpg 851w, https:\/\/macite.tg\/wp-content\/uploads\/2025\/08\/OTR_Bandeau-Renseignements-300x111.jpg 300w, https:\/\/macite.tg\/wp-content\/uploads\/2025\/08\/OTR_Bandeau-Renseignements-768x284.jpg 768w\" sizes=\"auto, (max-width: 851px) 100vw, 851px\" \/><\/figure>\n<\/div>\n\n\n<p class=\"wp-block-paragraph\">&nbsp;Le clerc a not\u00e9 qu\u2019il avait partag\u00e9 cette vision pour la premi\u00e8re fois, il y a deux ans, et qu\u2019il la r\u00e9p\u00e9tait pour rassurer les croyants sur le fait que la mort peut \u00eatre paisible pour ceux qui sont <em>\u00ab en Christ \u00bb.<\/em><\/p>\n\n\n\n<p class=\"wp-block-paragraph\"><strong>MSN<\/strong><\/p>\n\n\n\n<p class=\"wp-block-paragraph\"><strong><em>@macite.tg&nbsp;&nbsp;&nbsp;&nbsp;&nbsp;&nbsp;&nbsp;&nbsp;<\/em><\/strong><\/p>\n\n\n\n<p class=\"wp-block-paragraph\"><strong><em>E-mail&nbsp;: <\/em><\/strong><a href=\"mailto:maciteinfo@gmail.com\"><strong><em>maciteinfo@gmail.com<\/em><\/strong><\/a><strong><em>; <\/em><\/strong><a href=\"mailto:bawela1@gmail.com\"><strong><em>bawela1@gmail.com<\/em><\/strong><\/a><strong><em><\/em><\/strong><\/p>\n\n\n\n<p class=\"wp-block-paragraph\"><strong><em>Pour vos annonces, (publi)reportages, etc., joignez-nous au (00228)91515309\/<strong>79872224 <\/strong><strong><\/strong><\/em><\/strong><\/p>\n\n\n\n<p class=\"wp-block-paragraph\"><strong><em>www.macite.tg, L\u2019information, la bonne&nbsp;!<\/em><\/strong><\/p>\n\n\n\n<p class=\"wp-block-paragraph\"><\/p>\n","protected":false},"excerpt":{"rendered":"<p class=\"text-justify mb-2\" >Le surveillant g\u00e9n\u00e9ral de l\u2019\u00c9glise chr\u00e9tienne rachet\u00e9e de Dieu (RCCG), le pasteur Enoch Adejare Adeboye, a de nouveau parl\u00e9 de la vision qu\u2019il a eue concernant sa mort. Selon Adeboye, quand le moment viendra, il s\u2019\u00e9teindra paisiblement, un dimanche, apr\u00e8s avoir assist\u00e9 \u00e0 la messe [&hellip;]<\/p>\n","protected":false},"author":2,"featured_media":24185,"comment_status":"open","ping_status":"open","sticky":false,"template":"","format":"standard","meta":{"footnotes":""},"categories":[20,52],"tags":[],"class_list":["post-24183","post","type-post","status-publish","format-standard","has-post-thumbnail","hentry","category-actualite","category-insolite"],"yoast_head":"<!-- This site is optimized with the Yoast SEO plugin v28.4 - https:\/\/yoast.com\/product\/yoast-seo-wordpress\/ -->\n<title>INSOLITE\u00a0: Cet \u2018\u2019homme de Dieu\u2019\u2019 pr\u00e9dit sa propre mort... -<\/title>\n<meta name=\"robots\" content=\"index, follow, max-snippet:-1, max-image-preview:large, max-video-preview:-1\" \/>\n<link rel=\"canonical\" href=\"https:\/\/macite.tg\/?p=24183\" \/>\n<meta property=\"og:locale\" content=\"fr_FR\" \/>\n<meta property=\"og:type\" content=\"article\" \/>\n<meta property=\"og:title\" content=\"INSOLITE\u00a0: Cet \u2018\u2019homme de Dieu\u2019\u2019 pr\u00e9dit sa propre mort... -\" \/>\n<meta property=\"og:description\" content=\"Le surveillant g\u00e9n\u00e9ral de l\u2019\u00c9glise chr\u00e9tienne rachet\u00e9e de Dieu (RCCG), le pasteur Enoch Adejare Adeboye, a de nouveau parl\u00e9 de la vision qu\u2019il a eue concernant sa mort. Selon Adeboye, quand le moment viendra, il s\u2019\u00e9teindra paisiblement, un dimanche, apr\u00e8s avoir assist\u00e9 \u00e0 la messe [&hellip;]\" \/>\n<meta property=\"og:url\" content=\"https:\/\/macite.tg\/?p=24183\" \/>\n<meta property=\"article:published_time\" content=\"2025-08-12T16:58:48+00:00\" \/>\n<meta property=\"article:modified_time\" content=\"2025-08-12T16:58:57+00:00\" \/>\n<meta property=\"og:image\" content=\"https:\/\/macite.tg\/wp-content\/uploads\/2025\/08\/image-57.png\" \/>\n\t<meta property=\"og:image:width\" content=\"300\" \/>\n\t<meta property=\"og:image:height\" content=\"169\" \/>\n\t<meta property=\"og:image:type\" content=\"image\/png\" \/>\n<meta name=\"author\" content=\"Jean Pierre BAWELA\" \/>\n<meta name=\"twitter:card\" content=\"summary_large_image\" \/>\n<meta name=\"twitter:label1\" content=\"\u00c9crit par\" \/>\n\t<meta name=\"twitter:data1\" content=\"Jean Pierre BAWELA\" \/>\n\t<meta name=\"twitter:label2\" content=\"Dur\u00e9e de lecture estim\u00e9e\" \/>\n\t<meta name=\"twitter:data2\" content=\"2 minutes\" \/>\n<script type=\"application\/ld+json\" class=\"yoast-schema-graph\">{\"@context\":\"https:\\\/\\\/schema.org\",\"@graph\":[{\"@type\":\"Article\",\"@id\":\"https:\\\/\\\/macite.tg\\\/?p=24183#article\",\"isPartOf\":{\"@id\":\"https:\\\/\\\/macite.tg\\\/?p=24183\"},\"author\":{\"name\":\"Jean Pierre BAWELA\",\"@id\":\"https:\\\/\\\/macite.tg\\\/#\\\/schema\\\/person\\\/e9f2de7e5dbbe7770a9402c7ce82f5c2\"},\"headline\":\"INSOLITE\u00a0: Cet \u2018\u2019homme de Dieu\u2019\u2019 pr\u00e9dit sa propre mort&#8230;\",\"datePublished\":\"2025-08-12T16:58:48+00:00\",\"dateModified\":\"2025-08-12T16:58:57+00:00\",\"mainEntityOfPage\":{\"@id\":\"https:\\\/\\\/macite.tg\\\/?p=24183\"},\"wordCount\":250,\"commentCount\":0,\"image\":{\"@id\":\"https:\\\/\\\/macite.tg\\\/?p=24183#primaryimage\"},\"thumbnailUrl\":\"https:\\\/\\\/macite.tg\\\/wp-content\\\/uploads\\\/2025\\\/08\\\/image-57.png\",\"articleSection\":[\"ACTUALITE\",\"INSOLITE\"],\"inLanguage\":\"fr-FR\",\"potentialAction\":[{\"@type\":\"CommentAction\",\"name\":\"Comment\",\"target\":[\"https:\\\/\\\/macite.tg\\\/?p=24183#respond\"]}]},{\"@type\":\"WebPage\",\"@id\":\"https:\\\/\\\/macite.tg\\\/?p=24183\",\"url\":\"https:\\\/\\\/macite.tg\\\/?p=24183\",\"name\":\"INSOLITE\u00a0: Cet \u2018\u2019homme de Dieu\u2019\u2019 pr\u00e9dit sa propre mort... -\",\"isPartOf\":{\"@id\":\"https:\\\/\\\/macite.tg\\\/#website\"},\"primaryImageOfPage\":{\"@id\":\"https:\\\/\\\/macite.tg\\\/?p=24183#primaryimage\"},\"image\":{\"@id\":\"https:\\\/\\\/macite.tg\\\/?p=24183#primaryimage\"},\"thumbnailUrl\":\"https:\\\/\\\/macite.tg\\\/wp-content\\\/uploads\\\/2025\\\/08\\\/image-57.png\",\"datePublished\":\"2025-08-12T16:58:48+00:00\",\"dateModified\":\"2025-08-12T16:58:57+00:00\",\"author\":{\"@id\":\"https:\\\/\\\/macite.tg\\\/#\\\/schema\\\/person\\\/e9f2de7e5dbbe7770a9402c7ce82f5c2\"},\"breadcrumb\":{\"@id\":\"https:\\\/\\\/macite.tg\\\/?p=24183#breadcrumb\"},\"inLanguage\":\"fr-FR\",\"potentialAction\":[{\"@type\":\"ReadAction\",\"target\":[\"https:\\\/\\\/macite.tg\\\/?p=24183\"]}]},{\"@type\":\"ImageObject\",\"inLanguage\":\"fr-FR\",\"@id\":\"https:\\\/\\\/macite.tg\\\/?p=24183#primaryimage\",\"url\":\"https:\\\/\\\/macite.tg\\\/wp-content\\\/uploads\\\/2025\\\/08\\\/image-57.png\",\"contentUrl\":\"https:\\\/\\\/macite.tg\\\/wp-content\\\/uploads\\\/2025\\\/08\\\/image-57.png\",\"width\":300,\"height\":169,\"caption\":\"Le pasteur Enoch Adejare Adeboye\"},{\"@type\":\"BreadcrumbList\",\"@id\":\"https:\\\/\\\/macite.tg\\\/?p=24183#breadcrumb\",\"itemListElement\":[{\"@type\":\"ListItem\",\"position\":1,\"name\":\"Accueil\",\"item\":\"https:\\\/\\\/macite.tg\\\/\"},{\"@type\":\"ListItem\",\"position\":2,\"name\":\"INSOLITE\u00a0: Cet \u2018\u2019homme de Dieu\u2019\u2019 pr\u00e9dit sa propre mort&#8230;\"}]},{\"@type\":\"WebSite\",\"@id\":\"https:\\\/\\\/macite.tg\\\/#website\",\"url\":\"https:\\\/\\\/macite.tg\\\/\",\"name\":\"\",\"description\":\"L&#039;information, la bonne!!!\",\"potentialAction\":[{\"@type\":\"SearchAction\",\"target\":{\"@type\":\"EntryPoint\",\"urlTemplate\":\"https:\\\/\\\/macite.tg\\\/?s={search_term_string}\"},\"query-input\":{\"@type\":\"PropertyValueSpecification\",\"valueRequired\":true,\"valueName\":\"search_term_string\"}}],\"inLanguage\":\"fr-FR\"},{\"@type\":\"Person\",\"@id\":\"https:\\\/\\\/macite.tg\\\/#\\\/schema\\\/person\\\/e9f2de7e5dbbe7770a9402c7ce82f5c2\",\"name\":\"Jean Pierre BAWELA\",\"image\":{\"@type\":\"ImageObject\",\"inLanguage\":\"fr-FR\",\"@id\":\"https:\\\/\\\/macite.tg\\\/wp-content\\\/uploads\\\/2023\\\/09\\\/WhatsApp-Image-2023-09-19-at-14.44.41-122x122.jpeg\",\"url\":\"https:\\\/\\\/macite.tg\\\/wp-content\\\/uploads\\\/2023\\\/09\\\/WhatsApp-Image-2023-09-19-at-14.44.41-122x122.jpeg\",\"contentUrl\":\"https:\\\/\\\/macite.tg\\\/wp-content\\\/uploads\\\/2023\\\/09\\\/WhatsApp-Image-2023-09-19-at-14.44.41-122x122.jpeg\",\"caption\":\"Jean Pierre BAWELA\"},\"url\":\"https:\\\/\\\/macite.tg\\\/?author=2\"}]}<\/script>\n<!-- \/ Yoast SEO plugin. -->","yoast_head_json":{"title":"INSOLITE\u00a0: Cet \u2018\u2019homme de Dieu\u2019\u2019 pr\u00e9dit sa propre mort... -","robots":{"index":"index","follow":"follow","max-snippet":"max-snippet:-1","max-image-preview":"max-image-preview:large","max-video-preview":"max-video-preview:-1"},"canonical":"https:\/\/macite.tg\/?p=24183","og_locale":"fr_FR","og_type":"article","og_title":"INSOLITE\u00a0: Cet \u2018\u2019homme de Dieu\u2019\u2019 pr\u00e9dit sa propre mort... -","og_description":"Le surveillant g\u00e9n\u00e9ral de l\u2019\u00c9glise chr\u00e9tienne rachet\u00e9e de Dieu (RCCG), le pasteur Enoch Adejare Adeboye, a de nouveau parl\u00e9 de la vision qu\u2019il a eue concernant sa mort. Selon Adeboye, quand le moment viendra, il s\u2019\u00e9teindra paisiblement, un dimanche, apr\u00e8s avoir assist\u00e9 \u00e0 la messe [&hellip;]","og_url":"https:\/\/macite.tg\/?p=24183","article_published_time":"2025-08-12T16:58:48+00:00","article_modified_time":"2025-08-12T16:58:57+00:00","og_image":[{"width":300,"height":169,"url":"https:\/\/macite.tg\/wp-content\/uploads\/2025\/08\/image-57.png","type":"image\/png"}],"author":"Jean Pierre BAWELA","twitter_card":"summary_large_image","twitter_misc":{"\u00c9crit par":"Jean Pierre BAWELA","Dur\u00e9e de lecture estim\u00e9e":"2 minutes"},"schema":{"@context":"https:\/\/schema.org","@graph":[{"@type":"Article","@id":"https:\/\/macite.tg\/?p=24183#article","isPartOf":{"@id":"https:\/\/macite.tg\/?p=24183"},"author":{"name":"Jean Pierre BAWELA","@id":"https:\/\/macite.tg\/#\/schema\/person\/e9f2de7e5dbbe7770a9402c7ce82f5c2"},"headline":"INSOLITE\u00a0: Cet \u2018\u2019homme de Dieu\u2019\u2019 pr\u00e9dit sa propre mort&#8230;","datePublished":"2025-08-12T16:58:48+00:00","dateModified":"2025-08-12T16:58:57+00:00","mainEntityOfPage":{"@id":"https:\/\/macite.tg\/?p=24183"},"wordCount":250,"commentCount":0,"image":{"@id":"https:\/\/macite.tg\/?p=24183#primaryimage"},"thumbnailUrl":"https:\/\/macite.tg\/wp-content\/uploads\/2025\/08\/image-57.png","articleSection":["ACTUALITE","INSOLITE"],"inLanguage":"fr-FR","potentialAction":[{"@type":"CommentAction","name":"Comment","target":["https:\/\/macite.tg\/?p=24183#respond"]}]},{"@type":"WebPage","@id":"https:\/\/macite.tg\/?p=24183","url":"https:\/\/macite.tg\/?p=24183","name":"INSOLITE\u00a0: Cet \u2018\u2019homme de Dieu\u2019\u2019 pr\u00e9dit sa propre mort... -","isPartOf":{"@id":"https:\/\/macite.tg\/#website"},"primaryImageOfPage":{"@id":"https:\/\/macite.tg\/?p=24183#primaryimage"},"image":{"@id":"https:\/\/macite.tg\/?p=24183#primaryimage"},"thumbnailUrl":"https:\/\/macite.tg\/wp-content\/uploads\/2025\/08\/image-57.png","datePublished":"2025-08-12T16:58:48+00:00","dateModified":"2025-08-12T16:58:57+00:00","author":{"@id":"https:\/\/macite.tg\/#\/schema\/person\/e9f2de7e5dbbe7770a9402c7ce82f5c2"},"breadcrumb":{"@id":"https:\/\/macite.tg\/?p=24183#breadcrumb"},"inLanguage":"fr-FR","potentialAction":[{"@type":"ReadAction","target":["https:\/\/macite.tg\/?p=24183"]}]},{"@type":"ImageObject","inLanguage":"fr-FR","@id":"https:\/\/macite.tg\/?p=24183#primaryimage","url":"https:\/\/macite.tg\/wp-content\/uploads\/2025\/08\/image-57.png","contentUrl":"https:\/\/macite.tg\/wp-content\/uploads\/2025\/08\/image-57.png","width":300,"height":169,"caption":"Le pasteur Enoch Adejare Adeboye"},{"@type":"BreadcrumbList","@id":"https:\/\/macite.tg\/?p=24183#breadcrumb","itemListElement":[{"@type":"ListItem","position":1,"name":"Accueil","item":"https:\/\/macite.tg\/"},{"@type":"ListItem","position":2,"name":"INSOLITE\u00a0: Cet \u2018\u2019homme de Dieu\u2019\u2019 pr\u00e9dit sa propre mort&#8230;"}]},{"@type":"WebSite","@id":"https:\/\/macite.tg\/#website","url":"https:\/\/macite.tg\/","name":"","description":"L&#039;information, la bonne!!!","potentialAction":[{"@type":"SearchAction","target":{"@type":"EntryPoint","urlTemplate":"https:\/\/macite.tg\/?s={search_term_string}"},"query-input":{"@type":"PropertyValueSpecification","valueRequired":true,"valueName":"search_term_string"}}],"inLanguage":"fr-FR"},{"@type":"Person","@id":"https:\/\/macite.tg\/#\/schema\/person\/e9f2de7e5dbbe7770a9402c7ce82f5c2","name":"Jean Pierre BAWELA","image":{"@type":"ImageObject","inLanguage":"fr-FR","@id":"https:\/\/macite.tg\/wp-content\/uploads\/2023\/09\/WhatsApp-Image-2023-09-19-at-14.44.41-122x122.jpeg","url":"https:\/\/macite.tg\/wp-content\/uploads\/2023\/09\/WhatsApp-Image-2023-09-19-at-14.44.41-122x122.jpeg","contentUrl":"https:\/\/macite.tg\/wp-content\/uploads\/2023\/09\/WhatsApp-Image-2023-09-19-at-14.44.41-122x122.jpeg","caption":"Jean Pierre BAWELA"},"url":"https:\/\/macite.tg\/?author=2"}]}},"_links":{"self":[{"href":"https:\/\/macite.tg\/index.php?rest_route=\/wp\/v2\/posts\/24183","targetHints":{"allow":["GET"]}}],"collection":[{"href":"https:\/\/macite.tg\/index.php?rest_route=\/wp\/v2\/posts"}],"about":[{"href":"https:\/\/macite.tg\/index.php?rest_route=\/wp\/v2\/types\/post"}],"author":[{"embeddable":true,"href":"https:\/\/macite.tg\/index.php?rest_route=\/wp\/v2\/users\/2"}],"replies":[{"embeddable":true,"href":"https:\/\/macite.tg\/index.php?rest_route=%2Fwp%2Fv2%2Fcomments&post=24183"}],"version-history":[{"count":0,"href":"https:\/\/macite.tg\/index.php?rest_route=\/wp\/v2\/posts\/24183\/revisions"}],"wp:featuredmedia":[{"embeddable":true,"href":"https:\/\/macite.tg\/index.php?rest_route=\/wp\/v2\/media\/24185"}],"wp:attachment":[{"href":"https:\/\/macite.tg\/index.php?rest_route=%2Fwp%2Fv2%2Fmedia&parent=24183"}],"wp:term":[{"taxonomy":"category","embeddable":true,"href":"https:\/\/macite.tg\/index.php?rest_route=%2Fwp%2Fv2%2Fcategories&post=24183"},{"taxonomy":"post_tag","embeddable":true,"href":"https:\/\/macite.tg\/index.php?rest_route=%2Fwp%2Fv2%2Ftags&post=24183"}],"curies":[{"name":"wp","href":"https:\/\/api.w.org\/{rel}","templated":true}]}}