{"id":24179,"date":"2025-08-12T16:51:26","date_gmt":"2025-08-12T16:51:26","guid":{"rendered":"https:\/\/macite.tg\/?p=24179"},"modified":"2025-08-12T16:51:36","modified_gmt":"2025-08-12T16:51:36","slug":"marche-financier-regional-le-tresor-public-togolais-a-mobilise-33-milliards-de-fcfa","status":"publish","type":"post","link":"https:\/\/macite.tg\/?p=24179","title":{"rendered":"MARCHE FINANCIER REGIONAL : Le Tr\u00e9sor public togolais a mobilis\u00e9 33 milliards de FCFA"},"content":{"rendered":"\n<p class=\"wp-block-paragraph\"><strong><em>Revoici le Togo sur le march\u00e9 des titres publics de l&rsquo;Union mon\u00e9taire ouest-africaine (Umoa-Titres) apr\u00e8s deux mois de pause. Le Tr\u00e9sor public togolais a mobilis\u00e9, hier lundi 11 ao\u00fbt, une enveloppe de 33 milliards de francs cfa via des Bons assimilables au tr\u00e9sor (BAT).<\/em><\/strong><\/p>\n\n\n\n<p class=\"wp-block-paragraph\">A la qu\u00eate de 30 milliards de francs CFA, les op\u00e9rateurs \u00e9conomiques de la sous-r\u00e9gion ont propos\u00e9 une enveloppe de 60 milliards de FCFA, soit un taux de couverture de 200,53%.<\/p>\n\n\n<div class=\"wp-block-image\">\n<figure class=\"aligncenter size-full\"><img loading=\"lazy\" decoding=\"async\" width=\"851\" height=\"315\" src=\"https:\/\/macite.tg\/wp-content\/uploads\/2025\/08\/OTR_Ferer-pour-batir-1.jpg\" alt=\"\" class=\"wp-image-24078\" srcset=\"https:\/\/macite.tg\/wp-content\/uploads\/2025\/08\/OTR_Ferer-pour-batir-1.jpg 851w, https:\/\/macite.tg\/wp-content\/uploads\/2025\/08\/OTR_Ferer-pour-batir-1-300x111.jpg 300w, https:\/\/macite.tg\/wp-content\/uploads\/2025\/08\/OTR_Ferer-pour-batir-1-768x284.jpg 768w\" sizes=\"auto, (max-width: 851px) 100vw, 851px\" \/><\/figure>\n<\/div>\n\n\n<p class=\"wp-block-paragraph\">D\u2019apr\u00e8s la fiche technique de l\u2019op\u00e9ration, les fonds ont \u00e9t\u00e9 mobilis\u00e9s \u00e0 travers des titres publics d\u2019une maturit\u00e9 de 91 jours, \u00e9mis \u00e0 des taux d\u2019int\u00e9r\u00eats multiples.<\/p>\n\n\n<div class=\"wp-block-image\">\n<figure class=\"aligncenter size-full\"><img loading=\"lazy\" decoding=\"async\" width=\"500\" height=\"500\" src=\"https:\/\/macite.tg\/wp-content\/uploads\/2025\/08\/Geo-ref.jpg\" alt=\"\" class=\"wp-image-24028\" srcset=\"https:\/\/macite.tg\/wp-content\/uploads\/2025\/08\/Geo-ref.jpg 500w, https:\/\/macite.tg\/wp-content\/uploads\/2025\/08\/Geo-ref-300x300.jpg 300w, https:\/\/macite.tg\/wp-content\/uploads\/2025\/08\/Geo-ref-150x150.jpg 150w, https:\/\/macite.tg\/wp-content\/uploads\/2025\/08\/Geo-ref-122x122.jpg 122w\" sizes=\"auto, (max-width: 500px) 100vw, 500px\" \/><\/figure>\n<\/div>\n\n\n<p class=\"wp-block-paragraph\">Avec ce nouveau succ\u00e8s sur le march\u00e9 financier r\u00e9gional, le Togo porte \u00e0 264,5 milliards FCFA les fonds mobilis\u00e9s, sur un objectif annuel fix\u00e9 \u00e0 332 milliards FCFA.<\/p>\n\n\n\n<p class=\"wp-block-paragraph\"><strong>La R\u00e9daction<\/strong><\/p>\n\n\n\n<p class=\"wp-block-paragraph\"><a><strong><em>@macite.tg&nbsp;&nbsp;&nbsp;&nbsp;&nbsp;&nbsp;&nbsp;&nbsp;<\/em><\/strong><\/a><\/p>\n\n\n\n<p class=\"wp-block-paragraph\"><strong><em>E-mail&nbsp;: <\/em><\/strong><a href=\"mailto:maciteinfo@gmail.com\"><strong><em>maciteinfo@gmail.com<\/em><\/strong><\/a><strong><em>; <\/em><\/strong><a href=\"mailto:bawela1@gmail.com\"><strong><em>bawela1@gmail.com<\/em><\/strong><\/a><strong><em><\/em><\/strong><\/p>\n\n\n\n<p class=\"wp-block-paragraph\"><strong><em>Pour vos annonces, (publi)reportages, etc., joignez-nous au (00228)91515309\/<strong>79872224 <\/strong><strong><\/strong><\/em><\/strong><\/p>\n\n\n\n<p class=\"wp-block-paragraph\"><strong><em>www.macite.tg, L\u2019information, la bonne&nbsp;!<\/em><\/strong><\/p>\n\n\n\n<p class=\"wp-block-paragraph\"><\/p>\n","protected":false},"excerpt":{"rendered":"<p class=\"text-justify mb-2\" >Revoici le Togo sur le march\u00e9 des titres publics de l&rsquo;Union mon\u00e9taire ouest-africaine (Umoa-Titres) apr\u00e8s deux mois de pause. Le Tr\u00e9sor public togolais a mobilis\u00e9, hier lundi 11 ao\u00fbt, une enveloppe de 33 milliards de francs cfa via des Bons assimilables au tr\u00e9sor (BAT). A [&hellip;]<\/p>\n","protected":false},"author":2,"featured_media":24181,"comment_status":"open","ping_status":"open","sticky":false,"template":"","format":"standard","meta":{"footnotes":""},"categories":[20,42],"tags":[],"class_list":["post-24179","post","type-post","status-publish","format-standard","has-post-thumbnail","hentry","category-actualite","category-finances"],"yoast_head":"<!-- This site is optimized with the Yoast SEO plugin v28.4 - https:\/\/yoast.com\/product\/yoast-seo-wordpress\/ -->\n<title>MARCHE FINANCIER REGIONAL : Le Tr\u00e9sor public togolais a mobilis\u00e9 33 milliards de FCFA -<\/title>\n<meta name=\"robots\" content=\"index, follow, max-snippet:-1, max-image-preview:large, max-video-preview:-1\" \/>\n<link rel=\"canonical\" href=\"https:\/\/macite.tg\/?p=24179\" \/>\n<meta property=\"og:locale\" content=\"fr_FR\" \/>\n<meta property=\"og:type\" content=\"article\" \/>\n<meta property=\"og:title\" content=\"MARCHE FINANCIER REGIONAL : Le Tr\u00e9sor public togolais a mobilis\u00e9 33 milliards de FCFA -\" \/>\n<meta property=\"og:description\" content=\"Revoici le Togo sur le march\u00e9 des titres publics de l&rsquo;Union mon\u00e9taire ouest-africaine (Umoa-Titres) apr\u00e8s deux mois de pause. Le Tr\u00e9sor public togolais a mobilis\u00e9, hier lundi 11 ao\u00fbt, une enveloppe de 33 milliards de francs cfa via des Bons assimilables au tr\u00e9sor (BAT). A [&hellip;]\" \/>\n<meta property=\"og:url\" content=\"https:\/\/macite.tg\/?p=24179\" \/>\n<meta property=\"article:published_time\" content=\"2025-08-12T16:51:26+00:00\" \/>\n<meta property=\"article:modified_time\" content=\"2025-08-12T16:51:36+00:00\" \/>\n<meta property=\"og:image\" content=\"https:\/\/macite.tg\/wp-content\/uploads\/2025\/08\/image-56.png\" \/>\n\t<meta property=\"og:image:width\" content=\"442\" \/>\n\t<meta property=\"og:image:height\" content=\"268\" \/>\n\t<meta property=\"og:image:type\" content=\"image\/png\" \/>\n<meta name=\"author\" content=\"Jean Pierre BAWELA\" \/>\n<meta name=\"twitter:card\" content=\"summary_large_image\" \/>\n<meta name=\"twitter:label1\" content=\"\u00c9crit par\" \/>\n\t<meta name=\"twitter:data1\" content=\"Jean Pierre BAWELA\" \/>\n\t<meta name=\"twitter:label2\" content=\"Dur\u00e9e de lecture estim\u00e9e\" \/>\n\t<meta name=\"twitter:data2\" content=\"2 minutes\" \/>\n<script type=\"application\/ld+json\" class=\"yoast-schema-graph\">{\"@context\":\"https:\\\/\\\/schema.org\",\"@graph\":[{\"@type\":\"Article\",\"@id\":\"https:\\\/\\\/macite.tg\\\/?p=24179#article\",\"isPartOf\":{\"@id\":\"https:\\\/\\\/macite.tg\\\/?p=24179\"},\"author\":{\"name\":\"Jean Pierre BAWELA\",\"@id\":\"https:\\\/\\\/macite.tg\\\/#\\\/schema\\\/person\\\/e9f2de7e5dbbe7770a9402c7ce82f5c2\"},\"headline\":\"MARCHE FINANCIER REGIONAL : Le Tr\u00e9sor public togolais a mobilis\u00e9 33 milliards de FCFA\",\"datePublished\":\"2025-08-12T16:51:26+00:00\",\"dateModified\":\"2025-08-12T16:51:36+00:00\",\"mainEntityOfPage\":{\"@id\":\"https:\\\/\\\/macite.tg\\\/?p=24179\"},\"wordCount\":189,\"commentCount\":0,\"image\":{\"@id\":\"https:\\\/\\\/macite.tg\\\/?p=24179#primaryimage\"},\"thumbnailUrl\":\"https:\\\/\\\/macite.tg\\\/wp-content\\\/uploads\\\/2025\\\/08\\\/image-56.png\",\"articleSection\":[\"ACTUALITE\",\"FINANCES\"],\"inLanguage\":\"fr-FR\",\"potentialAction\":[{\"@type\":\"CommentAction\",\"name\":\"Comment\",\"target\":[\"https:\\\/\\\/macite.tg\\\/?p=24179#respond\"]}]},{\"@type\":\"WebPage\",\"@id\":\"https:\\\/\\\/macite.tg\\\/?p=24179\",\"url\":\"https:\\\/\\\/macite.tg\\\/?p=24179\",\"name\":\"MARCHE FINANCIER REGIONAL : Le Tr\u00e9sor public togolais a mobilis\u00e9 33 milliards de FCFA -\",\"isPartOf\":{\"@id\":\"https:\\\/\\\/macite.tg\\\/#website\"},\"primaryImageOfPage\":{\"@id\":\"https:\\\/\\\/macite.tg\\\/?p=24179#primaryimage\"},\"image\":{\"@id\":\"https:\\\/\\\/macite.tg\\\/?p=24179#primaryimage\"},\"thumbnailUrl\":\"https:\\\/\\\/macite.tg\\\/wp-content\\\/uploads\\\/2025\\\/08\\\/image-56.png\",\"datePublished\":\"2025-08-12T16:51:26+00:00\",\"dateModified\":\"2025-08-12T16:51:36+00:00\",\"author\":{\"@id\":\"https:\\\/\\\/macite.tg\\\/#\\\/schema\\\/person\\\/e9f2de7e5dbbe7770a9402c7ce82f5c2\"},\"breadcrumb\":{\"@id\":\"https:\\\/\\\/macite.tg\\\/?p=24179#breadcrumb\"},\"inLanguage\":\"fr-FR\",\"potentialAction\":[{\"@type\":\"ReadAction\",\"target\":[\"https:\\\/\\\/macite.tg\\\/?p=24179\"]}]},{\"@type\":\"ImageObject\",\"inLanguage\":\"fr-FR\",\"@id\":\"https:\\\/\\\/macite.tg\\\/?p=24179#primaryimage\",\"url\":\"https:\\\/\\\/macite.tg\\\/wp-content\\\/uploads\\\/2025\\\/08\\\/image-56.png\",\"contentUrl\":\"https:\\\/\\\/macite.tg\\\/wp-content\\\/uploads\\\/2025\\\/08\\\/image-56.png\",\"width\":442,\"height\":268},{\"@type\":\"BreadcrumbList\",\"@id\":\"https:\\\/\\\/macite.tg\\\/?p=24179#breadcrumb\",\"itemListElement\":[{\"@type\":\"ListItem\",\"position\":1,\"name\":\"Accueil\",\"item\":\"https:\\\/\\\/macite.tg\\\/\"},{\"@type\":\"ListItem\",\"position\":2,\"name\":\"MARCHE FINANCIER REGIONAL : Le Tr\u00e9sor public togolais a mobilis\u00e9 33 milliards de FCFA\"}]},{\"@type\":\"WebSite\",\"@id\":\"https:\\\/\\\/macite.tg\\\/#website\",\"url\":\"https:\\\/\\\/macite.tg\\\/\",\"name\":\"\",\"description\":\"L&#039;information, la bonne!!!\",\"potentialAction\":[{\"@type\":\"SearchAction\",\"target\":{\"@type\":\"EntryPoint\",\"urlTemplate\":\"https:\\\/\\\/macite.tg\\\/?s={search_term_string}\"},\"query-input\":{\"@type\":\"PropertyValueSpecification\",\"valueRequired\":true,\"valueName\":\"search_term_string\"}}],\"inLanguage\":\"fr-FR\"},{\"@type\":\"Person\",\"@id\":\"https:\\\/\\\/macite.tg\\\/#\\\/schema\\\/person\\\/e9f2de7e5dbbe7770a9402c7ce82f5c2\",\"name\":\"Jean Pierre BAWELA\",\"image\":{\"@type\":\"ImageObject\",\"inLanguage\":\"fr-FR\",\"@id\":\"https:\\\/\\\/macite.tg\\\/wp-content\\\/uploads\\\/2023\\\/09\\\/WhatsApp-Image-2023-09-19-at-14.44.41-122x122.jpeg\",\"url\":\"https:\\\/\\\/macite.tg\\\/wp-content\\\/uploads\\\/2023\\\/09\\\/WhatsApp-Image-2023-09-19-at-14.44.41-122x122.jpeg\",\"contentUrl\":\"https:\\\/\\\/macite.tg\\\/wp-content\\\/uploads\\\/2023\\\/09\\\/WhatsApp-Image-2023-09-19-at-14.44.41-122x122.jpeg\",\"caption\":\"Jean Pierre BAWELA\"},\"url\":\"https:\\\/\\\/macite.tg\\\/?author=2\"}]}<\/script>\n<!-- \/ Yoast SEO plugin. -->","yoast_head_json":{"title":"MARCHE FINANCIER REGIONAL : Le Tr\u00e9sor public togolais a mobilis\u00e9 33 milliards de FCFA -","robots":{"index":"index","follow":"follow","max-snippet":"max-snippet:-1","max-image-preview":"max-image-preview:large","max-video-preview":"max-video-preview:-1"},"canonical":"https:\/\/macite.tg\/?p=24179","og_locale":"fr_FR","og_type":"article","og_title":"MARCHE FINANCIER REGIONAL : Le Tr\u00e9sor public togolais a mobilis\u00e9 33 milliards de FCFA -","og_description":"Revoici le Togo sur le march\u00e9 des titres publics de l&rsquo;Union mon\u00e9taire ouest-africaine (Umoa-Titres) apr\u00e8s deux mois de pause. Le Tr\u00e9sor public togolais a mobilis\u00e9, hier lundi 11 ao\u00fbt, une enveloppe de 33 milliards de francs cfa via des Bons assimilables au tr\u00e9sor (BAT). A [&hellip;]","og_url":"https:\/\/macite.tg\/?p=24179","article_published_time":"2025-08-12T16:51:26+00:00","article_modified_time":"2025-08-12T16:51:36+00:00","og_image":[{"width":442,"height":268,"url":"https:\/\/macite.tg\/wp-content\/uploads\/2025\/08\/image-56.png","type":"image\/png"}],"author":"Jean Pierre BAWELA","twitter_card":"summary_large_image","twitter_misc":{"\u00c9crit par":"Jean Pierre BAWELA","Dur\u00e9e de lecture estim\u00e9e":"2 minutes"},"schema":{"@context":"https:\/\/schema.org","@graph":[{"@type":"Article","@id":"https:\/\/macite.tg\/?p=24179#article","isPartOf":{"@id":"https:\/\/macite.tg\/?p=24179"},"author":{"name":"Jean Pierre BAWELA","@id":"https:\/\/macite.tg\/#\/schema\/person\/e9f2de7e5dbbe7770a9402c7ce82f5c2"},"headline":"MARCHE FINANCIER REGIONAL : Le Tr\u00e9sor public togolais a mobilis\u00e9 33 milliards de FCFA","datePublished":"2025-08-12T16:51:26+00:00","dateModified":"2025-08-12T16:51:36+00:00","mainEntityOfPage":{"@id":"https:\/\/macite.tg\/?p=24179"},"wordCount":189,"commentCount":0,"image":{"@id":"https:\/\/macite.tg\/?p=24179#primaryimage"},"thumbnailUrl":"https:\/\/macite.tg\/wp-content\/uploads\/2025\/08\/image-56.png","articleSection":["ACTUALITE","FINANCES"],"inLanguage":"fr-FR","potentialAction":[{"@type":"CommentAction","name":"Comment","target":["https:\/\/macite.tg\/?p=24179#respond"]}]},{"@type":"WebPage","@id":"https:\/\/macite.tg\/?p=24179","url":"https:\/\/macite.tg\/?p=24179","name":"MARCHE FINANCIER REGIONAL : Le Tr\u00e9sor public togolais a mobilis\u00e9 33 milliards de FCFA -","isPartOf":{"@id":"https:\/\/macite.tg\/#website"},"primaryImageOfPage":{"@id":"https:\/\/macite.tg\/?p=24179#primaryimage"},"image":{"@id":"https:\/\/macite.tg\/?p=24179#primaryimage"},"thumbnailUrl":"https:\/\/macite.tg\/wp-content\/uploads\/2025\/08\/image-56.png","datePublished":"2025-08-12T16:51:26+00:00","dateModified":"2025-08-12T16:51:36+00:00","author":{"@id":"https:\/\/macite.tg\/#\/schema\/person\/e9f2de7e5dbbe7770a9402c7ce82f5c2"},"breadcrumb":{"@id":"https:\/\/macite.tg\/?p=24179#breadcrumb"},"inLanguage":"fr-FR","potentialAction":[{"@type":"ReadAction","target":["https:\/\/macite.tg\/?p=24179"]}]},{"@type":"ImageObject","inLanguage":"fr-FR","@id":"https:\/\/macite.tg\/?p=24179#primaryimage","url":"https:\/\/macite.tg\/wp-content\/uploads\/2025\/08\/image-56.png","contentUrl":"https:\/\/macite.tg\/wp-content\/uploads\/2025\/08\/image-56.png","width":442,"height":268},{"@type":"BreadcrumbList","@id":"https:\/\/macite.tg\/?p=24179#breadcrumb","itemListElement":[{"@type":"ListItem","position":1,"name":"Accueil","item":"https:\/\/macite.tg\/"},{"@type":"ListItem","position":2,"name":"MARCHE FINANCIER REGIONAL : Le Tr\u00e9sor public togolais a mobilis\u00e9 33 milliards de FCFA"}]},{"@type":"WebSite","@id":"https:\/\/macite.tg\/#website","url":"https:\/\/macite.tg\/","name":"","description":"L&#039;information, la bonne!!!","potentialAction":[{"@type":"SearchAction","target":{"@type":"EntryPoint","urlTemplate":"https:\/\/macite.tg\/?s={search_term_string}"},"query-input":{"@type":"PropertyValueSpecification","valueRequired":true,"valueName":"search_term_string"}}],"inLanguage":"fr-FR"},{"@type":"Person","@id":"https:\/\/macite.tg\/#\/schema\/person\/e9f2de7e5dbbe7770a9402c7ce82f5c2","name":"Jean Pierre BAWELA","image":{"@type":"ImageObject","inLanguage":"fr-FR","@id":"https:\/\/macite.tg\/wp-content\/uploads\/2023\/09\/WhatsApp-Image-2023-09-19-at-14.44.41-122x122.jpeg","url":"https:\/\/macite.tg\/wp-content\/uploads\/2023\/09\/WhatsApp-Image-2023-09-19-at-14.44.41-122x122.jpeg","contentUrl":"https:\/\/macite.tg\/wp-content\/uploads\/2023\/09\/WhatsApp-Image-2023-09-19-at-14.44.41-122x122.jpeg","caption":"Jean Pierre BAWELA"},"url":"https:\/\/macite.tg\/?author=2"}]}},"_links":{"self":[{"href":"https:\/\/macite.tg\/index.php?rest_route=\/wp\/v2\/posts\/24179","targetHints":{"allow":["GET"]}}],"collection":[{"href":"https:\/\/macite.tg\/index.php?rest_route=\/wp\/v2\/posts"}],"about":[{"href":"https:\/\/macite.tg\/index.php?rest_route=\/wp\/v2\/types\/post"}],"author":[{"embeddable":true,"href":"https:\/\/macite.tg\/index.php?rest_route=\/wp\/v2\/users\/2"}],"replies":[{"embeddable":true,"href":"https:\/\/macite.tg\/index.php?rest_route=%2Fwp%2Fv2%2Fcomments&post=24179"}],"version-history":[{"count":0,"href":"https:\/\/macite.tg\/index.php?rest_route=\/wp\/v2\/posts\/24179\/revisions"}],"wp:featuredmedia":[{"embeddable":true,"href":"https:\/\/macite.tg\/index.php?rest_route=\/wp\/v2\/media\/24181"}],"wp:attachment":[{"href":"https:\/\/macite.tg\/index.php?rest_route=%2Fwp%2Fv2%2Fmedia&parent=24179"}],"wp:term":[{"taxonomy":"category","embeddable":true,"href":"https:\/\/macite.tg\/index.php?rest_route=%2Fwp%2Fv2%2Fcategories&post=24179"},{"taxonomy":"post_tag","embeddable":true,"href":"https:\/\/macite.tg\/index.php?rest_route=%2Fwp%2Fv2%2Ftags&post=24179"}],"curies":[{"name":"wp","href":"https:\/\/api.w.org\/{rel}","templated":true}]}}