{"id":24173,"date":"2025-08-12T13:51:58","date_gmt":"2025-08-12T13:51:58","guid":{"rendered":"https:\/\/macite.tg\/?p=24173"},"modified":"2025-08-12T13:52:02","modified_gmt":"2025-08-12T13:52:02","slug":"commerce-transfrontalier-a-petite-echelle-un-levier-puissant-de-developpement-economique-et-social","status":"publish","type":"post","link":"https:\/\/macite.tg\/?p=24173","title":{"rendered":"COMMERCE TRANSFRONTALIER A PETITE ECHELLE : Un levier puissant de d\u00e9veloppement \u00e9conomique et social"},"content":{"rendered":"\n<p class=\"wp-block-paragraph\"><strong><em>En juillet dernier, le Togo a accueilli la Caravane de sensibilisation, d&rsquo;information et de formation sur le commerce frontalier \u00e0 petite \u00e9chelle. Initi\u00e9e par la CEDEAO, l&rsquo;objectif g\u00e9n\u00e9ral de l&rsquo;\u00e9dition 2025 est de favoriser le commerce transfrontalier et d&rsquo;optimiser les op\u00e9rations des petits commer\u00e7ants, en renfor\u00e7ant leur connaissance et leur compr\u00e9hension des r\u00e9glementations ainsi que des initiatives communautaires connexes.&nbsp;<\/em><\/strong><\/p>\n\n\n\n<p class=\"wp-block-paragraph\">A travers une s\u00e9rie d&rsquo;activit\u00e9s d&rsquo;information, la caravane a pour but de sensibiliser et de former les femmes et tous les acteurs concern\u00e9s par le commerce transfrontalier \u00e0 petite \u00e9chelle, le long des corridors reliant les \u00c9tats membres de la CEDEAO. <em>\u00ab\u00a0Ce lancement nous a permis d&rsquo;acqu\u00e9rir de pr\u00e9cieuses connaissances, de mieux comprendre nos droits et devoirs relatifs aux fronti\u00e8res dans l&rsquo;exercice de notre commerce. Cet enseignement nous permettra d\u00e9sormais de mieux g\u00e9rer nos activit\u00e9s, et de traverser les fronti\u00e8res avec plus d&rsquo;efficacit\u00e9 et de s\u00e9r\u00e9nit\u00e9\u00a0\u00bb,<\/em> a d\u00e9clar\u00e9 Chantal Kpelemia, la repr\u00e9sentante des commer\u00e7antes transfrontali\u00e8res \u00e0 petite \u00e9chelle du Togo.<\/p>\n\n\n<div class=\"wp-block-image\">\n<figure class=\"aligncenter size-full is-resized\"><img loading=\"lazy\" decoding=\"async\" width=\"690\" height=\"170\" src=\"https:\/\/macite.tg\/wp-content\/uploads\/2025\/08\/OTR_TVM-1.jpg\" alt=\"\" class=\"wp-image-24129\" style=\"width:840px;height:auto\" srcset=\"https:\/\/macite.tg\/wp-content\/uploads\/2025\/08\/OTR_TVM-1.jpg 690w, https:\/\/macite.tg\/wp-content\/uploads\/2025\/08\/OTR_TVM-1-300x74.jpg 300w\" sizes=\"auto, (max-width: 690px) 100vw, 690px\" \/><\/figure>\n<\/div>\n\n\n<p class=\"wp-block-paragraph\">Au minist\u00e8re du commerce, on informe que le commerce transfrontalier \u00e0 petite \u00e9chelle repr\u00e9sente aujourd&rsquo;hui pr\u00e8s de la moiti\u00e9 des \u00e9changes commerciaux intra-africains, et constitue le principal revenu de subsistance pour des milliers de femmes et de jeunes engag\u00e9s dans ce domaine. Au Togo, les femmes contribuent \u00e0 plus de 50% du PIB et sont majoritaires dans le secteur informel. Elles occupent une part significative dans le volume des activit\u00e9s commerciales.<\/p>\n\n\n\n<p class=\"wp-block-paragraph\">Dans ce cadre, le gouvernement togolais a engag\u00e9 des r\u00e9formes : Togo Trade Portal, pour un acc\u00e8s num\u00e9rique \u00e0 l&rsquo;information commerciale ; r\u00e9duction des documents d&rsquo;exportation \u00e0 fournir ; guichet unique SEGUCE, pour simplifier les formalit\u00e9s douani\u00e8res ; m\u00e9canisme d&rsquo;Alerte aux Obstacles au Commerce (MAOC), pour signaler et r\u00e9soudre les difficult\u00e9s ; accompagnement cibl\u00e9 des PME, notamment f\u00e9minines, pour leur int\u00e9gration aux cha\u00eenes de valeur r\u00e9gionales.<\/p>\n\n\n\n<p class=\"wp-block-paragraph\">Pour les autorit\u00e9s, le commerce transfrontalier \u00e0 petite \u00e9chelle est un levier puissant de d\u00e9veloppement \u00e9conomique et social. Il concerne principalement les femmes et les jeunes filles, qui y trouvent une source de revenu et de dignit\u00e9. Dans les march\u00e9s, sur les routes, aux fronti\u00e8res, les femmes sont au c\u0153ur des flux \u00e9conomiques informels.<\/p>\n\n\n<div class=\"wp-block-image\">\n<figure class=\"aligncenter size-full\"><img loading=\"lazy\" decoding=\"async\" width=\"851\" height=\"315\" src=\"https:\/\/macite.tg\/wp-content\/uploads\/2025\/08\/OTR_Ferer-pour-batir-1.jpg\" alt=\"\" class=\"wp-image-24078\" srcset=\"https:\/\/macite.tg\/wp-content\/uploads\/2025\/08\/OTR_Ferer-pour-batir-1.jpg 851w, https:\/\/macite.tg\/wp-content\/uploads\/2025\/08\/OTR_Ferer-pour-batir-1-300x111.jpg 300w, https:\/\/macite.tg\/wp-content\/uploads\/2025\/08\/OTR_Ferer-pour-batir-1-768x284.jpg 768w\" sizes=\"auto, (max-width: 851px) 100vw, 851px\" \/><\/figure>\n<\/div>\n\n\n<p class=\"wp-block-paragraph\"><em>\u00ab&nbsp;Soutenir les commer\u00e7antes transfrontali\u00e8res, c&rsquo;est investir dans la coh\u00e9sion r\u00e9gionale, la paix dans la sous-r\u00e9gion et dans un mod\u00e8le de d\u00e9veloppement inclusif et durable, des valeurs ch\u00e8res au Pr\u00e9sident du Conseil, SEM Faure Essozimna Gnassingb\u00e9 \u00bb,<\/em> a indiqu\u00e9 la ministre de l&rsquo;action sociale, de la Solidarit\u00e9 et de la Promotion de la Femme lors du lancement de la caravane \u00e0 Lom\u00e9. Elle a formul\u00e9 le v\u0153u que cette campagne permette de mesurer le chemin parcouru, de r\u00e9affirmer les engagements des Etats, et surtout, d&rsquo;ouvrir de nouvelles perspectives pour ces femmes courageuses, r\u00e9silientes et battantes, qui portent les \u00e9conomies des Etats.<\/p>\n\n\n\n<p class=\"wp-block-paragraph\">En effet, le Centre de la CEDEAO pour le D\u00e9veloppement du Genre (CCDG)-Dakar rel\u00e8ve que toutes ces transactions aux fronti\u00e8res contribuent fortement \u00e0 la g\u00e9n\u00e9ration de richesses, \u00e0 la cr\u00e9ation d&#8217;emplois, \u00e0 la r\u00e9duction de la pauvret\u00e9 et \u00e0 la s\u00e9curit\u00e9 alimentaire au sein des m\u00e9nages vu la densit\u00e9 et de l&rsquo;intensit\u00e9 des flux commerciaux qui s&rsquo;y d\u00e9roulent.<\/p>\n\n\n\n<p class=\"wp-block-paragraph\"><em>\u00ab&nbsp;Cette campagne d&rsquo;information et de sensibilisation des commer\u00e7antes transfrontali\u00e8res \u00e0 petite \u00e9chelle repr\u00e9sente une \u00e9tape majeure dans les efforts collectifs pour soutenir et renforcer l&rsquo;autonomisation \u00e9conomique de ces femmes&nbsp;\u00bb,<\/em> a d\u00e9clar\u00e9 Sandra Oulate Fattoh, Directrice du CCDG. Elle a pr\u00e9cis\u00e9 que cette initiative va contribuer \u00e0 b\u00e2tir des p\u00f4les \u00e9conomiques durables, \u00e0 renforcer l&rsquo;autonomisation des femmes, et \u00e0 promouvoir une int\u00e9gration r\u00e9gionale inclusive et prosp\u00e8re.<\/p>\n\n\n\n<p class=\"wp-block-paragraph\">Il est \u00e0 noter que l&rsquo;\u00e9dition 2025 de la campagne servira \u00e9galement de plateforme de retour d&rsquo;exp\u00e9rience, afin de recueillir des informations pr\u00e9cieuses aupr\u00e8s des femmes et des parties prenantes ayant particip\u00e9 aux \u00e9ditions ant\u00e9rieures.<\/p>\n\n\n<div class=\"wp-block-image\">\n<figure class=\"aligncenter size-large is-resized\"><img loading=\"lazy\" decoding=\"async\" width=\"741\" height=\"1024\" src=\"https:\/\/macite.tg\/wp-content\/uploads\/2025\/08\/FORMATIONS-A-LA-CARTE-1-741x1024.png\" alt=\"\" class=\"wp-image-24174\" style=\"width:565px;height:auto\" srcset=\"https:\/\/macite.tg\/wp-content\/uploads\/2025\/08\/FORMATIONS-A-LA-CARTE-1-741x1024.png 741w, https:\/\/macite.tg\/wp-content\/uploads\/2025\/08\/FORMATIONS-A-LA-CARTE-1-217x300.png 217w, https:\/\/macite.tg\/wp-content\/uploads\/2025\/08\/FORMATIONS-A-LA-CARTE-1-768x1061.png 768w, https:\/\/macite.tg\/wp-content\/uploads\/2025\/08\/FORMATIONS-A-LA-CARTE-1-1112x1536.png 1112w, https:\/\/macite.tg\/wp-content\/uploads\/2025\/08\/FORMATIONS-A-LA-CARTE-1-1483x2048.png 1483w\" sizes=\"auto, (max-width: 741px) 100vw, 741px\" \/><\/figure>\n<\/div>\n\n\n<p class=\"wp-block-paragraph\">R\u00e9alis\u00e9e avec le soutien du Gouvernement togolais, \u00e0 travers le Minist\u00e8re de l&rsquo;Action sociale, de la Solidarit\u00e9 et de la Promotion de la Femme, cette initiative a permis aux revendeuses de produits agricoles, de denr\u00e9es alimentaires, de produits agro-industriels transform\u00e9s et aux prestataires de services, qui traversent quotidiennement les fronti\u00e8res, d&rsquo;approfondir leur compr\u00e9hension des textes communautaires, des instruments d&rsquo;int\u00e9gration r\u00e9gionale, ainsi que des m\u00e9canismes de protection de leurs droits dans l&rsquo;exercice de leurs activit\u00e9s.<\/p>\n\n\n\n<p class=\"wp-block-paragraph\"><strong>Koudjoukabalou (In LE MEDIUM n\u00b0665 du 12 au 18 Ao\u00fbt 2025)<\/strong><\/p>\n\n\n\n<p class=\"wp-block-paragraph\"><strong><em>@macite.tg&nbsp;&nbsp;&nbsp;&nbsp;&nbsp;&nbsp;&nbsp;&nbsp;<\/em><\/strong><\/p>\n\n\n\n<p class=\"wp-block-paragraph\"><strong><em>E-mail&nbsp;: <\/em><\/strong><a href=\"mailto:maciteinfo@gmail.com\"><strong><em>maciteinfo@gmail.com<\/em><\/strong><\/a><strong><em>; <\/em><\/strong><a href=\"mailto:bawela1@gmail.com\"><strong><em>bawela1@gmail.com<\/em><\/strong><\/a><strong><em><\/em><\/strong><\/p>\n\n\n\n<p class=\"wp-block-paragraph\"><strong><em>Pour vos annonces, (publi)reportages, etc., joignez-nous au (00228)91515309\/<strong>79872224 <\/strong><strong><\/strong><\/em><\/strong><\/p>\n\n\n\n<p class=\"wp-block-paragraph\"><strong><em>www.macite.tg, L\u2019information, la bonne&nbsp;!<\/em><\/strong><\/p>\n\n\n\n<p class=\"wp-block-paragraph\"><\/p>\n","protected":false},"excerpt":{"rendered":"<p class=\"text-justify mb-2\" >En juillet dernier, le Togo a accueilli la Caravane de sensibilisation, d&rsquo;information et de formation sur le commerce frontalier \u00e0 petite \u00e9chelle. Initi\u00e9e par la CEDEAO, l&rsquo;objectif g\u00e9n\u00e9ral de l&rsquo;\u00e9dition 2025 est de favoriser le commerce transfrontalier et d&rsquo;optimiser les op\u00e9rations des petits commer\u00e7ants, en [&hellip;]<\/p>\n","protected":false},"author":2,"featured_media":0,"comment_status":"open","ping_status":"open","sticky":false,"template":"","format":"standard","meta":{"footnotes":""},"categories":[20,59],"tags":[],"class_list":["post-24173","post","type-post","status-publish","format-standard","hentry","category-actualite","category-commerce"],"yoast_head":"<!-- This site is optimized with the Yoast SEO plugin v28.4 - https:\/\/yoast.com\/product\/yoast-seo-wordpress\/ -->\n<title>COMMERCE TRANSFRONTALIER A PETITE ECHELLE : Un levier puissant de d\u00e9veloppement \u00e9conomique et social -<\/title>\n<meta name=\"robots\" content=\"index, follow, max-snippet:-1, max-image-preview:large, max-video-preview:-1\" \/>\n<link rel=\"canonical\" href=\"https:\/\/macite.tg\/?p=24173\" \/>\n<meta property=\"og:locale\" content=\"fr_FR\" \/>\n<meta property=\"og:type\" content=\"article\" \/>\n<meta property=\"og:title\" content=\"COMMERCE TRANSFRONTALIER A PETITE ECHELLE : Un levier puissant de d\u00e9veloppement \u00e9conomique et social -\" \/>\n<meta property=\"og:description\" content=\"En juillet dernier, le Togo a accueilli la Caravane de sensibilisation, d&rsquo;information et de formation sur le commerce frontalier \u00e0 petite \u00e9chelle. Initi\u00e9e par la CEDEAO, l&rsquo;objectif g\u00e9n\u00e9ral de l&rsquo;\u00e9dition 2025 est de favoriser le commerce transfrontalier et d&rsquo;optimiser les op\u00e9rations des petits commer\u00e7ants, en [&hellip;]\" \/>\n<meta property=\"og:url\" content=\"https:\/\/macite.tg\/?p=24173\" \/>\n<meta property=\"article:published_time\" content=\"2025-08-12T13:51:58+00:00\" \/>\n<meta property=\"article:modified_time\" content=\"2025-08-12T13:52:02+00:00\" \/>\n<meta property=\"og:image\" content=\"https:\/\/macite.tg\/wp-content\/uploads\/2025\/08\/OTR_TVM-1.jpg\" \/>\n<meta name=\"author\" content=\"Jean Pierre BAWELA\" \/>\n<meta name=\"twitter:card\" content=\"summary_large_image\" \/>\n<meta name=\"twitter:label1\" content=\"\u00c9crit par\" \/>\n\t<meta name=\"twitter:data1\" content=\"Jean Pierre BAWELA\" \/>\n\t<meta name=\"twitter:label2\" content=\"Dur\u00e9e de lecture estim\u00e9e\" \/>\n\t<meta name=\"twitter:data2\" content=\"5 minutes\" \/>\n<script type=\"application\/ld+json\" class=\"yoast-schema-graph\">{\"@context\":\"https:\\\/\\\/schema.org\",\"@graph\":[{\"@type\":\"Article\",\"@id\":\"https:\\\/\\\/macite.tg\\\/?p=24173#article\",\"isPartOf\":{\"@id\":\"https:\\\/\\\/macite.tg\\\/?p=24173\"},\"author\":{\"name\":\"Jean Pierre BAWELA\",\"@id\":\"https:\\\/\\\/macite.tg\\\/#\\\/schema\\\/person\\\/e9f2de7e5dbbe7770a9402c7ce82f5c2\"},\"headline\":\"COMMERCE TRANSFRONTALIER A PETITE ECHELLE : Un levier puissant de d\u00e9veloppement \u00e9conomique et social\",\"datePublished\":\"2025-08-12T13:51:58+00:00\",\"dateModified\":\"2025-08-12T13:52:02+00:00\",\"mainEntityOfPage\":{\"@id\":\"https:\\\/\\\/macite.tg\\\/?p=24173\"},\"wordCount\":838,\"commentCount\":0,\"image\":{\"@id\":\"https:\\\/\\\/macite.tg\\\/?p=24173#primaryimage\"},\"thumbnailUrl\":\"https:\\\/\\\/macite.tg\\\/wp-content\\\/uploads\\\/2025\\\/08\\\/OTR_TVM-1.jpg\",\"articleSection\":[\"ACTUALITE\",\"COMMERCE\"],\"inLanguage\":\"fr-FR\",\"potentialAction\":[{\"@type\":\"CommentAction\",\"name\":\"Comment\",\"target\":[\"https:\\\/\\\/macite.tg\\\/?p=24173#respond\"]}]},{\"@type\":\"WebPage\",\"@id\":\"https:\\\/\\\/macite.tg\\\/?p=24173\",\"url\":\"https:\\\/\\\/macite.tg\\\/?p=24173\",\"name\":\"COMMERCE TRANSFRONTALIER A PETITE ECHELLE : Un levier puissant de d\u00e9veloppement \u00e9conomique et social -\",\"isPartOf\":{\"@id\":\"https:\\\/\\\/macite.tg\\\/#website\"},\"primaryImageOfPage\":{\"@id\":\"https:\\\/\\\/macite.tg\\\/?p=24173#primaryimage\"},\"image\":{\"@id\":\"https:\\\/\\\/macite.tg\\\/?p=24173#primaryimage\"},\"thumbnailUrl\":\"https:\\\/\\\/macite.tg\\\/wp-content\\\/uploads\\\/2025\\\/08\\\/OTR_TVM-1.jpg\",\"datePublished\":\"2025-08-12T13:51:58+00:00\",\"dateModified\":\"2025-08-12T13:52:02+00:00\",\"author\":{\"@id\":\"https:\\\/\\\/macite.tg\\\/#\\\/schema\\\/person\\\/e9f2de7e5dbbe7770a9402c7ce82f5c2\"},\"breadcrumb\":{\"@id\":\"https:\\\/\\\/macite.tg\\\/?p=24173#breadcrumb\"},\"inLanguage\":\"fr-FR\",\"potentialAction\":[{\"@type\":\"ReadAction\",\"target\":[\"https:\\\/\\\/macite.tg\\\/?p=24173\"]}]},{\"@type\":\"ImageObject\",\"inLanguage\":\"fr-FR\",\"@id\":\"https:\\\/\\\/macite.tg\\\/?p=24173#primaryimage\",\"url\":\"https:\\\/\\\/macite.tg\\\/wp-content\\\/uploads\\\/2025\\\/08\\\/OTR_TVM-1.jpg\",\"contentUrl\":\"https:\\\/\\\/macite.tg\\\/wp-content\\\/uploads\\\/2025\\\/08\\\/OTR_TVM-1.jpg\",\"width\":690,\"height\":170},{\"@type\":\"BreadcrumbList\",\"@id\":\"https:\\\/\\\/macite.tg\\\/?p=24173#breadcrumb\",\"itemListElement\":[{\"@type\":\"ListItem\",\"position\":1,\"name\":\"Accueil\",\"item\":\"https:\\\/\\\/macite.tg\\\/\"},{\"@type\":\"ListItem\",\"position\":2,\"name\":\"COMMERCE TRANSFRONTALIER A PETITE ECHELLE : Un levier puissant de d\u00e9veloppement \u00e9conomique et social\"}]},{\"@type\":\"WebSite\",\"@id\":\"https:\\\/\\\/macite.tg\\\/#website\",\"url\":\"https:\\\/\\\/macite.tg\\\/\",\"name\":\"\",\"description\":\"L&#039;information, la bonne!!!\",\"potentialAction\":[{\"@type\":\"SearchAction\",\"target\":{\"@type\":\"EntryPoint\",\"urlTemplate\":\"https:\\\/\\\/macite.tg\\\/?s={search_term_string}\"},\"query-input\":{\"@type\":\"PropertyValueSpecification\",\"valueRequired\":true,\"valueName\":\"search_term_string\"}}],\"inLanguage\":\"fr-FR\"},{\"@type\":\"Person\",\"@id\":\"https:\\\/\\\/macite.tg\\\/#\\\/schema\\\/person\\\/e9f2de7e5dbbe7770a9402c7ce82f5c2\",\"name\":\"Jean Pierre BAWELA\",\"image\":{\"@type\":\"ImageObject\",\"inLanguage\":\"fr-FR\",\"@id\":\"https:\\\/\\\/macite.tg\\\/wp-content\\\/uploads\\\/2023\\\/09\\\/WhatsApp-Image-2023-09-19-at-14.44.41-122x122.jpeg\",\"url\":\"https:\\\/\\\/macite.tg\\\/wp-content\\\/uploads\\\/2023\\\/09\\\/WhatsApp-Image-2023-09-19-at-14.44.41-122x122.jpeg\",\"contentUrl\":\"https:\\\/\\\/macite.tg\\\/wp-content\\\/uploads\\\/2023\\\/09\\\/WhatsApp-Image-2023-09-19-at-14.44.41-122x122.jpeg\",\"caption\":\"Jean Pierre BAWELA\"},\"url\":\"https:\\\/\\\/macite.tg\\\/?author=2\"}]}<\/script>\n<!-- \/ Yoast SEO plugin. -->","yoast_head_json":{"title":"COMMERCE TRANSFRONTALIER A PETITE ECHELLE : Un levier puissant de d\u00e9veloppement \u00e9conomique et social -","robots":{"index":"index","follow":"follow","max-snippet":"max-snippet:-1","max-image-preview":"max-image-preview:large","max-video-preview":"max-video-preview:-1"},"canonical":"https:\/\/macite.tg\/?p=24173","og_locale":"fr_FR","og_type":"article","og_title":"COMMERCE TRANSFRONTALIER A PETITE ECHELLE : Un levier puissant de d\u00e9veloppement \u00e9conomique et social -","og_description":"En juillet dernier, le Togo a accueilli la Caravane de sensibilisation, d&rsquo;information et de formation sur le commerce frontalier \u00e0 petite \u00e9chelle. Initi\u00e9e par la CEDEAO, l&rsquo;objectif g\u00e9n\u00e9ral de l&rsquo;\u00e9dition 2025 est de favoriser le commerce transfrontalier et d&rsquo;optimiser les op\u00e9rations des petits commer\u00e7ants, en [&hellip;]","og_url":"https:\/\/macite.tg\/?p=24173","article_published_time":"2025-08-12T13:51:58+00:00","article_modified_time":"2025-08-12T13:52:02+00:00","og_image":[{"url":"https:\/\/macite.tg\/wp-content\/uploads\/2025\/08\/OTR_TVM-1.jpg","type":"","width":"","height":""}],"author":"Jean Pierre BAWELA","twitter_card":"summary_large_image","twitter_misc":{"\u00c9crit par":"Jean Pierre BAWELA","Dur\u00e9e de lecture estim\u00e9e":"5 minutes"},"schema":{"@context":"https:\/\/schema.org","@graph":[{"@type":"Article","@id":"https:\/\/macite.tg\/?p=24173#article","isPartOf":{"@id":"https:\/\/macite.tg\/?p=24173"},"author":{"name":"Jean Pierre BAWELA","@id":"https:\/\/macite.tg\/#\/schema\/person\/e9f2de7e5dbbe7770a9402c7ce82f5c2"},"headline":"COMMERCE TRANSFRONTALIER A PETITE ECHELLE : Un levier puissant de d\u00e9veloppement \u00e9conomique et social","datePublished":"2025-08-12T13:51:58+00:00","dateModified":"2025-08-12T13:52:02+00:00","mainEntityOfPage":{"@id":"https:\/\/macite.tg\/?p=24173"},"wordCount":838,"commentCount":0,"image":{"@id":"https:\/\/macite.tg\/?p=24173#primaryimage"},"thumbnailUrl":"https:\/\/macite.tg\/wp-content\/uploads\/2025\/08\/OTR_TVM-1.jpg","articleSection":["ACTUALITE","COMMERCE"],"inLanguage":"fr-FR","potentialAction":[{"@type":"CommentAction","name":"Comment","target":["https:\/\/macite.tg\/?p=24173#respond"]}]},{"@type":"WebPage","@id":"https:\/\/macite.tg\/?p=24173","url":"https:\/\/macite.tg\/?p=24173","name":"COMMERCE TRANSFRONTALIER A PETITE ECHELLE : Un levier puissant de d\u00e9veloppement \u00e9conomique et social -","isPartOf":{"@id":"https:\/\/macite.tg\/#website"},"primaryImageOfPage":{"@id":"https:\/\/macite.tg\/?p=24173#primaryimage"},"image":{"@id":"https:\/\/macite.tg\/?p=24173#primaryimage"},"thumbnailUrl":"https:\/\/macite.tg\/wp-content\/uploads\/2025\/08\/OTR_TVM-1.jpg","datePublished":"2025-08-12T13:51:58+00:00","dateModified":"2025-08-12T13:52:02+00:00","author":{"@id":"https:\/\/macite.tg\/#\/schema\/person\/e9f2de7e5dbbe7770a9402c7ce82f5c2"},"breadcrumb":{"@id":"https:\/\/macite.tg\/?p=24173#breadcrumb"},"inLanguage":"fr-FR","potentialAction":[{"@type":"ReadAction","target":["https:\/\/macite.tg\/?p=24173"]}]},{"@type":"ImageObject","inLanguage":"fr-FR","@id":"https:\/\/macite.tg\/?p=24173#primaryimage","url":"https:\/\/macite.tg\/wp-content\/uploads\/2025\/08\/OTR_TVM-1.jpg","contentUrl":"https:\/\/macite.tg\/wp-content\/uploads\/2025\/08\/OTR_TVM-1.jpg","width":690,"height":170},{"@type":"BreadcrumbList","@id":"https:\/\/macite.tg\/?p=24173#breadcrumb","itemListElement":[{"@type":"ListItem","position":1,"name":"Accueil","item":"https:\/\/macite.tg\/"},{"@type":"ListItem","position":2,"name":"COMMERCE TRANSFRONTALIER A PETITE ECHELLE : Un levier puissant de d\u00e9veloppement \u00e9conomique et social"}]},{"@type":"WebSite","@id":"https:\/\/macite.tg\/#website","url":"https:\/\/macite.tg\/","name":"","description":"L&#039;information, la bonne!!!","potentialAction":[{"@type":"SearchAction","target":{"@type":"EntryPoint","urlTemplate":"https:\/\/macite.tg\/?s={search_term_string}"},"query-input":{"@type":"PropertyValueSpecification","valueRequired":true,"valueName":"search_term_string"}}],"inLanguage":"fr-FR"},{"@type":"Person","@id":"https:\/\/macite.tg\/#\/schema\/person\/e9f2de7e5dbbe7770a9402c7ce82f5c2","name":"Jean Pierre BAWELA","image":{"@type":"ImageObject","inLanguage":"fr-FR","@id":"https:\/\/macite.tg\/wp-content\/uploads\/2023\/09\/WhatsApp-Image-2023-09-19-at-14.44.41-122x122.jpeg","url":"https:\/\/macite.tg\/wp-content\/uploads\/2023\/09\/WhatsApp-Image-2023-09-19-at-14.44.41-122x122.jpeg","contentUrl":"https:\/\/macite.tg\/wp-content\/uploads\/2023\/09\/WhatsApp-Image-2023-09-19-at-14.44.41-122x122.jpeg","caption":"Jean Pierre BAWELA"},"url":"https:\/\/macite.tg\/?author=2"}]}},"_links":{"self":[{"href":"https:\/\/macite.tg\/index.php?rest_route=\/wp\/v2\/posts\/24173","targetHints":{"allow":["GET"]}}],"collection":[{"href":"https:\/\/macite.tg\/index.php?rest_route=\/wp\/v2\/posts"}],"about":[{"href":"https:\/\/macite.tg\/index.php?rest_route=\/wp\/v2\/types\/post"}],"author":[{"embeddable":true,"href":"https:\/\/macite.tg\/index.php?rest_route=\/wp\/v2\/users\/2"}],"replies":[{"embeddable":true,"href":"https:\/\/macite.tg\/index.php?rest_route=%2Fwp%2Fv2%2Fcomments&post=24173"}],"version-history":[{"count":0,"href":"https:\/\/macite.tg\/index.php?rest_route=\/wp\/v2\/posts\/24173\/revisions"}],"wp:attachment":[{"href":"https:\/\/macite.tg\/index.php?rest_route=%2Fwp%2Fv2%2Fmedia&parent=24173"}],"wp:term":[{"taxonomy":"category","embeddable":true,"href":"https:\/\/macite.tg\/index.php?rest_route=%2Fwp%2Fv2%2Fcategories&post=24173"},{"taxonomy":"post_tag","embeddable":true,"href":"https:\/\/macite.tg\/index.php?rest_route=%2Fwp%2Fv2%2Ftags&post=24173"}],"curies":[{"name":"wp","href":"https:\/\/api.w.org\/{rel}","templated":true}]}}