{"id":2417,"date":"2022-12-07T11:28:02","date_gmt":"2022-12-07T11:28:02","guid":{"rendered":"https:\/\/macite.info\/?p=2417"},"modified":"2022-12-07T11:28:03","modified_gmt":"2022-12-07T11:28:03","slug":"38e-reunion-du-reseau-de-prevention-des-crises-alimentaires-a-lome-les-principaux-acteurs-reflechissent-sur-des-thematiques-de-la-securite-alimentaire-et-nutritionnelle%ef%bf%bc","status":"publish","type":"post","link":"https:\/\/macite.tg\/?p=2417","title":{"rendered":"38E R\u00c9UNION DU R\u00c9SEAU DE PR\u00c9VENTION DES CRISES ALIMENTAIRES\u00a0A LOM\u00c9 : Les principaux acteurs r\u00e9fl\u00e9chissent sur des th\u00e9matiques de la s\u00e9curit\u00e9 alimentaire et nutritionnelle\ufffc"},"content":{"rendered":"\n<p class=\"wp-block-paragraph\"><strong><em>La capitale togolaise abrite du 06 au 09 d\u00e9cembre 2022, la 38<sup>\u00e8me<\/sup> r\u00e9union annuelle du R\u00e9seau de pr\u00e9vention des crises alimentaires (RPCA). Organis\u00e9e sous le leadership du Chef de l\u2019Etat togolais, Faure Gnassingb\u00e9, cette rencontre se veut un cadre de r\u00e9flexion globale dans l\u2019optique d&rsquo;identifier les options politiques permettant d&rsquo;att\u00e9nuer les effets combin\u00e9s des crises agropastorale et s\u00e9curitaire sur la r\u00e9silience alimentaire et nutritionnelle des populations.\u00a0<\/em><\/strong><\/p>\n\n\n\n<p class=\"wp-block-paragraph\">La situation alimentaire et nutritionnelle dans la sous-r\u00e9gion et au Sahel est non moins reluisante. Elle est d\u2019ailleurs exacerb\u00e9e par de multiples crises, notamment s\u00e9curitaire, sanitaire, \u00e9conomique, et le changement climatique.<\/p>\n\n\n\n<p class=\"wp-block-paragraph\">La rencontre qui se tient du 6 au 9 d\u00e9cembre 2022 au Togo, un acteur majeur de la s\u00e9curit\u00e9 alimentaire et de la pr\u00e9vention des crises alimentaires dans la sous-r\u00e9gion et sur le continent, r\u00e9unit les pays membres du R\u00e9seau de pr\u00e9vention des crises alimentaires (RPCA), mais aussi les repr\u00e9sentants des organisations sous r\u00e9gionales et des partenaires techniques et financiers.<\/p>\n\n\n\n<p class=\"wp-block-paragraph\">Il sera question au cours des travaux d&rsquo;identifier les options politiques permettant d&rsquo;att\u00e9nuer les effets combin\u00e9s des crises agropastorale et s\u00e9curitaire sur la r\u00e9silience alimentaire et nutritionnelle des populations, mais aussi de proc\u00e9der \u00e0 l\u2019examen des r\u00e9sultats pr\u00e9visionnels de la campagne agropastorale 2022-2023, l&rsquo;\u00e9tat des march\u00e9s de denr\u00e9es alimentaires et leurs cons\u00e9quences sur la situation alimentaire et nutritionnelle.<\/p>\n\n\n<div class=\"wp-block-image\">\n<figure class=\"aligncenter size-large is-resized\"><img loading=\"lazy\" decoding=\"async\" src=\"https:\/\/macite.tg\/wp-content\/uploads\/2022\/12\/ANNONCES-1-1024x426.jpg\" alt=\"\" class=\"wp-image-2413\" width=\"782\" height=\"325\" srcset=\"https:\/\/macite.tg\/wp-content\/uploads\/2022\/12\/ANNONCES-1-1024x426.jpg 1024w, https:\/\/macite.tg\/wp-content\/uploads\/2022\/12\/ANNONCES-1-300x125.jpg 300w, https:\/\/macite.tg\/wp-content\/uploads\/2022\/12\/ANNONCES-1-768x319.jpg 768w, https:\/\/macite.tg\/wp-content\/uploads\/2022\/12\/ANNONCES-1.jpg 1080w\" sizes=\"auto, (max-width: 782px) 100vw, 782px\" \/><\/figure>\n<\/div>\n\n\n<p class=\"wp-block-paragraph\">Les participants passeront \u00e9galement en revue le bilan des r\u00e9ponses apport\u00e9es \u00e0 la crise alimentaire en 2022, y compris l\u2019investissement en faveur de l\u2019op\u00e9rationnalisation du nexus Humanitaire-D\u00e9veloppement-Paix.<\/p>\n\n\n\n<p class=\"wp-block-paragraph\">A l\u2019ouverture des travaux de cette rencontre sous r\u00e9gionale, la Cheffe de l\u2019ex\u00e9cutif togolais, Mme Victoire Tom\u00e9gah-Dogb\u00e9, a soulign\u00e9 que <em>\u00abl\u2019ambition du gouvernement togolais est de faire de l\u2019agriculture, un v\u00e9ritable moteur de croissance \u00e9conomique, de cr\u00e9ation d\u2019emplois pour nos jeunes et de garantie de la s\u00e9curit\u00e9 alimentaire et nutritionnelle, \u00e0 travers l\u2019am\u00e9lioration de la productivit\u00e9 et des rendements agricoles, le renforcement des industries de transformation agro-alimentaire, en cr\u00e9ant tout un \u00e9cosyst\u00e8me \u00e0 cet effet \u00e0 l\u2019exemple de la Plateforme industrielle d\u2019Ad\u00e9tikop\u00e9 (PIA) \u00bb.<\/em><\/p>\n\n\n\n<p class=\"wp-block-paragraph\">Tout en invitant les acteurs \u00e0 redoubler d\u2019efforts pour la r\u00e9alisation de l\u2019ambition commune et partag\u00e9e, qu\u2019est la s\u00e9curit\u00e9 alimentaire et nutritionnelle, Mme Tom\u00e9gah-Dogb\u00e9 a saisi l\u2019occasion pour <em>\u00ab<\/em>\u00a0<em>pour renouveler notre gratitude \u00e0 l\u2019ensemble des partenaires techniques et financiers et les exhorter \u00e0 poursuivre leurs efforts en vue d\u2019accompagner les \u00c9tats et les populations du Sahel et de la r\u00e9gion d\u2019Afrique de l\u2019ouest dans la qu\u00eate d\u2019une s\u00e9curit\u00e9 alimentaire et nutritionnelle durable<\/em>\u00a0\u00bb.<\/p>\n\n\n\n<p class=\"wp-block-paragraph\">Le ministre togolais de l\u2019Agriculture, de l\u2019\u00e9levage et du d\u00e9veloppement rural, Antoine L\u00e9kpa Gb\u00e9gb\u00e9ni a, dans son mot introductif, relev\u00e9 la d\u00e9termination des participants \u00e0 proposer des alternatives politiques pour renforcer la r\u00e9silience, la s\u00e9curit\u00e9 alimentaire et nutritionnelle.<\/p>\n\n\n\n<p class=\"wp-block-paragraph\">Notons que le Togo,&nbsp;conform\u00e9ment \u00e0 la vision du Chef de l\u2019Etat, <em>\u00ab&nbsp;s\u2019emploie \u00e0 mobiliser le secteur priv\u00e9 pour acc\u00e9l\u00e9rer la transformation du phosphate en engrais pour toute la r\u00e9gion&nbsp;\u00bb.<\/em><\/p>\n\n\n\n<p class=\"wp-block-paragraph\">Le leadership du Pr\u00e9sident Faure Gnassingb\u00e9 et son engagement \u00e0 renforcer la s\u00e9curit\u00e9 alimentaire dans la sous-r\u00e9gion, ont \u00e9t\u00e9 salu\u00e9s par, non seulement les responsables du RPCA, mais aussi par les repr\u00e9sentants des institutions sous r\u00e9gionales, notamment la CEDEAO, l\u2019UEMOA, le Comit\u00e9 inter-Etat de lutte contre la s\u00e9cheresse au Sahel (CILSS), et les partenaires techniques et financiers.<\/p>\n\n\n\n<p class=\"wp-block-paragraph\"><strong>JPB<\/strong><\/p>\n\n\n\n<p class=\"wp-block-paragraph\"><strong><em>@macite.info<\/em><\/strong><\/p>\n\n\n\n<p class=\"wp-block-paragraph\"><strong><em>E-mail&nbsp;: <\/em><\/strong><a href=\"mailto:maciteinfo@gmail.com\"><strong><em>maciteinfo@gmail.com<\/em><\/strong><\/a><strong><em>; <\/em><\/strong><a href=\"mailto:bawela1@gmail.com\"><strong><em>bawela1@gmail.com<\/em><\/strong><\/a><strong><em><\/em><\/strong><\/p>\n\n\n\n<p class=\"wp-block-paragraph\"><strong><em>Pour vos annonces, (publi)reportages, etc., joignez nous au (00228) 91515309\/<strong>79872224<\/strong><\/em><\/strong><em><\/em><\/p>\n\n\n\n<p class=\"wp-block-paragraph\"><a href=\"http:\/\/www.macite.info\"><strong><em>www.macite.info<\/em><\/strong><\/a><strong><em>, L\u2019information, la bonne&nbsp;!<\/em><\/strong><\/p>\n","protected":false},"excerpt":{"rendered":"<p class=\"text-justify mb-2\" >La capitale togolaise abrite du 06 au 09 d\u00e9cembre 2022, la 38\u00e8me r\u00e9union annuelle du R\u00e9seau de pr\u00e9vention des crises alimentaires (RPCA). Organis\u00e9e sous le leadership du Chef de l\u2019Etat togolais, Faure Gnassingb\u00e9, cette rencontre se veut un cadre de r\u00e9flexion globale dans l\u2019optique d&rsquo;identifier [&hellip;]<\/p>\n","protected":false},"author":2,"featured_media":2418,"comment_status":"open","ping_status":"open","sticky":false,"template":"","format":"standard","meta":{"footnotes":""},"categories":[22],"tags":[],"class_list":["post-2417","post","type-post","status-publish","format-standard","has-post-thumbnail","hentry","category-agriculture"],"yoast_head":"<!-- This site is optimized with the Yoast SEO plugin v28.4 - https:\/\/yoast.com\/product\/yoast-seo-wordpress\/ -->\n<title>38E R\u00c9UNION DU R\u00c9SEAU DE PR\u00c9VENTION DES CRISES ALIMENTAIRES\u00a0A LOM\u00c9 : Les principaux acteurs r\u00e9fl\u00e9chissent sur des th\u00e9matiques de la s\u00e9curit\u00e9 alimentaire et nutritionnelle\ufffc -<\/title>\n<meta name=\"robots\" content=\"index, follow, max-snippet:-1, max-image-preview:large, max-video-preview:-1\" \/>\n<link rel=\"canonical\" href=\"https:\/\/macite.tg\/?p=2417\" \/>\n<meta property=\"og:locale\" content=\"fr_FR\" \/>\n<meta property=\"og:type\" content=\"article\" \/>\n<meta property=\"og:title\" content=\"38E R\u00c9UNION DU R\u00c9SEAU DE PR\u00c9VENTION DES CRISES ALIMENTAIRES\u00a0A LOM\u00c9 : Les principaux acteurs r\u00e9fl\u00e9chissent sur des th\u00e9matiques de la s\u00e9curit\u00e9 alimentaire et nutritionnelle\ufffc -\" \/>\n<meta property=\"og:description\" content=\"La capitale togolaise abrite du 06 au 09 d\u00e9cembre 2022, la 38\u00e8me r\u00e9union annuelle du R\u00e9seau de pr\u00e9vention des crises alimentaires (RPCA). Organis\u00e9e sous le leadership du Chef de l\u2019Etat togolais, Faure Gnassingb\u00e9, cette rencontre se veut un cadre de r\u00e9flexion globale dans l\u2019optique d&rsquo;identifier [&hellip;]\" \/>\n<meta property=\"og:url\" content=\"https:\/\/macite.tg\/?p=2417\" \/>\n<meta property=\"article:published_time\" content=\"2022-12-07T11:28:02+00:00\" \/>\n<meta property=\"article:modified_time\" content=\"2022-12-07T11:28:03+00:00\" \/>\n<meta property=\"og:image\" content=\"https:\/\/macite.tg\/wp-content\/uploads\/2022\/12\/IMG-20221206-WA0124.jpg\" \/>\n\t<meta property=\"og:image:width\" content=\"672\" \/>\n\t<meta property=\"og:image:height\" content=\"480\" \/>\n\t<meta property=\"og:image:type\" content=\"image\/jpeg\" \/>\n<meta name=\"author\" content=\"Jean Pierre BAWELA\" \/>\n<meta name=\"twitter:card\" content=\"summary_large_image\" \/>\n<meta name=\"twitter:label1\" content=\"\u00c9crit par\" \/>\n\t<meta name=\"twitter:data1\" content=\"Jean Pierre BAWELA\" \/>\n\t<meta name=\"twitter:label2\" content=\"Dur\u00e9e de lecture estim\u00e9e\" \/>\n\t<meta name=\"twitter:data2\" content=\"3 minutes\" \/>\n<script type=\"application\/ld+json\" class=\"yoast-schema-graph\">{\"@context\":\"https:\\\/\\\/schema.org\",\"@graph\":[{\"@type\":\"Article\",\"@id\":\"https:\\\/\\\/macite.tg\\\/?p=2417#article\",\"isPartOf\":{\"@id\":\"https:\\\/\\\/macite.tg\\\/?p=2417\"},\"author\":{\"name\":\"Jean Pierre BAWELA\",\"@id\":\"https:\\\/\\\/macite.tg\\\/#\\\/schema\\\/person\\\/e9f2de7e5dbbe7770a9402c7ce82f5c2\"},\"headline\":\"38E R\u00c9UNION DU R\u00c9SEAU DE PR\u00c9VENTION DES CRISES ALIMENTAIRES\u00a0A LOM\u00c9 : Les principaux acteurs r\u00e9fl\u00e9chissent sur des th\u00e9matiques de la s\u00e9curit\u00e9 alimentaire et nutritionnelle\ufffc\",\"datePublished\":\"2022-12-07T11:28:02+00:00\",\"dateModified\":\"2022-12-07T11:28:03+00:00\",\"mainEntityOfPage\":{\"@id\":\"https:\\\/\\\/macite.tg\\\/?p=2417\"},\"wordCount\":669,\"commentCount\":0,\"image\":{\"@id\":\"https:\\\/\\\/macite.tg\\\/?p=2417#primaryimage\"},\"thumbnailUrl\":\"https:\\\/\\\/macite.tg\\\/wp-content\\\/uploads\\\/2022\\\/12\\\/IMG-20221206-WA0124.jpg\",\"articleSection\":[\"AGRICULTURE\"],\"inLanguage\":\"fr-FR\",\"potentialAction\":[{\"@type\":\"CommentAction\",\"name\":\"Comment\",\"target\":[\"https:\\\/\\\/macite.tg\\\/?p=2417#respond\"]}]},{\"@type\":\"WebPage\",\"@id\":\"https:\\\/\\\/macite.tg\\\/?p=2417\",\"url\":\"https:\\\/\\\/macite.tg\\\/?p=2417\",\"name\":\"38E R\u00c9UNION DU R\u00c9SEAU DE PR\u00c9VENTION DES CRISES ALIMENTAIRES\u00a0A LOM\u00c9 : Les principaux acteurs r\u00e9fl\u00e9chissent sur des th\u00e9matiques de la s\u00e9curit\u00e9 alimentaire et nutritionnelle\ufffc -\",\"isPartOf\":{\"@id\":\"https:\\\/\\\/macite.tg\\\/#website\"},\"primaryImageOfPage\":{\"@id\":\"https:\\\/\\\/macite.tg\\\/?p=2417#primaryimage\"},\"image\":{\"@id\":\"https:\\\/\\\/macite.tg\\\/?p=2417#primaryimage\"},\"thumbnailUrl\":\"https:\\\/\\\/macite.tg\\\/wp-content\\\/uploads\\\/2022\\\/12\\\/IMG-20221206-WA0124.jpg\",\"datePublished\":\"2022-12-07T11:28:02+00:00\",\"dateModified\":\"2022-12-07T11:28:03+00:00\",\"author\":{\"@id\":\"https:\\\/\\\/macite.tg\\\/#\\\/schema\\\/person\\\/e9f2de7e5dbbe7770a9402c7ce82f5c2\"},\"breadcrumb\":{\"@id\":\"https:\\\/\\\/macite.tg\\\/?p=2417#breadcrumb\"},\"inLanguage\":\"fr-FR\",\"potentialAction\":[{\"@type\":\"ReadAction\",\"target\":[\"https:\\\/\\\/macite.tg\\\/?p=2417\"]}]},{\"@type\":\"ImageObject\",\"inLanguage\":\"fr-FR\",\"@id\":\"https:\\\/\\\/macite.tg\\\/?p=2417#primaryimage\",\"url\":\"https:\\\/\\\/macite.tg\\\/wp-content\\\/uploads\\\/2022\\\/12\\\/IMG-20221206-WA0124.jpg\",\"contentUrl\":\"https:\\\/\\\/macite.tg\\\/wp-content\\\/uploads\\\/2022\\\/12\\\/IMG-20221206-WA0124.jpg\",\"width\":672,\"height\":480},{\"@type\":\"BreadcrumbList\",\"@id\":\"https:\\\/\\\/macite.tg\\\/?p=2417#breadcrumb\",\"itemListElement\":[{\"@type\":\"ListItem\",\"position\":1,\"name\":\"Accueil\",\"item\":\"https:\\\/\\\/macite.tg\\\/\"},{\"@type\":\"ListItem\",\"position\":2,\"name\":\"38E R\u00c9UNION DU R\u00c9SEAU DE PR\u00c9VENTION DES CRISES ALIMENTAIRES\u00a0A LOM\u00c9 : Les principaux acteurs r\u00e9fl\u00e9chissent sur des th\u00e9matiques de la s\u00e9curit\u00e9 alimentaire et nutritionnelle\ufffc\"}]},{\"@type\":\"WebSite\",\"@id\":\"https:\\\/\\\/macite.tg\\\/#website\",\"url\":\"https:\\\/\\\/macite.tg\\\/\",\"name\":\"\",\"description\":\"L&#039;information, la bonne!!!\",\"potentialAction\":[{\"@type\":\"SearchAction\",\"target\":{\"@type\":\"EntryPoint\",\"urlTemplate\":\"https:\\\/\\\/macite.tg\\\/?s={search_term_string}\"},\"query-input\":{\"@type\":\"PropertyValueSpecification\",\"valueRequired\":true,\"valueName\":\"search_term_string\"}}],\"inLanguage\":\"fr-FR\"},{\"@type\":\"Person\",\"@id\":\"https:\\\/\\\/macite.tg\\\/#\\\/schema\\\/person\\\/e9f2de7e5dbbe7770a9402c7ce82f5c2\",\"name\":\"Jean Pierre BAWELA\",\"image\":{\"@type\":\"ImageObject\",\"inLanguage\":\"fr-FR\",\"@id\":\"https:\\\/\\\/macite.tg\\\/wp-content\\\/uploads\\\/2023\\\/09\\\/WhatsApp-Image-2023-09-19-at-14.44.41-122x122.jpeg\",\"url\":\"https:\\\/\\\/macite.tg\\\/wp-content\\\/uploads\\\/2023\\\/09\\\/WhatsApp-Image-2023-09-19-at-14.44.41-122x122.jpeg\",\"contentUrl\":\"https:\\\/\\\/macite.tg\\\/wp-content\\\/uploads\\\/2023\\\/09\\\/WhatsApp-Image-2023-09-19-at-14.44.41-122x122.jpeg\",\"caption\":\"Jean Pierre BAWELA\"},\"url\":\"https:\\\/\\\/macite.tg\\\/?author=2\"}]}<\/script>\n<!-- \/ Yoast SEO plugin. -->","yoast_head_json":{"title":"38E R\u00c9UNION DU R\u00c9SEAU DE PR\u00c9VENTION DES CRISES ALIMENTAIRES\u00a0A LOM\u00c9 : Les principaux acteurs r\u00e9fl\u00e9chissent sur des th\u00e9matiques de la s\u00e9curit\u00e9 alimentaire et nutritionnelle\ufffc -","robots":{"index":"index","follow":"follow","max-snippet":"max-snippet:-1","max-image-preview":"max-image-preview:large","max-video-preview":"max-video-preview:-1"},"canonical":"https:\/\/macite.tg\/?p=2417","og_locale":"fr_FR","og_type":"article","og_title":"38E R\u00c9UNION DU R\u00c9SEAU DE PR\u00c9VENTION DES CRISES ALIMENTAIRES\u00a0A LOM\u00c9 : Les principaux acteurs r\u00e9fl\u00e9chissent sur des th\u00e9matiques de la s\u00e9curit\u00e9 alimentaire et nutritionnelle\ufffc -","og_description":"La capitale togolaise abrite du 06 au 09 d\u00e9cembre 2022, la 38\u00e8me r\u00e9union annuelle du R\u00e9seau de pr\u00e9vention des crises alimentaires (RPCA). Organis\u00e9e sous le leadership du Chef de l\u2019Etat togolais, Faure Gnassingb\u00e9, cette rencontre se veut un cadre de r\u00e9flexion globale dans l\u2019optique d&rsquo;identifier [&hellip;]","og_url":"https:\/\/macite.tg\/?p=2417","article_published_time":"2022-12-07T11:28:02+00:00","article_modified_time":"2022-12-07T11:28:03+00:00","og_image":[{"width":672,"height":480,"url":"https:\/\/macite.tg\/wp-content\/uploads\/2022\/12\/IMG-20221206-WA0124.jpg","type":"image\/jpeg"}],"author":"Jean Pierre BAWELA","twitter_card":"summary_large_image","twitter_misc":{"\u00c9crit par":"Jean Pierre BAWELA","Dur\u00e9e de lecture estim\u00e9e":"3 minutes"},"schema":{"@context":"https:\/\/schema.org","@graph":[{"@type":"Article","@id":"https:\/\/macite.tg\/?p=2417#article","isPartOf":{"@id":"https:\/\/macite.tg\/?p=2417"},"author":{"name":"Jean Pierre BAWELA","@id":"https:\/\/macite.tg\/#\/schema\/person\/e9f2de7e5dbbe7770a9402c7ce82f5c2"},"headline":"38E R\u00c9UNION DU R\u00c9SEAU DE PR\u00c9VENTION DES CRISES ALIMENTAIRES\u00a0A LOM\u00c9 : Les principaux acteurs r\u00e9fl\u00e9chissent sur des th\u00e9matiques de la s\u00e9curit\u00e9 alimentaire et nutritionnelle\ufffc","datePublished":"2022-12-07T11:28:02+00:00","dateModified":"2022-12-07T11:28:03+00:00","mainEntityOfPage":{"@id":"https:\/\/macite.tg\/?p=2417"},"wordCount":669,"commentCount":0,"image":{"@id":"https:\/\/macite.tg\/?p=2417#primaryimage"},"thumbnailUrl":"https:\/\/macite.tg\/wp-content\/uploads\/2022\/12\/IMG-20221206-WA0124.jpg","articleSection":["AGRICULTURE"],"inLanguage":"fr-FR","potentialAction":[{"@type":"CommentAction","name":"Comment","target":["https:\/\/macite.tg\/?p=2417#respond"]}]},{"@type":"WebPage","@id":"https:\/\/macite.tg\/?p=2417","url":"https:\/\/macite.tg\/?p=2417","name":"38E R\u00c9UNION DU R\u00c9SEAU DE PR\u00c9VENTION DES CRISES ALIMENTAIRES\u00a0A LOM\u00c9 : Les principaux acteurs r\u00e9fl\u00e9chissent sur des th\u00e9matiques de la s\u00e9curit\u00e9 alimentaire et nutritionnelle\ufffc -","isPartOf":{"@id":"https:\/\/macite.tg\/#website"},"primaryImageOfPage":{"@id":"https:\/\/macite.tg\/?p=2417#primaryimage"},"image":{"@id":"https:\/\/macite.tg\/?p=2417#primaryimage"},"thumbnailUrl":"https:\/\/macite.tg\/wp-content\/uploads\/2022\/12\/IMG-20221206-WA0124.jpg","datePublished":"2022-12-07T11:28:02+00:00","dateModified":"2022-12-07T11:28:03+00:00","author":{"@id":"https:\/\/macite.tg\/#\/schema\/person\/e9f2de7e5dbbe7770a9402c7ce82f5c2"},"breadcrumb":{"@id":"https:\/\/macite.tg\/?p=2417#breadcrumb"},"inLanguage":"fr-FR","potentialAction":[{"@type":"ReadAction","target":["https:\/\/macite.tg\/?p=2417"]}]},{"@type":"ImageObject","inLanguage":"fr-FR","@id":"https:\/\/macite.tg\/?p=2417#primaryimage","url":"https:\/\/macite.tg\/wp-content\/uploads\/2022\/12\/IMG-20221206-WA0124.jpg","contentUrl":"https:\/\/macite.tg\/wp-content\/uploads\/2022\/12\/IMG-20221206-WA0124.jpg","width":672,"height":480},{"@type":"BreadcrumbList","@id":"https:\/\/macite.tg\/?p=2417#breadcrumb","itemListElement":[{"@type":"ListItem","position":1,"name":"Accueil","item":"https:\/\/macite.tg\/"},{"@type":"ListItem","position":2,"name":"38E R\u00c9UNION DU R\u00c9SEAU DE PR\u00c9VENTION DES CRISES ALIMENTAIRES\u00a0A LOM\u00c9 : Les principaux acteurs r\u00e9fl\u00e9chissent sur des th\u00e9matiques de la s\u00e9curit\u00e9 alimentaire et nutritionnelle\ufffc"}]},{"@type":"WebSite","@id":"https:\/\/macite.tg\/#website","url":"https:\/\/macite.tg\/","name":"","description":"L&#039;information, la bonne!!!","potentialAction":[{"@type":"SearchAction","target":{"@type":"EntryPoint","urlTemplate":"https:\/\/macite.tg\/?s={search_term_string}"},"query-input":{"@type":"PropertyValueSpecification","valueRequired":true,"valueName":"search_term_string"}}],"inLanguage":"fr-FR"},{"@type":"Person","@id":"https:\/\/macite.tg\/#\/schema\/person\/e9f2de7e5dbbe7770a9402c7ce82f5c2","name":"Jean Pierre BAWELA","image":{"@type":"ImageObject","inLanguage":"fr-FR","@id":"https:\/\/macite.tg\/wp-content\/uploads\/2023\/09\/WhatsApp-Image-2023-09-19-at-14.44.41-122x122.jpeg","url":"https:\/\/macite.tg\/wp-content\/uploads\/2023\/09\/WhatsApp-Image-2023-09-19-at-14.44.41-122x122.jpeg","contentUrl":"https:\/\/macite.tg\/wp-content\/uploads\/2023\/09\/WhatsApp-Image-2023-09-19-at-14.44.41-122x122.jpeg","caption":"Jean Pierre BAWELA"},"url":"https:\/\/macite.tg\/?author=2"}]}},"_links":{"self":[{"href":"https:\/\/macite.tg\/index.php?rest_route=\/wp\/v2\/posts\/2417","targetHints":{"allow":["GET"]}}],"collection":[{"href":"https:\/\/macite.tg\/index.php?rest_route=\/wp\/v2\/posts"}],"about":[{"href":"https:\/\/macite.tg\/index.php?rest_route=\/wp\/v2\/types\/post"}],"author":[{"embeddable":true,"href":"https:\/\/macite.tg\/index.php?rest_route=\/wp\/v2\/users\/2"}],"replies":[{"embeddable":true,"href":"https:\/\/macite.tg\/index.php?rest_route=%2Fwp%2Fv2%2Fcomments&post=2417"}],"version-history":[{"count":0,"href":"https:\/\/macite.tg\/index.php?rest_route=\/wp\/v2\/posts\/2417\/revisions"}],"wp:featuredmedia":[{"embeddable":true,"href":"https:\/\/macite.tg\/index.php?rest_route=\/wp\/v2\/media\/2418"}],"wp:attachment":[{"href":"https:\/\/macite.tg\/index.php?rest_route=%2Fwp%2Fv2%2Fmedia&parent=2417"}],"wp:term":[{"taxonomy":"category","embeddable":true,"href":"https:\/\/macite.tg\/index.php?rest_route=%2Fwp%2Fv2%2Fcategories&post=2417"},{"taxonomy":"post_tag","embeddable":true,"href":"https:\/\/macite.tg\/index.php?rest_route=%2Fwp%2Fv2%2Ftags&post=2417"}],"curies":[{"name":"wp","href":"https:\/\/api.w.org\/{rel}","templated":true}]}}