{"id":24153,"date":"2025-08-11T13:07:10","date_gmt":"2025-08-11T13:07:10","guid":{"rendered":"https:\/\/macite.tg\/?p=24153"},"modified":"2025-08-11T13:07:13","modified_gmt":"2025-08-11T13:07:13","slug":"mercato-france-le-fc-lorient-enrole-la-pepite-togolaise-karim-dermane","status":"publish","type":"post","link":"https:\/\/macite.tg\/?p=24153","title":{"rendered":"MERCATO\/FRANCE : Le FC Lorient enr\u00f4le la p\u00e9pite togolaise, Karim Dermane"},"content":{"rendered":"\n<p class=\"wp-block-paragraph\"><strong><em>Promu en Ligue 1 cette saison, le FC Lorient aff\u00fbte ses armes en vue de la nouvelle saison. Les Merlus ont jet\u00e9 leur d\u00e9volu sur le jeune milieu de terrain togolais de 21 ans, Karim Dermane en provenance de Lommel SK.<\/em><\/strong><\/p>\n\n\n\n<p class=\"wp-block-paragraph\">Apr\u00e8s six mois au KV Courtrai (D1 Belge), l&rsquo;ancien joueur de Feyenoord Rotherham va \u00e9voluer la saison prochaine en ligue 1, sous les couleurs Oranges et Noirs du FC Lorient. <\/p>\n\n\n\n<figure class=\"wp-block-image size-full\"><img loading=\"lazy\" decoding=\"async\" width=\"851\" height=\"315\" src=\"https:\/\/macite.tg\/wp-content\/uploads\/2025\/08\/OTR_Ferer-pour-batir-1.jpg\" alt=\"\" class=\"wp-image-24078\" srcset=\"https:\/\/macite.tg\/wp-content\/uploads\/2025\/08\/OTR_Ferer-pour-batir-1.jpg 851w, https:\/\/macite.tg\/wp-content\/uploads\/2025\/08\/OTR_Ferer-pour-batir-1-300x111.jpg 300w, https:\/\/macite.tg\/wp-content\/uploads\/2025\/08\/OTR_Ferer-pour-batir-1-768x284.jpg 768w\" sizes=\"auto, (max-width: 851px) 100vw, 851px\" \/><\/figure>\n\n\n\n<p class=\"wp-block-paragraph\">Ce pr\u00eat d&rsquo;une saison pour l&rsquo;international Togolais de 21 ans par le club Belge de Lommel SK, va permettre au joueur de poursuivre sa belle progression.<\/p>\n\n\n\n<p class=\"wp-block-paragraph\">Karim Dermane est capable d&rsquo;\u00e9voluer juste devant la d\u00e9fense, pour ratisser les ballons et se projeter vers l&rsquo;avant avec sa technicit\u00e9. Il peut aussi \u00e9voluer un peu haut sur le terrain en v\u00e9ritable play-maker.<\/p>\n\n\n<div class=\"wp-block-image\">\n<figure class=\"aligncenter size-full\"><img loading=\"lazy\" decoding=\"async\" width=\"500\" height=\"500\" src=\"https:\/\/macite.tg\/wp-content\/uploads\/2025\/08\/Geo-ref.jpg\" alt=\"\" class=\"wp-image-24028\" srcset=\"https:\/\/macite.tg\/wp-content\/uploads\/2025\/08\/Geo-ref.jpg 500w, https:\/\/macite.tg\/wp-content\/uploads\/2025\/08\/Geo-ref-300x300.jpg 300w, https:\/\/macite.tg\/wp-content\/uploads\/2025\/08\/Geo-ref-150x150.jpg 150w, https:\/\/macite.tg\/wp-content\/uploads\/2025\/08\/Geo-ref-122x122.jpg 122w\" sizes=\"auto, (max-width: 500px) 100vw, 500px\" \/><\/figure>\n<\/div>\n\n\n<p class=\"wp-block-paragraph\">Ce passage dans l&rsquo;\u00e9lite fran\u00e7aise repr\u00e9sente une belle opportunit\u00e9 pour le Togolais de v\u00e9ritablement lancer sa carri\u00e8re au plus haut niveau.<\/p>\n\n\n\n<p class=\"wp-block-paragraph\"><strong>D.A.<\/strong><\/p>\n\n\n\n<p class=\"wp-block-paragraph\"><a><strong><em>@macite.tg&nbsp;&nbsp;&nbsp;&nbsp;&nbsp;&nbsp;&nbsp;&nbsp;<\/em><\/strong><\/a><\/p>\n\n\n\n<p class=\"wp-block-paragraph\"><strong><em>E-mail&nbsp;: <\/em><\/strong><a href=\"mailto:maciteinfo@gmail.com\"><strong><em>maciteinfo@gmail.com<\/em><\/strong><\/a><strong><em>; <\/em><\/strong><a href=\"mailto:bawela1@gmail.com\"><strong><em>bawela1@gmail.com<\/em><\/strong><\/a><strong><em><\/em><\/strong><\/p>\n\n\n\n<p class=\"wp-block-paragraph\"><strong><em>Pour vos annonces, (publi)reportages, etc., joignez-nous au (00228)91515309\/<strong>79872224 <\/strong><strong><\/strong><\/em><\/strong><\/p>\n\n\n\n<p class=\"wp-block-paragraph\"><strong><em>www.macite.tg, L\u2019information, la bonne&nbsp;!<\/em><\/strong><\/p>\n\n\n\n<p class=\"wp-block-paragraph\"><\/p>\n","protected":false},"excerpt":{"rendered":"<p class=\"text-justify mb-2\" >Promu en Ligue 1 cette saison, le FC Lorient aff\u00fbte ses armes en vue de la nouvelle saison. Les Merlus ont jet\u00e9 leur d\u00e9volu sur le jeune milieu de terrain togolais de 21 ans, Karim Dermane en provenance de Lommel SK. Apr\u00e8s six mois au [&hellip;]<\/p>\n","protected":false},"author":2,"featured_media":24154,"comment_status":"open","ping_status":"open","sticky":false,"template":"","format":"standard","meta":{"footnotes":""},"categories":[20,63,7],"tags":[],"class_list":["post-24153","post","type-post","status-publish","format-standard","has-post-thumbnail","hentry","category-actualite","category-football","category-sports"],"yoast_head":"<!-- This site is optimized with the Yoast SEO plugin v28.4 - https:\/\/yoast.com\/product\/yoast-seo-wordpress\/ -->\n<title>MERCATO\/FRANCE : Le FC Lorient enr\u00f4le la p\u00e9pite togolaise, Karim Dermane -<\/title>\n<meta name=\"robots\" content=\"index, follow, max-snippet:-1, max-image-preview:large, max-video-preview:-1\" \/>\n<link rel=\"canonical\" href=\"https:\/\/macite.tg\/?p=24153\" \/>\n<meta property=\"og:locale\" content=\"fr_FR\" \/>\n<meta property=\"og:type\" content=\"article\" \/>\n<meta property=\"og:title\" content=\"MERCATO\/FRANCE : Le FC Lorient enr\u00f4le la p\u00e9pite togolaise, Karim Dermane -\" \/>\n<meta property=\"og:description\" content=\"Promu en Ligue 1 cette saison, le FC Lorient aff\u00fbte ses armes en vue de la nouvelle saison. Les Merlus ont jet\u00e9 leur d\u00e9volu sur le jeune milieu de terrain togolais de 21 ans, Karim Dermane en provenance de Lommel SK. Apr\u00e8s six mois au [&hellip;]\" \/>\n<meta property=\"og:url\" content=\"https:\/\/macite.tg\/?p=24153\" \/>\n<meta property=\"article:published_time\" content=\"2025-08-11T13:07:10+00:00\" \/>\n<meta property=\"article:modified_time\" content=\"2025-08-11T13:07:13+00:00\" \/>\n<meta property=\"og:image\" content=\"https:\/\/macite.tg\/wp-content\/uploads\/2025\/08\/Karim-Dermane.jpg\" \/>\n\t<meta property=\"og:image:width\" content=\"500\" \/>\n\t<meta property=\"og:image:height\" content=\"333\" \/>\n\t<meta property=\"og:image:type\" content=\"image\/jpeg\" \/>\n<meta name=\"author\" content=\"Jean Pierre BAWELA\" \/>\n<meta name=\"twitter:card\" content=\"summary_large_image\" \/>\n<meta name=\"twitter:label1\" content=\"\u00c9crit par\" \/>\n\t<meta name=\"twitter:data1\" content=\"Jean Pierre BAWELA\" \/>\n\t<meta name=\"twitter:label2\" content=\"Dur\u00e9e de lecture estim\u00e9e\" \/>\n\t<meta name=\"twitter:data2\" content=\"2 minutes\" \/>\n<script type=\"application\/ld+json\" class=\"yoast-schema-graph\">{\"@context\":\"https:\\\/\\\/schema.org\",\"@graph\":[{\"@type\":\"Article\",\"@id\":\"https:\\\/\\\/macite.tg\\\/?p=24153#article\",\"isPartOf\":{\"@id\":\"https:\\\/\\\/macite.tg\\\/?p=24153\"},\"author\":{\"name\":\"Jean Pierre BAWELA\",\"@id\":\"https:\\\/\\\/macite.tg\\\/#\\\/schema\\\/person\\\/e9f2de7e5dbbe7770a9402c7ce82f5c2\"},\"headline\":\"MERCATO\\\/FRANCE : Le FC Lorient enr\u00f4le la p\u00e9pite togolaise, Karim Dermane\",\"datePublished\":\"2025-08-11T13:07:10+00:00\",\"dateModified\":\"2025-08-11T13:07:13+00:00\",\"mainEntityOfPage\":{\"@id\":\"https:\\\/\\\/macite.tg\\\/?p=24153\"},\"wordCount\":213,\"commentCount\":0,\"image\":{\"@id\":\"https:\\\/\\\/macite.tg\\\/?p=24153#primaryimage\"},\"thumbnailUrl\":\"https:\\\/\\\/macite.tg\\\/wp-content\\\/uploads\\\/2025\\\/08\\\/Karim-Dermane.jpg\",\"articleSection\":[\"ACTUALITE\",\"FOOTBALL\",\"SPORTS\"],\"inLanguage\":\"fr-FR\",\"potentialAction\":[{\"@type\":\"CommentAction\",\"name\":\"Comment\",\"target\":[\"https:\\\/\\\/macite.tg\\\/?p=24153#respond\"]}]},{\"@type\":\"WebPage\",\"@id\":\"https:\\\/\\\/macite.tg\\\/?p=24153\",\"url\":\"https:\\\/\\\/macite.tg\\\/?p=24153\",\"name\":\"MERCATO\\\/FRANCE : Le FC Lorient enr\u00f4le la p\u00e9pite togolaise, Karim Dermane -\",\"isPartOf\":{\"@id\":\"https:\\\/\\\/macite.tg\\\/#website\"},\"primaryImageOfPage\":{\"@id\":\"https:\\\/\\\/macite.tg\\\/?p=24153#primaryimage\"},\"image\":{\"@id\":\"https:\\\/\\\/macite.tg\\\/?p=24153#primaryimage\"},\"thumbnailUrl\":\"https:\\\/\\\/macite.tg\\\/wp-content\\\/uploads\\\/2025\\\/08\\\/Karim-Dermane.jpg\",\"datePublished\":\"2025-08-11T13:07:10+00:00\",\"dateModified\":\"2025-08-11T13:07:13+00:00\",\"author\":{\"@id\":\"https:\\\/\\\/macite.tg\\\/#\\\/schema\\\/person\\\/e9f2de7e5dbbe7770a9402c7ce82f5c2\"},\"breadcrumb\":{\"@id\":\"https:\\\/\\\/macite.tg\\\/?p=24153#breadcrumb\"},\"inLanguage\":\"fr-FR\",\"potentialAction\":[{\"@type\":\"ReadAction\",\"target\":[\"https:\\\/\\\/macite.tg\\\/?p=24153\"]}]},{\"@type\":\"ImageObject\",\"inLanguage\":\"fr-FR\",\"@id\":\"https:\\\/\\\/macite.tg\\\/?p=24153#primaryimage\",\"url\":\"https:\\\/\\\/macite.tg\\\/wp-content\\\/uploads\\\/2025\\\/08\\\/Karim-Dermane.jpg\",\"contentUrl\":\"https:\\\/\\\/macite.tg\\\/wp-content\\\/uploads\\\/2025\\\/08\\\/Karim-Dermane.jpg\",\"width\":500,\"height\":333,\"caption\":\"L'international togolais Karim Dermane\"},{\"@type\":\"BreadcrumbList\",\"@id\":\"https:\\\/\\\/macite.tg\\\/?p=24153#breadcrumb\",\"itemListElement\":[{\"@type\":\"ListItem\",\"position\":1,\"name\":\"Accueil\",\"item\":\"https:\\\/\\\/macite.tg\\\/\"},{\"@type\":\"ListItem\",\"position\":2,\"name\":\"MERCATO\\\/FRANCE : Le FC Lorient enr\u00f4le la p\u00e9pite togolaise, Karim Dermane\"}]},{\"@type\":\"WebSite\",\"@id\":\"https:\\\/\\\/macite.tg\\\/#website\",\"url\":\"https:\\\/\\\/macite.tg\\\/\",\"name\":\"\",\"description\":\"L&#039;information, la bonne!!!\",\"potentialAction\":[{\"@type\":\"SearchAction\",\"target\":{\"@type\":\"EntryPoint\",\"urlTemplate\":\"https:\\\/\\\/macite.tg\\\/?s={search_term_string}\"},\"query-input\":{\"@type\":\"PropertyValueSpecification\",\"valueRequired\":true,\"valueName\":\"search_term_string\"}}],\"inLanguage\":\"fr-FR\"},{\"@type\":\"Person\",\"@id\":\"https:\\\/\\\/macite.tg\\\/#\\\/schema\\\/person\\\/e9f2de7e5dbbe7770a9402c7ce82f5c2\",\"name\":\"Jean Pierre BAWELA\",\"image\":{\"@type\":\"ImageObject\",\"inLanguage\":\"fr-FR\",\"@id\":\"https:\\\/\\\/macite.tg\\\/wp-content\\\/uploads\\\/2023\\\/09\\\/WhatsApp-Image-2023-09-19-at-14.44.41-122x122.jpeg\",\"url\":\"https:\\\/\\\/macite.tg\\\/wp-content\\\/uploads\\\/2023\\\/09\\\/WhatsApp-Image-2023-09-19-at-14.44.41-122x122.jpeg\",\"contentUrl\":\"https:\\\/\\\/macite.tg\\\/wp-content\\\/uploads\\\/2023\\\/09\\\/WhatsApp-Image-2023-09-19-at-14.44.41-122x122.jpeg\",\"caption\":\"Jean Pierre BAWELA\"},\"url\":\"https:\\\/\\\/macite.tg\\\/?author=2\"}]}<\/script>\n<!-- \/ Yoast SEO plugin. -->","yoast_head_json":{"title":"MERCATO\/FRANCE : Le FC Lorient enr\u00f4le la p\u00e9pite togolaise, Karim Dermane -","robots":{"index":"index","follow":"follow","max-snippet":"max-snippet:-1","max-image-preview":"max-image-preview:large","max-video-preview":"max-video-preview:-1"},"canonical":"https:\/\/macite.tg\/?p=24153","og_locale":"fr_FR","og_type":"article","og_title":"MERCATO\/FRANCE : Le FC Lorient enr\u00f4le la p\u00e9pite togolaise, Karim Dermane -","og_description":"Promu en Ligue 1 cette saison, le FC Lorient aff\u00fbte ses armes en vue de la nouvelle saison. Les Merlus ont jet\u00e9 leur d\u00e9volu sur le jeune milieu de terrain togolais de 21 ans, Karim Dermane en provenance de Lommel SK. Apr\u00e8s six mois au [&hellip;]","og_url":"https:\/\/macite.tg\/?p=24153","article_published_time":"2025-08-11T13:07:10+00:00","article_modified_time":"2025-08-11T13:07:13+00:00","og_image":[{"width":500,"height":333,"url":"https:\/\/macite.tg\/wp-content\/uploads\/2025\/08\/Karim-Dermane.jpg","type":"image\/jpeg"}],"author":"Jean Pierre BAWELA","twitter_card":"summary_large_image","twitter_misc":{"\u00c9crit par":"Jean Pierre BAWELA","Dur\u00e9e de lecture estim\u00e9e":"2 minutes"},"schema":{"@context":"https:\/\/schema.org","@graph":[{"@type":"Article","@id":"https:\/\/macite.tg\/?p=24153#article","isPartOf":{"@id":"https:\/\/macite.tg\/?p=24153"},"author":{"name":"Jean Pierre BAWELA","@id":"https:\/\/macite.tg\/#\/schema\/person\/e9f2de7e5dbbe7770a9402c7ce82f5c2"},"headline":"MERCATO\/FRANCE : Le FC Lorient enr\u00f4le la p\u00e9pite togolaise, Karim Dermane","datePublished":"2025-08-11T13:07:10+00:00","dateModified":"2025-08-11T13:07:13+00:00","mainEntityOfPage":{"@id":"https:\/\/macite.tg\/?p=24153"},"wordCount":213,"commentCount":0,"image":{"@id":"https:\/\/macite.tg\/?p=24153#primaryimage"},"thumbnailUrl":"https:\/\/macite.tg\/wp-content\/uploads\/2025\/08\/Karim-Dermane.jpg","articleSection":["ACTUALITE","FOOTBALL","SPORTS"],"inLanguage":"fr-FR","potentialAction":[{"@type":"CommentAction","name":"Comment","target":["https:\/\/macite.tg\/?p=24153#respond"]}]},{"@type":"WebPage","@id":"https:\/\/macite.tg\/?p=24153","url":"https:\/\/macite.tg\/?p=24153","name":"MERCATO\/FRANCE : Le FC Lorient enr\u00f4le la p\u00e9pite togolaise, Karim Dermane -","isPartOf":{"@id":"https:\/\/macite.tg\/#website"},"primaryImageOfPage":{"@id":"https:\/\/macite.tg\/?p=24153#primaryimage"},"image":{"@id":"https:\/\/macite.tg\/?p=24153#primaryimage"},"thumbnailUrl":"https:\/\/macite.tg\/wp-content\/uploads\/2025\/08\/Karim-Dermane.jpg","datePublished":"2025-08-11T13:07:10+00:00","dateModified":"2025-08-11T13:07:13+00:00","author":{"@id":"https:\/\/macite.tg\/#\/schema\/person\/e9f2de7e5dbbe7770a9402c7ce82f5c2"},"breadcrumb":{"@id":"https:\/\/macite.tg\/?p=24153#breadcrumb"},"inLanguage":"fr-FR","potentialAction":[{"@type":"ReadAction","target":["https:\/\/macite.tg\/?p=24153"]}]},{"@type":"ImageObject","inLanguage":"fr-FR","@id":"https:\/\/macite.tg\/?p=24153#primaryimage","url":"https:\/\/macite.tg\/wp-content\/uploads\/2025\/08\/Karim-Dermane.jpg","contentUrl":"https:\/\/macite.tg\/wp-content\/uploads\/2025\/08\/Karim-Dermane.jpg","width":500,"height":333,"caption":"L'international togolais Karim Dermane"},{"@type":"BreadcrumbList","@id":"https:\/\/macite.tg\/?p=24153#breadcrumb","itemListElement":[{"@type":"ListItem","position":1,"name":"Accueil","item":"https:\/\/macite.tg\/"},{"@type":"ListItem","position":2,"name":"MERCATO\/FRANCE : Le FC Lorient enr\u00f4le la p\u00e9pite togolaise, Karim Dermane"}]},{"@type":"WebSite","@id":"https:\/\/macite.tg\/#website","url":"https:\/\/macite.tg\/","name":"","description":"L&#039;information, la bonne!!!","potentialAction":[{"@type":"SearchAction","target":{"@type":"EntryPoint","urlTemplate":"https:\/\/macite.tg\/?s={search_term_string}"},"query-input":{"@type":"PropertyValueSpecification","valueRequired":true,"valueName":"search_term_string"}}],"inLanguage":"fr-FR"},{"@type":"Person","@id":"https:\/\/macite.tg\/#\/schema\/person\/e9f2de7e5dbbe7770a9402c7ce82f5c2","name":"Jean Pierre BAWELA","image":{"@type":"ImageObject","inLanguage":"fr-FR","@id":"https:\/\/macite.tg\/wp-content\/uploads\/2023\/09\/WhatsApp-Image-2023-09-19-at-14.44.41-122x122.jpeg","url":"https:\/\/macite.tg\/wp-content\/uploads\/2023\/09\/WhatsApp-Image-2023-09-19-at-14.44.41-122x122.jpeg","contentUrl":"https:\/\/macite.tg\/wp-content\/uploads\/2023\/09\/WhatsApp-Image-2023-09-19-at-14.44.41-122x122.jpeg","caption":"Jean Pierre BAWELA"},"url":"https:\/\/macite.tg\/?author=2"}]}},"_links":{"self":[{"href":"https:\/\/macite.tg\/index.php?rest_route=\/wp\/v2\/posts\/24153","targetHints":{"allow":["GET"]}}],"collection":[{"href":"https:\/\/macite.tg\/index.php?rest_route=\/wp\/v2\/posts"}],"about":[{"href":"https:\/\/macite.tg\/index.php?rest_route=\/wp\/v2\/types\/post"}],"author":[{"embeddable":true,"href":"https:\/\/macite.tg\/index.php?rest_route=\/wp\/v2\/users\/2"}],"replies":[{"embeddable":true,"href":"https:\/\/macite.tg\/index.php?rest_route=%2Fwp%2Fv2%2Fcomments&post=24153"}],"version-history":[{"count":0,"href":"https:\/\/macite.tg\/index.php?rest_route=\/wp\/v2\/posts\/24153\/revisions"}],"wp:featuredmedia":[{"embeddable":true,"href":"https:\/\/macite.tg\/index.php?rest_route=\/wp\/v2\/media\/24154"}],"wp:attachment":[{"href":"https:\/\/macite.tg\/index.php?rest_route=%2Fwp%2Fv2%2Fmedia&parent=24153"}],"wp:term":[{"taxonomy":"category","embeddable":true,"href":"https:\/\/macite.tg\/index.php?rest_route=%2Fwp%2Fv2%2Fcategories&post=24153"},{"taxonomy":"post_tag","embeddable":true,"href":"https:\/\/macite.tg\/index.php?rest_route=%2Fwp%2Fv2%2Ftags&post=24153"}],"curies":[{"name":"wp","href":"https:\/\/api.w.org\/{rel}","templated":true}]}}