{"id":24136,"date":"2025-08-11T11:45:32","date_gmt":"2025-08-11T11:45:32","guid":{"rendered":"https:\/\/macite.tg\/?p=24136"},"modified":"2025-08-11T11:50:18","modified_gmt":"2025-08-11T11:50:18","slug":"projet-e-id-togo-enregistrement-de-masse-la-prefecture-dagoe-nyive-a-lhonneur-des-ce-20-aout","status":"publish","type":"post","link":"https:\/\/macite.tg\/?p=24136","title":{"rendered":"PROJET E-ID TOGO \/ ENREGISTREMENT DE MASSE : La pr\u00e9fecture d\u2019Ago\u00e8-Nyiv\u00e9 \u00e0 l\u2019honneur d\u00e8s ce 20 ao\u00fbt"},"content":{"rendered":"\n<p class=\"wp-block-paragraph\"><strong><em>Dans le cadre du projet e-ID Togo, appuy\u00e9 par la Banque mondiale \u00e0 travers le programme WURI (West Africa Unique Identification for Regional Integration and Inclusion), visant \u00e0 \u00e9tablir un registre national fiable et s\u00e9curis\u00e9, fond\u00e9 sur des donn\u00e9es biom\u00e9triques et d\u00e9mographiques, le Togo a lanc\u00e9, en octobre 2023, une phase pilote d\u2019enregistrement biom\u00e9trique.<\/em><\/strong><\/p>\n\n\n\n<p class=\"wp-block-paragraph\">Apr\u00e8s la r\u00e9gion des Savanes et la pr\u00e9fecture du Golfe courant f\u00e9vrier et mai dernier, les enregistrements de masse se poursuivent, \u00e0 compter du 20 ao\u00fbt prochain, dans la pr\u00e9fecture d\u2019Ago\u00e8-Nyiv\u00e9.<\/p>\n\n\n<div class=\"wp-block-image\">\n<figure class=\"aligncenter size-full is-resized\"><img loading=\"lazy\" decoding=\"async\" width=\"690\" height=\"170\" src=\"https:\/\/macite.tg\/wp-content\/uploads\/2025\/08\/OTR_TVM-1.jpg\" alt=\"\" class=\"wp-image-24129\" style=\"width:840px;height:auto\" srcset=\"https:\/\/macite.tg\/wp-content\/uploads\/2025\/08\/OTR_TVM-1.jpg 690w, https:\/\/macite.tg\/wp-content\/uploads\/2025\/08\/OTR_TVM-1-300x74.jpg 300w\" sizes=\"auto, (max-width: 690px) 100vw, 690px\" \/><\/figure>\n<\/div>\n\n\n<p class=\"wp-block-paragraph\">L\u2019annonce a \u00e9t\u00e9 faite par l\u2019Institut national de la statistique et des \u00e9tudes \u00e9conomiques et d\u00e9mographiques (INSEED). Les op\u00e9rations conduites par l\u2019Agence nationale d\u2019identification (ANID), visent \u00e0 \u00e9tablir un registre national fiable et s\u00e9curis\u00e9, fond\u00e9 sur des donn\u00e9es biom\u00e9triques et d\u00e9mographiques.<\/p>\n\n\n\n<p class=\"wp-block-paragraph\">Notons que le projet d\u2019identification nationale biom\u00e9trique d\u00e9nomm\u00e9 \u00abe-ID Togo\u00bb a pour objectif <em>\u00ab&nbsp;d\u2019attribuer \u00e0 toute personne physique de nationalit\u00e9 togolaise ou r\u00e9sidant au Togo un num\u00e9ro d\u2019identification unique (NIU) sur la base de ses donn\u00e9es d\u00e9mographiques et biom\u00e9triques&nbsp;\u00bb,<\/em> souligne l\u2019autorit\u00e9.<\/p>\n\n\n\n<p class=\"wp-block-paragraph\">Ces donn\u00e9es, ainsi que les NIU, vont permettre de mettre en place une <em>\u00ab\u00a0base de donn\u00e9es centrale, s\u00e9curis\u00e9e et fiable qui servira de r\u00e9f\u00e9rence pour la v\u00e9rification de l\u2019identit\u00e9 des b\u00e9n\u00e9ficiaires de services publics, priv\u00e9s ou sociaux\u00a0\u00bb.<\/em> <\/p>\n\n\n<div class=\"wp-block-image\">\n<figure class=\"aligncenter size-full\"><img loading=\"lazy\" decoding=\"async\" width=\"851\" height=\"315\" src=\"https:\/\/macite.tg\/wp-content\/uploads\/2025\/08\/OTR_Ferer-pour-batir-1.jpg\" alt=\"\" class=\"wp-image-24078\" srcset=\"https:\/\/macite.tg\/wp-content\/uploads\/2025\/08\/OTR_Ferer-pour-batir-1.jpg 851w, https:\/\/macite.tg\/wp-content\/uploads\/2025\/08\/OTR_Ferer-pour-batir-1-300x111.jpg 300w, https:\/\/macite.tg\/wp-content\/uploads\/2025\/08\/OTR_Ferer-pour-batir-1-768x284.jpg 768w\" sizes=\"auto, (max-width: 851px) 100vw, 851px\" \/><\/figure>\n<\/div>\n\n\n<p class=\"wp-block-paragraph\">L\u2019op\u00e9rationnalisation\u00a0du projet \u00ab\u00a0e-ID Togo\u00a0\u00bb intervient dans le contexte des engagements pris par le Pr\u00e9sident du Conseil, Faure Gnassingb\u00e9, durant la campagne pr\u00e9sidentielle, et constitue un signal fort de sa volont\u00e9 et de son engagement \u00e0 poursuivre la politique d\u2019inclusion socio-\u00e9conomique et financi\u00e8re pour le d\u00e9veloppement du pays.<\/p>\n\n\n\n<p class=\"wp-block-paragraph\"><strong>JPB<\/strong><\/p>\n\n\n\n<p class=\"wp-block-paragraph\"><a><strong><em>@macite.tg&nbsp;&nbsp;&nbsp;&nbsp;&nbsp;&nbsp;&nbsp;&nbsp;<\/em><\/strong><\/a><\/p>\n\n\n\n<p class=\"wp-block-paragraph\"><strong><em>E-mail&nbsp;: <\/em><\/strong><a href=\"mailto:maciteinfo@gmail.com\"><strong><em>maciteinfo@gmail.com<\/em><\/strong><\/a><strong><em>; <\/em><\/strong><a href=\"mailto:bawela1@gmail.com\"><strong><em>bawela1@gmail.com<\/em><\/strong><\/a><strong><em><\/em><\/strong><\/p>\n\n\n\n<p class=\"wp-block-paragraph\"><strong><em>Pour vos annonces, (publi)reportages, etc., joignez-nous au (00228)91515309\/<strong>79872224 <\/strong><strong><\/strong><\/em><\/strong><\/p>\n\n\n\n<p class=\"wp-block-paragraph\"><strong><em>www.macite.tg, L\u2019information, la bonne&nbsp;!<\/em><\/strong><\/p>\n\n\n\n<p class=\"wp-block-paragraph\"><\/p>\n","protected":false},"excerpt":{"rendered":"<p class=\"text-justify mb-2\" >Dans le cadre du projet e-ID Togo, appuy\u00e9 par la Banque mondiale \u00e0 travers le programme WURI (West Africa Unique Identification for Regional Integration and Inclusion), visant \u00e0 \u00e9tablir un registre national fiable et s\u00e9curis\u00e9, fond\u00e9 sur des donn\u00e9es biom\u00e9triques et d\u00e9mographiques, le Togo a [&hellip;]<\/p>\n","protected":false},"author":2,"featured_media":24137,"comment_status":"open","ping_status":"open","sticky":false,"template":"","format":"standard","meta":{"footnotes":""},"categories":[20,15],"tags":[],"class_list":["post-24136","post","type-post","status-publish","format-standard","has-post-thumbnail","hentry","category-actualite","category-developpement"],"yoast_head":"<!-- This site is optimized with the Yoast SEO plugin v28.4 - https:\/\/yoast.com\/product\/yoast-seo-wordpress\/ -->\n<title>PROJET E-ID TOGO \/ ENREGISTREMENT DE MASSE : La pr\u00e9fecture d\u2019Ago\u00e8-Nyiv\u00e9 \u00e0 l\u2019honneur d\u00e8s ce 20 ao\u00fbt -<\/title>\n<meta name=\"robots\" content=\"index, follow, max-snippet:-1, max-image-preview:large, max-video-preview:-1\" \/>\n<link rel=\"canonical\" href=\"https:\/\/macite.tg\/?p=24136\" \/>\n<meta property=\"og:locale\" content=\"fr_FR\" \/>\n<meta property=\"og:type\" content=\"article\" \/>\n<meta property=\"og:title\" content=\"PROJET E-ID TOGO \/ ENREGISTREMENT DE MASSE : La pr\u00e9fecture d\u2019Ago\u00e8-Nyiv\u00e9 \u00e0 l\u2019honneur d\u00e8s ce 20 ao\u00fbt -\" \/>\n<meta property=\"og:description\" content=\"Dans le cadre du projet e-ID Togo, appuy\u00e9 par la Banque mondiale \u00e0 travers le programme WURI (West Africa Unique Identification for Regional Integration and Inclusion), visant \u00e0 \u00e9tablir un registre national fiable et s\u00e9curis\u00e9, fond\u00e9 sur des donn\u00e9es biom\u00e9triques et d\u00e9mographiques, le Togo a [&hellip;]\" \/>\n<meta property=\"og:url\" content=\"https:\/\/macite.tg\/?p=24136\" \/>\n<meta property=\"article:published_time\" content=\"2025-08-11T11:45:32+00:00\" \/>\n<meta property=\"article:modified_time\" content=\"2025-08-11T11:50:18+00:00\" \/>\n<meta property=\"og:image\" content=\"https:\/\/macite.tg\/wp-content\/uploads\/2025\/08\/e-id.jpg\" \/>\n\t<meta property=\"og:image:width\" content=\"500\" \/>\n\t<meta property=\"og:image:height\" content=\"355\" \/>\n\t<meta property=\"og:image:type\" content=\"image\/jpeg\" \/>\n<meta name=\"author\" content=\"Jean Pierre BAWELA\" \/>\n<meta name=\"twitter:card\" content=\"summary_large_image\" \/>\n<meta name=\"twitter:label1\" content=\"\u00c9crit par\" \/>\n\t<meta name=\"twitter:data1\" content=\"Jean Pierre BAWELA\" \/>\n\t<meta name=\"twitter:label2\" content=\"Dur\u00e9e de lecture estim\u00e9e\" \/>\n\t<meta name=\"twitter:data2\" content=\"2 minutes\" \/>\n<script type=\"application\/ld+json\" class=\"yoast-schema-graph\">{\"@context\":\"https:\\\/\\\/schema.org\",\"@graph\":[{\"@type\":\"Article\",\"@id\":\"https:\\\/\\\/macite.tg\\\/?p=24136#article\",\"isPartOf\":{\"@id\":\"https:\\\/\\\/macite.tg\\\/?p=24136\"},\"author\":{\"name\":\"Jean Pierre BAWELA\",\"@id\":\"https:\\\/\\\/macite.tg\\\/#\\\/schema\\\/person\\\/e9f2de7e5dbbe7770a9402c7ce82f5c2\"},\"headline\":\"PROJET E-ID TOGO \\\/ ENREGISTREMENT DE MASSE : La pr\u00e9fecture d\u2019Ago\u00e8-Nyiv\u00e9 \u00e0 l\u2019honneur d\u00e8s ce 20 ao\u00fbt\",\"datePublished\":\"2025-08-11T11:45:32+00:00\",\"dateModified\":\"2025-08-11T11:50:18+00:00\",\"mainEntityOfPage\":{\"@id\":\"https:\\\/\\\/macite.tg\\\/?p=24136\"},\"wordCount\":354,\"commentCount\":0,\"image\":{\"@id\":\"https:\\\/\\\/macite.tg\\\/?p=24136#primaryimage\"},\"thumbnailUrl\":\"https:\\\/\\\/macite.tg\\\/wp-content\\\/uploads\\\/2025\\\/08\\\/e-id.jpg\",\"articleSection\":[\"ACTUALITE\",\"DEVELOPPEMENT\"],\"inLanguage\":\"fr-FR\",\"potentialAction\":[{\"@type\":\"CommentAction\",\"name\":\"Comment\",\"target\":[\"https:\\\/\\\/macite.tg\\\/?p=24136#respond\"]}]},{\"@type\":\"WebPage\",\"@id\":\"https:\\\/\\\/macite.tg\\\/?p=24136\",\"url\":\"https:\\\/\\\/macite.tg\\\/?p=24136\",\"name\":\"PROJET E-ID TOGO \\\/ ENREGISTREMENT DE MASSE : La pr\u00e9fecture d\u2019Ago\u00e8-Nyiv\u00e9 \u00e0 l\u2019honneur d\u00e8s ce 20 ao\u00fbt -\",\"isPartOf\":{\"@id\":\"https:\\\/\\\/macite.tg\\\/#website\"},\"primaryImageOfPage\":{\"@id\":\"https:\\\/\\\/macite.tg\\\/?p=24136#primaryimage\"},\"image\":{\"@id\":\"https:\\\/\\\/macite.tg\\\/?p=24136#primaryimage\"},\"thumbnailUrl\":\"https:\\\/\\\/macite.tg\\\/wp-content\\\/uploads\\\/2025\\\/08\\\/e-id.jpg\",\"datePublished\":\"2025-08-11T11:45:32+00:00\",\"dateModified\":\"2025-08-11T11:50:18+00:00\",\"author\":{\"@id\":\"https:\\\/\\\/macite.tg\\\/#\\\/schema\\\/person\\\/e9f2de7e5dbbe7770a9402c7ce82f5c2\"},\"breadcrumb\":{\"@id\":\"https:\\\/\\\/macite.tg\\\/?p=24136#breadcrumb\"},\"inLanguage\":\"fr-FR\",\"potentialAction\":[{\"@type\":\"ReadAction\",\"target\":[\"https:\\\/\\\/macite.tg\\\/?p=24136\"]}]},{\"@type\":\"ImageObject\",\"inLanguage\":\"fr-FR\",\"@id\":\"https:\\\/\\\/macite.tg\\\/?p=24136#primaryimage\",\"url\":\"https:\\\/\\\/macite.tg\\\/wp-content\\\/uploads\\\/2025\\\/08\\\/e-id.jpg\",\"contentUrl\":\"https:\\\/\\\/macite.tg\\\/wp-content\\\/uploads\\\/2025\\\/08\\\/e-id.jpg\",\"width\":500,\"height\":355,\"caption\":\"Des agents enr\u00f4leurs (photo aarchives)\"},{\"@type\":\"BreadcrumbList\",\"@id\":\"https:\\\/\\\/macite.tg\\\/?p=24136#breadcrumb\",\"itemListElement\":[{\"@type\":\"ListItem\",\"position\":1,\"name\":\"Accueil\",\"item\":\"https:\\\/\\\/macite.tg\\\/\"},{\"@type\":\"ListItem\",\"position\":2,\"name\":\"PROJET E-ID TOGO \\\/ ENREGISTREMENT DE MASSE : La pr\u00e9fecture d\u2019Ago\u00e8-Nyiv\u00e9 \u00e0 l\u2019honneur d\u00e8s ce 20 ao\u00fbt\"}]},{\"@type\":\"WebSite\",\"@id\":\"https:\\\/\\\/macite.tg\\\/#website\",\"url\":\"https:\\\/\\\/macite.tg\\\/\",\"name\":\"\",\"description\":\"L&#039;information, la bonne!!!\",\"potentialAction\":[{\"@type\":\"SearchAction\",\"target\":{\"@type\":\"EntryPoint\",\"urlTemplate\":\"https:\\\/\\\/macite.tg\\\/?s={search_term_string}\"},\"query-input\":{\"@type\":\"PropertyValueSpecification\",\"valueRequired\":true,\"valueName\":\"search_term_string\"}}],\"inLanguage\":\"fr-FR\"},{\"@type\":\"Person\",\"@id\":\"https:\\\/\\\/macite.tg\\\/#\\\/schema\\\/person\\\/e9f2de7e5dbbe7770a9402c7ce82f5c2\",\"name\":\"Jean Pierre BAWELA\",\"image\":{\"@type\":\"ImageObject\",\"inLanguage\":\"fr-FR\",\"@id\":\"https:\\\/\\\/macite.tg\\\/wp-content\\\/uploads\\\/2023\\\/09\\\/WhatsApp-Image-2023-09-19-at-14.44.41-122x122.jpeg\",\"url\":\"https:\\\/\\\/macite.tg\\\/wp-content\\\/uploads\\\/2023\\\/09\\\/WhatsApp-Image-2023-09-19-at-14.44.41-122x122.jpeg\",\"contentUrl\":\"https:\\\/\\\/macite.tg\\\/wp-content\\\/uploads\\\/2023\\\/09\\\/WhatsApp-Image-2023-09-19-at-14.44.41-122x122.jpeg\",\"caption\":\"Jean Pierre BAWELA\"},\"url\":\"https:\\\/\\\/macite.tg\\\/?author=2\"}]}<\/script>\n<!-- \/ Yoast SEO plugin. -->","yoast_head_json":{"title":"PROJET E-ID TOGO \/ ENREGISTREMENT DE MASSE : La pr\u00e9fecture d\u2019Ago\u00e8-Nyiv\u00e9 \u00e0 l\u2019honneur d\u00e8s ce 20 ao\u00fbt -","robots":{"index":"index","follow":"follow","max-snippet":"max-snippet:-1","max-image-preview":"max-image-preview:large","max-video-preview":"max-video-preview:-1"},"canonical":"https:\/\/macite.tg\/?p=24136","og_locale":"fr_FR","og_type":"article","og_title":"PROJET E-ID TOGO \/ ENREGISTREMENT DE MASSE : La pr\u00e9fecture d\u2019Ago\u00e8-Nyiv\u00e9 \u00e0 l\u2019honneur d\u00e8s ce 20 ao\u00fbt -","og_description":"Dans le cadre du projet e-ID Togo, appuy\u00e9 par la Banque mondiale \u00e0 travers le programme WURI (West Africa Unique Identification for Regional Integration and Inclusion), visant \u00e0 \u00e9tablir un registre national fiable et s\u00e9curis\u00e9, fond\u00e9 sur des donn\u00e9es biom\u00e9triques et d\u00e9mographiques, le Togo a [&hellip;]","og_url":"https:\/\/macite.tg\/?p=24136","article_published_time":"2025-08-11T11:45:32+00:00","article_modified_time":"2025-08-11T11:50:18+00:00","og_image":[{"width":500,"height":355,"url":"https:\/\/macite.tg\/wp-content\/uploads\/2025\/08\/e-id.jpg","type":"image\/jpeg"}],"author":"Jean Pierre BAWELA","twitter_card":"summary_large_image","twitter_misc":{"\u00c9crit par":"Jean Pierre BAWELA","Dur\u00e9e de lecture estim\u00e9e":"2 minutes"},"schema":{"@context":"https:\/\/schema.org","@graph":[{"@type":"Article","@id":"https:\/\/macite.tg\/?p=24136#article","isPartOf":{"@id":"https:\/\/macite.tg\/?p=24136"},"author":{"name":"Jean Pierre BAWELA","@id":"https:\/\/macite.tg\/#\/schema\/person\/e9f2de7e5dbbe7770a9402c7ce82f5c2"},"headline":"PROJET E-ID TOGO \/ ENREGISTREMENT DE MASSE : La pr\u00e9fecture d\u2019Ago\u00e8-Nyiv\u00e9 \u00e0 l\u2019honneur d\u00e8s ce 20 ao\u00fbt","datePublished":"2025-08-11T11:45:32+00:00","dateModified":"2025-08-11T11:50:18+00:00","mainEntityOfPage":{"@id":"https:\/\/macite.tg\/?p=24136"},"wordCount":354,"commentCount":0,"image":{"@id":"https:\/\/macite.tg\/?p=24136#primaryimage"},"thumbnailUrl":"https:\/\/macite.tg\/wp-content\/uploads\/2025\/08\/e-id.jpg","articleSection":["ACTUALITE","DEVELOPPEMENT"],"inLanguage":"fr-FR","potentialAction":[{"@type":"CommentAction","name":"Comment","target":["https:\/\/macite.tg\/?p=24136#respond"]}]},{"@type":"WebPage","@id":"https:\/\/macite.tg\/?p=24136","url":"https:\/\/macite.tg\/?p=24136","name":"PROJET E-ID TOGO \/ ENREGISTREMENT DE MASSE : La pr\u00e9fecture d\u2019Ago\u00e8-Nyiv\u00e9 \u00e0 l\u2019honneur d\u00e8s ce 20 ao\u00fbt -","isPartOf":{"@id":"https:\/\/macite.tg\/#website"},"primaryImageOfPage":{"@id":"https:\/\/macite.tg\/?p=24136#primaryimage"},"image":{"@id":"https:\/\/macite.tg\/?p=24136#primaryimage"},"thumbnailUrl":"https:\/\/macite.tg\/wp-content\/uploads\/2025\/08\/e-id.jpg","datePublished":"2025-08-11T11:45:32+00:00","dateModified":"2025-08-11T11:50:18+00:00","author":{"@id":"https:\/\/macite.tg\/#\/schema\/person\/e9f2de7e5dbbe7770a9402c7ce82f5c2"},"breadcrumb":{"@id":"https:\/\/macite.tg\/?p=24136#breadcrumb"},"inLanguage":"fr-FR","potentialAction":[{"@type":"ReadAction","target":["https:\/\/macite.tg\/?p=24136"]}]},{"@type":"ImageObject","inLanguage":"fr-FR","@id":"https:\/\/macite.tg\/?p=24136#primaryimage","url":"https:\/\/macite.tg\/wp-content\/uploads\/2025\/08\/e-id.jpg","contentUrl":"https:\/\/macite.tg\/wp-content\/uploads\/2025\/08\/e-id.jpg","width":500,"height":355,"caption":"Des agents enr\u00f4leurs (photo aarchives)"},{"@type":"BreadcrumbList","@id":"https:\/\/macite.tg\/?p=24136#breadcrumb","itemListElement":[{"@type":"ListItem","position":1,"name":"Accueil","item":"https:\/\/macite.tg\/"},{"@type":"ListItem","position":2,"name":"PROJET E-ID TOGO \/ ENREGISTREMENT DE MASSE : La pr\u00e9fecture d\u2019Ago\u00e8-Nyiv\u00e9 \u00e0 l\u2019honneur d\u00e8s ce 20 ao\u00fbt"}]},{"@type":"WebSite","@id":"https:\/\/macite.tg\/#website","url":"https:\/\/macite.tg\/","name":"","description":"L&#039;information, la bonne!!!","potentialAction":[{"@type":"SearchAction","target":{"@type":"EntryPoint","urlTemplate":"https:\/\/macite.tg\/?s={search_term_string}"},"query-input":{"@type":"PropertyValueSpecification","valueRequired":true,"valueName":"search_term_string"}}],"inLanguage":"fr-FR"},{"@type":"Person","@id":"https:\/\/macite.tg\/#\/schema\/person\/e9f2de7e5dbbe7770a9402c7ce82f5c2","name":"Jean Pierre BAWELA","image":{"@type":"ImageObject","inLanguage":"fr-FR","@id":"https:\/\/macite.tg\/wp-content\/uploads\/2023\/09\/WhatsApp-Image-2023-09-19-at-14.44.41-122x122.jpeg","url":"https:\/\/macite.tg\/wp-content\/uploads\/2023\/09\/WhatsApp-Image-2023-09-19-at-14.44.41-122x122.jpeg","contentUrl":"https:\/\/macite.tg\/wp-content\/uploads\/2023\/09\/WhatsApp-Image-2023-09-19-at-14.44.41-122x122.jpeg","caption":"Jean Pierre BAWELA"},"url":"https:\/\/macite.tg\/?author=2"}]}},"_links":{"self":[{"href":"https:\/\/macite.tg\/index.php?rest_route=\/wp\/v2\/posts\/24136","targetHints":{"allow":["GET"]}}],"collection":[{"href":"https:\/\/macite.tg\/index.php?rest_route=\/wp\/v2\/posts"}],"about":[{"href":"https:\/\/macite.tg\/index.php?rest_route=\/wp\/v2\/types\/post"}],"author":[{"embeddable":true,"href":"https:\/\/macite.tg\/index.php?rest_route=\/wp\/v2\/users\/2"}],"replies":[{"embeddable":true,"href":"https:\/\/macite.tg\/index.php?rest_route=%2Fwp%2Fv2%2Fcomments&post=24136"}],"version-history":[{"count":0,"href":"https:\/\/macite.tg\/index.php?rest_route=\/wp\/v2\/posts\/24136\/revisions"}],"wp:featuredmedia":[{"embeddable":true,"href":"https:\/\/macite.tg\/index.php?rest_route=\/wp\/v2\/media\/24137"}],"wp:attachment":[{"href":"https:\/\/macite.tg\/index.php?rest_route=%2Fwp%2Fv2%2Fmedia&parent=24136"}],"wp:term":[{"taxonomy":"category","embeddable":true,"href":"https:\/\/macite.tg\/index.php?rest_route=%2Fwp%2Fv2%2Fcategories&post=24136"},{"taxonomy":"post_tag","embeddable":true,"href":"https:\/\/macite.tg\/index.php?rest_route=%2Fwp%2Fv2%2Ftags&post=24136"}],"curies":[{"name":"wp","href":"https:\/\/api.w.org\/{rel}","templated":true}]}}