{"id":24131,"date":"2025-08-11T11:12:30","date_gmt":"2025-08-11T11:12:30","guid":{"rendered":"https:\/\/macite.tg\/?p=24131"},"modified":"2025-08-11T11:12:35","modified_gmt":"2025-08-11T11:12:35","slug":"tchad-deby-fils-se-defait-de-son-opposant-lancien-premier-ministre-succes-masra-ecope-de-20-ans-de-prison","status":"publish","type":"post","link":"https:\/\/macite.tg\/?p=24131","title":{"rendered":"TCHAD \/ DEBY FILS SE DEFAIT DE SON OPPOSANT : L\u2019ancien Premier ministre Succ\u00e8s Masra \u00e9cope de 20 ans de prison"},"content":{"rendered":"\n<p class=\"wp-block-paragraph\"><strong><em>Au terme d&rsquo;un proc\u00e8s exp\u00e9ditif tenu le 9\u00a0ao\u00fbt\u00a02025\u00a0\u00e0 N&rsquo;Djamena, Succ\u00e8s Masra, figure de proue du parti Les Transformateurs et ancien Premier ministre, a \u00e9t\u00e9 condamn\u00e9 \u00e0 vingt ans de r\u00e9clusion. Il est reconnu coupable de \u00ab\u00a0diffusion de messages racistes et x\u00e9nophobes incitant \u00e0 la violence\u00a0\u00bb, en lien avec les violences intercommunautaires meurtri\u00e8res qui ont secou\u00e9 la r\u00e9gion de Mandakao, dans le sud-ouest du pays, en mai dernier. Le jugement l&rsquo;oblige \u00e9galement \u00e0 verser\u00a01\u00a0milliard de francs CFA \u00e0 l&rsquo;\u00c9tat tchadien, au titre des r\u00e9parations. Ses avocats ont aussit\u00f4t d\u00e9nonc\u00e9 une \u00ab\u00a0mascarade judiciaire\u00a0\u00bb et annonc\u00e9 leur intention de faire appel.<\/em><\/strong><\/p>\n\n\n\n<p class=\"wp-block-paragraph\"><strong>Un proc\u00e8s rapide dans un climat politique tendu<\/strong><\/p>\n\n\n\n<p class=\"wp-block-paragraph\">Historiquement lente, la justice tchadienne a cette fois acc\u00e9l\u00e9r\u00e9 la proc\u00e9dure, traduisant l&rsquo;importance capitale que le r\u00e9gime attache \u00e0 ce dossier.<\/p>\n\n\n\n<p class=\"wp-block-paragraph\">Officiellement justifi\u00e9e comme une mesure pour pr\u00e9server la paix civile, cette proc\u00e9dure survient surtout dans un contexte politique lourd, marqu\u00e9 par une r\u00e9pression croissante des voix dissidentes depuis l&rsquo;arriv\u00e9e au pouvoir de Mahamat Idriss D\u00e9by, successeur de son p\u00e8re d\u00e9c\u00e9d\u00e9 en 2021.<\/p>\n\n\n<div class=\"wp-block-image\">\n<figure class=\"aligncenter size-full\"><img loading=\"lazy\" decoding=\"async\" width=\"851\" height=\"315\" src=\"https:\/\/macite.tg\/wp-content\/uploads\/2025\/08\/OTR_Ferer-pour-batir-1.jpg\" alt=\"\" class=\"wp-image-24078\" srcset=\"https:\/\/macite.tg\/wp-content\/uploads\/2025\/08\/OTR_Ferer-pour-batir-1.jpg 851w, https:\/\/macite.tg\/wp-content\/uploads\/2025\/08\/OTR_Ferer-pour-batir-1-300x111.jpg 300w, https:\/\/macite.tg\/wp-content\/uploads\/2025\/08\/OTR_Ferer-pour-batir-1-768x284.jpg 768w\" sizes=\"auto, (max-width: 851px) 100vw, 851px\" \/><\/figure>\n<\/div>\n\n\n<p class=\"wp-block-paragraph\">\u00c2g\u00e9 de 41&nbsp;ans, Succ\u00e8s Masra dirige Les Transformateurs, parti \u00e0 forte implantation populaire, notamment dans le sud du pays, o\u00f9 la population majoritairement chr\u00e9tienne et animiste se sent marginalis\u00e9e par un r\u00e9gime \u00e0 dominante musulmane. \u00c9conomiste form\u00e9 en France et au Cameroun, Masra avait \u00e9t\u00e9 nomm\u00e9 Premier ministre en janvier&nbsp;2024 dans le cadre d&rsquo;une transition politique orchestr\u00e9e par Mahamat D\u00e9by.<\/p>\n\n\n\n<p class=\"wp-block-paragraph\">Mais il s&rsquo;est rapidement distanci\u00e9 du pouvoir, d\u00e9non\u00e7ant avec force la pr\u00e9sidentielle de mai&nbsp;2024 comme <em>\u00ab&nbsp;frauduleuse&nbsp;\u00bb. <\/em>Il est devenu l&rsquo;une des voix d&rsquo;opposition les plus visibles, organisant des manifestations souvent violemment r\u00e9prim\u00e9es dans la capitale.<\/p>\n\n\n\n<p class=\"wp-block-paragraph\">Lors du proc\u00e8s, la justice s&rsquo;est appuy\u00e9e notamment sur un message audio en langue ngambaye, dans lequel Masra aurait exhort\u00e9 ses partisans \u00e0 s&rsquo;armer pour se d\u00e9fendre. Ce document a servi de fondement \u00e0 l&rsquo;accusation <em>d&rsquo;\u00ab&nbsp;incitation \u00e0 la haine et \u00e0 la r\u00e9volte&nbsp;\u00bb,<\/em> compl\u00e9t\u00e9e par des chefs d&rsquo;accusation lourds&nbsp;: complicit\u00e9 d&rsquo;assassinats et incendies volontaires. \u00c0 la barre, Masra a rejet\u00e9 en bloc ces accusations, r\u00e9affirmant sa foi en la justice.<\/p>\n\n\n\n<p class=\"wp-block-paragraph\"><strong>Accus\u00e9 d&rsquo;avoir attis\u00e9 les tensions interethniques, un proc\u00e8s contest\u00e9<\/strong><\/p>\n\n\n\n<p class=\"wp-block-paragraph\">L&rsquo;ancien Premier ministre est accus\u00e9 d&rsquo;avoir exacerb\u00e9 les affrontements entre \u00e9leveurs et agriculteurs dans le Sud-Ouest, qui ont fait une trentaine de morts et d\u00e9stabilis\u00e9 la r\u00e9gion du Logone-Occidental. Le gouvernement pr\u00e9sente ce proc\u00e8s comme une r\u00e9ponse indispensable \u00e0 ces violences. Mais l&rsquo;opposition et plusieurs observateurs d\u00e9noncent une proc\u00e9dure b\u00e2cl\u00e9e, destin\u00e9e \u00e0 faire taire une figure g\u00eanante du pouvoir.<\/p>\n\n\n\n<p class=\"wp-block-paragraph\">\u00c0 l&rsquo;annonce du verdict, Masra est rest\u00e9 calme, lan\u00e7ant un message de r\u00e9sistance \u00e0 ses partisans&nbsp;: <em>\u00ab&nbsp;Ne vous inqui\u00e9tez pas. On se retrouve bient\u00f4t.&nbsp;\u00bb<\/em><\/p>\n\n\n\n<p class=\"wp-block-paragraph\"><strong>Une justice aux ordres, selon la d\u00e9fense<\/strong><\/p>\n\n\n\n<p class=\"wp-block-paragraph\">Les avocats de Masra crient au proc\u00e8s politique, fruit d&rsquo;un dossier <em>\u00ab&nbsp;vide&nbsp;\u00bb<\/em> et d&rsquo;une justice <em>\u00ab&nbsp;instrumentalis\u00e9e&nbsp;\u00bb<\/em> pour \u00e9liminer toute opposition. M<sup>e<\/sup>&nbsp;Kadjilembaye Francis parle d&rsquo;une humiliation indigne et d&rsquo;un jugement sans fondement. Le collectif des&nbsp;74&nbsp;coaccus\u00e9s, \u00e9galement condamn\u00e9s, d\u00e9nonce un d\u00e9ni de justice manifeste. Cette m\u00e9canique de r\u00e9pression judiciaire est devenue monnaie courante dans plusieurs pays africains, o\u00f9 les r\u00e9gimes autoritaires utilisent les tribunaux pour museler la dissidence.<\/p>\n\n\n\n<figure class=\"wp-block-image size-full is-resized\"><img loading=\"lazy\" decoding=\"async\" width=\"690\" height=\"170\" src=\"https:\/\/macite.tg\/wp-content\/uploads\/2025\/08\/OTR_TVM-1.jpg\" alt=\"\" class=\"wp-image-24129\" style=\"width:840px;height:auto\" srcset=\"https:\/\/macite.tg\/wp-content\/uploads\/2025\/08\/OTR_TVM-1.jpg 690w, https:\/\/macite.tg\/wp-content\/uploads\/2025\/08\/OTR_TVM-1-300x74.jpg 300w\" sizes=\"auto, (max-width: 690px) 100vw, 690px\" \/><\/figure>\n\n\n\n<p class=\"wp-block-paragraph\">La d\u00e9fense a d&rsquo;ores et d\u00e9j\u00e0 annonc\u00e9 un appel, avec la possibilit\u00e9 de saisir la Cour de cassation et m\u00eame des instances internationales. La piste d&rsquo;une gr\u00e2ce pr\u00e9sidentielle, \u00e0 l&rsquo;occasion du 65<sup>e<\/sup>&nbsp;anniversaire de l&rsquo;ind\u00e9pendance du Tchad, le 11&nbsp;ao\u00fbt, para\u00eet cependant peu probable.<\/p>\n\n\n\n<p class=\"wp-block-paragraph\"><strong>Vers une opposition r\u00e9duite au silence&nbsp;?<\/strong><\/p>\n\n\n\n<p class=\"wp-block-paragraph\">La condamnation de Masra marque une \u00e9tape majeure dans le verrouillage du pouvoir par Mahamat D\u00e9by. Plusieurs leaders de l&rsquo;opposition ont d\u00e9j\u00e0 \u00e9t\u00e9 \u00e9limin\u00e9s ces derni\u00e8res ann\u00e9es, certains assassin\u00e9s, d&rsquo;autres contraints \u00e0 l&rsquo;exil. Ceux qui restent subissent intimidation et traque.<\/p>\n\n\n\n<p class=\"wp-block-paragraph\">Si la condamnation est confirm\u00e9e en appel, Masra perdra tous ses droits civiques et politiques, interdit de diriger son parti ou de se pr\u00e9senter \u00e0 toute \u00e9lection. Anticipant cette issue, il s&rsquo;est mis en cong\u00e9 de la direction de Les Transformateurs, laissant la gestion \u00e0 un coll\u00e8ge de ses proches.<\/p>\n\n\n\n<p class=\"wp-block-paragraph\"><strong>Un r\u00e9gime contest\u00e9 face \u00e0 une crise multidimensionnelle<\/strong><\/p>\n\n\n\n<p class=\"wp-block-paragraph\">Depuis son accession, Mahamat Idriss D\u00e9by a resserr\u00e9 l&rsquo;\u00e9tau, usant de dissolutions de partis, d&rsquo;arrestations cibl\u00e9es et de r\u00e9pressions brutales. Ce proc\u00e8s illustre une d\u00e9rive autoritaire o\u00f9 toute contestation est \u00e9touff\u00e9e.<\/p>\n\n\n\n<p class=\"wp-block-paragraph\">L&rsquo;analyste Ifeanyi Okonkwo pr\u00e9vient&nbsp;: <em>\u00ab&nbsp;Dans un contexte de fragilit\u00e9 d\u00e9mocratique, la r\u00e9pression peut embraser le pays. Le Tchad doit choisir entre paix sociale et chaos autoritaire.&nbsp;\u00bb<\/em> Un choix crucial pour la stabilit\u00e9 d&rsquo;un pays charni\u00e8re du Sahel et d&rsquo;Afrique centrale, au c\u0153ur des enjeux r\u00e9gionaux de s\u00e9curit\u00e9 et migration.<\/p>\n\n\n<div class=\"wp-block-image\">\n<figure class=\"aligncenter size-full is-resized\"><img loading=\"lazy\" decoding=\"async\" width=\"500\" height=\"500\" src=\"https:\/\/macite.tg\/wp-content\/uploads\/2025\/08\/Geo-ref.jpg\" alt=\"\" class=\"wp-image-24028\" style=\"width:576px;height:auto\" srcset=\"https:\/\/macite.tg\/wp-content\/uploads\/2025\/08\/Geo-ref.jpg 500w, https:\/\/macite.tg\/wp-content\/uploads\/2025\/08\/Geo-ref-300x300.jpg 300w, https:\/\/macite.tg\/wp-content\/uploads\/2025\/08\/Geo-ref-150x150.jpg 150w, https:\/\/macite.tg\/wp-content\/uploads\/2025\/08\/Geo-ref-122x122.jpg 122w\" sizes=\"auto, (max-width: 500px) 100vw, 500px\" \/><\/figure>\n<\/div>\n\n\n<p class=\"wp-block-paragraph\">Sur la sc\u00e8ne internationale, la condamnation de Succ\u00e8s Masra a suscit\u00e9 de vives inqui\u00e9tudes. Les grandes ONG de d\u00e9fense des droits humains r\u00e9clament sa lib\u00e9ration imm\u00e9diate, d\u00e9non\u00e7ant une justice politis\u00e9e, instrument au service du r\u00e9gime pour faire taire l&rsquo;opposition.<\/p>\n\n\n\n<p class=\"wp-block-paragraph\">Malgr\u00e9 la r\u00e9pression, la d\u00e9termination des partisans de Masra demeure intacte, signe qu&rsquo;au Tchad&nbsp;la contestation politique est loin d&rsquo;\u00eatre \u00e9touff\u00e9e.<\/p>\n\n\n\n<p class=\"wp-block-paragraph\"><strong>MSN<\/strong><\/p>\n\n\n\n<p class=\"wp-block-paragraph\"><a><strong><em>@macite.tg&nbsp;&nbsp;&nbsp;&nbsp;&nbsp;&nbsp;&nbsp;&nbsp;<\/em><\/strong><\/a><\/p>\n\n\n\n<p class=\"wp-block-paragraph\"><strong><em>E-mail&nbsp;: <\/em><\/strong><a href=\"mailto:maciteinfo@gmail.com\"><strong><em>maciteinfo@gmail.com<\/em><\/strong><\/a><strong><em>; <\/em><\/strong><a href=\"mailto:bawela1@gmail.com\"><strong><em>bawela1@gmail.com<\/em><\/strong><\/a><strong><em><\/em><\/strong><\/p>\n\n\n\n<p class=\"wp-block-paragraph\"><strong><em>Pour vos annonces, (publi)reportages, etc., joignez-nous au (00228)91515309\/<strong>79872224 <\/strong><strong><\/strong><\/em><\/strong><\/p>\n\n\n\n<p class=\"wp-block-paragraph\"><strong><em>www.macite.tg, L\u2019information, la bonne&nbsp;!<\/em><\/strong><\/p>\n\n\n\n<p class=\"wp-block-paragraph\"><\/p>\n","protected":false},"excerpt":{"rendered":"<p class=\"text-justify mb-2\" >Au terme d&rsquo;un proc\u00e8s exp\u00e9ditif tenu le 9\u00a0ao\u00fbt\u00a02025\u00a0\u00e0 N&rsquo;Djamena, Succ\u00e8s Masra, figure de proue du parti Les Transformateurs et ancien Premier ministre, a \u00e9t\u00e9 condamn\u00e9 \u00e0 vingt ans de r\u00e9clusion. Il est reconnu coupable de \u00ab\u00a0diffusion de messages racistes et x\u00e9nophobes incitant \u00e0 la violence\u00a0\u00bb, [&hellip;]<\/p>\n","protected":false},"author":2,"featured_media":24133,"comment_status":"open","ping_status":"open","sticky":false,"template":"","format":"standard","meta":{"footnotes":""},"categories":[20,26,1],"tags":[],"class_list":["post-24131","post","type-post","status-publish","format-standard","has-post-thumbnail","hentry","category-actualite","category-justice","category-politique"],"yoast_head":"<!-- This site is optimized with the Yoast SEO plugin v28.4 - https:\/\/yoast.com\/product\/yoast-seo-wordpress\/ -->\n<title>TCHAD \/ DEBY FILS SE DEFAIT DE SON OPPOSANT : L\u2019ancien Premier ministre Succ\u00e8s Masra \u00e9cope de 20 ans de prison -<\/title>\n<meta name=\"robots\" content=\"index, follow, max-snippet:-1, max-image-preview:large, max-video-preview:-1\" \/>\n<link rel=\"canonical\" href=\"https:\/\/macite.tg\/?p=24131\" \/>\n<meta property=\"og:locale\" content=\"fr_FR\" \/>\n<meta property=\"og:type\" content=\"article\" \/>\n<meta property=\"og:title\" content=\"TCHAD \/ DEBY FILS SE DEFAIT DE SON OPPOSANT : L\u2019ancien Premier ministre Succ\u00e8s Masra \u00e9cope de 20 ans de prison -\" \/>\n<meta property=\"og:description\" content=\"Au terme d&rsquo;un proc\u00e8s exp\u00e9ditif tenu le 9\u00a0ao\u00fbt\u00a02025\u00a0\u00e0 N&rsquo;Djamena, Succ\u00e8s Masra, figure de proue du parti Les Transformateurs et ancien Premier ministre, a \u00e9t\u00e9 condamn\u00e9 \u00e0 vingt ans de r\u00e9clusion. Il est reconnu coupable de \u00ab\u00a0diffusion de messages racistes et x\u00e9nophobes incitant \u00e0 la violence\u00a0\u00bb, [&hellip;]\" \/>\n<meta property=\"og:url\" content=\"https:\/\/macite.tg\/?p=24131\" \/>\n<meta property=\"article:published_time\" content=\"2025-08-11T11:12:30+00:00\" \/>\n<meta property=\"article:modified_time\" content=\"2025-08-11T11:12:35+00:00\" \/>\n<meta property=\"og:image\" content=\"https:\/\/macite.tg\/wp-content\/uploads\/2025\/08\/D2BY-MASA.jpg\" \/>\n\t<meta property=\"og:image:width\" content=\"500\" \/>\n\t<meta property=\"og:image:height\" content=\"333\" \/>\n\t<meta property=\"og:image:type\" content=\"image\/jpeg\" \/>\n<meta name=\"author\" content=\"Jean Pierre BAWELA\" \/>\n<meta name=\"twitter:card\" content=\"summary_large_image\" \/>\n<meta name=\"twitter:label1\" content=\"\u00c9crit par\" \/>\n\t<meta name=\"twitter:data1\" content=\"Jean Pierre BAWELA\" \/>\n\t<meta name=\"twitter:label2\" content=\"Dur\u00e9e de lecture estim\u00e9e\" \/>\n\t<meta name=\"twitter:data2\" content=\"5 minutes\" \/>\n<script type=\"application\/ld+json\" class=\"yoast-schema-graph\">{\"@context\":\"https:\\\/\\\/schema.org\",\"@graph\":[{\"@type\":\"Article\",\"@id\":\"https:\\\/\\\/macite.tg\\\/?p=24131#article\",\"isPartOf\":{\"@id\":\"https:\\\/\\\/macite.tg\\\/?p=24131\"},\"author\":{\"name\":\"Jean Pierre BAWELA\",\"@id\":\"https:\\\/\\\/macite.tg\\\/#\\\/schema\\\/person\\\/e9f2de7e5dbbe7770a9402c7ce82f5c2\"},\"headline\":\"TCHAD \\\/ DEBY FILS SE DEFAIT DE SON OPPOSANT : L\u2019ancien Premier ministre Succ\u00e8s Masra \u00e9cope de 20 ans de prison\",\"datePublished\":\"2025-08-11T11:12:30+00:00\",\"dateModified\":\"2025-08-11T11:12:35+00:00\",\"mainEntityOfPage\":{\"@id\":\"https:\\\/\\\/macite.tg\\\/?p=24131\"},\"wordCount\":1003,\"commentCount\":0,\"image\":{\"@id\":\"https:\\\/\\\/macite.tg\\\/?p=24131#primaryimage\"},\"thumbnailUrl\":\"https:\\\/\\\/macite.tg\\\/wp-content\\\/uploads\\\/2025\\\/08\\\/D2BY-MASA.jpg\",\"articleSection\":[\"ACTUALITE\",\"JUSTICE\",\"POLITIQUE\"],\"inLanguage\":\"fr-FR\",\"potentialAction\":[{\"@type\":\"CommentAction\",\"name\":\"Comment\",\"target\":[\"https:\\\/\\\/macite.tg\\\/?p=24131#respond\"]}]},{\"@type\":\"WebPage\",\"@id\":\"https:\\\/\\\/macite.tg\\\/?p=24131\",\"url\":\"https:\\\/\\\/macite.tg\\\/?p=24131\",\"name\":\"TCHAD \\\/ DEBY FILS SE DEFAIT DE SON OPPOSANT : L\u2019ancien Premier ministre Succ\u00e8s Masra \u00e9cope de 20 ans de prison -\",\"isPartOf\":{\"@id\":\"https:\\\/\\\/macite.tg\\\/#website\"},\"primaryImageOfPage\":{\"@id\":\"https:\\\/\\\/macite.tg\\\/?p=24131#primaryimage\"},\"image\":{\"@id\":\"https:\\\/\\\/macite.tg\\\/?p=24131#primaryimage\"},\"thumbnailUrl\":\"https:\\\/\\\/macite.tg\\\/wp-content\\\/uploads\\\/2025\\\/08\\\/D2BY-MASA.jpg\",\"datePublished\":\"2025-08-11T11:12:30+00:00\",\"dateModified\":\"2025-08-11T11:12:35+00:00\",\"author\":{\"@id\":\"https:\\\/\\\/macite.tg\\\/#\\\/schema\\\/person\\\/e9f2de7e5dbbe7770a9402c7ce82f5c2\"},\"breadcrumb\":{\"@id\":\"https:\\\/\\\/macite.tg\\\/?p=24131#breadcrumb\"},\"inLanguage\":\"fr-FR\",\"potentialAction\":[{\"@type\":\"ReadAction\",\"target\":[\"https:\\\/\\\/macite.tg\\\/?p=24131\"]}]},{\"@type\":\"ImageObject\",\"inLanguage\":\"fr-FR\",\"@id\":\"https:\\\/\\\/macite.tg\\\/?p=24131#primaryimage\",\"url\":\"https:\\\/\\\/macite.tg\\\/wp-content\\\/uploads\\\/2025\\\/08\\\/D2BY-MASA.jpg\",\"contentUrl\":\"https:\\\/\\\/macite.tg\\\/wp-content\\\/uploads\\\/2025\\\/08\\\/D2BY-MASA.jpg\",\"width\":500,\"height\":333,\"caption\":\"L'ex PM tchadien de Succ\u00e8s Masra (g) et le pr\u00e9sident D\u00e9by fils\"},{\"@type\":\"BreadcrumbList\",\"@id\":\"https:\\\/\\\/macite.tg\\\/?p=24131#breadcrumb\",\"itemListElement\":[{\"@type\":\"ListItem\",\"position\":1,\"name\":\"Accueil\",\"item\":\"https:\\\/\\\/macite.tg\\\/\"},{\"@type\":\"ListItem\",\"position\":2,\"name\":\"TCHAD \\\/ DEBY FILS SE DEFAIT DE SON OPPOSANT : L\u2019ancien Premier ministre Succ\u00e8s Masra \u00e9cope de 20 ans de prison\"}]},{\"@type\":\"WebSite\",\"@id\":\"https:\\\/\\\/macite.tg\\\/#website\",\"url\":\"https:\\\/\\\/macite.tg\\\/\",\"name\":\"\",\"description\":\"L&#039;information, la bonne!!!\",\"potentialAction\":[{\"@type\":\"SearchAction\",\"target\":{\"@type\":\"EntryPoint\",\"urlTemplate\":\"https:\\\/\\\/macite.tg\\\/?s={search_term_string}\"},\"query-input\":{\"@type\":\"PropertyValueSpecification\",\"valueRequired\":true,\"valueName\":\"search_term_string\"}}],\"inLanguage\":\"fr-FR\"},{\"@type\":\"Person\",\"@id\":\"https:\\\/\\\/macite.tg\\\/#\\\/schema\\\/person\\\/e9f2de7e5dbbe7770a9402c7ce82f5c2\",\"name\":\"Jean Pierre BAWELA\",\"image\":{\"@type\":\"ImageObject\",\"inLanguage\":\"fr-FR\",\"@id\":\"https:\\\/\\\/macite.tg\\\/wp-content\\\/uploads\\\/2023\\\/09\\\/WhatsApp-Image-2023-09-19-at-14.44.41-122x122.jpeg\",\"url\":\"https:\\\/\\\/macite.tg\\\/wp-content\\\/uploads\\\/2023\\\/09\\\/WhatsApp-Image-2023-09-19-at-14.44.41-122x122.jpeg\",\"contentUrl\":\"https:\\\/\\\/macite.tg\\\/wp-content\\\/uploads\\\/2023\\\/09\\\/WhatsApp-Image-2023-09-19-at-14.44.41-122x122.jpeg\",\"caption\":\"Jean Pierre BAWELA\"},\"url\":\"https:\\\/\\\/macite.tg\\\/?author=2\"}]}<\/script>\n<!-- \/ Yoast SEO plugin. -->","yoast_head_json":{"title":"TCHAD \/ DEBY FILS SE DEFAIT DE SON OPPOSANT : L\u2019ancien Premier ministre Succ\u00e8s Masra \u00e9cope de 20 ans de prison -","robots":{"index":"index","follow":"follow","max-snippet":"max-snippet:-1","max-image-preview":"max-image-preview:large","max-video-preview":"max-video-preview:-1"},"canonical":"https:\/\/macite.tg\/?p=24131","og_locale":"fr_FR","og_type":"article","og_title":"TCHAD \/ DEBY FILS SE DEFAIT DE SON OPPOSANT : L\u2019ancien Premier ministre Succ\u00e8s Masra \u00e9cope de 20 ans de prison -","og_description":"Au terme d&rsquo;un proc\u00e8s exp\u00e9ditif tenu le 9\u00a0ao\u00fbt\u00a02025\u00a0\u00e0 N&rsquo;Djamena, Succ\u00e8s Masra, figure de proue du parti Les Transformateurs et ancien Premier ministre, a \u00e9t\u00e9 condamn\u00e9 \u00e0 vingt ans de r\u00e9clusion. Il est reconnu coupable de \u00ab\u00a0diffusion de messages racistes et x\u00e9nophobes incitant \u00e0 la violence\u00a0\u00bb, [&hellip;]","og_url":"https:\/\/macite.tg\/?p=24131","article_published_time":"2025-08-11T11:12:30+00:00","article_modified_time":"2025-08-11T11:12:35+00:00","og_image":[{"width":500,"height":333,"url":"https:\/\/macite.tg\/wp-content\/uploads\/2025\/08\/D2BY-MASA.jpg","type":"image\/jpeg"}],"author":"Jean Pierre BAWELA","twitter_card":"summary_large_image","twitter_misc":{"\u00c9crit par":"Jean Pierre BAWELA","Dur\u00e9e de lecture estim\u00e9e":"5 minutes"},"schema":{"@context":"https:\/\/schema.org","@graph":[{"@type":"Article","@id":"https:\/\/macite.tg\/?p=24131#article","isPartOf":{"@id":"https:\/\/macite.tg\/?p=24131"},"author":{"name":"Jean Pierre BAWELA","@id":"https:\/\/macite.tg\/#\/schema\/person\/e9f2de7e5dbbe7770a9402c7ce82f5c2"},"headline":"TCHAD \/ DEBY FILS SE DEFAIT DE SON OPPOSANT : L\u2019ancien Premier ministre Succ\u00e8s Masra \u00e9cope de 20 ans de prison","datePublished":"2025-08-11T11:12:30+00:00","dateModified":"2025-08-11T11:12:35+00:00","mainEntityOfPage":{"@id":"https:\/\/macite.tg\/?p=24131"},"wordCount":1003,"commentCount":0,"image":{"@id":"https:\/\/macite.tg\/?p=24131#primaryimage"},"thumbnailUrl":"https:\/\/macite.tg\/wp-content\/uploads\/2025\/08\/D2BY-MASA.jpg","articleSection":["ACTUALITE","JUSTICE","POLITIQUE"],"inLanguage":"fr-FR","potentialAction":[{"@type":"CommentAction","name":"Comment","target":["https:\/\/macite.tg\/?p=24131#respond"]}]},{"@type":"WebPage","@id":"https:\/\/macite.tg\/?p=24131","url":"https:\/\/macite.tg\/?p=24131","name":"TCHAD \/ DEBY FILS SE DEFAIT DE SON OPPOSANT : L\u2019ancien Premier ministre Succ\u00e8s Masra \u00e9cope de 20 ans de prison -","isPartOf":{"@id":"https:\/\/macite.tg\/#website"},"primaryImageOfPage":{"@id":"https:\/\/macite.tg\/?p=24131#primaryimage"},"image":{"@id":"https:\/\/macite.tg\/?p=24131#primaryimage"},"thumbnailUrl":"https:\/\/macite.tg\/wp-content\/uploads\/2025\/08\/D2BY-MASA.jpg","datePublished":"2025-08-11T11:12:30+00:00","dateModified":"2025-08-11T11:12:35+00:00","author":{"@id":"https:\/\/macite.tg\/#\/schema\/person\/e9f2de7e5dbbe7770a9402c7ce82f5c2"},"breadcrumb":{"@id":"https:\/\/macite.tg\/?p=24131#breadcrumb"},"inLanguage":"fr-FR","potentialAction":[{"@type":"ReadAction","target":["https:\/\/macite.tg\/?p=24131"]}]},{"@type":"ImageObject","inLanguage":"fr-FR","@id":"https:\/\/macite.tg\/?p=24131#primaryimage","url":"https:\/\/macite.tg\/wp-content\/uploads\/2025\/08\/D2BY-MASA.jpg","contentUrl":"https:\/\/macite.tg\/wp-content\/uploads\/2025\/08\/D2BY-MASA.jpg","width":500,"height":333,"caption":"L'ex PM tchadien de Succ\u00e8s Masra (g) et le pr\u00e9sident D\u00e9by fils"},{"@type":"BreadcrumbList","@id":"https:\/\/macite.tg\/?p=24131#breadcrumb","itemListElement":[{"@type":"ListItem","position":1,"name":"Accueil","item":"https:\/\/macite.tg\/"},{"@type":"ListItem","position":2,"name":"TCHAD \/ DEBY FILS SE DEFAIT DE SON OPPOSANT : L\u2019ancien Premier ministre Succ\u00e8s Masra \u00e9cope de 20 ans de prison"}]},{"@type":"WebSite","@id":"https:\/\/macite.tg\/#website","url":"https:\/\/macite.tg\/","name":"","description":"L&#039;information, la bonne!!!","potentialAction":[{"@type":"SearchAction","target":{"@type":"EntryPoint","urlTemplate":"https:\/\/macite.tg\/?s={search_term_string}"},"query-input":{"@type":"PropertyValueSpecification","valueRequired":true,"valueName":"search_term_string"}}],"inLanguage":"fr-FR"},{"@type":"Person","@id":"https:\/\/macite.tg\/#\/schema\/person\/e9f2de7e5dbbe7770a9402c7ce82f5c2","name":"Jean Pierre BAWELA","image":{"@type":"ImageObject","inLanguage":"fr-FR","@id":"https:\/\/macite.tg\/wp-content\/uploads\/2023\/09\/WhatsApp-Image-2023-09-19-at-14.44.41-122x122.jpeg","url":"https:\/\/macite.tg\/wp-content\/uploads\/2023\/09\/WhatsApp-Image-2023-09-19-at-14.44.41-122x122.jpeg","contentUrl":"https:\/\/macite.tg\/wp-content\/uploads\/2023\/09\/WhatsApp-Image-2023-09-19-at-14.44.41-122x122.jpeg","caption":"Jean Pierre BAWELA"},"url":"https:\/\/macite.tg\/?author=2"}]}},"_links":{"self":[{"href":"https:\/\/macite.tg\/index.php?rest_route=\/wp\/v2\/posts\/24131","targetHints":{"allow":["GET"]}}],"collection":[{"href":"https:\/\/macite.tg\/index.php?rest_route=\/wp\/v2\/posts"}],"about":[{"href":"https:\/\/macite.tg\/index.php?rest_route=\/wp\/v2\/types\/post"}],"author":[{"embeddable":true,"href":"https:\/\/macite.tg\/index.php?rest_route=\/wp\/v2\/users\/2"}],"replies":[{"embeddable":true,"href":"https:\/\/macite.tg\/index.php?rest_route=%2Fwp%2Fv2%2Fcomments&post=24131"}],"version-history":[{"count":0,"href":"https:\/\/macite.tg\/index.php?rest_route=\/wp\/v2\/posts\/24131\/revisions"}],"wp:featuredmedia":[{"embeddable":true,"href":"https:\/\/macite.tg\/index.php?rest_route=\/wp\/v2\/media\/24133"}],"wp:attachment":[{"href":"https:\/\/macite.tg\/index.php?rest_route=%2Fwp%2Fv2%2Fmedia&parent=24131"}],"wp:term":[{"taxonomy":"category","embeddable":true,"href":"https:\/\/macite.tg\/index.php?rest_route=%2Fwp%2Fv2%2Fcategories&post=24131"},{"taxonomy":"post_tag","embeddable":true,"href":"https:\/\/macite.tg\/index.php?rest_route=%2Fwp%2Fv2%2Ftags&post=24131"}],"curies":[{"name":"wp","href":"https:\/\/api.w.org\/{rel}","templated":true}]}}