{"id":24127,"date":"2025-08-11T10:34:41","date_gmt":"2025-08-11T10:34:41","guid":{"rendered":"https:\/\/macite.tg\/?p=24127"},"modified":"2025-08-11T10:34:44","modified_gmt":"2025-08-11T10:34:44","slug":"32%e1%b5%89-session-ordinaire-de-lafristat-lobservatoire-face-aux-defis-contextuels","status":"publish","type":"post","link":"https:\/\/macite.tg\/?p=24127","title":{"rendered":"32\u1d49 SESSION ORDINAIRE DE L\u2019AFRISTAT\u00a0: L\u2019Observatoire face aux d\u00e9fis contextuels\u2026"},"content":{"rendered":"\n<p class=\"wp-block-paragraph\"><strong><em>La Ministre-Secr\u00e9taire g\u00e9n\u00e9rale de la Pr\u00e9sidence du Conseil, Dr Sandra Ablamba Johnson, a pr\u00e9sid\u00e9 au nom du Pr\u00e9sident du Conseil, ce 07 ao\u00fbt 2025 par visioconf\u00e9rence les travaux de la 32<\/em><\/strong><strong><em>\u1d49<\/em><\/strong><strong><em> session ordinaire du Conseil des ministres de l\u2019Observatoire \u00e9conomique et statistique d\u2019Afrique subsaharienne (AFRISTAT). Depuis 2024, le Togo assure la pr\u00e9sidence du Conseil des ministres de cette organisation intergouvernementale qui regroupe 22 pays de l\u2019Afrique subsaharienne.<\/em><\/strong><\/p>\n\n\n\n<p class=\"wp-block-paragraph\">Cette session a vu la participation des ministres et repr\u00e9sentants des \u00c9tats membres et des banques centrales.<\/p>\n\n\n\n<p class=\"wp-block-paragraph\">Dans son allocution d\u2019ouverture, Madame le Ministre a, au nom du Pr\u00e9sident du Conseil, Son Excellence Monsieur Faure Essozimna Gnassingb\u00e9, exprim\u00e9 sa gratitude aux \u00c9tats membres pour la confiance faite au Togo pour pr\u00e9sider le Conseil des ministres de l\u2019AFRISTAT.<\/p>\n\n\n<div class=\"wp-block-image\">\n<figure class=\"aligncenter size-full\"><img loading=\"lazy\" decoding=\"async\" width=\"851\" height=\"315\" src=\"https:\/\/macite.tg\/wp-content\/uploads\/2025\/08\/OTR_Ferer-pour-batir-1.jpg\" alt=\"\" class=\"wp-image-24078\" srcset=\"https:\/\/macite.tg\/wp-content\/uploads\/2025\/08\/OTR_Ferer-pour-batir-1.jpg 851w, https:\/\/macite.tg\/wp-content\/uploads\/2025\/08\/OTR_Ferer-pour-batir-1-300x111.jpg 300w, https:\/\/macite.tg\/wp-content\/uploads\/2025\/08\/OTR_Ferer-pour-batir-1-768x284.jpg 768w\" sizes=\"auto, (max-width: 851px) 100vw, 851px\" \/><\/figure>\n<\/div>\n\n\n<p class=\"wp-block-paragraph\"><em>\u00ab\u00a0Je saisis cette occasion pour vous exprimer ma gratitude pour la confiance faite en notre cher pays le Togo en le d\u00e9signant pour pr\u00e9sider le Conseil des ministres de l\u2019AFRISTAT sur la p\u00e9riode de janvier 2024 \u00e0 d\u00e9cembre 2025 et pour votre soutien constant et vos contributions louables qui nous ont permis d\u2019enregistrer des avanc\u00e9es notables m\u00eame si des d\u00e9fis restent \u00e0 relever \u00bb.<\/em><\/p>\n\n\n\n<p class=\"wp-block-paragraph\">Elle a rappel\u00e9 l\u2019importance de l\u2019AFRISTAT pour le renforcement des syst\u00e8mes statistiques permettant le pilotage des actions de d\u00e9veloppement des \u00c9tats membres et \u00e9voqu\u00e9 les difficult\u00e9s auxquelles cette institution fait face, tout en exhortant les \u00c9tats membres \u00e0 poursuivre les efforts pour le paiement de leurs contributions aux fonds AFRISTAT.<\/p>\n\n\n\n<p class=\"wp-block-paragraph\"><em>\u00ab\u00a0Point n\u2019est besoin de d\u00e9montrer l\u2019importance de l\u2019Observatoire \u00e9conomique et statistique d\u2019Afrique subsaharienne (AFRISTAT) pour le renforcement des syst\u00e8mes statistiques et le pilotage des actions de d\u00e9veloppement de nos pays respectifs. En effet, au-del\u00e0 de son assistance technique traditionnelle, l\u2019Observatoire constitue un important acteur pour la coordination statistique et la mobilisation des ressources multiformes pour nos syst\u00e8mes statistiques nationaux et sous-r\u00e9gionaux. Son r\u00f4le de promotion des outils et des m\u00e9thodes de production statistique harmonis\u00e9es qu\u2019utilisent nos statisticiens contribue \u00e0 rehausser la cr\u00e9dibilit\u00e9 de nos donn\u00e9es statistiques vis-\u00e0-vis de nos partenaires au d\u00e9veloppement nationaux et internationaux \u00bb.<\/em><\/p>\n\n\n<div class=\"wp-block-image\">\n<figure class=\"aligncenter size-full is-resized\"><img loading=\"lazy\" decoding=\"async\" width=\"690\" height=\"170\" src=\"https:\/\/macite.tg\/wp-content\/uploads\/2025\/08\/OTR_TVM-1.jpg\" alt=\"\" class=\"wp-image-24129\" style=\"width:840px;height:auto\" srcset=\"https:\/\/macite.tg\/wp-content\/uploads\/2025\/08\/OTR_TVM-1.jpg 690w, https:\/\/macite.tg\/wp-content\/uploads\/2025\/08\/OTR_TVM-1-300x74.jpg 300w\" sizes=\"auto, (max-width: 690px) 100vw, 690px\" \/><\/figure>\n<\/div>\n\n\n<p class=\"wp-block-paragraph\">Au cours des travaux de la session, le Conseil a suivi avec attention et pris acte des rapports de mise en \u0153uvre des Plans d\u2019action 2023 et 2024 de l\u2019AFRISTAT ainsi que des d\u00e9cisions de la 31\u00e8 session du Conseil des ministres et de la situation du paiement des contributions des \u00c9tats membres aux fonds AFRISTAT sur les p\u00e9riodes 2006-2015 et 2016-2025.<\/p>\n\n\n\n<p class=\"wp-block-paragraph\">Le Conseil a adopt\u00e9 la proposition de r\u00e9partition du fonds AFRISTAT sur la p\u00e9riode 2026-2035 dont la contribution attendue des \u00c9tats membres s\u2019\u00e9l\u00e8ve \u00e0 douze milliards cinq cent deux millions (12&nbsp;502&nbsp;000&nbsp;000) de francs CFA&nbsp;et \u00e9lu la Guin\u00e9e Equatoriale \u00e0 la pr\u00e9sidence du Conseil pour la p\u00e9riode de janvier 2026 \u00e0 d\u00e9cembre 2027.<\/p>\n\n\n\n<p class=\"wp-block-paragraph\">Quatre r\u00e9solutions ont \u00e9t\u00e9 \u00e9galement adopt\u00e9es. La premi\u00e8re autorise le Pr\u00e9sident du Conseil des ministres \u00e0 convoquer la prochaine r\u00e9union \u00e0 une date et \u00e0 un lieu de son choix, contrairement \u00e0 la tenue des sessions du conseil en marge de la r\u00e9union des ministres des finances des pays de la zone franc.<\/p>\n\n\n\n<p class=\"wp-block-paragraph\">La deuxi\u00e8me r\u00e9solution adopt\u00e9e transforme le <em>\u00ab&nbsp;Conseil scientifique&nbsp;\u00bb <\/em>en<em> \u00ab&nbsp;Comit\u00e9 scientifique&nbsp;\u00bb<\/em> pour plus d\u2019efficacit\u00e9,&nbsp;alors que la troisi\u00e8me r\u00e9solution fixe la proc\u00e9dure et les d\u00e9lais pour l\u2019adoption du projet de r\u00e9vision du Trait\u00e9 portant cr\u00e9ation de l\u2019AFRISTAT&nbsp;; le Trait\u00e9 initial date de 1993 et n\u00e9cessite une r\u00e9forme pour s\u2019adapter \u00e0 l\u2019\u00e9volution du contexte.<\/p>\n\n\n\n<p class=\"wp-block-paragraph\">La derni\u00e8re r\u00e9solution adopt\u00e9e au cours de cette 32\u00e8 session de l\u2019AFRISTAT ent\u00e9rine la nomination de Monsieur EDI Serges de nationalit\u00e9 ivoirienne, en qualit\u00e9 de Directeur g\u00e9n\u00e9ral adjoint de l\u2019institution pour la p\u00e9riode 2026-2029. &nbsp;<\/p>\n\n\n<div class=\"wp-block-image\">\n<figure class=\"aligncenter size-full is-resized\"><img loading=\"lazy\" decoding=\"async\" width=\"500\" height=\"500\" src=\"https:\/\/macite.tg\/wp-content\/uploads\/2025\/08\/Geo-ref.jpg\" alt=\"\" class=\"wp-image-24028\" style=\"width:630px;height:auto\" srcset=\"https:\/\/macite.tg\/wp-content\/uploads\/2025\/08\/Geo-ref.jpg 500w, https:\/\/macite.tg\/wp-content\/uploads\/2025\/08\/Geo-ref-300x300.jpg 300w, https:\/\/macite.tg\/wp-content\/uploads\/2025\/08\/Geo-ref-150x150.jpg 150w, https:\/\/macite.tg\/wp-content\/uploads\/2025\/08\/Geo-ref-122x122.jpg 122w\" sizes=\"auto, (max-width: 500px) 100vw, 500px\" \/><\/figure>\n<\/div>\n\n\n<p class=\"wp-block-paragraph\">En rappel, AFRISTAT est une organisation internationale dont l\u2019objectif est de contribuer au d\u00e9veloppement des statistiques \u00e9conomiques, sociales et environnementales dans les \u00c9tats membres.&nbsp; Il comprend vingt-deux (22) \u00c9tats membres \u00e0 savoir le B\u00e9nin, le Burkina Faso, le Burundi, le Cameroun, le Cap-Vert, la Centrafrique, les Iles Comores, le Congo, la C\u00f4te d\u2019Ivoire, le Djibouti, le Gabon, la Guin\u00e9e, la Guin\u00e9e Bissau, la Guin\u00e9e Equatoriale, le Madagascar, le Mali, la Mauritanie, le Niger, le Sao Tom\u00e9-et-Principe, le S\u00e9n\u00e9gal, le Tchad et le Togo.<\/p>\n\n\n\n<p class=\"wp-block-paragraph\"><a><strong><em>@macite.tg&nbsp;&nbsp;&nbsp;&nbsp;&nbsp;&nbsp;&nbsp;&nbsp;<\/em><\/strong><\/a><\/p>\n\n\n\n<p class=\"wp-block-paragraph\"><strong><em>E-mail&nbsp;: <\/em><\/strong><a href=\"mailto:maciteinfo@gmail.com\"><strong><em>maciteinfo@gmail.com<\/em><\/strong><\/a><strong><em>; <\/em><\/strong><a href=\"mailto:bawela1@gmail.com\"><strong><em>bawela1@gmail.com<\/em><\/strong><\/a><strong><em><\/em><\/strong><\/p>\n\n\n\n<p class=\"wp-block-paragraph\"><strong><em>Pour vos annonces, (publi)reportages, etc., joignez-nous au (00228)91515309\/<strong>79872224 <\/strong><strong><\/strong><\/em><\/strong><\/p>\n\n\n\n<p class=\"wp-block-paragraph\"><strong><em>www.macite.tg, L\u2019information, la bonne&nbsp;!<\/em><\/strong><\/p>\n\n\n\n<p class=\"wp-block-paragraph\"><\/p>\n","protected":false},"excerpt":{"rendered":"<p class=\"text-justify mb-2\" >La Ministre-Secr\u00e9taire g\u00e9n\u00e9rale de la Pr\u00e9sidence du Conseil, Dr Sandra Ablamba Johnson, a pr\u00e9sid\u00e9 au nom du Pr\u00e9sident du Conseil, ce 07 ao\u00fbt 2025 par visioconf\u00e9rence les travaux de la 32\u1d49 session ordinaire du Conseil des ministres de l\u2019Observatoire \u00e9conomique et statistique d\u2019Afrique subsaharienne (AFRISTAT). [&hellip;]<\/p>\n","protected":false},"author":2,"featured_media":24128,"comment_status":"open","ping_status":"open","sticky":false,"template":"","format":"standard","meta":{"footnotes":""},"categories":[15,68],"tags":[],"class_list":["post-24127","post","type-post","status-publish","format-standard","has-post-thumbnail","hentry","category-developpement","category-gouvernance"],"yoast_head":"<!-- This site is optimized with the Yoast SEO plugin v28.4 - https:\/\/yoast.com\/product\/yoast-seo-wordpress\/ -->\n<title>32\u1d49 SESSION ORDINAIRE DE L\u2019AFRISTAT\u00a0: L\u2019Observatoire face aux d\u00e9fis contextuels\u2026 -<\/title>\n<meta name=\"robots\" content=\"index, follow, max-snippet:-1, max-image-preview:large, max-video-preview:-1\" \/>\n<link rel=\"canonical\" href=\"https:\/\/macite.tg\/?p=24127\" \/>\n<meta property=\"og:locale\" content=\"fr_FR\" \/>\n<meta property=\"og:type\" content=\"article\" \/>\n<meta property=\"og:title\" content=\"32\u1d49 SESSION ORDINAIRE DE L\u2019AFRISTAT\u00a0: L\u2019Observatoire face aux d\u00e9fis contextuels\u2026 -\" \/>\n<meta property=\"og:description\" content=\"La Ministre-Secr\u00e9taire g\u00e9n\u00e9rale de la Pr\u00e9sidence du Conseil, Dr Sandra Ablamba Johnson, a pr\u00e9sid\u00e9 au nom du Pr\u00e9sident du Conseil, ce 07 ao\u00fbt 2025 par visioconf\u00e9rence les travaux de la 32\u1d49 session ordinaire du Conseil des ministres de l\u2019Observatoire \u00e9conomique et statistique d\u2019Afrique subsaharienne (AFRISTAT). [&hellip;]\" \/>\n<meta property=\"og:url\" content=\"https:\/\/macite.tg\/?p=24127\" \/>\n<meta property=\"article:published_time\" content=\"2025-08-11T10:34:41+00:00\" \/>\n<meta property=\"article:modified_time\" content=\"2025-08-11T10:34:44+00:00\" \/>\n<meta property=\"og:image\" content=\"https:\/\/macite.tg\/wp-content\/uploads\/2025\/08\/08544be9-8b88-4bec-8aa3-d2a6e234d2c8.jpg\" \/>\n\t<meta property=\"og:image:width\" content=\"500\" \/>\n\t<meta property=\"og:image:height\" content=\"345\" \/>\n\t<meta property=\"og:image:type\" content=\"image\/jpeg\" \/>\n<meta name=\"author\" content=\"Jean Pierre BAWELA\" \/>\n<meta name=\"twitter:card\" content=\"summary_large_image\" \/>\n<meta name=\"twitter:label1\" content=\"\u00c9crit par\" \/>\n\t<meta name=\"twitter:data1\" content=\"Jean Pierre BAWELA\" \/>\n\t<meta name=\"twitter:label2\" content=\"Dur\u00e9e de lecture estim\u00e9e\" \/>\n\t<meta name=\"twitter:data2\" content=\"5 minutes\" \/>\n<script type=\"application\/ld+json\" class=\"yoast-schema-graph\">{\"@context\":\"https:\\\/\\\/schema.org\",\"@graph\":[{\"@type\":\"Article\",\"@id\":\"https:\\\/\\\/macite.tg\\\/?p=24127#article\",\"isPartOf\":{\"@id\":\"https:\\\/\\\/macite.tg\\\/?p=24127\"},\"author\":{\"name\":\"Jean Pierre BAWELA\",\"@id\":\"https:\\\/\\\/macite.tg\\\/#\\\/schema\\\/person\\\/e9f2de7e5dbbe7770a9402c7ce82f5c2\"},\"headline\":\"32\u1d49 SESSION ORDINAIRE DE L\u2019AFRISTAT\u00a0: L\u2019Observatoire face aux d\u00e9fis contextuels\u2026\",\"datePublished\":\"2025-08-11T10:34:41+00:00\",\"dateModified\":\"2025-08-11T10:34:44+00:00\",\"mainEntityOfPage\":{\"@id\":\"https:\\\/\\\/macite.tg\\\/?p=24127\"},\"wordCount\":802,\"commentCount\":0,\"image\":{\"@id\":\"https:\\\/\\\/macite.tg\\\/?p=24127#primaryimage\"},\"thumbnailUrl\":\"https:\\\/\\\/macite.tg\\\/wp-content\\\/uploads\\\/2025\\\/08\\\/08544be9-8b88-4bec-8aa3-d2a6e234d2c8.jpg\",\"articleSection\":[\"DEVELOPPEMENT\",\"GOUVERNANCE\"],\"inLanguage\":\"fr-FR\",\"potentialAction\":[{\"@type\":\"CommentAction\",\"name\":\"Comment\",\"target\":[\"https:\\\/\\\/macite.tg\\\/?p=24127#respond\"]}]},{\"@type\":\"WebPage\",\"@id\":\"https:\\\/\\\/macite.tg\\\/?p=24127\",\"url\":\"https:\\\/\\\/macite.tg\\\/?p=24127\",\"name\":\"32\u1d49 SESSION ORDINAIRE DE L\u2019AFRISTAT\u00a0: L\u2019Observatoire face aux d\u00e9fis contextuels\u2026 -\",\"isPartOf\":{\"@id\":\"https:\\\/\\\/macite.tg\\\/#website\"},\"primaryImageOfPage\":{\"@id\":\"https:\\\/\\\/macite.tg\\\/?p=24127#primaryimage\"},\"image\":{\"@id\":\"https:\\\/\\\/macite.tg\\\/?p=24127#primaryimage\"},\"thumbnailUrl\":\"https:\\\/\\\/macite.tg\\\/wp-content\\\/uploads\\\/2025\\\/08\\\/08544be9-8b88-4bec-8aa3-d2a6e234d2c8.jpg\",\"datePublished\":\"2025-08-11T10:34:41+00:00\",\"dateModified\":\"2025-08-11T10:34:44+00:00\",\"author\":{\"@id\":\"https:\\\/\\\/macite.tg\\\/#\\\/schema\\\/person\\\/e9f2de7e5dbbe7770a9402c7ce82f5c2\"},\"breadcrumb\":{\"@id\":\"https:\\\/\\\/macite.tg\\\/?p=24127#breadcrumb\"},\"inLanguage\":\"fr-FR\",\"potentialAction\":[{\"@type\":\"ReadAction\",\"target\":[\"https:\\\/\\\/macite.tg\\\/?p=24127\"]}]},{\"@type\":\"ImageObject\",\"inLanguage\":\"fr-FR\",\"@id\":\"https:\\\/\\\/macite.tg\\\/?p=24127#primaryimage\",\"url\":\"https:\\\/\\\/macite.tg\\\/wp-content\\\/uploads\\\/2025\\\/08\\\/08544be9-8b88-4bec-8aa3-d2a6e234d2c8.jpg\",\"contentUrl\":\"https:\\\/\\\/macite.tg\\\/wp-content\\\/uploads\\\/2025\\\/08\\\/08544be9-8b88-4bec-8aa3-d2a6e234d2c8.jpg\",\"width\":500,\"height\":345},{\"@type\":\"BreadcrumbList\",\"@id\":\"https:\\\/\\\/macite.tg\\\/?p=24127#breadcrumb\",\"itemListElement\":[{\"@type\":\"ListItem\",\"position\":1,\"name\":\"Accueil\",\"item\":\"https:\\\/\\\/macite.tg\\\/\"},{\"@type\":\"ListItem\",\"position\":2,\"name\":\"32\u1d49 SESSION ORDINAIRE DE L\u2019AFRISTAT\u00a0: L\u2019Observatoire face aux d\u00e9fis contextuels\u2026\"}]},{\"@type\":\"WebSite\",\"@id\":\"https:\\\/\\\/macite.tg\\\/#website\",\"url\":\"https:\\\/\\\/macite.tg\\\/\",\"name\":\"\",\"description\":\"L&#039;information, la bonne!!!\",\"potentialAction\":[{\"@type\":\"SearchAction\",\"target\":{\"@type\":\"EntryPoint\",\"urlTemplate\":\"https:\\\/\\\/macite.tg\\\/?s={search_term_string}\"},\"query-input\":{\"@type\":\"PropertyValueSpecification\",\"valueRequired\":true,\"valueName\":\"search_term_string\"}}],\"inLanguage\":\"fr-FR\"},{\"@type\":\"Person\",\"@id\":\"https:\\\/\\\/macite.tg\\\/#\\\/schema\\\/person\\\/e9f2de7e5dbbe7770a9402c7ce82f5c2\",\"name\":\"Jean Pierre BAWELA\",\"image\":{\"@type\":\"ImageObject\",\"inLanguage\":\"fr-FR\",\"@id\":\"https:\\\/\\\/macite.tg\\\/wp-content\\\/uploads\\\/2023\\\/09\\\/WhatsApp-Image-2023-09-19-at-14.44.41-122x122.jpeg\",\"url\":\"https:\\\/\\\/macite.tg\\\/wp-content\\\/uploads\\\/2023\\\/09\\\/WhatsApp-Image-2023-09-19-at-14.44.41-122x122.jpeg\",\"contentUrl\":\"https:\\\/\\\/macite.tg\\\/wp-content\\\/uploads\\\/2023\\\/09\\\/WhatsApp-Image-2023-09-19-at-14.44.41-122x122.jpeg\",\"caption\":\"Jean Pierre BAWELA\"},\"url\":\"https:\\\/\\\/macite.tg\\\/?author=2\"}]}<\/script>\n<!-- \/ Yoast SEO plugin. -->","yoast_head_json":{"title":"32\u1d49 SESSION ORDINAIRE DE L\u2019AFRISTAT\u00a0: L\u2019Observatoire face aux d\u00e9fis contextuels\u2026 -","robots":{"index":"index","follow":"follow","max-snippet":"max-snippet:-1","max-image-preview":"max-image-preview:large","max-video-preview":"max-video-preview:-1"},"canonical":"https:\/\/macite.tg\/?p=24127","og_locale":"fr_FR","og_type":"article","og_title":"32\u1d49 SESSION ORDINAIRE DE L\u2019AFRISTAT\u00a0: L\u2019Observatoire face aux d\u00e9fis contextuels\u2026 -","og_description":"La Ministre-Secr\u00e9taire g\u00e9n\u00e9rale de la Pr\u00e9sidence du Conseil, Dr Sandra Ablamba Johnson, a pr\u00e9sid\u00e9 au nom du Pr\u00e9sident du Conseil, ce 07 ao\u00fbt 2025 par visioconf\u00e9rence les travaux de la 32\u1d49 session ordinaire du Conseil des ministres de l\u2019Observatoire \u00e9conomique et statistique d\u2019Afrique subsaharienne (AFRISTAT). [&hellip;]","og_url":"https:\/\/macite.tg\/?p=24127","article_published_time":"2025-08-11T10:34:41+00:00","article_modified_time":"2025-08-11T10:34:44+00:00","og_image":[{"width":500,"height":345,"url":"https:\/\/macite.tg\/wp-content\/uploads\/2025\/08\/08544be9-8b88-4bec-8aa3-d2a6e234d2c8.jpg","type":"image\/jpeg"}],"author":"Jean Pierre BAWELA","twitter_card":"summary_large_image","twitter_misc":{"\u00c9crit par":"Jean Pierre BAWELA","Dur\u00e9e de lecture estim\u00e9e":"5 minutes"},"schema":{"@context":"https:\/\/schema.org","@graph":[{"@type":"Article","@id":"https:\/\/macite.tg\/?p=24127#article","isPartOf":{"@id":"https:\/\/macite.tg\/?p=24127"},"author":{"name":"Jean Pierre BAWELA","@id":"https:\/\/macite.tg\/#\/schema\/person\/e9f2de7e5dbbe7770a9402c7ce82f5c2"},"headline":"32\u1d49 SESSION ORDINAIRE DE L\u2019AFRISTAT\u00a0: L\u2019Observatoire face aux d\u00e9fis contextuels\u2026","datePublished":"2025-08-11T10:34:41+00:00","dateModified":"2025-08-11T10:34:44+00:00","mainEntityOfPage":{"@id":"https:\/\/macite.tg\/?p=24127"},"wordCount":802,"commentCount":0,"image":{"@id":"https:\/\/macite.tg\/?p=24127#primaryimage"},"thumbnailUrl":"https:\/\/macite.tg\/wp-content\/uploads\/2025\/08\/08544be9-8b88-4bec-8aa3-d2a6e234d2c8.jpg","articleSection":["DEVELOPPEMENT","GOUVERNANCE"],"inLanguage":"fr-FR","potentialAction":[{"@type":"CommentAction","name":"Comment","target":["https:\/\/macite.tg\/?p=24127#respond"]}]},{"@type":"WebPage","@id":"https:\/\/macite.tg\/?p=24127","url":"https:\/\/macite.tg\/?p=24127","name":"32\u1d49 SESSION ORDINAIRE DE L\u2019AFRISTAT\u00a0: L\u2019Observatoire face aux d\u00e9fis contextuels\u2026 -","isPartOf":{"@id":"https:\/\/macite.tg\/#website"},"primaryImageOfPage":{"@id":"https:\/\/macite.tg\/?p=24127#primaryimage"},"image":{"@id":"https:\/\/macite.tg\/?p=24127#primaryimage"},"thumbnailUrl":"https:\/\/macite.tg\/wp-content\/uploads\/2025\/08\/08544be9-8b88-4bec-8aa3-d2a6e234d2c8.jpg","datePublished":"2025-08-11T10:34:41+00:00","dateModified":"2025-08-11T10:34:44+00:00","author":{"@id":"https:\/\/macite.tg\/#\/schema\/person\/e9f2de7e5dbbe7770a9402c7ce82f5c2"},"breadcrumb":{"@id":"https:\/\/macite.tg\/?p=24127#breadcrumb"},"inLanguage":"fr-FR","potentialAction":[{"@type":"ReadAction","target":["https:\/\/macite.tg\/?p=24127"]}]},{"@type":"ImageObject","inLanguage":"fr-FR","@id":"https:\/\/macite.tg\/?p=24127#primaryimage","url":"https:\/\/macite.tg\/wp-content\/uploads\/2025\/08\/08544be9-8b88-4bec-8aa3-d2a6e234d2c8.jpg","contentUrl":"https:\/\/macite.tg\/wp-content\/uploads\/2025\/08\/08544be9-8b88-4bec-8aa3-d2a6e234d2c8.jpg","width":500,"height":345},{"@type":"BreadcrumbList","@id":"https:\/\/macite.tg\/?p=24127#breadcrumb","itemListElement":[{"@type":"ListItem","position":1,"name":"Accueil","item":"https:\/\/macite.tg\/"},{"@type":"ListItem","position":2,"name":"32\u1d49 SESSION ORDINAIRE DE L\u2019AFRISTAT\u00a0: L\u2019Observatoire face aux d\u00e9fis contextuels\u2026"}]},{"@type":"WebSite","@id":"https:\/\/macite.tg\/#website","url":"https:\/\/macite.tg\/","name":"","description":"L&#039;information, la bonne!!!","potentialAction":[{"@type":"SearchAction","target":{"@type":"EntryPoint","urlTemplate":"https:\/\/macite.tg\/?s={search_term_string}"},"query-input":{"@type":"PropertyValueSpecification","valueRequired":true,"valueName":"search_term_string"}}],"inLanguage":"fr-FR"},{"@type":"Person","@id":"https:\/\/macite.tg\/#\/schema\/person\/e9f2de7e5dbbe7770a9402c7ce82f5c2","name":"Jean Pierre BAWELA","image":{"@type":"ImageObject","inLanguage":"fr-FR","@id":"https:\/\/macite.tg\/wp-content\/uploads\/2023\/09\/WhatsApp-Image-2023-09-19-at-14.44.41-122x122.jpeg","url":"https:\/\/macite.tg\/wp-content\/uploads\/2023\/09\/WhatsApp-Image-2023-09-19-at-14.44.41-122x122.jpeg","contentUrl":"https:\/\/macite.tg\/wp-content\/uploads\/2023\/09\/WhatsApp-Image-2023-09-19-at-14.44.41-122x122.jpeg","caption":"Jean Pierre BAWELA"},"url":"https:\/\/macite.tg\/?author=2"}]}},"_links":{"self":[{"href":"https:\/\/macite.tg\/index.php?rest_route=\/wp\/v2\/posts\/24127","targetHints":{"allow":["GET"]}}],"collection":[{"href":"https:\/\/macite.tg\/index.php?rest_route=\/wp\/v2\/posts"}],"about":[{"href":"https:\/\/macite.tg\/index.php?rest_route=\/wp\/v2\/types\/post"}],"author":[{"embeddable":true,"href":"https:\/\/macite.tg\/index.php?rest_route=\/wp\/v2\/users\/2"}],"replies":[{"embeddable":true,"href":"https:\/\/macite.tg\/index.php?rest_route=%2Fwp%2Fv2%2Fcomments&post=24127"}],"version-history":[{"count":0,"href":"https:\/\/macite.tg\/index.php?rest_route=\/wp\/v2\/posts\/24127\/revisions"}],"wp:featuredmedia":[{"embeddable":true,"href":"https:\/\/macite.tg\/index.php?rest_route=\/wp\/v2\/media\/24128"}],"wp:attachment":[{"href":"https:\/\/macite.tg\/index.php?rest_route=%2Fwp%2Fv2%2Fmedia&parent=24127"}],"wp:term":[{"taxonomy":"category","embeddable":true,"href":"https:\/\/macite.tg\/index.php?rest_route=%2Fwp%2Fv2%2Fcategories&post=24127"},{"taxonomy":"post_tag","embeddable":true,"href":"https:\/\/macite.tg\/index.php?rest_route=%2Fwp%2Fv2%2Ftags&post=24127"}],"curies":[{"name":"wp","href":"https:\/\/api.w.org\/{rel}","templated":true}]}}