{"id":24124,"date":"2025-08-11T09:42:21","date_gmt":"2025-08-11T09:42:21","guid":{"rendered":"https:\/\/macite.tg\/?p=24124"},"modified":"2025-08-11T09:42:27","modified_gmt":"2025-08-11T09:42:27","slug":"53%e1%b5%89-edition-dayiza-a-tsevie-veritable-moment-de-communion-entre-fils-et-filles-de-zio","status":"publish","type":"post","link":"https:\/\/macite.tg\/?p=24124","title":{"rendered":"53\u1d49 EDITION D\u2019AYIZA A TSEVIE : V\u00e9ritable moment de communion entre fils et filles de Zio"},"content":{"rendered":"\n<p class=\"wp-block-paragraph\"><strong><em>C\u2019est dans une ambiance chaleureuse et festive que la population de Zio a pris part, le samedi 9 ao\u00fbt ernier, au stade Docteur Kaolo de Ts\u00e9vi\u00e9, \u00e0 la c\u00e9l\u00e9bration de la 53\u1d49 \u00e9dition de la f\u00eate traditionnelle Ayiza. Il s\u2019agit d\u2019un v\u00e9ritable moment de communion des fils et filles de la pr\u00e9fecture et d\u2019expression de la richesse culturelle de Zio.<\/em><\/strong><\/p>\n\n\n\n<p class=\"wp-block-paragraph\">Les festivit\u00e9s, plac\u00e9e cette ann\u00e9e sous le th\u00e8me <em>\u00ab Tous ensemble pour un Zio plus uni, r\u00e9silient et prosp\u00e8re \u00bb<\/em> ont \u00e9t\u00e9 pr\u00e9sid\u00e9es par le Pr\u00e9sident de l\u2019Assembl\u00e9e nationale, Sevon-T\u00e9p\u00e9 Kodjo Ad\u00e9dz\u00e9, natif de Zio, repr\u00e9sentant le Pr\u00e9sident du Conseil. La c\u00e9l\u00e9bration a \u00e9galement connu la pr\u00e9sence des anciens premiers ministres Victoire Tom\u00e9gah-Dogb\u00e9 et Komi Selom Klassou, sans oublier la Pr\u00e9sidente du Parlement de la Cedeao, Hadja Memounatou Ibrahima, ainsi que d\u2019autres personnalit\u00e9s.<\/p>\n\n\n<div class=\"wp-block-image\">\n<figure class=\"aligncenter size-full\"><img loading=\"lazy\" decoding=\"async\" width=\"851\" height=\"315\" src=\"https:\/\/macite.tg\/wp-content\/uploads\/2025\/08\/OTR_Ferer-pour-batir-1.jpg\" alt=\"\" class=\"wp-image-24078\" srcset=\"https:\/\/macite.tg\/wp-content\/uploads\/2025\/08\/OTR_Ferer-pour-batir-1.jpg 851w, https:\/\/macite.tg\/wp-content\/uploads\/2025\/08\/OTR_Ferer-pour-batir-1-300x111.jpg 300w, https:\/\/macite.tg\/wp-content\/uploads\/2025\/08\/OTR_Ferer-pour-batir-1-768x284.jpg 768w\" sizes=\"auto, (max-width: 851px) 100vw, 851px\" \/><\/figure>\n<\/div>\n\n\n<p class=\"wp-block-paragraph\">Une foule en liesse s\u2019est mobilis\u00e9e au stade Docteur Kaolo de Ts\u00e9vi\u00e9 pour exprimer son attachement \u00e0 la culture et aux valeurs identitaires. Ayiza, symbole d\u2019unit\u00e9 continue de rassembler davantage les populations de Zio autour des valeurs de coh\u00e9sion sociale et de d\u00e9veloppement depuis plus de 5 d\u00e9cennies.<\/p>\n\n\n\n<p class=\"wp-block-paragraph\">Lidi Bessi Kama, ministre des Sports et des Loisirs, a, au nom du gouvernement rendu hommage \u00e0 toutes les filles et \u00e0 tous les fils du Zio qui, chaque ann\u00e9e, se mobilisent dans un esprit d\u2019unit\u00e9, de r\u00e9silience et de prosp\u00e9rit\u00e9 pour perp\u00e9tuer cette tradition vivante.<\/p>\n\n\n\n<p class=\"wp-block-paragraph\">D\u2019apr\u00e8s elle, <em>\u00ab cette f\u00eate ne repr\u00e9sente pas seulement un facteur d\u2019unit\u00e9 et de coh\u00e9sion sociale \u00bb,<\/em> mais <em>\u00ab elle contribue aussi au d\u00e9veloppement \u00e9conomique de notre pr\u00e9fecture et participe de mani\u00e8re significative \u00e0 la croissance du produit int\u00e9rieur brut de notre pays. C\u2019est pourquoi les plus hautes autorit\u00e9s, sous l\u2019impulsion de Son Excellence Monsieur Faure Essozimna Gnassingb\u00e9, Pr\u00e9sident du Conseil, lui accordent une attention particuli\u00e8re \u00bb,<\/em> a-t-elle pr\u00e9cis\u00e9.<\/p>\n\n\n<div class=\"wp-block-image\">\n<figure class=\"aligncenter size-full is-resized\"><img loading=\"lazy\" decoding=\"async\" width=\"500\" height=\"500\" src=\"https:\/\/macite.tg\/wp-content\/uploads\/2025\/08\/Geo-ref.jpg\" alt=\"\" class=\"wp-image-24028\" style=\"width:596px;height:auto\" srcset=\"https:\/\/macite.tg\/wp-content\/uploads\/2025\/08\/Geo-ref.jpg 500w, https:\/\/macite.tg\/wp-content\/uploads\/2025\/08\/Geo-ref-300x300.jpg 300w, https:\/\/macite.tg\/wp-content\/uploads\/2025\/08\/Geo-ref-150x150.jpg 150w, https:\/\/macite.tg\/wp-content\/uploads\/2025\/08\/Geo-ref-122x122.jpg 122w\" sizes=\"auto, (max-width: 500px) 100vw, 500px\" \/><\/figure>\n<\/div>\n\n\n<p class=\"wp-block-paragraph\">Elle a \u00e9galement appel\u00e9 \u00e0 c\u00e9l\u00e9brer plus que jamais la culture en valorisant la richesse des traditions togolaises \u00e0 travers les chants et les danses. Dans la m\u00eame logique que le th\u00e8me de cette \u00e9dition, ax\u00e9 sur l\u2019unit\u00e9, la r\u00e9silience et la prosp\u00e9rit\u00e9, Madame Lidi Besi Kama a rappel\u00e9 que le gouvernement, fid\u00e8le \u00e0 sa politique de d\u00e9veloppement inclusif, <em>\u00ab mise sur la solidarit\u00e9 de chaque communaut\u00e9, en veillant \u00e0 ce que les populations \u00e0 la base soient actrices de leur propre bien-\u00eatre et participent au d\u00e9veloppement humain \u00bb.<\/em><\/p>\n\n\n\n<p class=\"wp-block-paragraph\">Ainsi, elle affirme que c\u2019est dans cette optique que le gouvernement encourage et renforce le savoir-faire des populations dans les domaines culturel, agricole, scientifique et technologique.<\/p>\n\n\n\n<p class=\"wp-block-paragraph\">Dans le m\u00eame \u00e9lan, le pr\u00e9fet du Zio, Gadewa Mawuna, pleinement engag\u00e9 dans les enjeux de d\u00e9veloppement, a rappel\u00e9 les actions phares d\u00e9j\u00e0 initi\u00e9es dans la r\u00e9gion. Il a notamment \u00e9voqu\u00e9 l\u2019am\u00e9nagement des routes ainsi que la construction imminente de l\u2019a\u00e9roport de Gbatop\u00e9, dont les travaux ont d\u2019ores et d\u00e9j\u00e0 commenc\u00e9.<\/p>\n\n\n\n<p class=\"wp-block-paragraph\">L\u2019\u00e9dition 2025 de la f\u00eate d\u2019Ayiza a \u00e9t\u00e9 marqu\u00e9e par la remise de distinctions aux vainqueurs des tournois de jeux de loisirs <em>\u00ab V\u00e9t\u00e9tr\u00e9 \u00bb, \u00ab Tom\u00e9di \u00bb, \u00ab Sipa \u00bb<\/em> et <em>\u00ab Ludo \u00bb,<\/em> ainsi qu\u2019un prix sp\u00e9cial \u00e0 la reine Ayiza, r\u00e9compens\u00e9e par une moto. La c\u00e9r\u00e9monie a \u00e9galement \u00e9t\u00e9 ponctu\u00e9e par les t\u00e9moignages des \u00e9l\u00e8ves et \u00e9tudiants b\u00e9n\u00e9ficiaires de bourses dans la pr\u00e9fecture.<\/p>\n\n\n<div class=\"wp-block-image\">\n<figure class=\"aligncenter size-full is-resized\"><img loading=\"lazy\" decoding=\"async\" width=\"1000\" height=\"1000\" src=\"https:\/\/macite.tg\/wp-content\/uploads\/2025\/08\/Bienvenue-mois-dAout.jpg\" alt=\"\" class=\"wp-image-24021\" style=\"width:564px;height:auto\" srcset=\"https:\/\/macite.tg\/wp-content\/uploads\/2025\/08\/Bienvenue-mois-dAout.jpg 1000w, https:\/\/macite.tg\/wp-content\/uploads\/2025\/08\/Bienvenue-mois-dAout-300x300.jpg 300w, https:\/\/macite.tg\/wp-content\/uploads\/2025\/08\/Bienvenue-mois-dAout-150x150.jpg 150w, https:\/\/macite.tg\/wp-content\/uploads\/2025\/08\/Bienvenue-mois-dAout-768x768.jpg 768w, https:\/\/macite.tg\/wp-content\/uploads\/2025\/08\/Bienvenue-mois-dAout-122x122.jpg 122w\" sizes=\"auto, (max-width: 1000px) 100vw, 1000px\" \/><\/figure>\n<\/div>\n\n\n<p class=\"wp-block-paragraph\">Autres temps forts de ces festivit\u00e9s, la d\u00e9gustation du plat traditionnel \u00e0 base de haricots, pr\u00e9par\u00e9 avec une saveur authentique qui r\u00e9v\u00e8le tout le raffinement de l\u2019h\u00e9ritage culinaire de la pr\u00e9fecture de Zio.<\/p>\n\n\n\n<p class=\"wp-block-paragraph\">Cette 53\u1d49 \u00e9dition d\u2019Ayiza s\u2019est r\u00e9v\u00e9l\u00e9e bien plus qu\u2019une simple c\u00e9l\u00e9bration ; elle a incarn\u00e9 l\u2019union ind\u00e9fectible, la r\u00e9silience in\u00e9branlable et la prosp\u00e9rit\u00e9 durable du peuple Ew\u00e9 de Zio.<\/p>\n\n\n\n<p class=\"wp-block-paragraph\"><a><strong><em>@macite.tg&nbsp;&nbsp;&nbsp;&nbsp;&nbsp;&nbsp;&nbsp;&nbsp;<\/em><\/strong><\/a><\/p>\n\n\n\n<p class=\"wp-block-paragraph\"><strong><em>E-mail&nbsp;: <\/em><\/strong><a href=\"mailto:maciteinfo@gmail.com\"><strong><em>maciteinfo@gmail.com<\/em><\/strong><\/a><strong><em>; <\/em><\/strong><a href=\"mailto:bawela1@gmail.com\"><strong><em>bawela1@gmail.com<\/em><\/strong><\/a><strong><em><\/em><\/strong><\/p>\n\n\n\n<p class=\"wp-block-paragraph\"><strong><em>Pour vos annonces, (publi)reportages, etc., joignez-nous au (00228)91515309\/<strong>79872224 <\/strong><strong><\/strong><\/em><\/strong><\/p>\n\n\n\n<p class=\"wp-block-paragraph\"><strong><em>www.macite.tg, L\u2019information, la bonne&nbsp;!<\/em><\/strong><\/p>\n\n\n\n<p class=\"wp-block-paragraph\"><\/p>\n","protected":false},"excerpt":{"rendered":"<p class=\"text-justify mb-2\" >C\u2019est dans une ambiance chaleureuse et festive que la population de Zio a pris part, le samedi 9 ao\u00fbt ernier, au stade Docteur Kaolo de Ts\u00e9vi\u00e9, \u00e0 la c\u00e9l\u00e9bration de la 53\u1d49 \u00e9dition de la f\u00eate traditionnelle Ayiza. Il s\u2019agit d\u2019un v\u00e9ritable moment de communion [&hellip;]<\/p>\n","protected":false},"author":2,"featured_media":24125,"comment_status":"open","ping_status":"open","sticky":false,"template":"","format":"standard","meta":{"footnotes":""},"categories":[20,18],"tags":[],"class_list":["post-24124","post","type-post","status-publish","format-standard","has-post-thumbnail","hentry","category-actualite","category-culture"],"yoast_head":"<!-- This site is optimized with the Yoast SEO plugin v28.4 - https:\/\/yoast.com\/product\/yoast-seo-wordpress\/ -->\n<title>53\u1d49 EDITION D\u2019AYIZA A TSEVIE : V\u00e9ritable moment de communion entre fils et filles de Zio -<\/title>\n<meta name=\"robots\" content=\"index, follow, max-snippet:-1, max-image-preview:large, max-video-preview:-1\" \/>\n<link rel=\"canonical\" href=\"https:\/\/macite.tg\/?p=24124\" \/>\n<meta property=\"og:locale\" content=\"fr_FR\" \/>\n<meta property=\"og:type\" content=\"article\" \/>\n<meta property=\"og:title\" content=\"53\u1d49 EDITION D\u2019AYIZA A TSEVIE : V\u00e9ritable moment de communion entre fils et filles de Zio -\" \/>\n<meta property=\"og:description\" content=\"C\u2019est dans une ambiance chaleureuse et festive que la population de Zio a pris part, le samedi 9 ao\u00fbt ernier, au stade Docteur Kaolo de Ts\u00e9vi\u00e9, \u00e0 la c\u00e9l\u00e9bration de la 53\u1d49 \u00e9dition de la f\u00eate traditionnelle Ayiza. Il s\u2019agit d\u2019un v\u00e9ritable moment de communion [&hellip;]\" \/>\n<meta property=\"og:url\" content=\"https:\/\/macite.tg\/?p=24124\" \/>\n<meta property=\"article:published_time\" content=\"2025-08-11T09:42:21+00:00\" \/>\n<meta property=\"article:modified_time\" content=\"2025-08-11T09:42:27+00:00\" \/>\n<meta property=\"og:image\" content=\"https:\/\/macite.tg\/wp-content\/uploads\/2025\/08\/AYIZA-2025.jpg\" \/>\n\t<meta property=\"og:image:width\" content=\"497\" \/>\n\t<meta property=\"og:image:height\" content=\"407\" \/>\n\t<meta property=\"og:image:type\" content=\"image\/jpeg\" \/>\n<meta name=\"author\" content=\"Jean Pierre BAWELA\" \/>\n<meta name=\"twitter:card\" content=\"summary_large_image\" \/>\n<meta name=\"twitter:label1\" content=\"\u00c9crit par\" \/>\n\t<meta name=\"twitter:data1\" content=\"Jean Pierre BAWELA\" \/>\n\t<meta name=\"twitter:label2\" content=\"Dur\u00e9e de lecture estim\u00e9e\" \/>\n\t<meta name=\"twitter:data2\" content=\"4 minutes\" \/>\n<script type=\"application\/ld+json\" class=\"yoast-schema-graph\">{\"@context\":\"https:\\\/\\\/schema.org\",\"@graph\":[{\"@type\":\"Article\",\"@id\":\"https:\\\/\\\/macite.tg\\\/?p=24124#article\",\"isPartOf\":{\"@id\":\"https:\\\/\\\/macite.tg\\\/?p=24124\"},\"author\":{\"name\":\"Jean Pierre BAWELA\",\"@id\":\"https:\\\/\\\/macite.tg\\\/#\\\/schema\\\/person\\\/e9f2de7e5dbbe7770a9402c7ce82f5c2\"},\"headline\":\"53\u1d49 EDITION D\u2019AYIZA A TSEVIE : V\u00e9ritable moment de communion entre fils et filles de Zio\",\"datePublished\":\"2025-08-11T09:42:21+00:00\",\"dateModified\":\"2025-08-11T09:42:27+00:00\",\"mainEntityOfPage\":{\"@id\":\"https:\\\/\\\/macite.tg\\\/?p=24124\"},\"wordCount\":731,\"commentCount\":0,\"image\":{\"@id\":\"https:\\\/\\\/macite.tg\\\/?p=24124#primaryimage\"},\"thumbnailUrl\":\"https:\\\/\\\/macite.tg\\\/wp-content\\\/uploads\\\/2025\\\/08\\\/AYIZA-2025.jpg\",\"articleSection\":[\"ACTUALITE\",\"CULTURE\"],\"inLanguage\":\"fr-FR\",\"potentialAction\":[{\"@type\":\"CommentAction\",\"name\":\"Comment\",\"target\":[\"https:\\\/\\\/macite.tg\\\/?p=24124#respond\"]}]},{\"@type\":\"WebPage\",\"@id\":\"https:\\\/\\\/macite.tg\\\/?p=24124\",\"url\":\"https:\\\/\\\/macite.tg\\\/?p=24124\",\"name\":\"53\u1d49 EDITION D\u2019AYIZA A TSEVIE : V\u00e9ritable moment de communion entre fils et filles de Zio -\",\"isPartOf\":{\"@id\":\"https:\\\/\\\/macite.tg\\\/#website\"},\"primaryImageOfPage\":{\"@id\":\"https:\\\/\\\/macite.tg\\\/?p=24124#primaryimage\"},\"image\":{\"@id\":\"https:\\\/\\\/macite.tg\\\/?p=24124#primaryimage\"},\"thumbnailUrl\":\"https:\\\/\\\/macite.tg\\\/wp-content\\\/uploads\\\/2025\\\/08\\\/AYIZA-2025.jpg\",\"datePublished\":\"2025-08-11T09:42:21+00:00\",\"dateModified\":\"2025-08-11T09:42:27+00:00\",\"author\":{\"@id\":\"https:\\\/\\\/macite.tg\\\/#\\\/schema\\\/person\\\/e9f2de7e5dbbe7770a9402c7ce82f5c2\"},\"breadcrumb\":{\"@id\":\"https:\\\/\\\/macite.tg\\\/?p=24124#breadcrumb\"},\"inLanguage\":\"fr-FR\",\"potentialAction\":[{\"@type\":\"ReadAction\",\"target\":[\"https:\\\/\\\/macite.tg\\\/?p=24124\"]}]},{\"@type\":\"ImageObject\",\"inLanguage\":\"fr-FR\",\"@id\":\"https:\\\/\\\/macite.tg\\\/?p=24124#primaryimage\",\"url\":\"https:\\\/\\\/macite.tg\\\/wp-content\\\/uploads\\\/2025\\\/08\\\/AYIZA-2025.jpg\",\"contentUrl\":\"https:\\\/\\\/macite.tg\\\/wp-content\\\/uploads\\\/2025\\\/08\\\/AYIZA-2025.jpg\",\"width\":497,\"height\":407},{\"@type\":\"BreadcrumbList\",\"@id\":\"https:\\\/\\\/macite.tg\\\/?p=24124#breadcrumb\",\"itemListElement\":[{\"@type\":\"ListItem\",\"position\":1,\"name\":\"Accueil\",\"item\":\"https:\\\/\\\/macite.tg\\\/\"},{\"@type\":\"ListItem\",\"position\":2,\"name\":\"53\u1d49 EDITION D\u2019AYIZA A TSEVIE : V\u00e9ritable moment de communion entre fils et filles de Zio\"}]},{\"@type\":\"WebSite\",\"@id\":\"https:\\\/\\\/macite.tg\\\/#website\",\"url\":\"https:\\\/\\\/macite.tg\\\/\",\"name\":\"\",\"description\":\"L&#039;information, la bonne!!!\",\"potentialAction\":[{\"@type\":\"SearchAction\",\"target\":{\"@type\":\"EntryPoint\",\"urlTemplate\":\"https:\\\/\\\/macite.tg\\\/?s={search_term_string}\"},\"query-input\":{\"@type\":\"PropertyValueSpecification\",\"valueRequired\":true,\"valueName\":\"search_term_string\"}}],\"inLanguage\":\"fr-FR\"},{\"@type\":\"Person\",\"@id\":\"https:\\\/\\\/macite.tg\\\/#\\\/schema\\\/person\\\/e9f2de7e5dbbe7770a9402c7ce82f5c2\",\"name\":\"Jean Pierre BAWELA\",\"image\":{\"@type\":\"ImageObject\",\"inLanguage\":\"fr-FR\",\"@id\":\"https:\\\/\\\/macite.tg\\\/wp-content\\\/uploads\\\/2023\\\/09\\\/WhatsApp-Image-2023-09-19-at-14.44.41-122x122.jpeg\",\"url\":\"https:\\\/\\\/macite.tg\\\/wp-content\\\/uploads\\\/2023\\\/09\\\/WhatsApp-Image-2023-09-19-at-14.44.41-122x122.jpeg\",\"contentUrl\":\"https:\\\/\\\/macite.tg\\\/wp-content\\\/uploads\\\/2023\\\/09\\\/WhatsApp-Image-2023-09-19-at-14.44.41-122x122.jpeg\",\"caption\":\"Jean Pierre BAWELA\"},\"url\":\"https:\\\/\\\/macite.tg\\\/?author=2\"}]}<\/script>\n<!-- \/ Yoast SEO plugin. -->","yoast_head_json":{"title":"53\u1d49 EDITION D\u2019AYIZA A TSEVIE : V\u00e9ritable moment de communion entre fils et filles de Zio -","robots":{"index":"index","follow":"follow","max-snippet":"max-snippet:-1","max-image-preview":"max-image-preview:large","max-video-preview":"max-video-preview:-1"},"canonical":"https:\/\/macite.tg\/?p=24124","og_locale":"fr_FR","og_type":"article","og_title":"53\u1d49 EDITION D\u2019AYIZA A TSEVIE : V\u00e9ritable moment de communion entre fils et filles de Zio -","og_description":"C\u2019est dans une ambiance chaleureuse et festive que la population de Zio a pris part, le samedi 9 ao\u00fbt ernier, au stade Docteur Kaolo de Ts\u00e9vi\u00e9, \u00e0 la c\u00e9l\u00e9bration de la 53\u1d49 \u00e9dition de la f\u00eate traditionnelle Ayiza. Il s\u2019agit d\u2019un v\u00e9ritable moment de communion [&hellip;]","og_url":"https:\/\/macite.tg\/?p=24124","article_published_time":"2025-08-11T09:42:21+00:00","article_modified_time":"2025-08-11T09:42:27+00:00","og_image":[{"width":497,"height":407,"url":"https:\/\/macite.tg\/wp-content\/uploads\/2025\/08\/AYIZA-2025.jpg","type":"image\/jpeg"}],"author":"Jean Pierre BAWELA","twitter_card":"summary_large_image","twitter_misc":{"\u00c9crit par":"Jean Pierre BAWELA","Dur\u00e9e de lecture estim\u00e9e":"4 minutes"},"schema":{"@context":"https:\/\/schema.org","@graph":[{"@type":"Article","@id":"https:\/\/macite.tg\/?p=24124#article","isPartOf":{"@id":"https:\/\/macite.tg\/?p=24124"},"author":{"name":"Jean Pierre BAWELA","@id":"https:\/\/macite.tg\/#\/schema\/person\/e9f2de7e5dbbe7770a9402c7ce82f5c2"},"headline":"53\u1d49 EDITION D\u2019AYIZA A TSEVIE : V\u00e9ritable moment de communion entre fils et filles de Zio","datePublished":"2025-08-11T09:42:21+00:00","dateModified":"2025-08-11T09:42:27+00:00","mainEntityOfPage":{"@id":"https:\/\/macite.tg\/?p=24124"},"wordCount":731,"commentCount":0,"image":{"@id":"https:\/\/macite.tg\/?p=24124#primaryimage"},"thumbnailUrl":"https:\/\/macite.tg\/wp-content\/uploads\/2025\/08\/AYIZA-2025.jpg","articleSection":["ACTUALITE","CULTURE"],"inLanguage":"fr-FR","potentialAction":[{"@type":"CommentAction","name":"Comment","target":["https:\/\/macite.tg\/?p=24124#respond"]}]},{"@type":"WebPage","@id":"https:\/\/macite.tg\/?p=24124","url":"https:\/\/macite.tg\/?p=24124","name":"53\u1d49 EDITION D\u2019AYIZA A TSEVIE : V\u00e9ritable moment de communion entre fils et filles de Zio -","isPartOf":{"@id":"https:\/\/macite.tg\/#website"},"primaryImageOfPage":{"@id":"https:\/\/macite.tg\/?p=24124#primaryimage"},"image":{"@id":"https:\/\/macite.tg\/?p=24124#primaryimage"},"thumbnailUrl":"https:\/\/macite.tg\/wp-content\/uploads\/2025\/08\/AYIZA-2025.jpg","datePublished":"2025-08-11T09:42:21+00:00","dateModified":"2025-08-11T09:42:27+00:00","author":{"@id":"https:\/\/macite.tg\/#\/schema\/person\/e9f2de7e5dbbe7770a9402c7ce82f5c2"},"breadcrumb":{"@id":"https:\/\/macite.tg\/?p=24124#breadcrumb"},"inLanguage":"fr-FR","potentialAction":[{"@type":"ReadAction","target":["https:\/\/macite.tg\/?p=24124"]}]},{"@type":"ImageObject","inLanguage":"fr-FR","@id":"https:\/\/macite.tg\/?p=24124#primaryimage","url":"https:\/\/macite.tg\/wp-content\/uploads\/2025\/08\/AYIZA-2025.jpg","contentUrl":"https:\/\/macite.tg\/wp-content\/uploads\/2025\/08\/AYIZA-2025.jpg","width":497,"height":407},{"@type":"BreadcrumbList","@id":"https:\/\/macite.tg\/?p=24124#breadcrumb","itemListElement":[{"@type":"ListItem","position":1,"name":"Accueil","item":"https:\/\/macite.tg\/"},{"@type":"ListItem","position":2,"name":"53\u1d49 EDITION D\u2019AYIZA A TSEVIE : V\u00e9ritable moment de communion entre fils et filles de Zio"}]},{"@type":"WebSite","@id":"https:\/\/macite.tg\/#website","url":"https:\/\/macite.tg\/","name":"","description":"L&#039;information, la bonne!!!","potentialAction":[{"@type":"SearchAction","target":{"@type":"EntryPoint","urlTemplate":"https:\/\/macite.tg\/?s={search_term_string}"},"query-input":{"@type":"PropertyValueSpecification","valueRequired":true,"valueName":"search_term_string"}}],"inLanguage":"fr-FR"},{"@type":"Person","@id":"https:\/\/macite.tg\/#\/schema\/person\/e9f2de7e5dbbe7770a9402c7ce82f5c2","name":"Jean Pierre BAWELA","image":{"@type":"ImageObject","inLanguage":"fr-FR","@id":"https:\/\/macite.tg\/wp-content\/uploads\/2023\/09\/WhatsApp-Image-2023-09-19-at-14.44.41-122x122.jpeg","url":"https:\/\/macite.tg\/wp-content\/uploads\/2023\/09\/WhatsApp-Image-2023-09-19-at-14.44.41-122x122.jpeg","contentUrl":"https:\/\/macite.tg\/wp-content\/uploads\/2023\/09\/WhatsApp-Image-2023-09-19-at-14.44.41-122x122.jpeg","caption":"Jean Pierre BAWELA"},"url":"https:\/\/macite.tg\/?author=2"}]}},"_links":{"self":[{"href":"https:\/\/macite.tg\/index.php?rest_route=\/wp\/v2\/posts\/24124","targetHints":{"allow":["GET"]}}],"collection":[{"href":"https:\/\/macite.tg\/index.php?rest_route=\/wp\/v2\/posts"}],"about":[{"href":"https:\/\/macite.tg\/index.php?rest_route=\/wp\/v2\/types\/post"}],"author":[{"embeddable":true,"href":"https:\/\/macite.tg\/index.php?rest_route=\/wp\/v2\/users\/2"}],"replies":[{"embeddable":true,"href":"https:\/\/macite.tg\/index.php?rest_route=%2Fwp%2Fv2%2Fcomments&post=24124"}],"version-history":[{"count":0,"href":"https:\/\/macite.tg\/index.php?rest_route=\/wp\/v2\/posts\/24124\/revisions"}],"wp:featuredmedia":[{"embeddable":true,"href":"https:\/\/macite.tg\/index.php?rest_route=\/wp\/v2\/media\/24125"}],"wp:attachment":[{"href":"https:\/\/macite.tg\/index.php?rest_route=%2Fwp%2Fv2%2Fmedia&parent=24124"}],"wp:term":[{"taxonomy":"category","embeddable":true,"href":"https:\/\/macite.tg\/index.php?rest_route=%2Fwp%2Fv2%2Fcategories&post=24124"},{"taxonomy":"post_tag","embeddable":true,"href":"https:\/\/macite.tg\/index.php?rest_route=%2Fwp%2Fv2%2Ftags&post=24124"}],"curies":[{"name":"wp","href":"https:\/\/api.w.org\/{rel}","templated":true}]}}