{"id":2406,"date":"2022-12-07T10:09:41","date_gmt":"2022-12-07T10:09:41","guid":{"rendered":"https:\/\/macite.info\/?p=2406"},"modified":"2022-12-07T10:09:41","modified_gmt":"2022-12-07T10:09:41","slug":"diner-de-gala-2022-de-lobservatoire-africain-pour-la-promotion-de-la-bonne-gouvernance-dr-sandra-ablamba-johnson-laureat-de-plusieurs-prix","status":"publish","type":"post","link":"https:\/\/macite.tg\/?p=2406","title":{"rendered":"DINER DE GALA 2022 DE L\u2019OBSERVATOIRE AFRICAIN POUR LA PROMOTION DE LA BONNE GOUVERNANCE\u00a0: Dr Sandra Ablamba Johnson laur\u00e9at de plusieurs prix"},"content":{"rendered":"\n<p class=\"wp-block-paragraph\"><strong><em>Promotion de l\u2019Investissement Priv\u00e9 au TOGO\u00a0\u00bb et \u00ab\u00a0Le Prix du Leadership F\u00e9minin au TOGO\u00a0\u00bb seront d\u00e9cern\u00e9s au Dr Sandra Ablamba Johnson, ministre et Secr\u00e9taire G\u00e9n\u00e9rale de la Pr\u00e9sidence du Togo \u00e0 Abidjan, en C\u00f4te d\u2019Ivoire, le 23 d\u00e9cembre 2022.<\/em><\/strong><\/p>\n\n\n\n<p class=\"wp-block-paragraph\">Ex-ministre d\u00e9l\u00e9gu\u00e9e, conseill\u00e8re du pr\u00e9sident Faure Gnassingb\u00e9 en charge du climat des affaires, Dr Sandra Ahoefavi Ablamba Johnson est depuis le 28 septembre 2020, ministre plein et secr\u00e9taire g\u00e9n\u00e9rale de la pr\u00e9sidence.<\/p>\n\n\n\n<p class=\"wp-block-paragraph\">L\u2019\u00e9dition 2022, du D\u00eener de gala 2022 de l\u2019Observatoire africain pour la promotion de la bonne gouvernance aura lieu le 22 d\u00e9cembre 2022. L\u2019\u00e9v\u00e8nement r\u00e9compensera des femmes et des hommes.<\/p>\n\n\n\n<p class=\"wp-block-paragraph\">Cette ann\u00e9e, trois personnalit\u00e9s du Togo \u00e0 savoir Dr Sandra Ablamba Johnson, Me Louis Biyao, avocat au barreau de Paris, Prix Panafricain du Meilleur Avocat d\u2019Affaires Africain Exer\u00e7ant au Barreau de Paris et Colonel Dokissime Gnama Latta, Directeur G\u00e9n\u00e9ral de l\u2019ANAC Togo et de la Soci\u00e9t\u00e9 A\u00e9roportuaire de Lom\u00e9-Tokoin (SALT), Prix Panafricain du Meilleur Manager A\u00e9ronautique d\u2019Afrique sont nomin\u00e9es. Selon le comit\u00e9 d\u2019Organisation, la togolaise Dr Sandra Ablamba Johnson a confirm\u00e9 qu\u2019elle sera pr\u00e9sente \u00e0 ABidjan lors du Diner de gala.<\/p>\n\n\n<div class=\"wp-block-image\">\n<figure class=\"alignright size-full is-resized\"><img loading=\"lazy\" decoding=\"async\" src=\"https:\/\/macite.tg\/wp-content\/uploads\/2022\/12\/Ablamba.jpg\" alt=\"\" class=\"wp-image-2409\" width=\"352\" height=\"352\" srcset=\"https:\/\/macite.tg\/wp-content\/uploads\/2022\/12\/Ablamba.jpg 225w, https:\/\/macite.tg\/wp-content\/uploads\/2022\/12\/Ablamba-150x150.jpg 150w, https:\/\/macite.tg\/wp-content\/uploads\/2022\/12\/Ablamba-122x122.jpg 122w\" sizes=\"auto, (max-width: 352px) 100vw, 352px\" \/><figcaption><em><strong>Dr Sandra Ablamba Johnson<\/strong><\/em><\/figcaption><\/figure>\n<\/div>\n\n\n<p class=\"wp-block-paragraph\"><strong>Qui est Dr Sandra Ablamba Johnson?<\/strong><\/p>\n\n\n\n<p class=\"wp-block-paragraph\">Si le Togo peut \u00eatre cit\u00e9 dans le Mill\u00e9nium Challenge des \u00c9tats Unis d\u2019Am\u00e9rique, le grand m\u00e9rite revient au secr\u00e9taire g\u00e9n\u00e9rale de la pr\u00e9sidence pour son travail abattu comme coordinatrice de la cellule climat des affaires au Togo. Et son travail a permis au Togo, d\u2019obtenir de r\u00e9sultats encourageants aux derniers classements Doing Business de la Banque Mondiale.<\/p>\n\n\n\n<p class=\"wp-block-paragraph\">Discr\u00e8te, calme, elle a fait ses premiers pas au Togo comme conseill\u00e8re du pr\u00e9sident Faure Gnassingb\u00e9, charg\u00e9e de la cellule Climat des Affaires. A la t\u00eate de cette cellule, sa d\u00e9termination \u00e0 faire de cette cellule une r\u00e9alit\u00e9 vivante, a permis au Togo, d\u2019am\u00e9liorer r\u00e9ellement son climat des affaires. Si hier, les demandes de cr\u00e9ation d\u2019entreprises sur le sol togolais est une croix et la banni\u00e8re, gr\u00e2ce \u00e0 la cellule climat des affaires, les formalit\u00e9s de cr\u00e9ation d\u2019entreprises sont devenues tr\u00e8s souples et le temps totalement r\u00e9duit \u00e0 une question d\u2019heures. <\/p>\n\n\n\n<p class=\"wp-block-paragraph\">Dr Sandra Ablamba Johnson, faut-il le dire, a travaill\u00e9 sur plusieurs sujets d\u2019ordre \u00e9conomique dont l\u2019\u00e9valuation des politiques publiques, le partenariat Public-Priv\u00e9, la promotion de l\u2019investissement, le suivi strat\u00e9gique des r\u00e9formes pour l\u2019am\u00e9lioration du climat des affaires, allant de l\u2019institutionnel \u00e0 l\u2019op\u00e9rationnel y compris l\u2019accompagnement et l\u2019appui-conseil aux op\u00e9rateurs \u00e9conomiques. Elle proc\u00e8de \u00e9galement aux analyses de l\u2019environnement socio-\u00e9conomique et apporte des conseils strat\u00e9giques au Pr\u00e9sident Faure Gnassingb\u00e9 sur lesdits sujets.<\/p>\n\n\n<div class=\"wp-block-image\">\n<figure class=\"aligncenter size-large is-resized\"><img loading=\"lazy\" decoding=\"async\" src=\"https:\/\/macite.tg\/wp-content\/uploads\/2022\/11\/ANNONCES-1-1-1024x426.jpg\" alt=\"\" class=\"wp-image-2047\" width=\"780\" height=\"324\" srcset=\"https:\/\/macite.tg\/wp-content\/uploads\/2022\/11\/ANNONCES-1-1-1024x426.jpg 1024w, https:\/\/macite.tg\/wp-content\/uploads\/2022\/11\/ANNONCES-1-1-300x125.jpg 300w, https:\/\/macite.tg\/wp-content\/uploads\/2022\/11\/ANNONCES-1-1-768x319.jpg 768w, https:\/\/macite.tg\/wp-content\/uploads\/2022\/11\/ANNONCES-1-1.jpg 1080w\" sizes=\"auto, (max-width: 780px) 100vw, 780px\" \/><\/figure>\n<\/div>\n\n\n<p class=\"wp-block-paragraph\">Pour obtenir une meilleure croissance \u00e9conomique, deux grands axes d\u2019am\u00e9lioration ont \u00e9t\u00e9 prioris\u00e9s sous son magist\u00e8re :<br>&#8211; un soutien de la part du secteur priv\u00e9, partant du principe que le gouvernement ne peut pas tout faire.<br>&#8211; all\u00e8gement des proc\u00e9dures administratives en mettant l\u2019accent sur la digitalisation.<\/p>\n\n\n\n<p class=\"wp-block-paragraph\">Elle a men\u00e9 une politique audacieuse et volontariste salutaire :<br>&#8211; la transformation num\u00e9rique r\u00e9cente du Togo s\u00e9duit les entreprises et les investisseurs. (E-Justice, E-Gouv.)<\/p>\n\n\n\n<p class=\"wp-block-paragraph\">&#8211; les changements sont impressionnants et les r\u00e9sultats obtenus le sont tout autant\u00a0: all\u00e8gement du transfert de propri\u00e9t\u00e9, am\u00e9lioration de la TCA ou Taxe sur le chiffre d\u2019affaires, d\u00e9claration et paiement des imp\u00f4ts en ligne, suppression de taxe et baisse des imp\u00f4ts pour les soci\u00e9t\u00e9s, baisse des frais de raccordement au r\u00e9seau \u00e9lectrique, d\u00e9mat\u00e9rialisation de la demande du permis de b\u00e2tir, num\u00e9risation compl\u00e8te du registre du commerce, possibilit\u00e9 de cr\u00e9er une entreprise en seulement 7 heures avec des co\u00fbts r\u00e9duits \u00e0 peau de chagrin, organisation r\u00e9ussie du premier Forum Economique Togo-Union Europ\u00e9enne, bond de 19 points au classement Doing Business et palmar\u00e8s du pays le plus r\u00e9formateur d\u2019Afrique, 5\u00e8me\u00a0place du Togo en Afrique concernant la place de la femme dans l\u2019\u00e9conomie\u2026<\/p>\n\n\n\n<p class=\"wp-block-paragraph\"><\/p>\n\n\n<div class=\"wp-block-image\">\n<figure class=\"alignleft size-full is-resized\"><img loading=\"lazy\" decoding=\"async\" src=\"https:\/\/macite.tg\/wp-content\/uploads\/2022\/12\/Maitre-Louis-Biyao.jpg\" alt=\"\" class=\"wp-image-2410\" width=\"441\" height=\"316\"\/><figcaption><em><strong>Ma\u00eetre Louis Biyao<\/strong><\/em><\/figcaption><\/figure>\n<\/div>\n\n\n<p class=\"wp-block-paragraph\"><strong>Qui est l\u2019avocat togolais au barreau de Paris?<\/strong><\/p>\n\n\n\n<p class=\"wp-block-paragraph\">Ma\u00eetre Louis Biyao, avocat au barreau de Paris, Prix Panafricain du Meilleur Avocat d\u2019Affaires Africain Exer\u00e7ant au Barreau de Paris. Son cabinet a r\u00e9alis\u00e9 de nombreuses performances en douze ans de pr\u00e9sence au barreau de Paris. Ses clients se comptent aux quatre coins de la plan\u00e8te.<\/p>\n\n\n\n<p class=\"wp-block-paragraph\">Conseiller juridique de la cha\u00eene panafricaine New World Tv, il a beaucoup \u0153uvr\u00e9 avec professionnalisme et maestria afin que cette cha\u00eene de t\u00e9l\u00e9vision soit d\u00e9tentrice des droits exclusifs de diffusion de la coupe du monde Qatar 2022 pour la r\u00e9gion Afrique francophone subsaharienne.<\/p>\n\n\n\n<p class=\"wp-block-paragraph\"><\/p>\n\n\n<div class=\"wp-block-image\">\n<figure class=\"alignright size-full is-resized\"><img loading=\"lazy\" decoding=\"async\" src=\"https:\/\/macite.tg\/wp-content\/uploads\/2022\/12\/Colonel-Dokissime-Gnama-Latta.jpg\" alt=\"\" class=\"wp-image-2411\" width=\"445\" height=\"296\" srcset=\"https:\/\/macite.tg\/wp-content\/uploads\/2022\/12\/Colonel-Dokissime-Gnama-Latta.jpg 275w, https:\/\/macite.tg\/wp-content\/uploads\/2022\/12\/Colonel-Dokissime-Gnama-Latta-112x75.jpg 112w\" sizes=\"auto, (max-width: 445px) 100vw, 445px\" \/><figcaption><em><strong>Col Dokissime Gnama Latta<\/strong><\/em><\/figcaption><\/figure>\n<\/div>\n\n\n<p class=\"wp-block-paragraph\"><strong>Mieux conna\u00eetre le DG de l\u2019ANAC Togo<\/strong><\/p>\n\n\n\n<p class=\"wp-block-paragraph\">Colonel Dokissime Gnama Latta, Directeur G\u00e9n\u00e9ral de l\u2019ANAC Togo et de la Soci\u00e9t\u00e9 A\u00e9roportuaire de Lom\u00e9-Tokoin (SALT), Prix Panafricain du Meilleur Manager A\u00e9ronautique d\u2019Afrique. Doyen des Administrateurs de l\u2019ASECNA, il a pris les r\u00eanes de l\u2019a\u00e9roport de Lom\u00e9-Tokoin le 25 avril 2002.<\/p>\n\n\n\n<p class=\"wp-block-paragraph\">Il a particip\u00e9 de mani\u00e8re effective, efficiente et efficace \u00e0 l\u2019am\u00e9lioration technique de cette institution d\u2019int\u00e9gration africaine charg\u00e9e de la s\u00e9curit\u00e9 du transport a\u00e9rien (ASECNA). Il a aussi contribu\u00e9 \u00e0 assister les autres pays afin d\u2019am\u00e9liorer leurs performances. Il a \u00e9galement r\u00e9ussi avec brio \u00e0 faire du Togo son pays, un mod\u00e8le en termes de s\u00e9curit\u00e9 a\u00e9rienne en Afrique.<br>En r\u00e9sum\u00e9, il est l\u2019artisan des performances exceptionnelles qui \u00e9rigent aujourd\u2019hui le Togo en mod\u00e8le sur le continent en termes de suret\u00e9 et s\u00e9curit\u00e9 a\u00e9roportuaire. En effet, le Togo se classe en deuxi\u00e8me rang derri\u00e8re l\u2019Afrique du Sud, des pays africains en mati\u00e8re de conformit\u00e9 aux normes et recommandations internationales de la s\u00e9curit\u00e9 a\u00e9rienne. Le Togo enregistre un taux de conformit\u00e9 de 86.6 % sur la base de l\u2019Audi de s\u00e9curit\u00e9 USOAP effectu\u00e9 par l\u2019organisation de l\u2019aviation civile internationale (OACI).<\/p>\n\n\n\n<p class=\"wp-block-paragraph\"><strong><u>Source<\/u>\u00a0: Togotimes<\/strong><\/p>\n\n\n\n<p class=\"wp-block-paragraph\"><strong><em>@macite.info<\/em><\/strong><\/p>\n\n\n\n<p class=\"wp-block-paragraph\"><strong><em>E-mail&nbsp;: <\/em><\/strong><a href=\"mailto:maciteinfo@gmail.com\"><strong><em>maciteinfo@gmail.com<\/em><\/strong><\/a><strong><em>; <\/em><\/strong><a href=\"mailto:bawela1@gmail.com\"><strong><em>bawela1@gmail.com<\/em><\/strong><\/a><strong><em><\/em><\/strong><\/p>\n\n\n\n<p class=\"wp-block-paragraph\"><strong><em>Pour vos annonces, (publi)reportages, etc., joignez nous au (00228) 91515309\/<strong>79872224<\/strong><\/em><\/strong><em><\/em><\/p>\n\n\n\n<p class=\"wp-block-paragraph\"><a href=\"http:\/\/www.macite.info\"><strong><em>www.macite.info<\/em><\/strong><\/a><strong><em>, L\u2019information, la bonne&nbsp;!<\/em><\/strong><\/p>\n","protected":false},"excerpt":{"rendered":"<p class=\"text-justify mb-2\" >Promotion de l\u2019Investissement Priv\u00e9 au TOGO\u00a0\u00bb et \u00ab\u00a0Le Prix du Leadership F\u00e9minin au TOGO\u00a0\u00bb seront d\u00e9cern\u00e9s au Dr Sandra Ablamba Johnson, ministre et Secr\u00e9taire G\u00e9n\u00e9rale de la Pr\u00e9sidence du Togo \u00e0 Abidjan, en C\u00f4te d\u2019Ivoire, le 23 d\u00e9cembre 2022. Ex-ministre d\u00e9l\u00e9gu\u00e9e, conseill\u00e8re du pr\u00e9sident Faure [&hellip;]<\/p>\n","protected":false},"author":2,"featured_media":2408,"comment_status":"open","ping_status":"open","sticky":false,"template":"","format":"standard","meta":{"footnotes":""},"categories":[20],"tags":[],"class_list":["post-2406","post","type-post","status-publish","format-standard","has-post-thumbnail","hentry","category-actualite"],"yoast_head":"<!-- This site is optimized with the Yoast SEO plugin v28.4 - https:\/\/yoast.com\/product\/yoast-seo-wordpress\/ -->\n<title>DINER DE GALA 2022 DE L\u2019OBSERVATOIRE AFRICAIN POUR LA PROMOTION DE LA BONNE GOUVERNANCE\u00a0: Dr Sandra Ablamba Johnson laur\u00e9at de plusieurs prix -<\/title>\n<meta name=\"robots\" content=\"index, follow, max-snippet:-1, max-image-preview:large, max-video-preview:-1\" \/>\n<link rel=\"canonical\" href=\"https:\/\/macite.tg\/?p=2406\" \/>\n<meta property=\"og:locale\" content=\"fr_FR\" \/>\n<meta property=\"og:type\" content=\"article\" \/>\n<meta property=\"og:title\" content=\"DINER DE GALA 2022 DE L\u2019OBSERVATOIRE AFRICAIN POUR LA PROMOTION DE LA BONNE GOUVERNANCE\u00a0: Dr Sandra Ablamba Johnson laur\u00e9at de plusieurs prix -\" \/>\n<meta property=\"og:description\" content=\"Promotion de l\u2019Investissement Priv\u00e9 au TOGO\u00a0\u00bb et \u00ab\u00a0Le Prix du Leadership F\u00e9minin au TOGO\u00a0\u00bb seront d\u00e9cern\u00e9s au Dr Sandra Ablamba Johnson, ministre et Secr\u00e9taire G\u00e9n\u00e9rale de la Pr\u00e9sidence du Togo \u00e0 Abidjan, en C\u00f4te d\u2019Ivoire, le 23 d\u00e9cembre 2022. Ex-ministre d\u00e9l\u00e9gu\u00e9e, conseill\u00e8re du pr\u00e9sident Faure [&hellip;]\" \/>\n<meta property=\"og:url\" content=\"https:\/\/macite.tg\/?p=2406\" \/>\n<meta property=\"article:published_time\" content=\"2022-12-07T10:09:41+00:00\" \/>\n<meta property=\"og:image\" content=\"https:\/\/macite.tg\/wp-content\/uploads\/2022\/12\/FiSBZT4XEAI_ki6.jpg\" \/>\n\t<meta property=\"og:image:width\" content=\"1080\" \/>\n\t<meta property=\"og:image:height\" content=\"720\" \/>\n\t<meta property=\"og:image:type\" content=\"image\/jpeg\" \/>\n<meta name=\"author\" content=\"Jean Pierre BAWELA\" \/>\n<meta name=\"twitter:card\" content=\"summary_large_image\" \/>\n<meta name=\"twitter:label1\" content=\"\u00c9crit par\" \/>\n\t<meta name=\"twitter:data1\" content=\"Jean Pierre BAWELA\" \/>\n\t<meta name=\"twitter:label2\" content=\"Dur\u00e9e de lecture estim\u00e9e\" \/>\n\t<meta name=\"twitter:data2\" content=\"6 minutes\" \/>\n<script type=\"application\/ld+json\" class=\"yoast-schema-graph\">{\"@context\":\"https:\\\/\\\/schema.org\",\"@graph\":[{\"@type\":\"Article\",\"@id\":\"https:\\\/\\\/macite.tg\\\/?p=2406#article\",\"isPartOf\":{\"@id\":\"https:\\\/\\\/macite.tg\\\/?p=2406\"},\"author\":{\"name\":\"Jean Pierre BAWELA\",\"@id\":\"https:\\\/\\\/macite.tg\\\/#\\\/schema\\\/person\\\/e9f2de7e5dbbe7770a9402c7ce82f5c2\"},\"headline\":\"DINER DE GALA 2022 DE L\u2019OBSERVATOIRE AFRICAIN POUR LA PROMOTION DE LA BONNE GOUVERNANCE\u00a0: Dr Sandra Ablamba Johnson laur\u00e9at de plusieurs prix\",\"datePublished\":\"2022-12-07T10:09:41+00:00\",\"mainEntityOfPage\":{\"@id\":\"https:\\\/\\\/macite.tg\\\/?p=2406\"},\"wordCount\":1107,\"commentCount\":0,\"image\":{\"@id\":\"https:\\\/\\\/macite.tg\\\/?p=2406#primaryimage\"},\"thumbnailUrl\":\"https:\\\/\\\/macite.tg\\\/wp-content\\\/uploads\\\/2022\\\/12\\\/FiSBZT4XEAI_ki6.jpg\",\"articleSection\":[\"ACTUALITE\"],\"inLanguage\":\"fr-FR\",\"potentialAction\":[{\"@type\":\"CommentAction\",\"name\":\"Comment\",\"target\":[\"https:\\\/\\\/macite.tg\\\/?p=2406#respond\"]}]},{\"@type\":\"WebPage\",\"@id\":\"https:\\\/\\\/macite.tg\\\/?p=2406\",\"url\":\"https:\\\/\\\/macite.tg\\\/?p=2406\",\"name\":\"DINER DE GALA 2022 DE L\u2019OBSERVATOIRE AFRICAIN POUR LA PROMOTION DE LA BONNE GOUVERNANCE\u00a0: Dr Sandra Ablamba Johnson laur\u00e9at de plusieurs prix -\",\"isPartOf\":{\"@id\":\"https:\\\/\\\/macite.tg\\\/#website\"},\"primaryImageOfPage\":{\"@id\":\"https:\\\/\\\/macite.tg\\\/?p=2406#primaryimage\"},\"image\":{\"@id\":\"https:\\\/\\\/macite.tg\\\/?p=2406#primaryimage\"},\"thumbnailUrl\":\"https:\\\/\\\/macite.tg\\\/wp-content\\\/uploads\\\/2022\\\/12\\\/FiSBZT4XEAI_ki6.jpg\",\"datePublished\":\"2022-12-07T10:09:41+00:00\",\"author\":{\"@id\":\"https:\\\/\\\/macite.tg\\\/#\\\/schema\\\/person\\\/e9f2de7e5dbbe7770a9402c7ce82f5c2\"},\"breadcrumb\":{\"@id\":\"https:\\\/\\\/macite.tg\\\/?p=2406#breadcrumb\"},\"inLanguage\":\"fr-FR\",\"potentialAction\":[{\"@type\":\"ReadAction\",\"target\":[\"https:\\\/\\\/macite.tg\\\/?p=2406\"]}]},{\"@type\":\"ImageObject\",\"inLanguage\":\"fr-FR\",\"@id\":\"https:\\\/\\\/macite.tg\\\/?p=2406#primaryimage\",\"url\":\"https:\\\/\\\/macite.tg\\\/wp-content\\\/uploads\\\/2022\\\/12\\\/FiSBZT4XEAI_ki6.jpg\",\"contentUrl\":\"https:\\\/\\\/macite.tg\\\/wp-content\\\/uploads\\\/2022\\\/12\\\/FiSBZT4XEAI_ki6.jpg\",\"width\":1080,\"height\":720},{\"@type\":\"BreadcrumbList\",\"@id\":\"https:\\\/\\\/macite.tg\\\/?p=2406#breadcrumb\",\"itemListElement\":[{\"@type\":\"ListItem\",\"position\":1,\"name\":\"Accueil\",\"item\":\"https:\\\/\\\/macite.tg\\\/\"},{\"@type\":\"ListItem\",\"position\":2,\"name\":\"DINER DE GALA 2022 DE L\u2019OBSERVATOIRE AFRICAIN POUR LA PROMOTION DE LA BONNE GOUVERNANCE\u00a0: Dr Sandra Ablamba Johnson laur\u00e9at de plusieurs prix\"}]},{\"@type\":\"WebSite\",\"@id\":\"https:\\\/\\\/macite.tg\\\/#website\",\"url\":\"https:\\\/\\\/macite.tg\\\/\",\"name\":\"\",\"description\":\"L&#039;information, la bonne!!!\",\"potentialAction\":[{\"@type\":\"SearchAction\",\"target\":{\"@type\":\"EntryPoint\",\"urlTemplate\":\"https:\\\/\\\/macite.tg\\\/?s={search_term_string}\"},\"query-input\":{\"@type\":\"PropertyValueSpecification\",\"valueRequired\":true,\"valueName\":\"search_term_string\"}}],\"inLanguage\":\"fr-FR\"},{\"@type\":\"Person\",\"@id\":\"https:\\\/\\\/macite.tg\\\/#\\\/schema\\\/person\\\/e9f2de7e5dbbe7770a9402c7ce82f5c2\",\"name\":\"Jean Pierre BAWELA\",\"image\":{\"@type\":\"ImageObject\",\"inLanguage\":\"fr-FR\",\"@id\":\"https:\\\/\\\/macite.tg\\\/wp-content\\\/uploads\\\/2023\\\/09\\\/WhatsApp-Image-2023-09-19-at-14.44.41-122x122.jpeg\",\"url\":\"https:\\\/\\\/macite.tg\\\/wp-content\\\/uploads\\\/2023\\\/09\\\/WhatsApp-Image-2023-09-19-at-14.44.41-122x122.jpeg\",\"contentUrl\":\"https:\\\/\\\/macite.tg\\\/wp-content\\\/uploads\\\/2023\\\/09\\\/WhatsApp-Image-2023-09-19-at-14.44.41-122x122.jpeg\",\"caption\":\"Jean Pierre BAWELA\"},\"url\":\"https:\\\/\\\/macite.tg\\\/?author=2\"}]}<\/script>\n<!-- \/ Yoast SEO plugin. -->","yoast_head_json":{"title":"DINER DE GALA 2022 DE L\u2019OBSERVATOIRE AFRICAIN POUR LA PROMOTION DE LA BONNE GOUVERNANCE\u00a0: Dr Sandra Ablamba Johnson laur\u00e9at de plusieurs prix -","robots":{"index":"index","follow":"follow","max-snippet":"max-snippet:-1","max-image-preview":"max-image-preview:large","max-video-preview":"max-video-preview:-1"},"canonical":"https:\/\/macite.tg\/?p=2406","og_locale":"fr_FR","og_type":"article","og_title":"DINER DE GALA 2022 DE L\u2019OBSERVATOIRE AFRICAIN POUR LA PROMOTION DE LA BONNE GOUVERNANCE\u00a0: Dr Sandra Ablamba Johnson laur\u00e9at de plusieurs prix -","og_description":"Promotion de l\u2019Investissement Priv\u00e9 au TOGO\u00a0\u00bb et \u00ab\u00a0Le Prix du Leadership F\u00e9minin au TOGO\u00a0\u00bb seront d\u00e9cern\u00e9s au Dr Sandra Ablamba Johnson, ministre et Secr\u00e9taire G\u00e9n\u00e9rale de la Pr\u00e9sidence du Togo \u00e0 Abidjan, en C\u00f4te d\u2019Ivoire, le 23 d\u00e9cembre 2022. Ex-ministre d\u00e9l\u00e9gu\u00e9e, conseill\u00e8re du pr\u00e9sident Faure [&hellip;]","og_url":"https:\/\/macite.tg\/?p=2406","article_published_time":"2022-12-07T10:09:41+00:00","og_image":[{"width":1080,"height":720,"url":"https:\/\/macite.tg\/wp-content\/uploads\/2022\/12\/FiSBZT4XEAI_ki6.jpg","type":"image\/jpeg"}],"author":"Jean Pierre BAWELA","twitter_card":"summary_large_image","twitter_misc":{"\u00c9crit par":"Jean Pierre BAWELA","Dur\u00e9e de lecture estim\u00e9e":"6 minutes"},"schema":{"@context":"https:\/\/schema.org","@graph":[{"@type":"Article","@id":"https:\/\/macite.tg\/?p=2406#article","isPartOf":{"@id":"https:\/\/macite.tg\/?p=2406"},"author":{"name":"Jean Pierre BAWELA","@id":"https:\/\/macite.tg\/#\/schema\/person\/e9f2de7e5dbbe7770a9402c7ce82f5c2"},"headline":"DINER DE GALA 2022 DE L\u2019OBSERVATOIRE AFRICAIN POUR LA PROMOTION DE LA BONNE GOUVERNANCE\u00a0: Dr Sandra Ablamba Johnson laur\u00e9at de plusieurs prix","datePublished":"2022-12-07T10:09:41+00:00","mainEntityOfPage":{"@id":"https:\/\/macite.tg\/?p=2406"},"wordCount":1107,"commentCount":0,"image":{"@id":"https:\/\/macite.tg\/?p=2406#primaryimage"},"thumbnailUrl":"https:\/\/macite.tg\/wp-content\/uploads\/2022\/12\/FiSBZT4XEAI_ki6.jpg","articleSection":["ACTUALITE"],"inLanguage":"fr-FR","potentialAction":[{"@type":"CommentAction","name":"Comment","target":["https:\/\/macite.tg\/?p=2406#respond"]}]},{"@type":"WebPage","@id":"https:\/\/macite.tg\/?p=2406","url":"https:\/\/macite.tg\/?p=2406","name":"DINER DE GALA 2022 DE L\u2019OBSERVATOIRE AFRICAIN POUR LA PROMOTION DE LA BONNE GOUVERNANCE\u00a0: Dr Sandra Ablamba Johnson laur\u00e9at de plusieurs prix -","isPartOf":{"@id":"https:\/\/macite.tg\/#website"},"primaryImageOfPage":{"@id":"https:\/\/macite.tg\/?p=2406#primaryimage"},"image":{"@id":"https:\/\/macite.tg\/?p=2406#primaryimage"},"thumbnailUrl":"https:\/\/macite.tg\/wp-content\/uploads\/2022\/12\/FiSBZT4XEAI_ki6.jpg","datePublished":"2022-12-07T10:09:41+00:00","author":{"@id":"https:\/\/macite.tg\/#\/schema\/person\/e9f2de7e5dbbe7770a9402c7ce82f5c2"},"breadcrumb":{"@id":"https:\/\/macite.tg\/?p=2406#breadcrumb"},"inLanguage":"fr-FR","potentialAction":[{"@type":"ReadAction","target":["https:\/\/macite.tg\/?p=2406"]}]},{"@type":"ImageObject","inLanguage":"fr-FR","@id":"https:\/\/macite.tg\/?p=2406#primaryimage","url":"https:\/\/macite.tg\/wp-content\/uploads\/2022\/12\/FiSBZT4XEAI_ki6.jpg","contentUrl":"https:\/\/macite.tg\/wp-content\/uploads\/2022\/12\/FiSBZT4XEAI_ki6.jpg","width":1080,"height":720},{"@type":"BreadcrumbList","@id":"https:\/\/macite.tg\/?p=2406#breadcrumb","itemListElement":[{"@type":"ListItem","position":1,"name":"Accueil","item":"https:\/\/macite.tg\/"},{"@type":"ListItem","position":2,"name":"DINER DE GALA 2022 DE L\u2019OBSERVATOIRE AFRICAIN POUR LA PROMOTION DE LA BONNE GOUVERNANCE\u00a0: Dr Sandra Ablamba Johnson laur\u00e9at de plusieurs prix"}]},{"@type":"WebSite","@id":"https:\/\/macite.tg\/#website","url":"https:\/\/macite.tg\/","name":"","description":"L&#039;information, la bonne!!!","potentialAction":[{"@type":"SearchAction","target":{"@type":"EntryPoint","urlTemplate":"https:\/\/macite.tg\/?s={search_term_string}"},"query-input":{"@type":"PropertyValueSpecification","valueRequired":true,"valueName":"search_term_string"}}],"inLanguage":"fr-FR"},{"@type":"Person","@id":"https:\/\/macite.tg\/#\/schema\/person\/e9f2de7e5dbbe7770a9402c7ce82f5c2","name":"Jean Pierre BAWELA","image":{"@type":"ImageObject","inLanguage":"fr-FR","@id":"https:\/\/macite.tg\/wp-content\/uploads\/2023\/09\/WhatsApp-Image-2023-09-19-at-14.44.41-122x122.jpeg","url":"https:\/\/macite.tg\/wp-content\/uploads\/2023\/09\/WhatsApp-Image-2023-09-19-at-14.44.41-122x122.jpeg","contentUrl":"https:\/\/macite.tg\/wp-content\/uploads\/2023\/09\/WhatsApp-Image-2023-09-19-at-14.44.41-122x122.jpeg","caption":"Jean Pierre BAWELA"},"url":"https:\/\/macite.tg\/?author=2"}]}},"_links":{"self":[{"href":"https:\/\/macite.tg\/index.php?rest_route=\/wp\/v2\/posts\/2406","targetHints":{"allow":["GET"]}}],"collection":[{"href":"https:\/\/macite.tg\/index.php?rest_route=\/wp\/v2\/posts"}],"about":[{"href":"https:\/\/macite.tg\/index.php?rest_route=\/wp\/v2\/types\/post"}],"author":[{"embeddable":true,"href":"https:\/\/macite.tg\/index.php?rest_route=\/wp\/v2\/users\/2"}],"replies":[{"embeddable":true,"href":"https:\/\/macite.tg\/index.php?rest_route=%2Fwp%2Fv2%2Fcomments&post=2406"}],"version-history":[{"count":0,"href":"https:\/\/macite.tg\/index.php?rest_route=\/wp\/v2\/posts\/2406\/revisions"}],"wp:featuredmedia":[{"embeddable":true,"href":"https:\/\/macite.tg\/index.php?rest_route=\/wp\/v2\/media\/2408"}],"wp:attachment":[{"href":"https:\/\/macite.tg\/index.php?rest_route=%2Fwp%2Fv2%2Fmedia&parent=2406"}],"wp:term":[{"taxonomy":"category","embeddable":true,"href":"https:\/\/macite.tg\/index.php?rest_route=%2Fwp%2Fv2%2Fcategories&post=2406"},{"taxonomy":"post_tag","embeddable":true,"href":"https:\/\/macite.tg\/index.php?rest_route=%2Fwp%2Fv2%2Ftags&post=2406"}],"curies":[{"name":"wp","href":"https:\/\/api.w.org\/{rel}","templated":true}]}}