{"id":24006,"date":"2025-08-05T13:48:04","date_gmt":"2025-08-05T13:48:04","guid":{"rendered":"https:\/\/macite.tg\/?p=24006"},"modified":"2025-08-05T13:48:13","modified_gmt":"2025-08-05T13:48:13","slug":"festival-annuel-des-masques-une-celebration-qui-a-attire-des-foules-a-porto-novo-le-weekend","status":"publish","type":"post","link":"https:\/\/macite.tg\/?p=24006","title":{"rendered":"FESTIVAL ANNUEL DES MASQUES\u00a0: Une c\u00e9l\u00e9bration qui a attir\u00e9 des foules \u00e0 Porto-Novo le weekend"},"content":{"rendered":"\n<p class=\"wp-block-paragraph\"><strong><em>Au rythme des tambours et des danses traditionnels, la capitale du B\u00e9nin a c\u00e9l\u00e9br\u00e9, le week-end dernier, le festival des masques, donnant au passage un coup de pouce au secteur du tourisme.<\/em><\/strong><\/p>\n\n\n\n<p class=\"wp-block-paragraph\">Des milliers de spectateurs se sont rassembl\u00e9s, dimanche 03 ao\u00fbt dernier, au B\u00e9nin pour le Festival annuel des masques. Un \u00e9v\u00e9nement culturel haut en couleur qui c\u00e9l\u00e8bre les esprits ancestraux, le patrimoine et l&rsquo;identit\u00e9 traditionnelle du pays.<\/p>\n\n\n\n<p class=\"wp-block-paragraph\">Avec leurs masques en bois \u00e9labor\u00e9s, leurs tissus color\u00e9s et leurs tambours rythm\u00e9s, les artistes ont dans\u00e9 dans diff\u00e9rents endroits de la capitale, Porto-Novo, mettant en sc\u00e8ne des histoires anciennes transmises de g\u00e9n\u00e9ration en g\u00e9n\u00e9ration.<\/p>\n\n\n<div class=\"wp-block-image\">\n<figure class=\"aligncenter size-full is-resized\"><img loading=\"lazy\" decoding=\"async\" width=\"690\" height=\"170\" src=\"https:\/\/macite.tg\/wp-content\/uploads\/2025\/08\/OTR_TVM.jpg\" alt=\"\" class=\"wp-image-23915\" style=\"width:840px;height:auto\" srcset=\"https:\/\/macite.tg\/wp-content\/uploads\/2025\/08\/OTR_TVM.jpg 690w, https:\/\/macite.tg\/wp-content\/uploads\/2025\/08\/OTR_TVM-300x74.jpg 300w\" sizes=\"auto, (max-width: 690px) 100vw, 690px\" \/><\/figure>\n<\/div>\n\n\n<p class=\"wp-block-paragraph\">Le festival est particuli\u00e8rement important pour les communaut\u00e9s Yoruba, Somba et Betammaribe, o\u00f9 les danseurs masqu\u00e9s, connus sous le nom d&rsquo;Egungun ou Zangbeto, ont une profonde signification spirituelle.<\/p>\n\n\n\n<p class=\"wp-block-paragraph\">Ces personnages repr\u00e9senteraient les anc\u00eatres qui maintiennent l&rsquo;ordre, \u00e9loignent le mal et relient le monde physique au monde spirituel.<\/p>\n\n\n\n<p class=\"wp-block-paragraph\"><em>\u00ab Cela repr\u00e9sente notre culture, c&rsquo;est ce qui nous d\u00e9finit en tant que B\u00e9ninois. Nous sommes l&rsquo;un des seuls pays africains \u00e0 \u00eatre fiers de pr\u00e9server notre culture \u00bb,<\/em> a d\u00e9clar\u00e9 Farid Mutairou, architecte b\u00e9ninois.<\/p>\n\n\n\n<p class=\"wp-block-paragraph\">Le gouvernement b\u00e9ninois a promu le Festival des masques comme un outil de tourisme culturel, attirant des visiteurs des pays voisins d&rsquo;Afrique de l&rsquo;Ouest, d&rsquo;Europe et d&rsquo;ailleurs.<\/p>\n\n\n<div class=\"wp-block-image\">\n<figure class=\"aligncenter size-full is-resized\"><img loading=\"lazy\" decoding=\"async\" width=\"500\" height=\"500\" src=\"https:\/\/macite.tg\/wp-content\/uploads\/2025\/07\/LES-MERCREDIS-DU-FISC.jpg\" alt=\"\" class=\"wp-image-23832\" style=\"width:612px;height:auto\" srcset=\"https:\/\/macite.tg\/wp-content\/uploads\/2025\/07\/LES-MERCREDIS-DU-FISC.jpg 500w, https:\/\/macite.tg\/wp-content\/uploads\/2025\/07\/LES-MERCREDIS-DU-FISC-300x300.jpg 300w, https:\/\/macite.tg\/wp-content\/uploads\/2025\/07\/LES-MERCREDIS-DU-FISC-150x150.jpg 150w, https:\/\/macite.tg\/wp-content\/uploads\/2025\/07\/LES-MERCREDIS-DU-FISC-122x122.jpg 122w\" sizes=\"auto, (max-width: 500px) 100vw, 500px\" \/><\/figure>\n<\/div>\n\n\n<p class=\"wp-block-paragraph\"><em>\u00ab Le Festival des masques est sans aucun doute un attrait touristique pour le B\u00e9nin, car le pr\u00e9sident, dans sa vision, souhaite faire du tourisme un moteur \u00e9conomique \u00bb,<\/em> a d\u00e9clar\u00e9 Charlemagne Yankoty, maire de Porto-Novo.<\/p>\n\n\n\n<p class=\"wp-block-paragraph\"><strong>MSN<\/strong><\/p>\n\n\n\n<p class=\"wp-block-paragraph\"><a><strong><em>@macite.tg&nbsp;&nbsp;&nbsp;&nbsp;&nbsp;&nbsp;&nbsp;&nbsp;<\/em><\/strong><\/a><\/p>\n\n\n\n<p class=\"wp-block-paragraph\"><strong><em>E-mail&nbsp;: <\/em><\/strong><a href=\"mailto:maciteinfo@gmail.com\"><strong><em>maciteinfo@gmail.com<\/em><\/strong><\/a><strong><em>; <\/em><\/strong><a href=\"mailto:bawela1@gmail.com\"><strong><em>bawela1@gmail.com<\/em><\/strong><\/a><strong><em><\/em><\/strong><\/p>\n\n\n\n<p class=\"wp-block-paragraph\"><strong><em>Pour vos annonces, (publi)reportages, etc., joignez-nous au (00228)91515309\/<strong>79872224 <\/strong><strong><\/strong><\/em><\/strong><\/p>\n\n\n\n<p class=\"wp-block-paragraph\"><strong><em>www.macite.tg, L\u2019information, la bonne&nbsp;!<\/em><\/strong><\/p>\n\n\n\n<p class=\"wp-block-paragraph\"><\/p>\n","protected":false},"excerpt":{"rendered":"<p class=\"text-justify mb-2\" >Au rythme des tambours et des danses traditionnels, la capitale du B\u00e9nin a c\u00e9l\u00e9br\u00e9, le week-end dernier, le festival des masques, donnant au passage un coup de pouce au secteur du tourisme. Des milliers de spectateurs se sont rassembl\u00e9s, dimanche 03 ao\u00fbt dernier, au B\u00e9nin [&hellip;]<\/p>\n","protected":false},"author":2,"featured_media":24010,"comment_status":"open","ping_status":"open","sticky":false,"template":"","format":"standard","meta":{"footnotes":""},"categories":[20,18],"tags":[],"class_list":["post-24006","post","type-post","status-publish","format-standard","has-post-thumbnail","hentry","category-actualite","category-culture"],"yoast_head":"<!-- This site is optimized with the Yoast SEO plugin v28.4 - https:\/\/yoast.com\/product\/yoast-seo-wordpress\/ -->\n<title>FESTIVAL ANNUEL DES MASQUES\u00a0: Une c\u00e9l\u00e9bration qui a attir\u00e9 des foules \u00e0 Porto-Novo le weekend -<\/title>\n<meta name=\"robots\" content=\"index, follow, max-snippet:-1, max-image-preview:large, max-video-preview:-1\" \/>\n<link rel=\"canonical\" href=\"https:\/\/macite.tg\/?p=24006\" \/>\n<meta property=\"og:locale\" content=\"fr_FR\" \/>\n<meta property=\"og:type\" content=\"article\" \/>\n<meta property=\"og:title\" content=\"FESTIVAL ANNUEL DES MASQUES\u00a0: Une c\u00e9l\u00e9bration qui a attir\u00e9 des foules \u00e0 Porto-Novo le weekend -\" \/>\n<meta property=\"og:description\" content=\"Au rythme des tambours et des danses traditionnels, la capitale du B\u00e9nin a c\u00e9l\u00e9br\u00e9, le week-end dernier, le festival des masques, donnant au passage un coup de pouce au secteur du tourisme. Des milliers de spectateurs se sont rassembl\u00e9s, dimanche 03 ao\u00fbt dernier, au B\u00e9nin [&hellip;]\" \/>\n<meta property=\"og:url\" content=\"https:\/\/macite.tg\/?p=24006\" \/>\n<meta property=\"article:published_time\" content=\"2025-08-05T13:48:04+00:00\" \/>\n<meta property=\"article:modified_time\" content=\"2025-08-05T13:48:13+00:00\" \/>\n<meta property=\"og:image\" content=\"https:\/\/macite.tg\/wp-content\/uploads\/2025\/08\/image-24.png\" \/>\n\t<meta property=\"og:image:width\" content=\"534\" \/>\n\t<meta property=\"og:image:height\" content=\"300\" \/>\n\t<meta property=\"og:image:type\" content=\"image\/png\" \/>\n<meta name=\"author\" content=\"Jean Pierre BAWELA\" \/>\n<meta name=\"twitter:card\" content=\"summary_large_image\" \/>\n<meta name=\"twitter:label1\" content=\"\u00c9crit par\" \/>\n\t<meta name=\"twitter:data1\" content=\"Jean Pierre BAWELA\" \/>\n\t<meta name=\"twitter:label2\" content=\"Dur\u00e9e de lecture estim\u00e9e\" \/>\n\t<meta name=\"twitter:data2\" content=\"2 minutes\" \/>\n<script type=\"application\/ld+json\" class=\"yoast-schema-graph\">{\"@context\":\"https:\\\/\\\/schema.org\",\"@graph\":[{\"@type\":\"Article\",\"@id\":\"https:\\\/\\\/macite.tg\\\/?p=24006#article\",\"isPartOf\":{\"@id\":\"https:\\\/\\\/macite.tg\\\/?p=24006\"},\"author\":{\"name\":\"Jean Pierre BAWELA\",\"@id\":\"https:\\\/\\\/macite.tg\\\/#\\\/schema\\\/person\\\/e9f2de7e5dbbe7770a9402c7ce82f5c2\"},\"headline\":\"FESTIVAL ANNUEL DES MASQUES\u00a0: Une c\u00e9l\u00e9bration qui a attir\u00e9 des foules \u00e0 Porto-Novo le weekend\",\"datePublished\":\"2025-08-05T13:48:04+00:00\",\"dateModified\":\"2025-08-05T13:48:13+00:00\",\"mainEntityOfPage\":{\"@id\":\"https:\\\/\\\/macite.tg\\\/?p=24006\"},\"wordCount\":336,\"commentCount\":0,\"image\":{\"@id\":\"https:\\\/\\\/macite.tg\\\/?p=24006#primaryimage\"},\"thumbnailUrl\":\"https:\\\/\\\/macite.tg\\\/wp-content\\\/uploads\\\/2025\\\/08\\\/image-24.png\",\"articleSection\":[\"ACTUALITE\",\"CULTURE\"],\"inLanguage\":\"fr-FR\",\"potentialAction\":[{\"@type\":\"CommentAction\",\"name\":\"Comment\",\"target\":[\"https:\\\/\\\/macite.tg\\\/?p=24006#respond\"]}]},{\"@type\":\"WebPage\",\"@id\":\"https:\\\/\\\/macite.tg\\\/?p=24006\",\"url\":\"https:\\\/\\\/macite.tg\\\/?p=24006\",\"name\":\"FESTIVAL ANNUEL DES MASQUES\u00a0: Une c\u00e9l\u00e9bration qui a attir\u00e9 des foules \u00e0 Porto-Novo le weekend -\",\"isPartOf\":{\"@id\":\"https:\\\/\\\/macite.tg\\\/#website\"},\"primaryImageOfPage\":{\"@id\":\"https:\\\/\\\/macite.tg\\\/?p=24006#primaryimage\"},\"image\":{\"@id\":\"https:\\\/\\\/macite.tg\\\/?p=24006#primaryimage\"},\"thumbnailUrl\":\"https:\\\/\\\/macite.tg\\\/wp-content\\\/uploads\\\/2025\\\/08\\\/image-24.png\",\"datePublished\":\"2025-08-05T13:48:04+00:00\",\"dateModified\":\"2025-08-05T13:48:13+00:00\",\"author\":{\"@id\":\"https:\\\/\\\/macite.tg\\\/#\\\/schema\\\/person\\\/e9f2de7e5dbbe7770a9402c7ce82f5c2\"},\"breadcrumb\":{\"@id\":\"https:\\\/\\\/macite.tg\\\/?p=24006#breadcrumb\"},\"inLanguage\":\"fr-FR\",\"potentialAction\":[{\"@type\":\"ReadAction\",\"target\":[\"https:\\\/\\\/macite.tg\\\/?p=24006\"]}]},{\"@type\":\"ImageObject\",\"inLanguage\":\"fr-FR\",\"@id\":\"https:\\\/\\\/macite.tg\\\/?p=24006#primaryimage\",\"url\":\"https:\\\/\\\/macite.tg\\\/wp-content\\\/uploads\\\/2025\\\/08\\\/image-24.png\",\"contentUrl\":\"https:\\\/\\\/macite.tg\\\/wp-content\\\/uploads\\\/2025\\\/08\\\/image-24.png\",\"width\":534,\"height\":300,\"caption\":\"Des artistes habill\u00e9s en costumes traditionnels dansent durant le festival annuel des masques \u00e0 Porto-Novo, au B\u00e9nin, 3 ao\u00fbt 2025.\"},{\"@type\":\"BreadcrumbList\",\"@id\":\"https:\\\/\\\/macite.tg\\\/?p=24006#breadcrumb\",\"itemListElement\":[{\"@type\":\"ListItem\",\"position\":1,\"name\":\"Accueil\",\"item\":\"https:\\\/\\\/macite.tg\\\/\"},{\"@type\":\"ListItem\",\"position\":2,\"name\":\"FESTIVAL ANNUEL DES MASQUES\u00a0: Une c\u00e9l\u00e9bration qui a attir\u00e9 des foules \u00e0 Porto-Novo le weekend\"}]},{\"@type\":\"WebSite\",\"@id\":\"https:\\\/\\\/macite.tg\\\/#website\",\"url\":\"https:\\\/\\\/macite.tg\\\/\",\"name\":\"\",\"description\":\"L&#039;information, la bonne!!!\",\"potentialAction\":[{\"@type\":\"SearchAction\",\"target\":{\"@type\":\"EntryPoint\",\"urlTemplate\":\"https:\\\/\\\/macite.tg\\\/?s={search_term_string}\"},\"query-input\":{\"@type\":\"PropertyValueSpecification\",\"valueRequired\":true,\"valueName\":\"search_term_string\"}}],\"inLanguage\":\"fr-FR\"},{\"@type\":\"Person\",\"@id\":\"https:\\\/\\\/macite.tg\\\/#\\\/schema\\\/person\\\/e9f2de7e5dbbe7770a9402c7ce82f5c2\",\"name\":\"Jean Pierre BAWELA\",\"image\":{\"@type\":\"ImageObject\",\"inLanguage\":\"fr-FR\",\"@id\":\"https:\\\/\\\/macite.tg\\\/wp-content\\\/uploads\\\/2023\\\/09\\\/WhatsApp-Image-2023-09-19-at-14.44.41-122x122.jpeg\",\"url\":\"https:\\\/\\\/macite.tg\\\/wp-content\\\/uploads\\\/2023\\\/09\\\/WhatsApp-Image-2023-09-19-at-14.44.41-122x122.jpeg\",\"contentUrl\":\"https:\\\/\\\/macite.tg\\\/wp-content\\\/uploads\\\/2023\\\/09\\\/WhatsApp-Image-2023-09-19-at-14.44.41-122x122.jpeg\",\"caption\":\"Jean Pierre BAWELA\"},\"url\":\"https:\\\/\\\/macite.tg\\\/?author=2\"}]}<\/script>\n<!-- \/ Yoast SEO plugin. -->","yoast_head_json":{"title":"FESTIVAL ANNUEL DES MASQUES\u00a0: Une c\u00e9l\u00e9bration qui a attir\u00e9 des foules \u00e0 Porto-Novo le weekend -","robots":{"index":"index","follow":"follow","max-snippet":"max-snippet:-1","max-image-preview":"max-image-preview:large","max-video-preview":"max-video-preview:-1"},"canonical":"https:\/\/macite.tg\/?p=24006","og_locale":"fr_FR","og_type":"article","og_title":"FESTIVAL ANNUEL DES MASQUES\u00a0: Une c\u00e9l\u00e9bration qui a attir\u00e9 des foules \u00e0 Porto-Novo le weekend -","og_description":"Au rythme des tambours et des danses traditionnels, la capitale du B\u00e9nin a c\u00e9l\u00e9br\u00e9, le week-end dernier, le festival des masques, donnant au passage un coup de pouce au secteur du tourisme. Des milliers de spectateurs se sont rassembl\u00e9s, dimanche 03 ao\u00fbt dernier, au B\u00e9nin [&hellip;]","og_url":"https:\/\/macite.tg\/?p=24006","article_published_time":"2025-08-05T13:48:04+00:00","article_modified_time":"2025-08-05T13:48:13+00:00","og_image":[{"width":534,"height":300,"url":"https:\/\/macite.tg\/wp-content\/uploads\/2025\/08\/image-24.png","type":"image\/png"}],"author":"Jean Pierre BAWELA","twitter_card":"summary_large_image","twitter_misc":{"\u00c9crit par":"Jean Pierre BAWELA","Dur\u00e9e de lecture estim\u00e9e":"2 minutes"},"schema":{"@context":"https:\/\/schema.org","@graph":[{"@type":"Article","@id":"https:\/\/macite.tg\/?p=24006#article","isPartOf":{"@id":"https:\/\/macite.tg\/?p=24006"},"author":{"name":"Jean Pierre BAWELA","@id":"https:\/\/macite.tg\/#\/schema\/person\/e9f2de7e5dbbe7770a9402c7ce82f5c2"},"headline":"FESTIVAL ANNUEL DES MASQUES\u00a0: Une c\u00e9l\u00e9bration qui a attir\u00e9 des foules \u00e0 Porto-Novo le weekend","datePublished":"2025-08-05T13:48:04+00:00","dateModified":"2025-08-05T13:48:13+00:00","mainEntityOfPage":{"@id":"https:\/\/macite.tg\/?p=24006"},"wordCount":336,"commentCount":0,"image":{"@id":"https:\/\/macite.tg\/?p=24006#primaryimage"},"thumbnailUrl":"https:\/\/macite.tg\/wp-content\/uploads\/2025\/08\/image-24.png","articleSection":["ACTUALITE","CULTURE"],"inLanguage":"fr-FR","potentialAction":[{"@type":"CommentAction","name":"Comment","target":["https:\/\/macite.tg\/?p=24006#respond"]}]},{"@type":"WebPage","@id":"https:\/\/macite.tg\/?p=24006","url":"https:\/\/macite.tg\/?p=24006","name":"FESTIVAL ANNUEL DES MASQUES\u00a0: Une c\u00e9l\u00e9bration qui a attir\u00e9 des foules \u00e0 Porto-Novo le weekend -","isPartOf":{"@id":"https:\/\/macite.tg\/#website"},"primaryImageOfPage":{"@id":"https:\/\/macite.tg\/?p=24006#primaryimage"},"image":{"@id":"https:\/\/macite.tg\/?p=24006#primaryimage"},"thumbnailUrl":"https:\/\/macite.tg\/wp-content\/uploads\/2025\/08\/image-24.png","datePublished":"2025-08-05T13:48:04+00:00","dateModified":"2025-08-05T13:48:13+00:00","author":{"@id":"https:\/\/macite.tg\/#\/schema\/person\/e9f2de7e5dbbe7770a9402c7ce82f5c2"},"breadcrumb":{"@id":"https:\/\/macite.tg\/?p=24006#breadcrumb"},"inLanguage":"fr-FR","potentialAction":[{"@type":"ReadAction","target":["https:\/\/macite.tg\/?p=24006"]}]},{"@type":"ImageObject","inLanguage":"fr-FR","@id":"https:\/\/macite.tg\/?p=24006#primaryimage","url":"https:\/\/macite.tg\/wp-content\/uploads\/2025\/08\/image-24.png","contentUrl":"https:\/\/macite.tg\/wp-content\/uploads\/2025\/08\/image-24.png","width":534,"height":300,"caption":"Des artistes habill\u00e9s en costumes traditionnels dansent durant le festival annuel des masques \u00e0 Porto-Novo, au B\u00e9nin, 3 ao\u00fbt 2025."},{"@type":"BreadcrumbList","@id":"https:\/\/macite.tg\/?p=24006#breadcrumb","itemListElement":[{"@type":"ListItem","position":1,"name":"Accueil","item":"https:\/\/macite.tg\/"},{"@type":"ListItem","position":2,"name":"FESTIVAL ANNUEL DES MASQUES\u00a0: Une c\u00e9l\u00e9bration qui a attir\u00e9 des foules \u00e0 Porto-Novo le weekend"}]},{"@type":"WebSite","@id":"https:\/\/macite.tg\/#website","url":"https:\/\/macite.tg\/","name":"","description":"L&#039;information, la bonne!!!","potentialAction":[{"@type":"SearchAction","target":{"@type":"EntryPoint","urlTemplate":"https:\/\/macite.tg\/?s={search_term_string}"},"query-input":{"@type":"PropertyValueSpecification","valueRequired":true,"valueName":"search_term_string"}}],"inLanguage":"fr-FR"},{"@type":"Person","@id":"https:\/\/macite.tg\/#\/schema\/person\/e9f2de7e5dbbe7770a9402c7ce82f5c2","name":"Jean Pierre BAWELA","image":{"@type":"ImageObject","inLanguage":"fr-FR","@id":"https:\/\/macite.tg\/wp-content\/uploads\/2023\/09\/WhatsApp-Image-2023-09-19-at-14.44.41-122x122.jpeg","url":"https:\/\/macite.tg\/wp-content\/uploads\/2023\/09\/WhatsApp-Image-2023-09-19-at-14.44.41-122x122.jpeg","contentUrl":"https:\/\/macite.tg\/wp-content\/uploads\/2023\/09\/WhatsApp-Image-2023-09-19-at-14.44.41-122x122.jpeg","caption":"Jean Pierre BAWELA"},"url":"https:\/\/macite.tg\/?author=2"}]}},"_links":{"self":[{"href":"https:\/\/macite.tg\/index.php?rest_route=\/wp\/v2\/posts\/24006","targetHints":{"allow":["GET"]}}],"collection":[{"href":"https:\/\/macite.tg\/index.php?rest_route=\/wp\/v2\/posts"}],"about":[{"href":"https:\/\/macite.tg\/index.php?rest_route=\/wp\/v2\/types\/post"}],"author":[{"embeddable":true,"href":"https:\/\/macite.tg\/index.php?rest_route=\/wp\/v2\/users\/2"}],"replies":[{"embeddable":true,"href":"https:\/\/macite.tg\/index.php?rest_route=%2Fwp%2Fv2%2Fcomments&post=24006"}],"version-history":[{"count":0,"href":"https:\/\/macite.tg\/index.php?rest_route=\/wp\/v2\/posts\/24006\/revisions"}],"wp:featuredmedia":[{"embeddable":true,"href":"https:\/\/macite.tg\/index.php?rest_route=\/wp\/v2\/media\/24010"}],"wp:attachment":[{"href":"https:\/\/macite.tg\/index.php?rest_route=%2Fwp%2Fv2%2Fmedia&parent=24006"}],"wp:term":[{"taxonomy":"category","embeddable":true,"href":"https:\/\/macite.tg\/index.php?rest_route=%2Fwp%2Fv2%2Fcategories&post=24006"},{"taxonomy":"post_tag","embeddable":true,"href":"https:\/\/macite.tg\/index.php?rest_route=%2Fwp%2Fv2%2Ftags&post=24006"}],"curies":[{"name":"wp","href":"https:\/\/api.w.org\/{rel}","templated":true}]}}