{"id":24002,"date":"2025-08-05T13:25:38","date_gmt":"2025-08-05T13:25:38","guid":{"rendered":"https:\/\/macite.tg\/?p=24002"},"modified":"2025-08-05T13:25:44","modified_gmt":"2025-08-05T13:25:44","slug":"affaire-blanche-tunasi-la-famille-kandolo-recuse-des-accusations-revelations-le-grand-deballage-a-lhorizon","status":"publish","type":"post","link":"https:\/\/macite.tg\/?p=24002","title":{"rendered":"AFFAIRE BLANCHE TUNASI\u00a0: La famille Kandolo r\u00e9cuse, des accusations, r\u00e9v\u00e9lations \u2026 le grand d\u00e9ballage \u00e0 l\u2019horizon"},"content":{"rendered":"\n<p class=\"wp-block-paragraph\"><strong><em>Lundi 4 ao\u00fbt, au lendemain d\u2019une d\u00e9claration publique du pasteur\u00a0Marcello Tunasi, la famille paternelle de\u00a0Blanche Kandolo Odia, \u00e9pouse d\u00e9c\u00e9d\u00e9e du leader de l\u2019\u00c9glise La Compassion, est sortie de son silence. Dans un communiqu\u00e9 transmis \u00e0 la presse,\u00a0la famille Kandolo exprime de profonds doutes sur les circonstances de la mort de leur fille, qu\u2019elle juge \u00ab troubles \u00bb et entach\u00e9es de\u00a0non-dits.<\/em><\/strong> <\/p>\n\n\n\n<p class=\"wp-block-paragraph\"><em>\u00ab Nous avons appris son d\u00e9c\u00e8s sur Internet, comme tout le monde \u00bb, <\/em>d\u00e9plore la famille, qui s\u2019\u00e9tonne de&nbsp;la rapidit\u00e9 du rapatriement du corps&nbsp;et du&nbsp;refus cat\u00e9gorique de toute expertise ind\u00e9pendante&nbsp;sur la d\u00e9pouille.<\/p>\n\n\n\n<p class=\"wp-block-paragraph\"><strong>Des fun\u00e9railles exp\u00e9ditives et une cause de d\u00e9c\u00e8s floue<\/strong><\/p>\n\n\n\n<p class=\"wp-block-paragraph\">La famille Kandolo pointe du doigt une&nbsp;organisation pr\u00e9cipit\u00e9e des obs\u00e8ques, qui ne lui aurait laiss\u00e9 aucune marge de man\u0153uvre pour comprendre ce qui s\u2019est r\u00e9ellement pass\u00e9. Pire encore, la&nbsp;cause du d\u00e9c\u00e8s&nbsp;\u00e9voqu\u00e9e par la version officielle serait&nbsp;<em>\u00ab ind\u00e9termin\u00e9e \u00bb,<\/em> une formulation jug\u00e9e trop vague pour un cas aussi sensible.<\/p>\n\n\n<div class=\"wp-block-image\">\n<figure class=\"aligncenter size-full\"><img loading=\"lazy\" decoding=\"async\" width=\"500\" height=\"500\" src=\"https:\/\/macite.tg\/wp-content\/uploads\/2025\/07\/LES-MERCREDIS-DU-FISC.jpg\" alt=\"\" class=\"wp-image-23832\" srcset=\"https:\/\/macite.tg\/wp-content\/uploads\/2025\/07\/LES-MERCREDIS-DU-FISC.jpg 500w, https:\/\/macite.tg\/wp-content\/uploads\/2025\/07\/LES-MERCREDIS-DU-FISC-300x300.jpg 300w, https:\/\/macite.tg\/wp-content\/uploads\/2025\/07\/LES-MERCREDIS-DU-FISC-150x150.jpg 150w, https:\/\/macite.tg\/wp-content\/uploads\/2025\/07\/LES-MERCREDIS-DU-FISC-122x122.jpg 122w\" sizes=\"auto, (max-width: 500px) 100vw, 500px\" \/><\/figure>\n<\/div>\n\n\n<p class=\"wp-block-paragraph\">Selon le communiqu\u00e9, un changement de discours s&rsquo;est op\u00e9r\u00e9 dans les jours suivant les fun\u00e9railles. Le pasteur&nbsp;Marcello Tunasi, initialement discret, est mont\u00e9 au cr\u00e9neau&nbsp;le dimanche 3 ao\u00fbt, \u00e9voquant&nbsp;un d\u00e9c\u00e8s suite \u00e0 une op\u00e9ration, mais aussi des tensions autour de&nbsp;l\u2019h\u00e9ritage.<\/p>\n\n\n\n<p class=\"wp-block-paragraph\"><strong>H\u00e9ritage, accusations et tensions : un climat de m\u00e9fiance<\/strong><\/p>\n\n\n\n<p class=\"wp-block-paragraph\">Devant son assembl\u00e9e, Marcello a affirm\u00e9 que sa belle-famille lui r\u00e9clamait&nbsp;800.000 dollars. Il a d\u00e9nonc\u00e9 ce qu\u2019il qualifie de&nbsp;chantage&nbsp;:<em>\u00ab Je suis pr\u00eat \u00e0 donner 250.000 dollars par respect pour Blanche. \u00bb<\/em><\/p>\n\n\n\n<p class=\"wp-block-paragraph\">Il a aussi r\u00e9pondu aux rumeurs : <em>\u00ab On m\u2019accuse d\u2019avoir tu\u00e9 ma femme. Comment pourrais-je faire \u00e7a \u00e0 la m\u00e8re de mes enfants ? \u00bb<\/em><\/p>\n\n\n<div class=\"wp-block-image\">\n<figure class=\"aligncenter size-full\"><img loading=\"lazy\" decoding=\"async\" width=\"851\" height=\"315\" src=\"https:\/\/macite.tg\/wp-content\/uploads\/2025\/07\/OTR_Ferer-pour-batir-1.jpg\" alt=\"\" class=\"wp-image-23830\" srcset=\"https:\/\/macite.tg\/wp-content\/uploads\/2025\/07\/OTR_Ferer-pour-batir-1.jpg 851w, https:\/\/macite.tg\/wp-content\/uploads\/2025\/07\/OTR_Ferer-pour-batir-1-300x111.jpg 300w, https:\/\/macite.tg\/wp-content\/uploads\/2025\/07\/OTR_Ferer-pour-batir-1-768x284.jpg 768w\" sizes=\"auto, (max-width: 851px) 100vw, 851px\" \/><\/figure>\n<\/div>\n\n\n<p class=\"wp-block-paragraph\">La famille Kandolo&nbsp;rejette cat\u00e9goriquement&nbsp;cette version. Elle juge les propos du pasteur&nbsp;contradictoires, notamment par rapport \u00e0 ses d\u00e9clarations faites&nbsp;durant la p\u00e9riode de deuil. Elle annonce r\u00e9fl\u00e9chir \u00e0&nbsp;saisir les instances comp\u00e9tentes&nbsp;pour qu\u2019une&nbsp;enqu\u00eate plus approfondie soit men\u00e9e.<\/p>\n\n\n\n<p class=\"wp-block-paragraph\"><strong>Une affaire qui divise l\u2019opinion<\/strong><\/p>\n\n\n\n<p class=\"wp-block-paragraph\">Les internautes se d\u00e9chirent sur la toile. Certains estiment que le pasteur&nbsp;ne devrait pas r\u00e9pondre publiquement&nbsp;\u00e0 chaque pol\u00e9mique, d\u2019autant plus que les sorties m\u00e9diatiques&nbsp;exacerbent les tensions&nbsp;avec sa belle-famille. D\u2019autres saluent sa franchise, y voyant une tentative de&nbsp;laver son honneur.<\/p>\n\n\n\n<p class=\"wp-block-paragraph\">La&nbsp;famille Kandolo promet un point de presse&nbsp;dans les prochains jours pour&nbsp;clarifier sa position&nbsp;?&nbsp;et exposer, selon elle,&nbsp;les incoh\u00e9rences du r\u00e9cit actuel.<\/p>\n\n\n<div class=\"wp-block-image\">\n<figure class=\"aligncenter size-large is-resized\"><img loading=\"lazy\" decoding=\"async\" width=\"741\" height=\"1024\" src=\"https:\/\/macite.tg\/wp-content\/uploads\/2025\/08\/FORMATIONS-A-LA-CARTE-741x1024.png\" alt=\"\" class=\"wp-image-23925\" style=\"width:673px;height:auto\" srcset=\"https:\/\/macite.tg\/wp-content\/uploads\/2025\/08\/FORMATIONS-A-LA-CARTE-741x1024.png 741w, https:\/\/macite.tg\/wp-content\/uploads\/2025\/08\/FORMATIONS-A-LA-CARTE-217x300.png 217w, https:\/\/macite.tg\/wp-content\/uploads\/2025\/08\/FORMATIONS-A-LA-CARTE-768x1061.png 768w, https:\/\/macite.tg\/wp-content\/uploads\/2025\/08\/FORMATIONS-A-LA-CARTE-1112x1536.png 1112w, https:\/\/macite.tg\/wp-content\/uploads\/2025\/08\/FORMATIONS-A-LA-CARTE-1483x2048.png 1483w\" sizes=\"auto, (max-width: 741px) 100vw, 741px\" \/><\/figure>\n<\/div>\n\n\n<p class=\"wp-block-paragraph\"><strong>Une affaire \u00e0 suivre<\/strong><\/p>\n\n\n\n<p class=\"wp-block-paragraph\">L&rsquo;affaire Blanche Tunasi&nbsp;prend d\u00e9sormais une tournure plus juridique et m\u00e9diatique. Entre&nbsp;doutes familiaux,&nbsp;r\u00e9v\u00e9lations publiques,&nbsp;rumeurs d\u2019empoisonnement&nbsp;et&nbsp;accusations d\u2019enrichissement post-mortem,&nbsp;la v\u00e9rit\u00e9 reste \u00e0 \u00e9tablir.<\/p>\n\n\n\n<p class=\"wp-block-paragraph\">Une seule certitude : l\u2019opinion attend des&nbsp;r\u00e9ponses claires&nbsp;dans un climat tendu o\u00f9 la douleur se m\u00eale \u00e0 la m\u00e9fiance.<\/p>\n\n\n\n<p class=\"wp-block-paragraph\"><strong>MSN<\/strong><\/p>\n\n\n\n<p class=\"wp-block-paragraph\"><a><strong><em>@macite.tg&nbsp;&nbsp;&nbsp;&nbsp;&nbsp;&nbsp;&nbsp;&nbsp;<\/em><\/strong><\/a><\/p>\n\n\n\n<p class=\"wp-block-paragraph\"><strong><em>E-mail&nbsp;: <\/em><\/strong><a href=\"mailto:maciteinfo@gmail.com\"><strong><em>maciteinfo@gmail.com<\/em><\/strong><\/a><strong><em>; <\/em><\/strong><a href=\"mailto:bawela1@gmail.com\"><strong><em>bawela1@gmail.com<\/em><\/strong><\/a><strong><em><\/em><\/strong><\/p>\n\n\n\n<p class=\"wp-block-paragraph\"><strong><em>Pour vos annonces, (publi)reportages, etc., joignez-nous au (00228)91515309\/<strong>79872224 <\/strong><strong><\/strong><\/em><\/strong><\/p>\n\n\n\n<p class=\"wp-block-paragraph\"><strong><em>www.macite.tg, L\u2019information, la bonne&nbsp;!<\/em><\/strong><\/p>\n\n\n\n<p class=\"wp-block-paragraph\"><\/p>\n","protected":false},"excerpt":{"rendered":"<p class=\"text-justify mb-2\" >Lundi 4 ao\u00fbt, au lendemain d\u2019une d\u00e9claration publique du pasteur\u00a0Marcello Tunasi, la famille paternelle de\u00a0Blanche Kandolo Odia, \u00e9pouse d\u00e9c\u00e9d\u00e9e du leader de l\u2019\u00c9glise La Compassion, est sortie de son silence. Dans un communiqu\u00e9 transmis \u00e0 la presse,\u00a0la famille Kandolo exprime de profonds doutes sur les [&hellip;]<\/p>\n","protected":false},"author":2,"featured_media":24008,"comment_status":"open","ping_status":"open","sticky":false,"template":"","format":"standard","meta":{"footnotes":""},"categories":[20,26],"tags":[],"class_list":["post-24002","post","type-post","status-publish","format-standard","has-post-thumbnail","hentry","category-actualite","category-justice"],"yoast_head":"<!-- This site is optimized with the Yoast SEO plugin v28.4 - https:\/\/yoast.com\/product\/yoast-seo-wordpress\/ -->\n<title>AFFAIRE BLANCHE TUNASI\u00a0: La famille Kandolo r\u00e9cuse, des accusations, r\u00e9v\u00e9lations \u2026 le grand d\u00e9ballage \u00e0 l\u2019horizon -<\/title>\n<meta name=\"robots\" content=\"index, follow, max-snippet:-1, max-image-preview:large, max-video-preview:-1\" \/>\n<link rel=\"canonical\" href=\"https:\/\/macite.tg\/?p=24002\" \/>\n<meta property=\"og:locale\" content=\"fr_FR\" \/>\n<meta property=\"og:type\" content=\"article\" \/>\n<meta property=\"og:title\" content=\"AFFAIRE BLANCHE TUNASI\u00a0: La famille Kandolo r\u00e9cuse, des accusations, r\u00e9v\u00e9lations \u2026 le grand d\u00e9ballage \u00e0 l\u2019horizon -\" \/>\n<meta property=\"og:description\" content=\"Lundi 4 ao\u00fbt, au lendemain d\u2019une d\u00e9claration publique du pasteur\u00a0Marcello Tunasi, la famille paternelle de\u00a0Blanche Kandolo Odia, \u00e9pouse d\u00e9c\u00e9d\u00e9e du leader de l\u2019\u00c9glise La Compassion, est sortie de son silence. Dans un communiqu\u00e9 transmis \u00e0 la presse,\u00a0la famille Kandolo exprime de profonds doutes sur les [&hellip;]\" \/>\n<meta property=\"og:url\" content=\"https:\/\/macite.tg\/?p=24002\" \/>\n<meta property=\"article:published_time\" content=\"2025-08-05T13:25:38+00:00\" \/>\n<meta property=\"article:modified_time\" content=\"2025-08-05T13:25:44+00:00\" \/>\n<meta property=\"og:image\" content=\"https:\/\/macite.tg\/wp-content\/uploads\/2025\/08\/image-23.png\" \/>\n\t<meta property=\"og:image:width\" content=\"534\" \/>\n\t<meta property=\"og:image:height\" content=\"356\" \/>\n\t<meta property=\"og:image:type\" content=\"image\/png\" \/>\n<meta name=\"author\" content=\"Jean Pierre BAWELA\" \/>\n<meta name=\"twitter:card\" content=\"summary_large_image\" \/>\n<meta name=\"twitter:label1\" content=\"\u00c9crit par\" \/>\n\t<meta name=\"twitter:data1\" content=\"Jean Pierre BAWELA\" \/>\n\t<meta name=\"twitter:label2\" content=\"Dur\u00e9e de lecture estim\u00e9e\" \/>\n\t<meta name=\"twitter:data2\" content=\"4 minutes\" \/>\n<script type=\"application\/ld+json\" class=\"yoast-schema-graph\">{\"@context\":\"https:\\\/\\\/schema.org\",\"@graph\":[{\"@type\":\"Article\",\"@id\":\"https:\\\/\\\/macite.tg\\\/?p=24002#article\",\"isPartOf\":{\"@id\":\"https:\\\/\\\/macite.tg\\\/?p=24002\"},\"author\":{\"name\":\"Jean Pierre BAWELA\",\"@id\":\"https:\\\/\\\/macite.tg\\\/#\\\/schema\\\/person\\\/e9f2de7e5dbbe7770a9402c7ce82f5c2\"},\"headline\":\"AFFAIRE BLANCHE TUNASI\u00a0: La famille Kandolo r\u00e9cuse, des accusations, r\u00e9v\u00e9lations \u2026 le grand d\u00e9ballage \u00e0 l\u2019horizon\",\"datePublished\":\"2025-08-05T13:25:38+00:00\",\"dateModified\":\"2025-08-05T13:25:44+00:00\",\"mainEntityOfPage\":{\"@id\":\"https:\\\/\\\/macite.tg\\\/?p=24002\"},\"wordCount\":591,\"commentCount\":0,\"image\":{\"@id\":\"https:\\\/\\\/macite.tg\\\/?p=24002#primaryimage\"},\"thumbnailUrl\":\"https:\\\/\\\/macite.tg\\\/wp-content\\\/uploads\\\/2025\\\/08\\\/image-23.png\",\"articleSection\":[\"ACTUALITE\",\"JUSTICE\"],\"inLanguage\":\"fr-FR\",\"potentialAction\":[{\"@type\":\"CommentAction\",\"name\":\"Comment\",\"target\":[\"https:\\\/\\\/macite.tg\\\/?p=24002#respond\"]}]},{\"@type\":\"WebPage\",\"@id\":\"https:\\\/\\\/macite.tg\\\/?p=24002\",\"url\":\"https:\\\/\\\/macite.tg\\\/?p=24002\",\"name\":\"AFFAIRE BLANCHE TUNASI\u00a0: La famille Kandolo r\u00e9cuse, des accusations, r\u00e9v\u00e9lations \u2026 le grand d\u00e9ballage \u00e0 l\u2019horizon -\",\"isPartOf\":{\"@id\":\"https:\\\/\\\/macite.tg\\\/#website\"},\"primaryImageOfPage\":{\"@id\":\"https:\\\/\\\/macite.tg\\\/?p=24002#primaryimage\"},\"image\":{\"@id\":\"https:\\\/\\\/macite.tg\\\/?p=24002#primaryimage\"},\"thumbnailUrl\":\"https:\\\/\\\/macite.tg\\\/wp-content\\\/uploads\\\/2025\\\/08\\\/image-23.png\",\"datePublished\":\"2025-08-05T13:25:38+00:00\",\"dateModified\":\"2025-08-05T13:25:44+00:00\",\"author\":{\"@id\":\"https:\\\/\\\/macite.tg\\\/#\\\/schema\\\/person\\\/e9f2de7e5dbbe7770a9402c7ce82f5c2\"},\"breadcrumb\":{\"@id\":\"https:\\\/\\\/macite.tg\\\/?p=24002#breadcrumb\"},\"inLanguage\":\"fr-FR\",\"potentialAction\":[{\"@type\":\"ReadAction\",\"target\":[\"https:\\\/\\\/macite.tg\\\/?p=24002\"]}]},{\"@type\":\"ImageObject\",\"inLanguage\":\"fr-FR\",\"@id\":\"https:\\\/\\\/macite.tg\\\/?p=24002#primaryimage\",\"url\":\"https:\\\/\\\/macite.tg\\\/wp-content\\\/uploads\\\/2025\\\/08\\\/image-23.png\",\"contentUrl\":\"https:\\\/\\\/macite.tg\\\/wp-content\\\/uploads\\\/2025\\\/08\\\/image-23.png\",\"width\":534,\"height\":356,\"caption\":\"Affaire Blanche Tunasi : la famille Kandolo remet en cause la version de Marcello et exige la v\u00e9rit\u00e9\"},{\"@type\":\"BreadcrumbList\",\"@id\":\"https:\\\/\\\/macite.tg\\\/?p=24002#breadcrumb\",\"itemListElement\":[{\"@type\":\"ListItem\",\"position\":1,\"name\":\"Accueil\",\"item\":\"https:\\\/\\\/macite.tg\\\/\"},{\"@type\":\"ListItem\",\"position\":2,\"name\":\"AFFAIRE BLANCHE TUNASI\u00a0: La famille Kandolo r\u00e9cuse, des accusations, r\u00e9v\u00e9lations \u2026 le grand d\u00e9ballage \u00e0 l\u2019horizon\"}]},{\"@type\":\"WebSite\",\"@id\":\"https:\\\/\\\/macite.tg\\\/#website\",\"url\":\"https:\\\/\\\/macite.tg\\\/\",\"name\":\"\",\"description\":\"L&#039;information, la bonne!!!\",\"potentialAction\":[{\"@type\":\"SearchAction\",\"target\":{\"@type\":\"EntryPoint\",\"urlTemplate\":\"https:\\\/\\\/macite.tg\\\/?s={search_term_string}\"},\"query-input\":{\"@type\":\"PropertyValueSpecification\",\"valueRequired\":true,\"valueName\":\"search_term_string\"}}],\"inLanguage\":\"fr-FR\"},{\"@type\":\"Person\",\"@id\":\"https:\\\/\\\/macite.tg\\\/#\\\/schema\\\/person\\\/e9f2de7e5dbbe7770a9402c7ce82f5c2\",\"name\":\"Jean Pierre BAWELA\",\"image\":{\"@type\":\"ImageObject\",\"inLanguage\":\"fr-FR\",\"@id\":\"https:\\\/\\\/macite.tg\\\/wp-content\\\/uploads\\\/2023\\\/09\\\/WhatsApp-Image-2023-09-19-at-14.44.41-122x122.jpeg\",\"url\":\"https:\\\/\\\/macite.tg\\\/wp-content\\\/uploads\\\/2023\\\/09\\\/WhatsApp-Image-2023-09-19-at-14.44.41-122x122.jpeg\",\"contentUrl\":\"https:\\\/\\\/macite.tg\\\/wp-content\\\/uploads\\\/2023\\\/09\\\/WhatsApp-Image-2023-09-19-at-14.44.41-122x122.jpeg\",\"caption\":\"Jean Pierre BAWELA\"},\"url\":\"https:\\\/\\\/macite.tg\\\/?author=2\"}]}<\/script>\n<!-- \/ Yoast SEO plugin. -->","yoast_head_json":{"title":"AFFAIRE BLANCHE TUNASI\u00a0: La famille Kandolo r\u00e9cuse, des accusations, r\u00e9v\u00e9lations \u2026 le grand d\u00e9ballage \u00e0 l\u2019horizon -","robots":{"index":"index","follow":"follow","max-snippet":"max-snippet:-1","max-image-preview":"max-image-preview:large","max-video-preview":"max-video-preview:-1"},"canonical":"https:\/\/macite.tg\/?p=24002","og_locale":"fr_FR","og_type":"article","og_title":"AFFAIRE BLANCHE TUNASI\u00a0: La famille Kandolo r\u00e9cuse, des accusations, r\u00e9v\u00e9lations \u2026 le grand d\u00e9ballage \u00e0 l\u2019horizon -","og_description":"Lundi 4 ao\u00fbt, au lendemain d\u2019une d\u00e9claration publique du pasteur\u00a0Marcello Tunasi, la famille paternelle de\u00a0Blanche Kandolo Odia, \u00e9pouse d\u00e9c\u00e9d\u00e9e du leader de l\u2019\u00c9glise La Compassion, est sortie de son silence. Dans un communiqu\u00e9 transmis \u00e0 la presse,\u00a0la famille Kandolo exprime de profonds doutes sur les [&hellip;]","og_url":"https:\/\/macite.tg\/?p=24002","article_published_time":"2025-08-05T13:25:38+00:00","article_modified_time":"2025-08-05T13:25:44+00:00","og_image":[{"width":534,"height":356,"url":"https:\/\/macite.tg\/wp-content\/uploads\/2025\/08\/image-23.png","type":"image\/png"}],"author":"Jean Pierre BAWELA","twitter_card":"summary_large_image","twitter_misc":{"\u00c9crit par":"Jean Pierre BAWELA","Dur\u00e9e de lecture estim\u00e9e":"4 minutes"},"schema":{"@context":"https:\/\/schema.org","@graph":[{"@type":"Article","@id":"https:\/\/macite.tg\/?p=24002#article","isPartOf":{"@id":"https:\/\/macite.tg\/?p=24002"},"author":{"name":"Jean Pierre BAWELA","@id":"https:\/\/macite.tg\/#\/schema\/person\/e9f2de7e5dbbe7770a9402c7ce82f5c2"},"headline":"AFFAIRE BLANCHE TUNASI\u00a0: La famille Kandolo r\u00e9cuse, des accusations, r\u00e9v\u00e9lations \u2026 le grand d\u00e9ballage \u00e0 l\u2019horizon","datePublished":"2025-08-05T13:25:38+00:00","dateModified":"2025-08-05T13:25:44+00:00","mainEntityOfPage":{"@id":"https:\/\/macite.tg\/?p=24002"},"wordCount":591,"commentCount":0,"image":{"@id":"https:\/\/macite.tg\/?p=24002#primaryimage"},"thumbnailUrl":"https:\/\/macite.tg\/wp-content\/uploads\/2025\/08\/image-23.png","articleSection":["ACTUALITE","JUSTICE"],"inLanguage":"fr-FR","potentialAction":[{"@type":"CommentAction","name":"Comment","target":["https:\/\/macite.tg\/?p=24002#respond"]}]},{"@type":"WebPage","@id":"https:\/\/macite.tg\/?p=24002","url":"https:\/\/macite.tg\/?p=24002","name":"AFFAIRE BLANCHE TUNASI\u00a0: La famille Kandolo r\u00e9cuse, des accusations, r\u00e9v\u00e9lations \u2026 le grand d\u00e9ballage \u00e0 l\u2019horizon -","isPartOf":{"@id":"https:\/\/macite.tg\/#website"},"primaryImageOfPage":{"@id":"https:\/\/macite.tg\/?p=24002#primaryimage"},"image":{"@id":"https:\/\/macite.tg\/?p=24002#primaryimage"},"thumbnailUrl":"https:\/\/macite.tg\/wp-content\/uploads\/2025\/08\/image-23.png","datePublished":"2025-08-05T13:25:38+00:00","dateModified":"2025-08-05T13:25:44+00:00","author":{"@id":"https:\/\/macite.tg\/#\/schema\/person\/e9f2de7e5dbbe7770a9402c7ce82f5c2"},"breadcrumb":{"@id":"https:\/\/macite.tg\/?p=24002#breadcrumb"},"inLanguage":"fr-FR","potentialAction":[{"@type":"ReadAction","target":["https:\/\/macite.tg\/?p=24002"]}]},{"@type":"ImageObject","inLanguage":"fr-FR","@id":"https:\/\/macite.tg\/?p=24002#primaryimage","url":"https:\/\/macite.tg\/wp-content\/uploads\/2025\/08\/image-23.png","contentUrl":"https:\/\/macite.tg\/wp-content\/uploads\/2025\/08\/image-23.png","width":534,"height":356,"caption":"Affaire Blanche Tunasi : la famille Kandolo remet en cause la version de Marcello et exige la v\u00e9rit\u00e9"},{"@type":"BreadcrumbList","@id":"https:\/\/macite.tg\/?p=24002#breadcrumb","itemListElement":[{"@type":"ListItem","position":1,"name":"Accueil","item":"https:\/\/macite.tg\/"},{"@type":"ListItem","position":2,"name":"AFFAIRE BLANCHE TUNASI\u00a0: La famille Kandolo r\u00e9cuse, des accusations, r\u00e9v\u00e9lations \u2026 le grand d\u00e9ballage \u00e0 l\u2019horizon"}]},{"@type":"WebSite","@id":"https:\/\/macite.tg\/#website","url":"https:\/\/macite.tg\/","name":"","description":"L&#039;information, la bonne!!!","potentialAction":[{"@type":"SearchAction","target":{"@type":"EntryPoint","urlTemplate":"https:\/\/macite.tg\/?s={search_term_string}"},"query-input":{"@type":"PropertyValueSpecification","valueRequired":true,"valueName":"search_term_string"}}],"inLanguage":"fr-FR"},{"@type":"Person","@id":"https:\/\/macite.tg\/#\/schema\/person\/e9f2de7e5dbbe7770a9402c7ce82f5c2","name":"Jean Pierre BAWELA","image":{"@type":"ImageObject","inLanguage":"fr-FR","@id":"https:\/\/macite.tg\/wp-content\/uploads\/2023\/09\/WhatsApp-Image-2023-09-19-at-14.44.41-122x122.jpeg","url":"https:\/\/macite.tg\/wp-content\/uploads\/2023\/09\/WhatsApp-Image-2023-09-19-at-14.44.41-122x122.jpeg","contentUrl":"https:\/\/macite.tg\/wp-content\/uploads\/2023\/09\/WhatsApp-Image-2023-09-19-at-14.44.41-122x122.jpeg","caption":"Jean Pierre BAWELA"},"url":"https:\/\/macite.tg\/?author=2"}]}},"_links":{"self":[{"href":"https:\/\/macite.tg\/index.php?rest_route=\/wp\/v2\/posts\/24002","targetHints":{"allow":["GET"]}}],"collection":[{"href":"https:\/\/macite.tg\/index.php?rest_route=\/wp\/v2\/posts"}],"about":[{"href":"https:\/\/macite.tg\/index.php?rest_route=\/wp\/v2\/types\/post"}],"author":[{"embeddable":true,"href":"https:\/\/macite.tg\/index.php?rest_route=\/wp\/v2\/users\/2"}],"replies":[{"embeddable":true,"href":"https:\/\/macite.tg\/index.php?rest_route=%2Fwp%2Fv2%2Fcomments&post=24002"}],"version-history":[{"count":0,"href":"https:\/\/macite.tg\/index.php?rest_route=\/wp\/v2\/posts\/24002\/revisions"}],"wp:featuredmedia":[{"embeddable":true,"href":"https:\/\/macite.tg\/index.php?rest_route=\/wp\/v2\/media\/24008"}],"wp:attachment":[{"href":"https:\/\/macite.tg\/index.php?rest_route=%2Fwp%2Fv2%2Fmedia&parent=24002"}],"wp:term":[{"taxonomy":"category","embeddable":true,"href":"https:\/\/macite.tg\/index.php?rest_route=%2Fwp%2Fv2%2Fcategories&post=24002"},{"taxonomy":"post_tag","embeddable":true,"href":"https:\/\/macite.tg\/index.php?rest_route=%2Fwp%2Fv2%2Ftags&post=24002"}],"curies":[{"name":"wp","href":"https:\/\/api.w.org\/{rel}","templated":true}]}}